{"id":1056199,"date":"2026-09-03T12:06:09","date_gmt":"2026-09-03T09:06:09","guid":{"rendered":"https:\/\/www.rri.ro\/?p=1056199"},"modified":"2026-09-03T12:06:09","modified_gmt":"2026-09-03T09:06:09","slug":"la-russia-accusata-dagli-stati-dellue","status":"publish","type":"post","link":"https:\/\/www.rri.ro\/it\/news\/in-primo-piano\/la-russia-accusata-dagli-stati-dellue-id1056199.html","title":{"rendered":"La Russia accusata dagli stati dell\u2019UE"},"content":{"rendered":"<p style=\"font-weight: 400;\">L\u2019Unione Europea e la NATO hanno promesso di rafforzare la cooperazione e di mantenere la pressione sulla Russia, dopo l\u2019incidente con un drone avvenuto all\u2019inizio del mese scorso all\u2019aeroporto di Lipsia. La presidente della Commissione Europea, Ursula von der Leyen, e il segretario generale della NATO, Mark Rutte, hanno condannato, in una conferenza stampa congiunta, il tentativo di attacco con un drone all\u2019aeroporto tedesco, che le autorit\u00e0 di Berlino hanno attribuito a Mosca.<\/p>\n<p style=\"font-weight: 400;\">\n<p style=\"font-weight: 400;\">Il mese scorso, i dipendenti dell\u2019aeroporto hanno trovato un drone carico di esplosivi e un detonatore all\u2019aeroporto che svolge un importante ruolo di centro logistico, civile, per il trasporto merci e per la NATO. La Germania ha accusato Mosca di condurre una guerra ibrida, volta a intimidire e a provocare divisioni nei paesi che sostengono l\u2019Ucraina, a partire dall\u2019invasione russa del 2022. La Russia nega ogni coinvolgimento e accusa la Germania di una cosiddetta azione antirussa.<\/p>\n<p style=\"font-weight: 400;\">\n<p style=\"font-weight: 400;\">La presidente della Commissione Europea, Ursula von der Leyen, ha promesso di aumentare la pressione sulla Russia, anche attraverso nuove sanzioni, e ha chiesto una migliore protezione delle infrastrutture europee. \u201cGli europei si trovano ad affrontare la cruda verit\u00e0 che questa \u00e8 la nuova normalit\u00e0. Dobbiamo mobilitarci, e questo significa essere pronti a rispondere pi\u00f9 rapidamente e meglio alla sconsideratezza della Russia\u201d, ha dichiarato la presidente dell\u2019esecutivo comunitario.<\/p>\n<p style=\"font-weight: 400;\">\n<p style=\"font-weight: 400;\">A sua volta, il leader dell\u2019Alleanza Nord-Atlantica ha sostenuto queste affermazioni, dicendo che la Russia \u00e8 diventata \u201csempre pi\u00f9 sconsiderata\u201d mentre continua la sua invasione su larga scala dell\u2019Ucraina, con la minaccia che ora si estende al territorio europeo e a quello della NATO. Ha promesso che il sostegno all\u2019Ucraina non diminuir\u00e0 e, allo stesso modo, non verr\u00e0 meno nemmeno la coesione della NATO. Ha inoltre ricordato i droni e i missili che hanno violato ripetutamente lo spazio aereo lungo il fianco orientale, creando, secondo Rutte, \u201cun rischio crescente\u201d. \u201cSe la Russia pensa che questa minaccia ci divider\u00e0 o che ci far\u00e0 desistere dal sostenere l\u2019Ucraina, si sbaglia. La nostra unit\u00e0 \u00e8 incrollabile. Il nostro sostegno all\u2019Ucraina \u00e8 chiaro\u201d, ha assicurato il capo della NATO.<\/p>\n<p style=\"font-weight: 400;\">\n<p style=\"font-weight: 400;\">\n<p style=\"font-weight: 400;\">D\u2019altra parte, dopo una riunione informale dei ministri degli Esteri dell\u2019UE, organizzata in Irlanda, la responsabile della diplomazia europea, Kaja Kallas, ha promesso che l\u2019Unione Europea cercher\u00e0 di rafforzare l\u2019applicazione delle sanzioni contro la Russia, aumentando al contempo la pressione su Mosca e il sostegno all\u2019Ucraina. \u201cStiamo lavorando a nuove proposte per rafforzare l\u2019applicazione delle sanzioni e stiamo procedendo con nuove sanzioni. I tentativi di intimidire l\u2019Europa falliranno\u201d, ha assicurato Kaja Kallas.<\/p>\n<p style=\"font-weight: 400;\">\n<p style=\"font-weight: 400;\">Va inoltre ricordato che diversi paesi europei, tra cui la Romania, hanno convocato gli ambasciatori russi nelle rispettive capitali per condannare l\u2019attacco all\u2019aeroporto di Lipsia. A Bucarest, la ministra degli Esteri ad interim, Oana \u021aoiu, ha espresso solidariet\u00e0 alla Germania e agli altri paesi europei, la Romania compresa, che hanno dovuto affrontare attivit\u00e0 ibride, interferenze e sfide sconsiderate da parte della Russia.<\/p>\n","protected":false},"excerpt":{"rendered":"<p>L\u2019Unione Europea e la NATO hanno promesso di rafforzare la cooperazione e di mantenere la pressione sulla Russia, dopo l\u2019incidente con un drone avvenuto all\u2019inizio del mese scorso all\u2019aeroporto di Lipsia. La presidente della Commissione Europea, Ursula von der Leyen, e il segretario generale della NATO, Mark Rutte, hanno condannato, in una conferenza stampa congiunta, [&hellip;]<\/p>\n","protected":false},"author":107,"featured_media":1056175,"comment_status":"closed","ping_status":"closed","sticky":false,"template":"","format":"standard","meta":{"_acf_changed":false,"footnotes":""},"categories":[99264],"tags":[],"coauthors":[113282],"class_list":["post-1056199","post","type-post","status-publish","format-standard","has-post-thumbnail","hentry","category-in-primo-piano"],"acf":[],"yoast_head":"<!-- This site is optimized with the Yoast SEO plugin v28.2 - https:\/\/yoast.com\/product\/yoast-seo-wordpress\/ -->\n<title>La Russia accusata dagli stati dell\u2019UE - Radio Romania Internazionale<\/title>\n<meta name=\"robots\" content=\"index, follow, max-snippet:-1, max-image-preview:large, max-video-preview:-1\" \/>\n<link rel=\"canonical\" href=\"https:\/\/www.rri.ro\/it\/news\/in-primo-piano\/la-russia-accusata-dagli-stati-dellue-id1056199.html\" \/>\n<meta property=\"og:locale\" content=\"it_IT\" \/>\n<meta property=\"og:type\" content=\"article\" \/>\n<meta property=\"og:title\" content=\"La Russia accusata dagli stati dell\u2019UE - Radio Romania Internazionale\" \/>\n<meta property=\"og:description\" content=\"L\u2019Unione Europea e la NATO hanno promesso di rafforzare la cooperazione e di mantenere la pressione sulla Russia, dopo l\u2019incidente con un drone avvenuto all\u2019inizio del mese scorso all\u2019aeroporto di Lipsia. La presidente della Commissione Europea, Ursula von der Leyen, e il segretario generale della NATO, Mark Rutte, hanno condannato, in una conferenza stampa congiunta, [&hellip;]\" \/>\n<meta property=\"og:url\" content=\"https:\/\/www.rri.ro\/it\/news\/in-primo-piano\/la-russia-accusata-dagli-stati-dellue-id1056199.html\" \/>\n<meta property=\"og:site_name\" content=\"Radio Romania Internazionale\" \/>\n<meta property=\"article:published_time\" content=\"2026-09-03T09:06:09+00:00\" \/>\n<meta property=\"og:image\" content=\"https:\/\/www.rri.ro\/wp-content\/uploads\/2026\/09\/Ursula-Von-Der-Leyen-Mark-Rutte-2sept26-foto-nato-int.jpg\" \/>\n\t<meta property=\"og:image:width\" content=\"1200\" \/>\n\t<meta property=\"og:image:height\" content=\"800\" \/>\n\t<meta property=\"og:image:type\" content=\"image\/jpeg\" \/>\n<meta name=\"author\" content=\"Daniela Budu\" \/>\n<meta name=\"twitter:card\" content=\"summary_large_image\" \/>\n<meta name=\"twitter:label1\" content=\"Scritto da\" \/>\n\t<meta name=\"twitter:data1\" content=\"Daniela Budu\" \/>\n\t<meta name=\"twitter:label2\" content=\"Tempo di lettura stimato\" \/>\n\t<meta name=\"twitter:data2\" content=\"2 minuti\" \/>\n<script type=\"application\/ld+json\" class=\"yoast-schema-graph\">{\"@context\":\"https:\\\/\\\/schema.org\",\"@graph\":[{\"@type\":\"Article\",\"@id\":\"https:\\\/\\\/www.rri.ro\\\/it\\\/news\\\/in-primo-piano\\\/la-russia-accusata-dagli-stati-dellue-id1056199.html#article\",\"isPartOf\":{\"@id\":\"https:\\\/\\\/www.rri.ro\\\/it\\\/news\\\/in-primo-piano\\\/la-russia-accusata-dagli-stati-dellue-id1056199.html\"},\"author\":{\"name\":\"Daniela Budu\",\"@id\":\"https:\\\/\\\/www.rri.ro\\\/#\\\/schema\\\/person\\\/b46b8f80d7d6e4b5ac9f14f0acbad0c4\"},\"headline\":\"La Russia accusata dagli stati dell\u2019UE\",\"datePublished\":\"2026-09-03T09:06:09+00:00\",\"mainEntityOfPage\":{\"@id\":\"https:\\\/\\\/www.rri.ro\\\/it\\\/news\\\/in-primo-piano\\\/la-russia-accusata-dagli-stati-dellue-id1056199.html\"},\"wordCount\":502,\"image\":{\"@id\":\"https:\\\/\\\/www.rri.ro\\\/it\\\/news\\\/in-primo-piano\\\/la-russia-accusata-dagli-stati-dellue-id1056199.html#primaryimage\"},\"thumbnailUrl\":\"https:\\\/\\\/www.rri.ro\\\/wp-content\\\/uploads\\\/2026\\\/09\\\/Ursula-Von-Der-Leyen-Mark-Rutte-2sept26-foto-nato-int.jpg\",\"articleSection\":[\"In primo piano\"],\"inLanguage\":\"it-IT\"},{\"@type\":\"WebPage\",\"@id\":\"https:\\\/\\\/www.rri.ro\\\/it\\\/news\\\/in-primo-piano\\\/la-russia-accusata-dagli-stati-dellue-id1056199.html\",\"url\":\"https:\\\/\\\/www.rri.ro\\\/it\\\/news\\\/in-primo-piano\\\/la-russia-accusata-dagli-stati-dellue-id1056199.html\",\"name\":\"La Russia accusata dagli stati dell\u2019UE - Radio Romania Internazionale\",\"isPartOf\":{\"@id\":\"https:\\\/\\\/www.rri.ro\\\/#website\"},\"primaryImageOfPage\":{\"@id\":\"https:\\\/\\\/www.rri.ro\\\/it\\\/news\\\/in-primo-piano\\\/la-russia-accusata-dagli-stati-dellue-id1056199.html#primaryimage\"},\"image\":{\"@id\":\"https:\\\/\\\/www.rri.ro\\\/it\\\/news\\\/in-primo-piano\\\/la-russia-accusata-dagli-stati-dellue-id1056199.html#primaryimage\"},\"thumbnailUrl\":\"https:\\\/\\\/www.rri.ro\\\/wp-content\\\/uploads\\\/2026\\\/09\\\/Ursula-Von-Der-Leyen-Mark-Rutte-2sept26-foto-nato-int.jpg\",\"datePublished\":\"2026-09-03T09:06:09+00:00\",\"author\":{\"@id\":\"https:\\\/\\\/www.rri.ro\\\/#\\\/schema\\\/person\\\/b46b8f80d7d6e4b5ac9f14f0acbad0c4\"},\"breadcrumb\":{\"@id\":\"https:\\\/\\\/www.rri.ro\\\/it\\\/news\\\/in-primo-piano\\\/la-russia-accusata-dagli-stati-dellue-id1056199.html#breadcrumb\"},\"inLanguage\":\"it-IT\",\"potentialAction\":[{\"@type\":\"ReadAction\",\"target\":[\"https:\\\/\\\/www.rri.ro\\\/it\\\/news\\\/in-primo-piano\\\/la-russia-accusata-dagli-stati-dellue-id1056199.html\"]}]},{\"@type\":\"ImageObject\",\"inLanguage\":\"it-IT\",\"@id\":\"https:\\\/\\\/www.rri.ro\\\/it\\\/news\\\/in-primo-piano\\\/la-russia-accusata-dagli-stati-dellue-id1056199.html#primaryimage\",\"url\":\"https:\\\/\\\/www.rri.ro\\\/wp-content\\\/uploads\\\/2026\\\/09\\\/Ursula-Von-Der-Leyen-Mark-Rutte-2sept26-foto-nato-int.jpg\",\"contentUrl\":\"https:\\\/\\\/www.rri.ro\\\/wp-content\\\/uploads\\\/2026\\\/09\\\/Ursula-Von-Der-Leyen-Mark-Rutte-2sept26-foto-nato-int.jpg\",\"width\":1200,\"height\":800,\"caption\":\"Mark Rutte, NATO Secretary General, meets with Ursula Von der Leyen, President of the European Commission, at the EC in Brussels.\"},{\"@type\":\"BreadcrumbList\",\"@id\":\"https:\\\/\\\/www.rri.ro\\\/it\\\/news\\\/in-primo-piano\\\/la-russia-accusata-dagli-stati-dellue-id1056199.html#breadcrumb\",\"itemListElement\":[{\"@type\":\"ListItem\",\"position\":1,\"name\":\"Pagina iniziale\",\"item\":\"https:\\\/\\\/www.rri.ro\\\/it\"},{\"@type\":\"ListItem\",\"position\":2,\"name\":\"News\",\"item\":\"https:\\\/\\\/www.rri.ro\\\/it\\\/news\"},{\"@type\":\"ListItem\",\"position\":3,\"name\":\"In primo piano\",\"item\":\"https:\\\/\\\/www.rri.ro\\\/it\\\/news\\\/in-primo-piano\"},{\"@type\":\"ListItem\",\"position\":4,\"name\":\"La Russia accusata dagli stati dell\u2019UE\"}]},{\"@type\":\"WebSite\",\"@id\":\"https:\\\/\\\/www.rri.ro\\\/#website\",\"url\":\"https:\\\/\\\/www.rri.ro\\\/\",\"name\":\"Radio Romania Internazionale\",\"description\":\"Totul despre Rom\u00e2nia \u015fi rom\u00e2ni, \u00een 13 limbi\\\/dialecte!\",\"inLanguage\":\"it-IT\"},{\"@type\":\"Person\",\"@id\":\"https:\\\/\\\/www.rri.ro\\\/#\\\/schema\\\/person\\\/b46b8f80d7d6e4b5ac9f14f0acbad0c4\",\"name\":\"Daniela Budu\",\"url\":\"https:\\\/\\\/www.rri.ro\\\/it\\\/author\\\/daniela-budu\"}]}<\/script>\n<!-- \/ Yoast SEO plugin. -->","yoast_head_json":{"title":"La Russia accusata dagli stati dell\u2019UE - Radio Romania Internazionale","robots":{"index":"index","follow":"follow","max-snippet":"max-snippet:-1","max-image-preview":"max-image-preview:large","max-video-preview":"max-video-preview:-1"},"canonical":"https:\/\/www.rri.ro\/it\/news\/in-primo-piano\/la-russia-accusata-dagli-stati-dellue-id1056199.html","og_locale":"it_IT","og_type":"article","og_title":"La Russia accusata dagli stati dell\u2019UE - Radio Romania Internazionale","og_description":"L\u2019Unione Europea e la NATO hanno promesso di rafforzare la cooperazione e di mantenere la pressione sulla Russia, dopo l\u2019incidente con un drone avvenuto all\u2019inizio del mese scorso all\u2019aeroporto di Lipsia. La presidente della Commissione Europea, Ursula von der Leyen, e il segretario generale della NATO, Mark Rutte, hanno condannato, in una conferenza stampa congiunta, [&hellip;]","og_url":"https:\/\/www.rri.ro\/it\/news\/in-primo-piano\/la-russia-accusata-dagli-stati-dellue-id1056199.html","og_site_name":"Radio Romania Internazionale","article_published_time":"2026-09-03T09:06:09+00:00","og_image":[{"width":1200,"height":800,"url":"https:\/\/www.rri.ro\/wp-content\/uploads\/2026\/09\/Ursula-Von-Der-Leyen-Mark-Rutte-2sept26-foto-nato-int.jpg","type":"image\/jpeg"}],"author":"Daniela Budu","twitter_card":"summary_large_image","twitter_misc":{"Scritto da":"Daniela Budu","Tempo di lettura stimato":"2 minuti"},"schema":{"@context":"https:\/\/schema.org","@graph":[{"@type":"Article","@id":"https:\/\/www.rri.ro\/it\/news\/in-primo-piano\/la-russia-accusata-dagli-stati-dellue-id1056199.html#article","isPartOf":{"@id":"https:\/\/www.rri.ro\/it\/news\/in-primo-piano\/la-russia-accusata-dagli-stati-dellue-id1056199.html"},"author":{"name":"Daniela Budu","@id":"https:\/\/www.rri.ro\/#\/schema\/person\/b46b8f80d7d6e4b5ac9f14f0acbad0c4"},"headline":"La Russia accusata dagli stati dell\u2019UE","datePublished":"2026-09-03T09:06:09+00:00","mainEntityOfPage":{"@id":"https:\/\/www.rri.ro\/it\/news\/in-primo-piano\/la-russia-accusata-dagli-stati-dellue-id1056199.html"},"wordCount":502,"image":{"@id":"https:\/\/www.rri.ro\/it\/news\/in-primo-piano\/la-russia-accusata-dagli-stati-dellue-id1056199.html#primaryimage"},"thumbnailUrl":"https:\/\/www.rri.ro\/wp-content\/uploads\/2026\/09\/Ursula-Von-Der-Leyen-Mark-Rutte-2sept26-foto-nato-int.jpg","articleSection":["In primo piano"],"inLanguage":"it-IT"},{"@type":"WebPage","@id":"https:\/\/www.rri.ro\/it\/news\/in-primo-piano\/la-russia-accusata-dagli-stati-dellue-id1056199.html","url":"https:\/\/www.rri.ro\/it\/news\/in-primo-piano\/la-russia-accusata-dagli-stati-dellue-id1056199.html","name":"La Russia accusata dagli stati dell\u2019UE - Radio Romania Internazionale","isPartOf":{"@id":"https:\/\/www.rri.ro\/#website"},"primaryImageOfPage":{"@id":"https:\/\/www.rri.ro\/it\/news\/in-primo-piano\/la-russia-accusata-dagli-stati-dellue-id1056199.html#primaryimage"},"image":{"@id":"https:\/\/www.rri.ro\/it\/news\/in-primo-piano\/la-russia-accusata-dagli-stati-dellue-id1056199.html#primaryimage"},"thumbnailUrl":"https:\/\/www.rri.ro\/wp-content\/uploads\/2026\/09\/Ursula-Von-Der-Leyen-Mark-Rutte-2sept26-foto-nato-int.jpg","datePublished":"2026-09-03T09:06:09+00:00","author":{"@id":"https:\/\/www.rri.ro\/#\/schema\/person\/b46b8f80d7d6e4b5ac9f14f0acbad0c4"},"breadcrumb":{"@id":"https:\/\/www.rri.ro\/it\/news\/in-primo-piano\/la-russia-accusata-dagli-stati-dellue-id1056199.html#breadcrumb"},"inLanguage":"it-IT","potentialAction":[{"@type":"ReadAction","target":["https:\/\/www.rri.ro\/it\/news\/in-primo-piano\/la-russia-accusata-dagli-stati-dellue-id1056199.html"]}]},{"@type":"ImageObject","inLanguage":"it-IT","@id":"https:\/\/www.rri.ro\/it\/news\/in-primo-piano\/la-russia-accusata-dagli-stati-dellue-id1056199.html#primaryimage","url":"https:\/\/www.rri.ro\/wp-content\/uploads\/2026\/09\/Ursula-Von-Der-Leyen-Mark-Rutte-2sept26-foto-nato-int.jpg","contentUrl":"https:\/\/www.rri.ro\/wp-content\/uploads\/2026\/09\/Ursula-Von-Der-Leyen-Mark-Rutte-2sept26-foto-nato-int.jpg","width":1200,"height":800,"caption":"Mark Rutte, NATO Secretary General, meets with Ursula Von der Leyen, President of the European Commission, at the EC in Brussels."},{"@type":"BreadcrumbList","@id":"https:\/\/www.rri.ro\/it\/news\/in-primo-piano\/la-russia-accusata-dagli-stati-dellue-id1056199.html#breadcrumb","itemListElement":[{"@type":"ListItem","position":1,"name":"Pagina iniziale","item":"https:\/\/www.rri.ro\/it"},{"@type":"ListItem","position":2,"name":"News","item":"https:\/\/www.rri.ro\/it\/news"},{"@type":"ListItem","position":3,"name":"In primo piano","item":"https:\/\/www.rri.ro\/it\/news\/in-primo-piano"},{"@type":"ListItem","position":4,"name":"La Russia accusata dagli stati dell\u2019UE"}]},{"@type":"WebSite","@id":"https:\/\/www.rri.ro\/#website","url":"https:\/\/www.rri.ro\/","name":"Radio Romania Internazionale","description":"Totul despre Rom\u00e2nia \u015fi rom\u00e2ni, \u00een 13 limbi\/dialecte!","inLanguage":"it-IT"},{"@type":"Person","@id":"https:\/\/www.rri.ro\/#\/schema\/person\/b46b8f80d7d6e4b5ac9f14f0acbad0c4","name":"Daniela Budu","url":"https:\/\/www.rri.ro\/it\/author\/daniela-budu"}]}},"_links":{"self":[{"href":"https:\/\/www.rri.ro\/it\/wp-json\/wp\/v2\/posts\/1056199","targetHints":{"allow":["GET"]}}],"collection":[{"href":"https:\/\/www.rri.ro\/it\/wp-json\/wp\/v2\/posts"}],"about":[{"href":"https:\/\/www.rri.ro\/it\/wp-json\/wp\/v2\/types\/post"}],"author":[{"embeddable":true,"href":"https:\/\/www.rri.ro\/it\/wp-json\/wp\/v2\/users\/107"}],"replies":[{"embeddable":true,"href":"https:\/\/www.rri.ro\/it\/wp-json\/wp\/v2\/comments?post=1056199"}],"version-history":[{"count":1,"href":"https:\/\/www.rri.ro\/it\/wp-json\/wp\/v2\/posts\/1056199\/revisions"}],"predecessor-version":[{"id":1056201,"href":"https:\/\/www.rri.ro\/it\/wp-json\/wp\/v2\/posts\/1056199\/revisions\/1056201"}],"wp:featuredmedia":[{"embeddable":true,"href":"https:\/\/www.rri.ro\/it\/wp-json\/wp\/v2\/media\/1056175"}],"wp:attachment":[{"href":"https:\/\/www.rri.ro\/it\/wp-json\/wp\/v2\/media?parent=1056199"}],"wp:term":[{"taxonomy":"category","embeddable":true,"href":"https:\/\/www.rri.ro\/it\/wp-json\/wp\/v2\/categories?post=1056199"},{"taxonomy":"post_tag","embeddable":true,"href":"https:\/\/www.rri.ro\/it\/wp-json\/wp\/v2\/tags?post=1056199"},{"taxonomy":"author","embeddable":true,"href":"https:\/\/www.rri.ro\/it\/wp-json\/wp\/v2\/coauthors?post=1056199"}],"curies":[{"name":"wp","href":"https:\/\/api.w.org\/{rel}","templated":true}]}}