{"id":1056279,"date":"2026-09-03T16:52:12","date_gmt":"2026-09-03T13:52:12","guid":{"rendered":"https:\/\/www.rri.ro\/?p=1056279"},"modified":"2026-09-03T18:04:32","modified_gmt":"2026-09-03T15:04:32","slug":"03-09-2026","status":"publish","type":"post","link":"https:\/\/www.rri.ro\/it\/news\/topnews\/03-09-2026-id1056279.html","title":{"rendered":"03.09.2026"},"content":{"rendered":"<p>Commissario europeo \u2013 La Romania auspica un buget dell&#8217;Unione Europea &#8220;ambizioso&#8221;, con stanziamenti significativi per la coesione e l&#8217;agricoltura. Lo ha dichiarato il presidente Nicu\u0219or Dan durante una conferenza stampa congiunta con il presidente del Consiglio Europeo, Antonio Costa. Dan ha ricevuto a Bucarest \u00a0l&#8217;alto rappresentante europeo, in visita in Romania per discutere \u00a0le priorit\u00e0 \u00a0e gli interessamenti del nostro paese. Il presidente romeno ha spiegato che il tema centrale dei colloqui \u00e8 stato il bilancio dell&#8217;UE per il periodo 2028-2034, sottolineando che il nonstro paese auspica un buget &#8220;ambizioso&#8221; che consenta alla Romania di ridurre il divario rispetto alle altre nazioni europee. Dal canto suo, Costa ha definito &#8220;estremamente preoccupanti&#8221; le recenti violazioni dello spazio aereo romeno e gli incidenti che hanno coinvolto droni marittimi, assicurando che Bruxelles continuer\u00e0 a sostenere la Romania, nella consapevolezza che la sicurezza romena coincide con la sicurezza dell&#8217;intera Europa. &#8220;Dobbiamo restare uniti nei nostri sforzi volti a raggiungere una pace giusta e duratura in Ucraina&#8221;, ha affermato Costa. Inoltre, il commissario europeo ha espresso gratitudine per il &#8220;forte sostegno fornito dalla Romania alla Repubblica di Moldova nel suo percorso di integrazione nell&#8217;UE&#8221;. Sempre oggi, il presidente del Consiglio Europeo si recher\u00e0 in Bulgaria e in Grecia. Costa ha gi\u00e0 visitato Slovacchia, Estonia, Lettonia, Lituania, Repubblica Ceca, Ungheria, Croazia e Lussemburgo.<\/p>\n<p>&nbsp;<\/p>\n<p>Guera ibrida \u2013 L&#8217;ambasciatore russo a Bucarest, Vladimir Lipaev, sar\u00e0 convocato presso il Ministero degli Esteri romeno nel contesto dell&#8217;attacco con un drone all&#8217;aeroporto di Lipsia, in Germania. Lo ha annunciato la ministra degli Esteri ad interim, Oana \u0162oiu, sottolineando che Bucarest resta solidale con la Germania e con le altre nazioni europee che devono affrontare attivit\u00e0 ibride, interferenze o sfide sconsiderate e persistenti da parte della Russia. &#8220;Agiamo con fermezza e in modo congiunto, come stati membri dell&#8217;UE e alleati della NATO&#8221;, ha aggiunto la ministra ad interim. D\u2019altra parte, la presidente della Commissione Europea, Ursula von der Leyen, e il segretario generale della NATO, Mark Rutte, hanno assicurato che la pressione sulla Russia proseguir\u00e0 e sar\u00e0 intensificata, dopo l&#8217;attacco ibrido con drone all&#8217;aeroporto di Lipsia, attribuito a Mosca.<\/p>\n<p>&nbsp;<\/p>\n<p>CSM \u2013 Il presidente romeno Nicu\u0219or Dan ha effettuato oggi una visita al Consiglio Superiore della Magistratura (CSM). Si tratta della prima visita effettuata dal capo dello stato presso l&#8217;istituzione, dove ha presieduto le discussioni su uno dei punti inclusi nella seduta plenaria, relativo alla nomina dei procuratori presso la Sezione speciale incaricata con le indagini sui magistrati. Dopo la visita, Nicu\u0219or Dan ha dichiarato che la Romania deve far fronte a una carenza di procuratori nella sezione menzionata. Il capo dello stato ha sottolineato l&#8217;importanza di ricoprire tali incarichi, \u00a0dato che eventuali \u00a0sospetti di reati a carico dei magistrati possono minare la fiducia dei cittadini nelle istituzioni dello stato.<\/p>\n<p>&nbsp;<\/p>\n<p>Giustizia \u2013 L&#8217;Alta Corte di Cassazione e Giustizia di Bucarest ha rinviato al 17 settembre la sentenza definitiva nella causa vinta in primo grado contro il governo e contro il Ministero delle Finanze, riguardante il pagamento di arretrati salariali spettanti ai magistrati. Si tratta di somme derivanti da aumenti retributivi stabiliti con effetto retroattivo da decisioni giudiziarie. Il procedimento \u00e8 attualmente in fase di appello, dopo la decisione del 5 maggio della Corte d&#8217;Appello di Bucarest di accogliere l&#8217;azione legale inoltrata dall&#8217;Alta Corte di Cassazione e Giustizia, obbligando il governo e il Ministero delle Finanze di pagare gli arretrati ai magistrati anche mediante una manovra di bilancio. L&#8217;importo oggetto della causa ammonta a circa 5 miliardi di lei (all&#8217;incirca 950 milioni di euro).<\/p>\n<p>&nbsp;<\/p>\n<p>Evento \u2013 La compagna del presidente della Romania, Mirabela Gr\u0103dinaru, partecipa a Chisinau alla conferenza internazionale &#8220;Sicurezza online e determinanti digitali della salute mentale e del benessere emotivo di bambini e adolescenti&#8221;. Secondo l&#8217;Amministrazione presidenziale di Bucarest, tra i partecipanti all\u2019evento si annoverano la presidente della Repubblica di Moldova, Maia Sandu, l&#8217;ambasciatrice dell&#8217;UE in Moldova, Iwona Piorko, nonch\u00e8 rappresentanti dell\u2019UNICEF. L&#8217;Amministrazione presidenziale precisa che Mirabela Gr\u0103dinaru ha presieduto a Bucarest diversi eventi dedicati a questioni di rilevanza sociale, tra cui la sicurezza online dei giovani.<\/p>\n<p>&nbsp;<\/p>\n<p>&nbsp;<\/p>\n<p>&nbsp;<\/p>\n","protected":false},"excerpt":{"rendered":"<p>Commissario europeo \u2013 La Romania auspica un buget dell&#8217;Unione Europea &#8220;ambizioso&#8221;, con stanziamenti significativi per la coesione e l&#8217;agricoltura. Lo ha dichiarato il presidente Nicu\u0219or Dan durante una conferenza stampa congiunta con il presidente del Consiglio Europeo, Antonio Costa. Dan ha ricevuto a Bucarest \u00a0l&#8217;alto rappresentante europeo, in visita in Romania per discutere \u00a0le priorit\u00e0 [&hellip;]<\/p>\n","protected":false},"author":113,"featured_media":723460,"comment_status":"closed","ping_status":"closed","sticky":false,"template":"","format":"standard","meta":{"_acf_changed":false,"footnotes":""},"categories":[98934],"tags":[],"coauthors":[116091],"class_list":["post-1056279","post","type-post","status-publish","format-standard","has-post-thumbnail","hentry","category-topnews"],"acf":[],"yoast_head":"<!-- This site is optimized with the Yoast SEO plugin v28.2 - https:\/\/yoast.com\/product\/yoast-seo-wordpress\/ -->\n<title>03.09.2026 - Radio Romania Internazionale<\/title>\n<meta name=\"robots\" content=\"index, follow, max-snippet:-1, max-image-preview:large, max-video-preview:-1\" \/>\n<link rel=\"canonical\" href=\"https:\/\/www.rri.ro\/it\/news\/topnews\/03-09-2026-id1056279.html\" \/>\n<meta property=\"og:locale\" content=\"it_IT\" \/>\n<meta property=\"og:type\" content=\"article\" \/>\n<meta property=\"og:title\" content=\"03.09.2026 - Radio Romania Internazionale\" \/>\n<meta property=\"og:description\" content=\"Commissario europeo \u2013 La Romania auspica un buget dell&#8217;Unione Europea &#8220;ambizioso&#8221;, con stanziamenti significativi per la coesione e l&#8217;agricoltura. Lo ha dichiarato il presidente Nicu\u0219or Dan durante una conferenza stampa congiunta con il presidente del Consiglio Europeo, Antonio Costa. Dan ha ricevuto a Bucarest \u00a0l&#8217;alto rappresentante europeo, in visita in Romania per discutere \u00a0le priorit\u00e0 [&hellip;]\" \/>\n<meta property=\"og:url\" content=\"https:\/\/www.rri.ro\/it\/news\/topnews\/03-09-2026-id1056279.html\" \/>\n<meta property=\"og:site_name\" content=\"Radio Romania Internazionale\" \/>\n<meta property=\"article:published_time\" content=\"2026-09-03T13:52:12+00:00\" \/>\n<meta property=\"article:modified_time\" content=\"2026-09-03T15:04:32+00:00\" \/>\n<meta property=\"og:image\" content=\"https:\/\/www.rri.ro\/wp-content\/uploads\/2024\/03\/RRI-960x540-Topnews-2-NOU.jpg\" \/>\n\t<meta property=\"og:image:width\" content=\"960\" \/>\n\t<meta property=\"og:image:height\" content=\"540\" \/>\n\t<meta property=\"og:image:type\" content=\"image\/jpeg\" \/>\n<meta name=\"author\" content=\"Newsroom\" \/>\n<meta name=\"twitter:card\" content=\"summary_large_image\" \/>\n<meta name=\"twitter:label1\" content=\"Scritto da\" \/>\n\t<meta name=\"twitter:data1\" content=\"Newsroom\" \/>\n\t<meta name=\"twitter:label2\" content=\"Tempo di lettura stimato\" \/>\n\t<meta name=\"twitter:data2\" content=\"3 minuti\" \/>\n<script type=\"application\/ld+json\" class=\"yoast-schema-graph\">{\"@context\":\"https:\\\/\\\/schema.org\",\"@graph\":[{\"@type\":\"Article\",\"@id\":\"https:\\\/\\\/www.rri.ro\\\/it\\\/news\\\/topnews\\\/03-09-2026-id1056279.html#article\",\"isPartOf\":{\"@id\":\"https:\\\/\\\/www.rri.ro\\\/it\\\/news\\\/topnews\\\/03-09-2026-id1056279.html\"},\"author\":{\"name\":\"Newsroom\",\"@id\":\"https:\\\/\\\/www.rri.ro\\\/#\\\/schema\\\/person\\\/4a479940371b9fdefd194f561e8a7f88\"},\"headline\":\"03.09.2026\",\"datePublished\":\"2026-09-03T13:52:12+00:00\",\"dateModified\":\"2026-09-03T15:04:32+00:00\",\"mainEntityOfPage\":{\"@id\":\"https:\\\/\\\/www.rri.ro\\\/it\\\/news\\\/topnews\\\/03-09-2026-id1056279.html\"},\"wordCount\":693,\"image\":{\"@id\":\"https:\\\/\\\/www.rri.ro\\\/it\\\/news\\\/topnews\\\/03-09-2026-id1056279.html#primaryimage\"},\"thumbnailUrl\":\"https:\\\/\\\/www.rri.ro\\\/wp-content\\\/uploads\\\/2024\\\/03\\\/RRI-960x540-Topnews-2-NOU.jpg\",\"articleSection\":[\"Topnews\"],\"inLanguage\":\"it-IT\"},{\"@type\":\"WebPage\",\"@id\":\"https:\\\/\\\/www.rri.ro\\\/it\\\/news\\\/topnews\\\/03-09-2026-id1056279.html\",\"url\":\"https:\\\/\\\/www.rri.ro\\\/it\\\/news\\\/topnews\\\/03-09-2026-id1056279.html\",\"name\":\"03.09.2026 - Radio Romania Internazionale\",\"isPartOf\":{\"@id\":\"https:\\\/\\\/www.rri.ro\\\/#website\"},\"primaryImageOfPage\":{\"@id\":\"https:\\\/\\\/www.rri.ro\\\/it\\\/news\\\/topnews\\\/03-09-2026-id1056279.html#primaryimage\"},\"image\":{\"@id\":\"https:\\\/\\\/www.rri.ro\\\/it\\\/news\\\/topnews\\\/03-09-2026-id1056279.html#primaryimage\"},\"thumbnailUrl\":\"https:\\\/\\\/www.rri.ro\\\/wp-content\\\/uploads\\\/2024\\\/03\\\/RRI-960x540-Topnews-2-NOU.jpg\",\"datePublished\":\"2026-09-03T13:52:12+00:00\",\"dateModified\":\"2026-09-03T15:04:32+00:00\",\"author\":{\"@id\":\"https:\\\/\\\/www.rri.ro\\\/#\\\/schema\\\/person\\\/4a479940371b9fdefd194f561e8a7f88\"},\"breadcrumb\":{\"@id\":\"https:\\\/\\\/www.rri.ro\\\/it\\\/news\\\/topnews\\\/03-09-2026-id1056279.html#breadcrumb\"},\"inLanguage\":\"it-IT\",\"potentialAction\":[{\"@type\":\"ReadAction\",\"target\":[\"https:\\\/\\\/www.rri.ro\\\/it\\\/news\\\/topnews\\\/03-09-2026-id1056279.html\"]}]},{\"@type\":\"ImageObject\",\"inLanguage\":\"it-IT\",\"@id\":\"https:\\\/\\\/www.rri.ro\\\/it\\\/news\\\/topnews\\\/03-09-2026-id1056279.html#primaryimage\",\"url\":\"https:\\\/\\\/www.rri.ro\\\/wp-content\\\/uploads\\\/2024\\\/03\\\/RRI-960x540-Topnews-2-NOU.jpg\",\"contentUrl\":\"https:\\\/\\\/www.rri.ro\\\/wp-content\\\/uploads\\\/2024\\\/03\\\/RRI-960x540-Topnews-2-NOU.jpg\",\"width\":960,\"height\":540},{\"@type\":\"BreadcrumbList\",\"@id\":\"https:\\\/\\\/www.rri.ro\\\/it\\\/news\\\/topnews\\\/03-09-2026-id1056279.html#breadcrumb\",\"itemListElement\":[{\"@type\":\"ListItem\",\"position\":1,\"name\":\"Pagina iniziale\",\"item\":\"https:\\\/\\\/www.rri.ro\\\/it\"},{\"@type\":\"ListItem\",\"position\":2,\"name\":\"News\",\"item\":\"https:\\\/\\\/www.rri.ro\\\/it\\\/news\"},{\"@type\":\"ListItem\",\"position\":3,\"name\":\"Topnews\",\"item\":\"https:\\\/\\\/www.rri.ro\\\/it\\\/news\\\/topnews\"},{\"@type\":\"ListItem\",\"position\":4,\"name\":\"03.09.2026\"}]},{\"@type\":\"WebSite\",\"@id\":\"https:\\\/\\\/www.rri.ro\\\/#website\",\"url\":\"https:\\\/\\\/www.rri.ro\\\/\",\"name\":\"Radio Romania Internazionale\",\"description\":\"Totul despre Rom\u00e2nia \u015fi rom\u00e2ni, \u00een 13 limbi\\\/dialecte!\",\"inLanguage\":\"it-IT\"},{\"@type\":\"Person\",\"@id\":\"https:\\\/\\\/www.rri.ro\\\/#\\\/schema\\\/person\\\/4a479940371b9fdefd194f561e8a7f88\",\"name\":\"Newsroom\",\"url\":\"https:\\\/\\\/www.rri.ro\\\/it\\\/author\\\/newsroom\"}]}<\/script>\n<!-- \/ Yoast SEO plugin. -->","yoast_head_json":{"title":"03.09.2026 - Radio Romania Internazionale","robots":{"index":"index","follow":"follow","max-snippet":"max-snippet:-1","max-image-preview":"max-image-preview:large","max-video-preview":"max-video-preview:-1"},"canonical":"https:\/\/www.rri.ro\/it\/news\/topnews\/03-09-2026-id1056279.html","og_locale":"it_IT","og_type":"article","og_title":"03.09.2026 - Radio Romania Internazionale","og_description":"Commissario europeo \u2013 La Romania auspica un buget dell&#8217;Unione Europea &#8220;ambizioso&#8221;, con stanziamenti significativi per la coesione e l&#8217;agricoltura. Lo ha dichiarato il presidente Nicu\u0219or Dan durante una conferenza stampa congiunta con il presidente del Consiglio Europeo, Antonio Costa. Dan ha ricevuto a Bucarest \u00a0l&#8217;alto rappresentante europeo, in visita in Romania per discutere \u00a0le priorit\u00e0 [&hellip;]","og_url":"https:\/\/www.rri.ro\/it\/news\/topnews\/03-09-2026-id1056279.html","og_site_name":"Radio Romania Internazionale","article_published_time":"2026-09-03T13:52:12+00:00","article_modified_time":"2026-09-03T15:04:32+00:00","og_image":[{"width":960,"height":540,"url":"https:\/\/www.rri.ro\/wp-content\/uploads\/2024\/03\/RRI-960x540-Topnews-2-NOU.jpg","type":"image\/jpeg"}],"author":"Newsroom","twitter_card":"summary_large_image","twitter_misc":{"Scritto da":"Newsroom","Tempo di lettura stimato":"3 minuti"},"schema":{"@context":"https:\/\/schema.org","@graph":[{"@type":"Article","@id":"https:\/\/www.rri.ro\/it\/news\/topnews\/03-09-2026-id1056279.html#article","isPartOf":{"@id":"https:\/\/www.rri.ro\/it\/news\/topnews\/03-09-2026-id1056279.html"},"author":{"name":"Newsroom","@id":"https:\/\/www.rri.ro\/#\/schema\/person\/4a479940371b9fdefd194f561e8a7f88"},"headline":"03.09.2026","datePublished":"2026-09-03T13:52:12+00:00","dateModified":"2026-09-03T15:04:32+00:00","mainEntityOfPage":{"@id":"https:\/\/www.rri.ro\/it\/news\/topnews\/03-09-2026-id1056279.html"},"wordCount":693,"image":{"@id":"https:\/\/www.rri.ro\/it\/news\/topnews\/03-09-2026-id1056279.html#primaryimage"},"thumbnailUrl":"https:\/\/www.rri.ro\/wp-content\/uploads\/2024\/03\/RRI-960x540-Topnews-2-NOU.jpg","articleSection":["Topnews"],"inLanguage":"it-IT"},{"@type":"WebPage","@id":"https:\/\/www.rri.ro\/it\/news\/topnews\/03-09-2026-id1056279.html","url":"https:\/\/www.rri.ro\/it\/news\/topnews\/03-09-2026-id1056279.html","name":"03.09.2026 - Radio Romania Internazionale","isPartOf":{"@id":"https:\/\/www.rri.ro\/#website"},"primaryImageOfPage":{"@id":"https:\/\/www.rri.ro\/it\/news\/topnews\/03-09-2026-id1056279.html#primaryimage"},"image":{"@id":"https:\/\/www.rri.ro\/it\/news\/topnews\/03-09-2026-id1056279.html#primaryimage"},"thumbnailUrl":"https:\/\/www.rri.ro\/wp-content\/uploads\/2024\/03\/RRI-960x540-Topnews-2-NOU.jpg","datePublished":"2026-09-03T13:52:12+00:00","dateModified":"2026-09-03T15:04:32+00:00","author":{"@id":"https:\/\/www.rri.ro\/#\/schema\/person\/4a479940371b9fdefd194f561e8a7f88"},"breadcrumb":{"@id":"https:\/\/www.rri.ro\/it\/news\/topnews\/03-09-2026-id1056279.html#breadcrumb"},"inLanguage":"it-IT","potentialAction":[{"@type":"ReadAction","target":["https:\/\/www.rri.ro\/it\/news\/topnews\/03-09-2026-id1056279.html"]}]},{"@type":"ImageObject","inLanguage":"it-IT","@id":"https:\/\/www.rri.ro\/it\/news\/topnews\/03-09-2026-id1056279.html#primaryimage","url":"https:\/\/www.rri.ro\/wp-content\/uploads\/2024\/03\/RRI-960x540-Topnews-2-NOU.jpg","contentUrl":"https:\/\/www.rri.ro\/wp-content\/uploads\/2024\/03\/RRI-960x540-Topnews-2-NOU.jpg","width":960,"height":540},{"@type":"BreadcrumbList","@id":"https:\/\/www.rri.ro\/it\/news\/topnews\/03-09-2026-id1056279.html#breadcrumb","itemListElement":[{"@type":"ListItem","position":1,"name":"Pagina iniziale","item":"https:\/\/www.rri.ro\/it"},{"@type":"ListItem","position":2,"name":"News","item":"https:\/\/www.rri.ro\/it\/news"},{"@type":"ListItem","position":3,"name":"Topnews","item":"https:\/\/www.rri.ro\/it\/news\/topnews"},{"@type":"ListItem","position":4,"name":"03.09.2026"}]},{"@type":"WebSite","@id":"https:\/\/www.rri.ro\/#website","url":"https:\/\/www.rri.ro\/","name":"Radio Romania Internazionale","description":"Totul despre Rom\u00e2nia \u015fi rom\u00e2ni, \u00een 13 limbi\/dialecte!","inLanguage":"it-IT"},{"@type":"Person","@id":"https:\/\/www.rri.ro\/#\/schema\/person\/4a479940371b9fdefd194f561e8a7f88","name":"Newsroom","url":"https:\/\/www.rri.ro\/it\/author\/newsroom"}]}},"_links":{"self":[{"href":"https:\/\/www.rri.ro\/it\/wp-json\/wp\/v2\/posts\/1056279","targetHints":{"allow":["GET"]}}],"collection":[{"href":"https:\/\/www.rri.ro\/it\/wp-json\/wp\/v2\/posts"}],"about":[{"href":"https:\/\/www.rri.ro\/it\/wp-json\/wp\/v2\/types\/post"}],"author":[{"embeddable":true,"href":"https:\/\/www.rri.ro\/it\/wp-json\/wp\/v2\/users\/113"}],"replies":[{"embeddable":true,"href":"https:\/\/www.rri.ro\/it\/wp-json\/wp\/v2\/comments?post=1056279"}],"version-history":[{"count":2,"href":"https:\/\/www.rri.ro\/it\/wp-json\/wp\/v2\/posts\/1056279\/revisions"}],"predecessor-version":[{"id":1056303,"href":"https:\/\/www.rri.ro\/it\/wp-json\/wp\/v2\/posts\/1056279\/revisions\/1056303"}],"wp:featuredmedia":[{"embeddable":true,"href":"https:\/\/www.rri.ro\/it\/wp-json\/wp\/v2\/media\/723460"}],"wp:attachment":[{"href":"https:\/\/www.rri.ro\/it\/wp-json\/wp\/v2\/media?parent=1056279"}],"wp:term":[{"taxonomy":"category","embeddable":true,"href":"https:\/\/www.rri.ro\/it\/wp-json\/wp\/v2\/categories?post=1056279"},{"taxonomy":"post_tag","embeddable":true,"href":"https:\/\/www.rri.ro\/it\/wp-json\/wp\/v2\/tags?post=1056279"},{"taxonomy":"author","embeddable":true,"href":"https:\/\/www.rri.ro\/it\/wp-json\/wp\/v2\/coauthors?post=1056279"}],"curies":[{"name":"wp","href":"https:\/\/api.w.org\/{rel}","templated":true}]}}