{"id":1056507,"date":"2026-09-04T13:21:08","date_gmt":"2026-09-04T10:21:08","guid":{"rendered":"https:\/\/www.rri.ro\/?p=1056507"},"modified":"2026-09-04T13:27:38","modified_gmt":"2026-09-04T10:27:38","slug":"il-presidente-del-consiglio-europeo-a-bucarest-2","status":"publish","type":"post","link":"https:\/\/www.rri.ro\/it\/news\/in-primo-piano\/il-presidente-del-consiglio-europeo-a-bucarest-2-id1056507.html","title":{"rendered":"Il presidente del Consiglio Europeo a Bucarest"},"content":{"rendered":"<p>Nel corso di un tour delle capitali europee, il presidente del Consiglio Europeo Ant\u00f3nio Costa ha fatto tappa gioved\u00ec a Bucarest, dove \u00e8 stato ricevuto dal presidente romeno Nicu\u0219or Dan. Al centro dei colloqui il futuro bilancio dell&#8217;Unione per il periodo 2028-2034. L&#8217;esponente europeo ha inteso sondare le posizioni di tutti gli Stati membri su tale questione, oltre a discutere di difesa, allargamento dell&#8217;UE e sostegno all&#8217;Ucraina. La Commissione Europea propone un futuro bilancio di circa 2.000 miliardi di euro. La bozza prevede inoltre una riduzione di circa il 10% dei fondi destinati alle politiche agricole e di coesione dell&#8217;Unione, una misura contestata dalla Romania e da altri 16 Stati membri. La Romania auspica un futuro bilancio UE ambizioso, con finanziamenti sostanziosi per la coesione e l&#8217;agricoltura, ha affermato il capo dello stato romeno, Nicu\u0219or Dan. Egli ha sottolineato che Bucarest ha definito in larga misura la propria posizione all&#8217;interno del gruppo &#8220;Amici della Coesione&#8221;, coordinato dalla Romania e composto da 17 Stati europei.<\/p>\n<p>\u201cStiamo cercando finanziamenti ingenti per i capitoli relativi alla coesione e all&#8217;agricoltura, proprio per colmare i divari tra i cittadini dei diversi paesi europei. Attribuiamo grande importanza al pilastro della competitivit\u00e0. Anche in questo ambito puntiamo a ridurre il divario tra i paesi europei e vogliamo che le imprese delle nazioni europee meno sviluppate \u2013 come la Romania \u2013 possano accedere ai fondi per la competitivit\u00e0\u201d, ha affermato il presidente romeno.<\/p>\n<p>Il prossimo bilancio pluriennale dell&#8217;UE consentir\u00e0 all&#8217;Europa di rafforzare la propria difesa e sicurezza e di accrescere la propria competitivit\u00e0, ha dichiarato il presidente del Consiglio Europeo. Egli ha sottolineato che i negoziati per il futuro bilancio si svolgono in un contesto geopolitico diverso rispetto a quando \u00e8 stato approvato l&#8217;attuale quadro finanziario pluriennale. L&#8217;esponente europeo ha espresso apprezzamento per il fermo impegno della Romania a tutela della sicurezza europea. Ant\u00f3nio Costa ha inoltre osservato che le recenti violazioni dello spazio aereo romeno, cos\u00ec come gli incidenti che hanno coinvolto droni marittimi, sono &#8220;profondamente preoccupanti&#8221; e che Bruxelles continuer\u00e0 a sostenere la Romania, riconoscendo che la sicurezza della Romania \u00e8 la sicurezza dell&#8217;Europa nel suo complesso. Dobbiamo restare uniti nei nostri sforzi per raggiungere una pace giusta e duratura in Ucraina, ha sottolineato il rappresentante europeo. <\/p>\n<p>Nel corso dei colloqui, Nicu\u0219or Dan ha affrontato anche il tema del processo di allargamento dell&#8217;UE, nel quadro dei preparativi per la riunione del Consiglio Europeo di ottobre. Egli ha dichiarato che la Romania auspica che il processo di adesione della Repubblica di Moldova all&#8217;UE prosegua &#8220;a ritmo sostenuto&#8221;. Ant\u00f3nio Costa ha ringraziato Bucarest per il sostegno fornito a Chi\u0219in\u0103u e ha rilevato che ogni allargamento ha reso l&#8217;Europa pi\u00f9 forte, sia politicamente che economicamente. &#8220;\u00c8 uno degli investimenti geopolitici pi\u00f9 importanti dell&#8217;Europa. \u00c8 un investimento nella nostra sicurezza, stabilit\u00e0 e prosperit\u00e0&#8221;, ha osservato Ant\u00f3nio Costa.<\/p>\n","protected":false},"excerpt":{"rendered":"<p>Nel corso di un tour delle capitali europee, il presidente del Consiglio Europeo Ant\u00f3nio Costa ha fatto tappa gioved\u00ec a Bucarest, dove \u00e8 stato ricevuto dal presidente romeno Nicu\u0219or Dan. Al centro dei colloqui il futuro bilancio dell&#8217;Unione per il periodo 2028-2034. L&#8217;esponente europeo ha inteso sondare le posizioni di tutti gli Stati membri su [&hellip;]<\/p>\n","protected":false},"author":106,"featured_media":1056423,"comment_status":"closed","ping_status":"closed","sticky":false,"template":"","format":"standard","meta":{"_acf_changed":false,"footnotes":""},"categories":[99264],"tags":[],"coauthors":[113311],"class_list":["post-1056507","post","type-post","status-publish","format-standard","has-post-thumbnail","hentry","category-in-primo-piano"],"acf":[],"yoast_head":"<!-- This site is optimized with the Yoast SEO plugin v28.2 - https:\/\/yoast.com\/product\/yoast-seo-wordpress\/ -->\n<title>Il presidente del Consiglio Europeo a Bucarest - Radio Romania Internazionale<\/title>\n<meta name=\"robots\" content=\"index, follow, max-snippet:-1, max-image-preview:large, max-video-preview:-1\" \/>\n<link rel=\"canonical\" href=\"https:\/\/www.rri.ro\/it\/news\/in-primo-piano\/il-presidente-del-consiglio-europeo-a-bucarest-2-id1056507.html\" \/>\n<meta property=\"og:locale\" content=\"it_IT\" \/>\n<meta property=\"og:type\" content=\"article\" \/>\n<meta property=\"og:title\" content=\"Il presidente del Consiglio Europeo a Bucarest - Radio Romania Internazionale\" \/>\n<meta property=\"og:description\" content=\"Nel corso di un tour delle capitali europee, il presidente del Consiglio Europeo Ant\u00f3nio Costa ha fatto tappa gioved\u00ec a Bucarest, dove \u00e8 stato ricevuto dal presidente romeno Nicu\u0219or Dan. Al centro dei colloqui il futuro bilancio dell&#8217;Unione per il periodo 2028-2034. L&#8217;esponente europeo ha inteso sondare le posizioni di tutti gli Stati membri su [&hellip;]\" \/>\n<meta property=\"og:url\" content=\"https:\/\/www.rri.ro\/it\/news\/in-primo-piano\/il-presidente-del-consiglio-europeo-a-bucarest-2-id1056507.html\" \/>\n<meta property=\"og:site_name\" content=\"Radio Romania Internazionale\" \/>\n<meta property=\"article:published_time\" content=\"2026-09-04T10:21:08+00:00\" \/>\n<meta property=\"article:modified_time\" content=\"2026-09-04T10:27:38+00:00\" \/>\n<meta property=\"og:image\" content=\"https:\/\/www.rri.ro\/wp-content\/uploads\/2026\/09\/Antonio-Costa-Nicusor-Dan-sep2026-presidency-ro.jpg\" \/>\n\t<meta property=\"og:image:width\" content=\"1280\" \/>\n\t<meta property=\"og:image:height\" content=\"720\" \/>\n\t<meta property=\"og:image:type\" content=\"image\/jpeg\" \/>\n<meta name=\"author\" content=\"Mihai Pelin\" \/>\n<meta name=\"twitter:card\" content=\"summary_large_image\" \/>\n<meta name=\"twitter:label1\" content=\"Scritto da\" \/>\n\t<meta name=\"twitter:data1\" content=\"Mihai Pelin\" \/>\n\t<meta name=\"twitter:label2\" content=\"Tempo di lettura stimato\" \/>\n\t<meta name=\"twitter:data2\" content=\"2 minuti\" \/>\n<script type=\"application\/ld+json\" class=\"yoast-schema-graph\">{\"@context\":\"https:\\\/\\\/schema.org\",\"@graph\":[{\"@type\":\"Article\",\"@id\":\"https:\\\/\\\/www.rri.ro\\\/it\\\/news\\\/in-primo-piano\\\/il-presidente-del-consiglio-europeo-a-bucarest-2-id1056507.html#article\",\"isPartOf\":{\"@id\":\"https:\\\/\\\/www.rri.ro\\\/it\\\/news\\\/in-primo-piano\\\/il-presidente-del-consiglio-europeo-a-bucarest-2-id1056507.html\"},\"author\":{\"name\":\"Mihai Pelin\",\"@id\":\"https:\\\/\\\/www.rri.ro\\\/#\\\/schema\\\/person\\\/c6036c822534c855dc3aad41a484f05d\"},\"headline\":\"Il presidente del Consiglio Europeo a Bucarest\",\"datePublished\":\"2026-09-04T10:21:08+00:00\",\"dateModified\":\"2026-09-04T10:27:38+00:00\",\"mainEntityOfPage\":{\"@id\":\"https:\\\/\\\/www.rri.ro\\\/it\\\/news\\\/in-primo-piano\\\/il-presidente-del-consiglio-europeo-a-bucarest-2-id1056507.html\"},\"wordCount\":489,\"image\":{\"@id\":\"https:\\\/\\\/www.rri.ro\\\/it\\\/news\\\/in-primo-piano\\\/il-presidente-del-consiglio-europeo-a-bucarest-2-id1056507.html#primaryimage\"},\"thumbnailUrl\":\"https:\\\/\\\/www.rri.ro\\\/wp-content\\\/uploads\\\/2026\\\/09\\\/Antonio-Costa-Nicusor-Dan-sep2026-presidency-ro.jpg\",\"articleSection\":[\"In primo piano\"],\"inLanguage\":\"it-IT\"},{\"@type\":\"WebPage\",\"@id\":\"https:\\\/\\\/www.rri.ro\\\/it\\\/news\\\/in-primo-piano\\\/il-presidente-del-consiglio-europeo-a-bucarest-2-id1056507.html\",\"url\":\"https:\\\/\\\/www.rri.ro\\\/it\\\/news\\\/in-primo-piano\\\/il-presidente-del-consiglio-europeo-a-bucarest-2-id1056507.html\",\"name\":\"Il presidente del Consiglio Europeo a Bucarest - Radio Romania Internazionale\",\"isPartOf\":{\"@id\":\"https:\\\/\\\/www.rri.ro\\\/#website\"},\"primaryImageOfPage\":{\"@id\":\"https:\\\/\\\/www.rri.ro\\\/it\\\/news\\\/in-primo-piano\\\/il-presidente-del-consiglio-europeo-a-bucarest-2-id1056507.html#primaryimage\"},\"image\":{\"@id\":\"https:\\\/\\\/www.rri.ro\\\/it\\\/news\\\/in-primo-piano\\\/il-presidente-del-consiglio-europeo-a-bucarest-2-id1056507.html#primaryimage\"},\"thumbnailUrl\":\"https:\\\/\\\/www.rri.ro\\\/wp-content\\\/uploads\\\/2026\\\/09\\\/Antonio-Costa-Nicusor-Dan-sep2026-presidency-ro.jpg\",\"datePublished\":\"2026-09-04T10:21:08+00:00\",\"dateModified\":\"2026-09-04T10:27:38+00:00\",\"author\":{\"@id\":\"https:\\\/\\\/www.rri.ro\\\/#\\\/schema\\\/person\\\/c6036c822534c855dc3aad41a484f05d\"},\"breadcrumb\":{\"@id\":\"https:\\\/\\\/www.rri.ro\\\/it\\\/news\\\/in-primo-piano\\\/il-presidente-del-consiglio-europeo-a-bucarest-2-id1056507.html#breadcrumb\"},\"inLanguage\":\"it-IT\",\"potentialAction\":[{\"@type\":\"ReadAction\",\"target\":[\"https:\\\/\\\/www.rri.ro\\\/it\\\/news\\\/in-primo-piano\\\/il-presidente-del-consiglio-europeo-a-bucarest-2-id1056507.html\"]}]},{\"@type\":\"ImageObject\",\"inLanguage\":\"it-IT\",\"@id\":\"https:\\\/\\\/www.rri.ro\\\/it\\\/news\\\/in-primo-piano\\\/il-presidente-del-consiglio-europeo-a-bucarest-2-id1056507.html#primaryimage\",\"url\":\"https:\\\/\\\/www.rri.ro\\\/wp-content\\\/uploads\\\/2026\\\/09\\\/Antonio-Costa-Nicusor-Dan-sep2026-presidency-ro.jpg\",\"contentUrl\":\"https:\\\/\\\/www.rri.ro\\\/wp-content\\\/uploads\\\/2026\\\/09\\\/Antonio-Costa-Nicusor-Dan-sep2026-presidency-ro.jpg\",\"width\":1280,\"height\":720,\"caption\":\"Antonio Costa, ricevuto da Nicusor Dan al Palazzo Cotroceni \\\/ Foto: presidency.ro\"},{\"@type\":\"BreadcrumbList\",\"@id\":\"https:\\\/\\\/www.rri.ro\\\/it\\\/news\\\/in-primo-piano\\\/il-presidente-del-consiglio-europeo-a-bucarest-2-id1056507.html#breadcrumb\",\"itemListElement\":[{\"@type\":\"ListItem\",\"position\":1,\"name\":\"Pagina iniziale\",\"item\":\"https:\\\/\\\/www.rri.ro\\\/it\"},{\"@type\":\"ListItem\",\"position\":2,\"name\":\"News\",\"item\":\"https:\\\/\\\/www.rri.ro\\\/it\\\/news\"},{\"@type\":\"ListItem\",\"position\":3,\"name\":\"In primo piano\",\"item\":\"https:\\\/\\\/www.rri.ro\\\/it\\\/news\\\/in-primo-piano\"},{\"@type\":\"ListItem\",\"position\":4,\"name\":\"Il presidente del Consiglio Europeo a Bucarest\"}]},{\"@type\":\"WebSite\",\"@id\":\"https:\\\/\\\/www.rri.ro\\\/#website\",\"url\":\"https:\\\/\\\/www.rri.ro\\\/\",\"name\":\"Radio Romania Internazionale\",\"description\":\"Totul despre Rom\u00e2nia \u015fi rom\u00e2ni, \u00een 13 limbi\\\/dialecte!\",\"inLanguage\":\"it-IT\"},{\"@type\":\"Person\",\"@id\":\"https:\\\/\\\/www.rri.ro\\\/#\\\/schema\\\/person\\\/c6036c822534c855dc3aad41a484f05d\",\"name\":\"Mihai Pelin\",\"url\":\"https:\\\/\\\/www.rri.ro\\\/it\\\/author\\\/mihai-pelin\"}]}<\/script>\n<!-- \/ Yoast SEO plugin. -->","yoast_head_json":{"title":"Il presidente del Consiglio Europeo a Bucarest - Radio Romania Internazionale","robots":{"index":"index","follow":"follow","max-snippet":"max-snippet:-1","max-image-preview":"max-image-preview:large","max-video-preview":"max-video-preview:-1"},"canonical":"https:\/\/www.rri.ro\/it\/news\/in-primo-piano\/il-presidente-del-consiglio-europeo-a-bucarest-2-id1056507.html","og_locale":"it_IT","og_type":"article","og_title":"Il presidente del Consiglio Europeo a Bucarest - Radio Romania Internazionale","og_description":"Nel corso di un tour delle capitali europee, il presidente del Consiglio Europeo Ant\u00f3nio Costa ha fatto tappa gioved\u00ec a Bucarest, dove \u00e8 stato ricevuto dal presidente romeno Nicu\u0219or Dan. Al centro dei colloqui il futuro bilancio dell&#8217;Unione per il periodo 2028-2034. L&#8217;esponente europeo ha inteso sondare le posizioni di tutti gli Stati membri su [&hellip;]","og_url":"https:\/\/www.rri.ro\/it\/news\/in-primo-piano\/il-presidente-del-consiglio-europeo-a-bucarest-2-id1056507.html","og_site_name":"Radio Romania Internazionale","article_published_time":"2026-09-04T10:21:08+00:00","article_modified_time":"2026-09-04T10:27:38+00:00","og_image":[{"width":1280,"height":720,"url":"https:\/\/www.rri.ro\/wp-content\/uploads\/2026\/09\/Antonio-Costa-Nicusor-Dan-sep2026-presidency-ro.jpg","type":"image\/jpeg"}],"author":"Mihai Pelin","twitter_card":"summary_large_image","twitter_misc":{"Scritto da":"Mihai Pelin","Tempo di lettura stimato":"2 minuti"},"schema":{"@context":"https:\/\/schema.org","@graph":[{"@type":"Article","@id":"https:\/\/www.rri.ro\/it\/news\/in-primo-piano\/il-presidente-del-consiglio-europeo-a-bucarest-2-id1056507.html#article","isPartOf":{"@id":"https:\/\/www.rri.ro\/it\/news\/in-primo-piano\/il-presidente-del-consiglio-europeo-a-bucarest-2-id1056507.html"},"author":{"name":"Mihai Pelin","@id":"https:\/\/www.rri.ro\/#\/schema\/person\/c6036c822534c855dc3aad41a484f05d"},"headline":"Il presidente del Consiglio Europeo a Bucarest","datePublished":"2026-09-04T10:21:08+00:00","dateModified":"2026-09-04T10:27:38+00:00","mainEntityOfPage":{"@id":"https:\/\/www.rri.ro\/it\/news\/in-primo-piano\/il-presidente-del-consiglio-europeo-a-bucarest-2-id1056507.html"},"wordCount":489,"image":{"@id":"https:\/\/www.rri.ro\/it\/news\/in-primo-piano\/il-presidente-del-consiglio-europeo-a-bucarest-2-id1056507.html#primaryimage"},"thumbnailUrl":"https:\/\/www.rri.ro\/wp-content\/uploads\/2026\/09\/Antonio-Costa-Nicusor-Dan-sep2026-presidency-ro.jpg","articleSection":["In primo piano"],"inLanguage":"it-IT"},{"@type":"WebPage","@id":"https:\/\/www.rri.ro\/it\/news\/in-primo-piano\/il-presidente-del-consiglio-europeo-a-bucarest-2-id1056507.html","url":"https:\/\/www.rri.ro\/it\/news\/in-primo-piano\/il-presidente-del-consiglio-europeo-a-bucarest-2-id1056507.html","name":"Il presidente del Consiglio Europeo a Bucarest - Radio Romania Internazionale","isPartOf":{"@id":"https:\/\/www.rri.ro\/#website"},"primaryImageOfPage":{"@id":"https:\/\/www.rri.ro\/it\/news\/in-primo-piano\/il-presidente-del-consiglio-europeo-a-bucarest-2-id1056507.html#primaryimage"},"image":{"@id":"https:\/\/www.rri.ro\/it\/news\/in-primo-piano\/il-presidente-del-consiglio-europeo-a-bucarest-2-id1056507.html#primaryimage"},"thumbnailUrl":"https:\/\/www.rri.ro\/wp-content\/uploads\/2026\/09\/Antonio-Costa-Nicusor-Dan-sep2026-presidency-ro.jpg","datePublished":"2026-09-04T10:21:08+00:00","dateModified":"2026-09-04T10:27:38+00:00","author":{"@id":"https:\/\/www.rri.ro\/#\/schema\/person\/c6036c822534c855dc3aad41a484f05d"},"breadcrumb":{"@id":"https:\/\/www.rri.ro\/it\/news\/in-primo-piano\/il-presidente-del-consiglio-europeo-a-bucarest-2-id1056507.html#breadcrumb"},"inLanguage":"it-IT","potentialAction":[{"@type":"ReadAction","target":["https:\/\/www.rri.ro\/it\/news\/in-primo-piano\/il-presidente-del-consiglio-europeo-a-bucarest-2-id1056507.html"]}]},{"@type":"ImageObject","inLanguage":"it-IT","@id":"https:\/\/www.rri.ro\/it\/news\/in-primo-piano\/il-presidente-del-consiglio-europeo-a-bucarest-2-id1056507.html#primaryimage","url":"https:\/\/www.rri.ro\/wp-content\/uploads\/2026\/09\/Antonio-Costa-Nicusor-Dan-sep2026-presidency-ro.jpg","contentUrl":"https:\/\/www.rri.ro\/wp-content\/uploads\/2026\/09\/Antonio-Costa-Nicusor-Dan-sep2026-presidency-ro.jpg","width":1280,"height":720,"caption":"Antonio Costa, ricevuto da Nicusor Dan al Palazzo Cotroceni \/ Foto: presidency.ro"},{"@type":"BreadcrumbList","@id":"https:\/\/www.rri.ro\/it\/news\/in-primo-piano\/il-presidente-del-consiglio-europeo-a-bucarest-2-id1056507.html#breadcrumb","itemListElement":[{"@type":"ListItem","position":1,"name":"Pagina iniziale","item":"https:\/\/www.rri.ro\/it"},{"@type":"ListItem","position":2,"name":"News","item":"https:\/\/www.rri.ro\/it\/news"},{"@type":"ListItem","position":3,"name":"In primo piano","item":"https:\/\/www.rri.ro\/it\/news\/in-primo-piano"},{"@type":"ListItem","position":4,"name":"Il presidente del Consiglio Europeo a Bucarest"}]},{"@type":"WebSite","@id":"https:\/\/www.rri.ro\/#website","url":"https:\/\/www.rri.ro\/","name":"Radio Romania Internazionale","description":"Totul despre Rom\u00e2nia \u015fi rom\u00e2ni, \u00een 13 limbi\/dialecte!","inLanguage":"it-IT"},{"@type":"Person","@id":"https:\/\/www.rri.ro\/#\/schema\/person\/c6036c822534c855dc3aad41a484f05d","name":"Mihai Pelin","url":"https:\/\/www.rri.ro\/it\/author\/mihai-pelin"}]}},"_links":{"self":[{"href":"https:\/\/www.rri.ro\/it\/wp-json\/wp\/v2\/posts\/1056507","targetHints":{"allow":["GET"]}}],"collection":[{"href":"https:\/\/www.rri.ro\/it\/wp-json\/wp\/v2\/posts"}],"about":[{"href":"https:\/\/www.rri.ro\/it\/wp-json\/wp\/v2\/types\/post"}],"author":[{"embeddable":true,"href":"https:\/\/www.rri.ro\/it\/wp-json\/wp\/v2\/users\/106"}],"replies":[{"embeddable":true,"href":"https:\/\/www.rri.ro\/it\/wp-json\/wp\/v2\/comments?post=1056507"}],"version-history":[{"count":1,"href":"https:\/\/www.rri.ro\/it\/wp-json\/wp\/v2\/posts\/1056507\/revisions"}],"predecessor-version":[{"id":1056508,"href":"https:\/\/www.rri.ro\/it\/wp-json\/wp\/v2\/posts\/1056507\/revisions\/1056508"}],"wp:featuredmedia":[{"embeddable":true,"href":"https:\/\/www.rri.ro\/it\/wp-json\/wp\/v2\/media\/1056423"}],"wp:attachment":[{"href":"https:\/\/www.rri.ro\/it\/wp-json\/wp\/v2\/media?parent=1056507"}],"wp:term":[{"taxonomy":"category","embeddable":true,"href":"https:\/\/www.rri.ro\/it\/wp-json\/wp\/v2\/categories?post=1056507"},{"taxonomy":"post_tag","embeddable":true,"href":"https:\/\/www.rri.ro\/it\/wp-json\/wp\/v2\/tags?post=1056507"},{"taxonomy":"author","embeddable":true,"href":"https:\/\/www.rri.ro\/it\/wp-json\/wp\/v2\/coauthors?post=1056507"}],"curies":[{"name":"wp","href":"https:\/\/api.w.org\/{rel}","templated":true}]}}