{"id":1056509,"date":"2026-09-05T08:00:05","date_gmt":"2026-09-05T05:00:05","guid":{"rendered":"https:\/\/www.rri.ro\/?p=1056509"},"modified":"2026-09-04T13:26:49","modified_gmt":"2026-09-04T10:26:49","slug":"1056509","status":"publish","type":"post","link":"https:\/\/www.rri.ro\/it\/news\/sguardo-sulla-settimana\/1056509-id1056509.html","title":{"rendered":"La settimana 31\/08-05\/09.2026"},"content":{"rendered":"<p>Questa settimana Bucarest ha ospitato la riunione annuale della diplomazia romena, alla quale hanno partecipato i capi delle missioni diplomatiche e degli uffici consolari all&#8217;estero, ambasciatori stranieri e alti funzionari dello stato. Il tema di questa edizione \u00e8 stato &#8220;Diplomazia: un&#8217;ancora in un mondo che cambia&#8221; e l&#8217;agenda dei lavori si \u00e8 concentrata sulla crescita economica, sulla sicurezza e sul rafforzamento della fiducia e dei legami con la diaspora. Il rafforzamento della sicurezza, il sostegno alle comunit\u00e0 romene all&#8217;estero e la diplomazia economica sono i tre obiettivi chiave della politica estera della Romania, ha affermato il presidente romeno Nicu\u0219or Dan nel suo discorso al corpo diplomatico. La Romania contribuisce alla sicurezza transatlantica, nonch\u00e9 alla sicurezza del Fianco Orientale e della regione in cui si trova, ha osservato. Dan ha inoltre parlato dei principali progetti di interconnessione regionale e ha annunciato che l&#8217;estrazione di gas tramite il progetto offshore &#8220;Neptun Deep&#8221; inizier\u00e0 l&#8217;anno prossimo. Il Presidente ha poi affrontato l&#8217;urgente necessit\u00e0 di risolvere questioni amministrative in sospeso all&#8217;interno del sistema, come lo status delle sedi consolari e i ritardi nell&#8217;avvicendamento del personale diplomatico. Allo stesso tempo, il Presidente ha ribadito il sostegno della Romania all&#8217;integrazione della Repubblica di Moldova e dell&#8217;Ucraina nell&#8217;Unione Europea, affermando che il rapporto con Chi\u0219in\u0103u rimane di fondamentale importanza per la politica estera romena. Da parte sua, il ministro degli Esteri ad interim Oana \u0162oiu ha dichiarato che il processo di adesione della Romania all&#8217;Organizzazione per la cooperazione e lo sviluppo economico (OCSE) \u00e8 uno degli obiettivi pi\u00f9 importanti della diplomazia romena per quest&#8217;anno, sottolineando che, tra tutti gli Stati attualmente coinvolti nel processo di adesione, la Romania \u00e8 quella che ha compiuto i maggiori progressi.<\/p>\n<p>Il Piano Nazionale di Ripresa e Resilienza (PNRR) \u2013 il pacchetto europeo di riforme e investimenti pubblici per il periodo post-pandemico \u2013 \u00e8 giunto a conclusione. Fino all&#8217;ultimo giorno, il 31 agosto, la Romania ha registrato l&#8217;accettazione formale di progetti completati e l&#8217;adozione, da parte del Governo di Bucarest, di atti legislativi volti a soddisfare il maggior numero possibile di impegni e traguardi. A T\u00e2rgu Mure\u0219 (Romania centrale) \u00e8 stato inaugurato un nuovo centro di cardiochirurgia ed \u00e8 stato aperto al traffico un altro tratto dell&#8217;autostrada A7 &#8220;Moldavia&#8221;, lungo quasi 50 km. I finanziamenti del PNRR comprendevano 13,5 miliardi di euro in sovvenzioni a fondo perduto e circa 7 miliardi di euro in prestiti. Nel complesso, la Romania \u00e8 riuscita ad assicurarsi e a investire oltre il 90% dei fondi a fondo perduto messi a disposizione dall&#8217;Unione Europea attraverso questo programma, come annunciato dal primo ministro ad interim Ilie Bolojan. Egli ha sottolineato che alla Romania rimarranno importanti investimenti in grandi infrastrutture, tra cui ferrovie rimodernate ed elettrificate, ospedali e scuole in quasi tutti i capoluoghi di provincia e progetti di efficientamento energetico. Tuttavia, il primo ministro ha rilevato che ingenti risorse sono andate perse: ad esempio, 770 milioni di euro a causa della mancata attuazione della riforma salariale nel settore pubblico e quasi 100 milioni di euro per misure di decarbonizzazione incomplete. Dei oltre 15.000 investimenti previsti, quasi 4.500 progetti sono rimasti incompiuti o non accettati. Rispetto al resto dell&#8217;Unione Europea, la Romania si colloca agli ultimi posti per percentuale di fondi effettivamente ricevuti dal PNRR, avendo ottenuto solo circa il 61% della dotazione totale. Spagna e Italia sono in testa nell&#8217;acquisizione dei fondi del PNRR, avendo incassato tra il 90% e il 100% del totale, seguite da Portogallo e Grecia con un tasso di assorbimento dell&#8217;80-85%.<\/p>\n<p>Gioved\u00ec, il presidente romeno Nicu\u0219or Dan ha ricevuto a Bucarest il presidente del Consiglio Europeo Antonio Costa, in visita per consultazioni sulle priorit\u00e0 e le preoccupazioni della Romania. Dan ha dichiarato che l&#8217;argomento principale della discussione \u00e8 stato il negoziato sul futuro bilancio dell&#8217;UE per il periodo 2028-2034. Egli ha sottolineato che la Romania auspica un bilancio &#8220;ambizioso&#8221; \u2013 con stanziamenti significativi per la coesione e l&#8217;agricoltura \u2013 che consenta al Paese di ridurre il divario che lo separa dalle altre nazioni europee. Da parte sua, Antonio Costa ha dichiarato che le recenti violazioni dello spazio aereo romeno, cos\u00ec come gli incidenti che hanno coinvolto droni marittimi, sono &#8220;profondamente preoccupanti&#8221; e che Bruxelles continuer\u00e0 a sostenere la Romania, riconoscendo che la sicurezza della Romania \u00e8 la sicurezza dell&#8217;intera Europa. Dobbiamo rimanere uniti nei nostri sforzi per raggiungere una pace giusta e duratura in Ucraina, ha affermato Costa. Infine, ha espresso gratitudine per il &#8220;forte sostegno che la Romania ha fornito alla Repubblica di Moldova nel suo percorso verso l&#8217;integrazione nell&#8217;UE&#8221;. Gioved\u00ec, il presidente del Consiglio Europeo si \u00e8 recato anche in Bulgaria e in Grecia. In precedenza, aveva visitato Slovacchia, Estonia, Lettonia, Lituania, Repubblica Ceca, Ungheria, Croazia e Lussemburgo.<\/p>\n<p>Il Ministero degli Esteri romeno ha convocato l&#8217;ambasciatore russo a Bucarest, Vladimir Lipaev, per chiedere chiarimenti sull&#8217;incidente del drone avvenuto il mese scorso all&#8217;aeroporto di Lipsia, un episodio che la Germania sostiene essere stato orchestrato dalla Russia. Il Ministro degli Esteri ad interim romeno Oana \u021aoiu ha dichiarato che Bucarest \u00e8 solidale con Berlino e le altre capitali europee che hanno dovuto affrontare attivit\u00e0 ibride, interferenze e le sconsiderate e persistenti provocazioni della Russia, sfide che anche la Romania ha dovuto affrontare. La presidente della Commissione Europea Ursula von der Leyen ha dichiarato che incidenti come il sabotaggio del drone russo in Germania sono diventati la &#8220;nuova normalit\u00e0&#8221; e segnano un&#8217;ulteriore escalation dell&#8217;attivit\u00e0 russa all&#8217;interno dell&#8217;Unione Europea. Lei ha osservato che, se l&#8217;attacco fosse andato a buon fine, &#8220;avrebbe causato danni enormi e, forse, anche perdite di vite umane&#8221;. Nel frattempo, il Segretario Generale della NATO Mark Rutte ha affermato che la Russia \u00e8 diventata &#8220;sempre pi\u00f9 sconsiderata&#8221; mentre continua la sua invasione su vasta scala dell&#8217;Ucraina, ma ha sottolineato che l&#8217;unit\u00e0 degli Alleati rimane &#8220;incrollabile&#8221;. Diversi Stati membri hanno convocato i rappresentanti di Mosca per chiedere spiegazioni dopo che la polizia tedesca ha identificato il DNA di due uomini in possesso di passaporti russi, sospettati di aver trasportato il drone carico di esplosivo all&#8217;aeroporto di Lipsia.<\/p>\n<p>Questa settimana, il 31 agosto, \u00e8 stata celebrata la Giornata della lingua romena in Romania, nella Repubblica di Moldova e \u2013 per la prima volta \u2013 in Ucraina. Una seduta solenne si \u00e8 svolta simultaneamente presso l&#8217;Accademia Romena e l&#8217;Accademia delle Scienze della Moldova. Inoltre, presso il Senato di Bucarest si \u00e8 tenuto un evento dedicato alla scrittura a mano in lingua romena, intitolato &#8220;Il Grande Dettato Nazionale&#8221;, che ha coinvolto bambini e adulti. I presenti sono stati invitati a trascrivere, sotto dettatura, un brano tratto dal diario della Regina Maria di Romania. Un&#8217;iniziativa analoga ha avuto luogo a Chi\u0219in\u0103u, dove oltre 2.500 persone si sono riunite nel centro della capitale moldava per trascrivere un passo di un&#8217;opera di Gheorghe Urschi, attore, regista, drammaturgo e umorista noto nella Repubblica di Moldova come il &#8220;Re dell&#8217;umorismo&#8221;. La Giornata della lingua romena \u00e8 stata celebrata anche a \u010cernivci, in Ucraina. Rappresentanti dell&#8217;amministrazione locale, diplomatici romeni in Ucraina e membri della comunit\u00e0 romena della regione hanno deposto corone di fiori ai piedi delle statue di Taras \u0160ev\u010denko e Mihai Eminescu: il primo considerato il poeta nazionale dell&#8217;Ucraina, il secondo la figura pi\u00f9 influente della letteratura romena. &#8220;Siamo testimoni di un momento storico, poich\u00e9 per la prima volta la Romania, la Repubblica di Moldova e l&#8217;Ucraina celebrano la Giornata della lingua romena nello stesso giorno&#8221;, ha dichiarato Victor Micula, ambasciatore della Romania a Kiev. Egli ha accolto con favore la decisione del presidente ucraino Volodymyr Zelenskyy di riconoscere ufficialmente la lingua romena e di istituire tale ricorrenza anche in Ucraina.<\/p>\n","protected":false},"excerpt":{"rendered":"<p>Questa settimana Bucarest ha ospitato la riunione annuale della diplomazia romena, alla quale hanno partecipato i capi delle missioni diplomatiche e degli uffici consolari all&#8217;estero, ambasciatori stranieri e alti funzionari dello stato. Il tema di questa edizione \u00e8 stato &#8220;Diplomazia: un&#8217;ancora in un mondo che cambia&#8221; e l&#8217;agenda dei lavori si \u00e8 concentrata sulla crescita [&hellip;]<\/p>\n","protected":false},"author":118,"featured_media":892499,"comment_status":"closed","ping_status":"closed","sticky":false,"template":"","format":"standard","meta":{"_acf_changed":false,"footnotes":""},"categories":[132227],"tags":[],"coauthors":[113323],"class_list":["post-1056509","post","type-post","status-publish","format-standard","has-post-thumbnail","hentry","category-sguardo-sulla-settimana"],"acf":[],"yoast_head":"<!-- This site is optimized with the Yoast SEO plugin v28.2 - https:\/\/yoast.com\/product\/yoast-seo-wordpress\/ -->\n<title>La settimana 31\/08-05\/09.2026 - Radio Romania Internazionale<\/title>\n<meta name=\"robots\" content=\"index, follow, max-snippet:-1, max-image-preview:large, max-video-preview:-1\" \/>\n<link rel=\"canonical\" href=\"https:\/\/www.rri.ro\/it\/news\/sguardo-sulla-settimana\/1056509-id1056509.html\" \/>\n<meta property=\"og:locale\" content=\"it_IT\" \/>\n<meta property=\"og:type\" content=\"article\" \/>\n<meta property=\"og:title\" content=\"La settimana 31\/08-05\/09.2026 - Radio Romania Internazionale\" \/>\n<meta property=\"og:description\" content=\"Questa settimana Bucarest ha ospitato la riunione annuale della diplomazia romena, alla quale hanno partecipato i capi delle missioni diplomatiche e degli uffici consolari all&#8217;estero, ambasciatori stranieri e alti funzionari dello stato. Il tema di questa edizione \u00e8 stato &#8220;Diplomazia: un&#8217;ancora in un mondo che cambia&#8221; e l&#8217;agenda dei lavori si \u00e8 concentrata sulla crescita [&hellip;]\" \/>\n<meta property=\"og:url\" content=\"https:\/\/www.rri.ro\/it\/news\/sguardo-sulla-settimana\/1056509-id1056509.html\" \/>\n<meta property=\"og:site_name\" content=\"Radio Romania Internazionale\" \/>\n<meta property=\"article:published_time\" content=\"2026-09-05T05:00:05+00:00\" \/>\n<meta property=\"og:image\" content=\"https:\/\/www.rri.ro\/wp-content\/uploads\/2025\/05\/eveniment-top-ND-2025-16x9-1.jpg\" \/>\n\t<meta property=\"og:image:width\" content=\"1280\" \/>\n\t<meta property=\"og:image:height\" content=\"720\" \/>\n\t<meta property=\"og:image:type\" content=\"image\/jpeg\" \/>\n<meta name=\"author\" content=\"Sorin Iordan\" \/>\n<meta name=\"twitter:card\" content=\"summary_large_image\" \/>\n<meta name=\"twitter:label1\" content=\"Scritto da\" \/>\n\t<meta name=\"twitter:data1\" content=\"Sorin Iordan\" \/>\n\t<meta name=\"twitter:label2\" content=\"Tempo di lettura stimato\" \/>\n\t<meta name=\"twitter:data2\" content=\"6 minuti\" \/>\n<script type=\"application\/ld+json\" class=\"yoast-schema-graph\">{\"@context\":\"https:\\\/\\\/schema.org\",\"@graph\":[{\"@type\":\"Article\",\"@id\":\"https:\\\/\\\/www.rri.ro\\\/it\\\/news\\\/sguardo-sulla-settimana\\\/1056509-id1056509.html#article\",\"isPartOf\":{\"@id\":\"https:\\\/\\\/www.rri.ro\\\/it\\\/news\\\/sguardo-sulla-settimana\\\/1056509-id1056509.html\"},\"author\":{\"name\":\"Sorin Iordan\",\"@id\":\"https:\\\/\\\/www.rri.ro\\\/#\\\/schema\\\/person\\\/4f66d7193567114976ed046851bb8dc3\"},\"headline\":\"La settimana 31\\\/08-05\\\/09.2026\",\"datePublished\":\"2026-09-05T05:00:05+00:00\",\"mainEntityOfPage\":{\"@id\":\"https:\\\/\\\/www.rri.ro\\\/it\\\/news\\\/sguardo-sulla-settimana\\\/1056509-id1056509.html\"},\"wordCount\":1270,\"image\":{\"@id\":\"https:\\\/\\\/www.rri.ro\\\/it\\\/news\\\/sguardo-sulla-settimana\\\/1056509-id1056509.html#primaryimage\"},\"thumbnailUrl\":\"https:\\\/\\\/www.rri.ro\\\/wp-content\\\/uploads\\\/2025\\\/05\\\/eveniment-top-ND-2025-16x9-1.jpg\",\"articleSection\":[\"Sguardo sulla settimana\"],\"inLanguage\":\"it-IT\"},{\"@type\":\"WebPage\",\"@id\":\"https:\\\/\\\/www.rri.ro\\\/it\\\/news\\\/sguardo-sulla-settimana\\\/1056509-id1056509.html\",\"url\":\"https:\\\/\\\/www.rri.ro\\\/it\\\/news\\\/sguardo-sulla-settimana\\\/1056509-id1056509.html\",\"name\":\"La settimana 31\\\/08-05\\\/09.2026 - Radio Romania Internazionale\",\"isPartOf\":{\"@id\":\"https:\\\/\\\/www.rri.ro\\\/#website\"},\"primaryImageOfPage\":{\"@id\":\"https:\\\/\\\/www.rri.ro\\\/it\\\/news\\\/sguardo-sulla-settimana\\\/1056509-id1056509.html#primaryimage\"},\"image\":{\"@id\":\"https:\\\/\\\/www.rri.ro\\\/it\\\/news\\\/sguardo-sulla-settimana\\\/1056509-id1056509.html#primaryimage\"},\"thumbnailUrl\":\"https:\\\/\\\/www.rri.ro\\\/wp-content\\\/uploads\\\/2025\\\/05\\\/eveniment-top-ND-2025-16x9-1.jpg\",\"datePublished\":\"2026-09-05T05:00:05+00:00\",\"author\":{\"@id\":\"https:\\\/\\\/www.rri.ro\\\/#\\\/schema\\\/person\\\/4f66d7193567114976ed046851bb8dc3\"},\"breadcrumb\":{\"@id\":\"https:\\\/\\\/www.rri.ro\\\/it\\\/news\\\/sguardo-sulla-settimana\\\/1056509-id1056509.html#breadcrumb\"},\"inLanguage\":\"it-IT\",\"potentialAction\":[{\"@type\":\"ReadAction\",\"target\":[\"https:\\\/\\\/www.rri.ro\\\/it\\\/news\\\/sguardo-sulla-settimana\\\/1056509-id1056509.html\"]}]},{\"@type\":\"ImageObject\",\"inLanguage\":\"it-IT\",\"@id\":\"https:\\\/\\\/www.rri.ro\\\/it\\\/news\\\/sguardo-sulla-settimana\\\/1056509-id1056509.html#primaryimage\",\"url\":\"https:\\\/\\\/www.rri.ro\\\/wp-content\\\/uploads\\\/2025\\\/05\\\/eveniment-top-ND-2025-16x9-1.jpg\",\"contentUrl\":\"https:\\\/\\\/www.rri.ro\\\/wp-content\\\/uploads\\\/2025\\\/05\\\/eveniment-top-ND-2025-16x9-1.jpg\",\"width\":1280,\"height\":720},{\"@type\":\"BreadcrumbList\",\"@id\":\"https:\\\/\\\/www.rri.ro\\\/it\\\/news\\\/sguardo-sulla-settimana\\\/1056509-id1056509.html#breadcrumb\",\"itemListElement\":[{\"@type\":\"ListItem\",\"position\":1,\"name\":\"Pagina iniziale\",\"item\":\"https:\\\/\\\/www.rri.ro\\\/it\"},{\"@type\":\"ListItem\",\"position\":2,\"name\":\"Actualitate\",\"item\":\"https:\\\/\\\/www.rri.ro\\\/actualitate\"},{\"@type\":\"ListItem\",\"position\":3,\"name\":\"Focus\",\"item\":\"https:\\\/\\\/www.rri.ro\\\/actualitate\\\/focus\"},{\"@type\":\"ListItem\",\"position\":4,\"name\":\"Sguardo sulla settimana\",\"item\":\"https:\\\/\\\/www.rri.ro\\\/it\\\/news\\\/sguardo-sulla-settimana\"},{\"@type\":\"ListItem\",\"position\":5,\"name\":\"La settimana 31\\\/08-05\\\/09.2026\"}]},{\"@type\":\"WebSite\",\"@id\":\"https:\\\/\\\/www.rri.ro\\\/#website\",\"url\":\"https:\\\/\\\/www.rri.ro\\\/\",\"name\":\"Radio Romania Internazionale\",\"description\":\"Totul despre Rom\u00e2nia \u015fi rom\u00e2ni, \u00een 13 limbi\\\/dialecte!\",\"inLanguage\":\"it-IT\"},{\"@type\":\"Person\",\"@id\":\"https:\\\/\\\/www.rri.ro\\\/#\\\/schema\\\/person\\\/4f66d7193567114976ed046851bb8dc3\",\"name\":\"Sorin Iordan\",\"url\":\"https:\\\/\\\/www.rri.ro\\\/it\\\/author\\\/sorin-iordan\"}]}<\/script>\n<!-- \/ Yoast SEO plugin. -->","yoast_head_json":{"title":"La settimana 31\/08-05\/09.2026 - Radio Romania Internazionale","robots":{"index":"index","follow":"follow","max-snippet":"max-snippet:-1","max-image-preview":"max-image-preview:large","max-video-preview":"max-video-preview:-1"},"canonical":"https:\/\/www.rri.ro\/it\/news\/sguardo-sulla-settimana\/1056509-id1056509.html","og_locale":"it_IT","og_type":"article","og_title":"La settimana 31\/08-05\/09.2026 - Radio Romania Internazionale","og_description":"Questa settimana Bucarest ha ospitato la riunione annuale della diplomazia romena, alla quale hanno partecipato i capi delle missioni diplomatiche e degli uffici consolari all&#8217;estero, ambasciatori stranieri e alti funzionari dello stato. Il tema di questa edizione \u00e8 stato &#8220;Diplomazia: un&#8217;ancora in un mondo che cambia&#8221; e l&#8217;agenda dei lavori si \u00e8 concentrata sulla crescita [&hellip;]","og_url":"https:\/\/www.rri.ro\/it\/news\/sguardo-sulla-settimana\/1056509-id1056509.html","og_site_name":"Radio Romania Internazionale","article_published_time":"2026-09-05T05:00:05+00:00","og_image":[{"width":1280,"height":720,"url":"https:\/\/www.rri.ro\/wp-content\/uploads\/2025\/05\/eveniment-top-ND-2025-16x9-1.jpg","type":"image\/jpeg"}],"author":"Sorin Iordan","twitter_card":"summary_large_image","twitter_misc":{"Scritto da":"Sorin Iordan","Tempo di lettura stimato":"6 minuti"},"schema":{"@context":"https:\/\/schema.org","@graph":[{"@type":"Article","@id":"https:\/\/www.rri.ro\/it\/news\/sguardo-sulla-settimana\/1056509-id1056509.html#article","isPartOf":{"@id":"https:\/\/www.rri.ro\/it\/news\/sguardo-sulla-settimana\/1056509-id1056509.html"},"author":{"name":"Sorin Iordan","@id":"https:\/\/www.rri.ro\/#\/schema\/person\/4f66d7193567114976ed046851bb8dc3"},"headline":"La settimana 31\/08-05\/09.2026","datePublished":"2026-09-05T05:00:05+00:00","mainEntityOfPage":{"@id":"https:\/\/www.rri.ro\/it\/news\/sguardo-sulla-settimana\/1056509-id1056509.html"},"wordCount":1270,"image":{"@id":"https:\/\/www.rri.ro\/it\/news\/sguardo-sulla-settimana\/1056509-id1056509.html#primaryimage"},"thumbnailUrl":"https:\/\/www.rri.ro\/wp-content\/uploads\/2025\/05\/eveniment-top-ND-2025-16x9-1.jpg","articleSection":["Sguardo sulla settimana"],"inLanguage":"it-IT"},{"@type":"WebPage","@id":"https:\/\/www.rri.ro\/it\/news\/sguardo-sulla-settimana\/1056509-id1056509.html","url":"https:\/\/www.rri.ro\/it\/news\/sguardo-sulla-settimana\/1056509-id1056509.html","name":"La settimana 31\/08-05\/09.2026 - Radio Romania Internazionale","isPartOf":{"@id":"https:\/\/www.rri.ro\/#website"},"primaryImageOfPage":{"@id":"https:\/\/www.rri.ro\/it\/news\/sguardo-sulla-settimana\/1056509-id1056509.html#primaryimage"},"image":{"@id":"https:\/\/www.rri.ro\/it\/news\/sguardo-sulla-settimana\/1056509-id1056509.html#primaryimage"},"thumbnailUrl":"https:\/\/www.rri.ro\/wp-content\/uploads\/2025\/05\/eveniment-top-ND-2025-16x9-1.jpg","datePublished":"2026-09-05T05:00:05+00:00","author":{"@id":"https:\/\/www.rri.ro\/#\/schema\/person\/4f66d7193567114976ed046851bb8dc3"},"breadcrumb":{"@id":"https:\/\/www.rri.ro\/it\/news\/sguardo-sulla-settimana\/1056509-id1056509.html#breadcrumb"},"inLanguage":"it-IT","potentialAction":[{"@type":"ReadAction","target":["https:\/\/www.rri.ro\/it\/news\/sguardo-sulla-settimana\/1056509-id1056509.html"]}]},{"@type":"ImageObject","inLanguage":"it-IT","@id":"https:\/\/www.rri.ro\/it\/news\/sguardo-sulla-settimana\/1056509-id1056509.html#primaryimage","url":"https:\/\/www.rri.ro\/wp-content\/uploads\/2025\/05\/eveniment-top-ND-2025-16x9-1.jpg","contentUrl":"https:\/\/www.rri.ro\/wp-content\/uploads\/2025\/05\/eveniment-top-ND-2025-16x9-1.jpg","width":1280,"height":720},{"@type":"BreadcrumbList","@id":"https:\/\/www.rri.ro\/it\/news\/sguardo-sulla-settimana\/1056509-id1056509.html#breadcrumb","itemListElement":[{"@type":"ListItem","position":1,"name":"Pagina iniziale","item":"https:\/\/www.rri.ro\/it"},{"@type":"ListItem","position":2,"name":"Actualitate","item":"https:\/\/www.rri.ro\/actualitate"},{"@type":"ListItem","position":3,"name":"Focus","item":"https:\/\/www.rri.ro\/actualitate\/focus"},{"@type":"ListItem","position":4,"name":"Sguardo sulla settimana","item":"https:\/\/www.rri.ro\/it\/news\/sguardo-sulla-settimana"},{"@type":"ListItem","position":5,"name":"La settimana 31\/08-05\/09.2026"}]},{"@type":"WebSite","@id":"https:\/\/www.rri.ro\/#website","url":"https:\/\/www.rri.ro\/","name":"Radio Romania Internazionale","description":"Totul despre Rom\u00e2nia \u015fi rom\u00e2ni, \u00een 13 limbi\/dialecte!","inLanguage":"it-IT"},{"@type":"Person","@id":"https:\/\/www.rri.ro\/#\/schema\/person\/4f66d7193567114976ed046851bb8dc3","name":"Sorin Iordan","url":"https:\/\/www.rri.ro\/it\/author\/sorin-iordan"}]}},"_links":{"self":[{"href":"https:\/\/www.rri.ro\/it\/wp-json\/wp\/v2\/posts\/1056509","targetHints":{"allow":["GET"]}}],"collection":[{"href":"https:\/\/www.rri.ro\/it\/wp-json\/wp\/v2\/posts"}],"about":[{"href":"https:\/\/www.rri.ro\/it\/wp-json\/wp\/v2\/types\/post"}],"author":[{"embeddable":true,"href":"https:\/\/www.rri.ro\/it\/wp-json\/wp\/v2\/users\/118"}],"replies":[{"embeddable":true,"href":"https:\/\/www.rri.ro\/it\/wp-json\/wp\/v2\/comments?post=1056509"}],"version-history":[{"count":2,"href":"https:\/\/www.rri.ro\/it\/wp-json\/wp\/v2\/posts\/1056509\/revisions"}],"predecessor-version":[{"id":1056512,"href":"https:\/\/www.rri.ro\/it\/wp-json\/wp\/v2\/posts\/1056509\/revisions\/1056512"}],"wp:featuredmedia":[{"embeddable":true,"href":"https:\/\/www.rri.ro\/it\/wp-json\/wp\/v2\/media\/892499"}],"wp:attachment":[{"href":"https:\/\/www.rri.ro\/it\/wp-json\/wp\/v2\/media?parent=1056509"}],"wp:term":[{"taxonomy":"category","embeddable":true,"href":"https:\/\/www.rri.ro\/it\/wp-json\/wp\/v2\/categories?post=1056509"},{"taxonomy":"post_tag","embeddable":true,"href":"https:\/\/www.rri.ro\/it\/wp-json\/wp\/v2\/tags?post=1056509"},{"taxonomy":"author","embeddable":true,"href":"https:\/\/www.rri.ro\/it\/wp-json\/wp\/v2\/coauthors?post=1056509"}],"curies":[{"name":"wp","href":"https:\/\/api.w.org\/{rel}","templated":true}]}}