{"id":1056605,"date":"2026-09-04T18:31:18","date_gmt":"2026-09-04T15:31:18","guid":{"rendered":"https:\/\/www.rri.ro\/?p=1056605"},"modified":"2026-09-04T18:42:36","modified_gmt":"2026-09-04T15:42:36","slug":"04-09-2026-aggiornamento","status":"publish","type":"post","link":"https:\/\/www.rri.ro\/it\/news\/topnews\/04-09-2026-aggiornamento-id1056605.html","title":{"rendered":"04.09.2026 (aggiornamento)"},"content":{"rendered":"<p>Romania-Italia \u2013Il presidente romeno Nicu\u0219or Dan si \u00e8 congratulato \u00a0oggi con la premier Giorgia Meloni dopo che il governo da lei guidato \u00e8 diventato l&#8217;esecutivo pi\u00f9 longevo nella storia d&#8217;Italia. Nel contesto il capo dello stato ha sottolineato come la stabilit\u00e0 di un governo garantisca anche la continuit\u00e0 istituzionale. In un messaggio pubblicato sui social, Nicu\u0219or Dan ha inoltre evidenziato gli stretti legami tra i due Paesi, nonch\u00e9 l&#8217;importanza della comunit\u00e0 romena presente in Italia. &#8220;Romania e Italia sono unite da un Partenariato strategico dalle solide fondamenta. Oltre un milione di romeni vive e lavora in Italia, costituendo la pi\u00f9 grande diaspora di questo Paese , mentre le nostre economie sono strettamente interconnesse. L&#8217;Italia \u00e8 il secondo partner commerciale della Romania e la principale fonte di imprese a capitale estero nel nostro Paese. Celebriamo questi legami attraverso l&#8217;Anno culturale Romania-Italia&#8221;, ha dichiarato il capo dello Stato.<\/p>\n<p>Politica \u2013 Il presidente romeno Nicu\u0219or Dan ha annunciato per i prossimi giorni la nomina di un nuovo candidato per la carica di Primo Ministro. Il capo dello Stato ha spiegato che, a causa della vacanza parlamentare, sarebbe stato difficile organizzare una seduta legislativa per il voto di fiducia di un nuovo governo. La Romania non ha \u00a0governo dall\u2019inizio di maggio, dopo l\u2019approvazione da parte del Parlamento di \u00a0una mozione di sfiducia inoltrata contro l\u2019esecutivo guidato dal Primo Ministro liberale Ilie Bolojan, il quale continua a ricoprire l\u2019incarico ad interim.<\/p>\n<p>&nbsp;<\/p>\n<p>Londra \u2013 La Ministra degli Esteri romena ad interim, Oana \u0162oiu, ha incontrato a Londra il suo omologo britannico, Ed Miliband. Secondo un comunicato del Ministero degli Esteri di Bucarest, sul tavolo delle discussioni si sono trovati temi come la diaspora romena nel Regno Unito, la cooperazione economica, la sicurezza o la collaborazione in ambito educativo e culturale. Durante l\u2019incontro, Oana \u0162oiu ha rilevato il contributo forito dagli oltre un milione di cittadini romeni del Regno Unito al rafforzamento delle relazioni bilaterali, ed ha ringraziato per la missione di Air Policing condotta dalla Royal Air Force in Romania nel intervallo marzo luglio del 2026. I due hanno inoltre esaminato lo stato attuale degli scambi commerciali bilaterali nonch\u00e8 \u00a0l\u2019adesione della Romania all\u2019OCSE, viene ancora precisato nel comunicato del Ministero degli Esteri.<\/p>\n<p>&nbsp;<\/p>\n<p>Drone \u2013 Su una spiaggia di Costanza (Romania sud-orientale), sono stati rilevati questa mattina i resti un drone \u00a0privo di carico esplosivo. L\u2019oggetto \u00e8 stato recuperato dalla Guardia Costiera. Simili incidenti si sono verificati diverse volte negli ultimi mesi lungo la costa romena del Mar Nero. In uno dei casi, il frammento recuperato conteneva anche una carica esplosiva. Secondo un comunicato ufficiale, \u201ctra il 24 e il 30 agosto, il Ministero della Difesa Nazionale ha gestito e 11 incidenti registrati nei pressi del confine romeno o all\u2019interno del territorio nazionale, nel contesto degli attacchi lanciati dalla Federazione Russa contro le infrastrutture ucraine\u201d.<\/p>\n<p>&nbsp;<\/p>\n<p>UE \u2013 La Romania auspica un futuro bilancio dell\u2019Unione Europea \u201cambizioso\u201d, con fondi considerevoli destinati alla coesione e all\u2019agricoltura: lo ha dichiarato il presidente Nicu\u0219or Dan durante una conferenza stampa congiunta organizzata assieme al presidente del Consiglio europeo, Antonio Costa. Ieri, il capo dello stato ha ricevuto l\u2019esponente europeo, presente a Bucarest per una visita incentrata sulle le priorit\u00e0 e le preoccupazioni della Romania. \u00a0Il presidente romeno ha inoltre sottolineato che l\u2019argomento principale della discussione \u00e8 stato il bilancio dell\u2019UE per il periodo 2028-2034. I due esponenti hanno inoltre affrontato \u00a0temi come il processo di allargamento dell\u2019Unione Europea, la situazione della sicurezza nonch\u00e8 il \u00a0sostegno fornito dall\u2019UE all\u2019Ucraina.<\/p>\n<p>&nbsp;<\/p>\n<p>Romania-USA \u2013 L&#8217;Ambasciata degli Stati Uniti a Bucarest ha annunciato l&#8217;entrata in vigore ufficiale dell&#8217;accordo bilaterale di sicurezza sociale tra gli Stati Uniti d&#8217;America e la Romania. Firmato inizialmente a Bucarest il 23 marzo 2023, l&#8217;accordo diventa operativo in seguito al completamento di tutte le procedure di ratifica, viene precisato in una nota dell&#8217;Ambasciata. Il comunicato sottolinea che l&#8217;accordo rafforza il partenariato strategico tra Stati Uniti e Romania, eliminando le barriere amministrative, tutelando i diritti relativi alle prestazioni sociali e rimuovendo gli oneri finanziari per i lavoratori transfrontalieri, i pensionati e i datori di lavoro multinazionali. Inoltre, l&#8217;accordo rappresenta un progresso significativo nelle relazioni commerciali bilaterali, offrendo sicurezza economica a lungo termine sia ai cittadini che alle imprese in Romania e negli Stati Uniti, aggiunge il comunicato.<\/p>\n<p>&nbsp;<\/p>\n<p>West Nile\u2013 Tra i mesi di giugno e settembre, in Romania sono stati rilevati complessivamente 58 casi di infezione con virus West Nile. Secondo \u00a0l\u2019Istituto Nazionale di Sanit\u00e0 Pubblica (INSP), tre casi hanno portato al decesso delle persone contagiate, tutti anziani affetti anche da altre patologie. Le autorit\u00e0 raccomandano di evitare l\u2019esposizione alle zanzare e di utilizzare repellenti chimici.<\/p>\n<p>&nbsp;<\/p>\n<p>Film \u2013 Il film Fjord, con la regia di Cristian Mungiu, sara la proposta ufficiale della Romania agli Oscar del prossimo anno nella categoria \u201cMiglior film internazionale\u201d, annuncia il Centro Nazionale della Cinematografia. Le nomination per gli Oscar saranno annunciate dall\u2019Accademia a met\u00e0 dicembre. *Fjord*, che vede tra i protagonisti l\u2019attore di origine romena Sebastian Stan assieme a Renate Reinsve, \u00a0ha gia ottenuto numerosi riconoscimenti, tra cui la prestigiosa Palma d\u2019Oro a Cannes.<\/p>\n","protected":false},"excerpt":{"rendered":"<p>Romania-Italia \u2013Il presidente romeno Nicu\u0219or Dan si \u00e8 congratulato \u00a0oggi con la premier Giorgia Meloni dopo che il governo da lei guidato \u00e8 diventato l&#8217;esecutivo pi\u00f9 longevo nella storia d&#8217;Italia. Nel contesto il capo dello stato ha sottolineato come la stabilit\u00e0 di un governo garantisca anche la continuit\u00e0 istituzionale. In un messaggio pubblicato sui social, [&hellip;]<\/p>\n","protected":false},"author":113,"featured_media":723460,"comment_status":"closed","ping_status":"closed","sticky":false,"template":"","format":"standard","meta":{"_acf_changed":false,"footnotes":""},"categories":[98934],"tags":[],"coauthors":[116091],"class_list":["post-1056605","post","type-post","status-publish","format-standard","has-post-thumbnail","hentry","category-topnews"],"acf":[],"yoast_head":"<!-- This site is optimized with the Yoast SEO plugin v28.2 - https:\/\/yoast.com\/product\/yoast-seo-wordpress\/ -->\n<title>04.09.2026 (aggiornamento) - Radio Romania Internazionale<\/title>\n<meta name=\"robots\" content=\"index, follow, max-snippet:-1, max-image-preview:large, max-video-preview:-1\" \/>\n<link rel=\"canonical\" href=\"https:\/\/www.rri.ro\/it\/news\/topnews\/04-09-2026-aggiornamento-id1056605.html\" \/>\n<meta property=\"og:locale\" content=\"it_IT\" \/>\n<meta property=\"og:type\" content=\"article\" \/>\n<meta property=\"og:title\" content=\"04.09.2026 (aggiornamento) - Radio Romania Internazionale\" \/>\n<meta property=\"og:description\" content=\"Romania-Italia \u2013Il presidente romeno Nicu\u0219or Dan si \u00e8 congratulato \u00a0oggi con la premier Giorgia Meloni dopo che il governo da lei guidato \u00e8 diventato l&#8217;esecutivo pi\u00f9 longevo nella storia d&#8217;Italia. Nel contesto il capo dello stato ha sottolineato come la stabilit\u00e0 di un governo garantisca anche la continuit\u00e0 istituzionale. In un messaggio pubblicato sui social, [&hellip;]\" \/>\n<meta property=\"og:url\" content=\"https:\/\/www.rri.ro\/it\/news\/topnews\/04-09-2026-aggiornamento-id1056605.html\" \/>\n<meta property=\"og:site_name\" content=\"Radio Romania Internazionale\" \/>\n<meta property=\"article:published_time\" content=\"2026-09-04T15:31:18+00:00\" \/>\n<meta property=\"article:modified_time\" content=\"2026-09-04T15:42:36+00:00\" \/>\n<meta property=\"og:image\" content=\"https:\/\/www.rri.ro\/wp-content\/uploads\/2024\/03\/RRI-960x540-Topnews-2-NOU.jpg\" \/>\n\t<meta property=\"og:image:width\" content=\"960\" \/>\n\t<meta property=\"og:image:height\" content=\"540\" \/>\n\t<meta property=\"og:image:type\" content=\"image\/jpeg\" \/>\n<meta name=\"author\" content=\"Newsroom\" \/>\n<meta name=\"twitter:card\" content=\"summary_large_image\" \/>\n<meta name=\"twitter:label1\" content=\"Scritto da\" \/>\n\t<meta name=\"twitter:data1\" content=\"Newsroom\" \/>\n\t<meta name=\"twitter:label2\" content=\"Tempo di lettura stimato\" \/>\n\t<meta name=\"twitter:data2\" content=\"4 minuti\" \/>\n<script type=\"application\/ld+json\" class=\"yoast-schema-graph\">{\"@context\":\"https:\\\/\\\/schema.org\",\"@graph\":[{\"@type\":\"Article\",\"@id\":\"https:\\\/\\\/www.rri.ro\\\/it\\\/news\\\/topnews\\\/04-09-2026-aggiornamento-id1056605.html#article\",\"isPartOf\":{\"@id\":\"https:\\\/\\\/www.rri.ro\\\/it\\\/news\\\/topnews\\\/04-09-2026-aggiornamento-id1056605.html\"},\"author\":{\"name\":\"Newsroom\",\"@id\":\"https:\\\/\\\/www.rri.ro\\\/#\\\/schema\\\/person\\\/4a479940371b9fdefd194f561e8a7f88\"},\"headline\":\"04.09.2026 (aggiornamento)\",\"datePublished\":\"2026-09-04T15:31:18+00:00\",\"dateModified\":\"2026-09-04T15:42:36+00:00\",\"mainEntityOfPage\":{\"@id\":\"https:\\\/\\\/www.rri.ro\\\/it\\\/news\\\/topnews\\\/04-09-2026-aggiornamento-id1056605.html\"},\"wordCount\":862,\"image\":{\"@id\":\"https:\\\/\\\/www.rri.ro\\\/it\\\/news\\\/topnews\\\/04-09-2026-aggiornamento-id1056605.html#primaryimage\"},\"thumbnailUrl\":\"https:\\\/\\\/www.rri.ro\\\/wp-content\\\/uploads\\\/2024\\\/03\\\/RRI-960x540-Topnews-2-NOU.jpg\",\"articleSection\":[\"Topnews\"],\"inLanguage\":\"it-IT\"},{\"@type\":\"WebPage\",\"@id\":\"https:\\\/\\\/www.rri.ro\\\/it\\\/news\\\/topnews\\\/04-09-2026-aggiornamento-id1056605.html\",\"url\":\"https:\\\/\\\/www.rri.ro\\\/it\\\/news\\\/topnews\\\/04-09-2026-aggiornamento-id1056605.html\",\"name\":\"04.09.2026 (aggiornamento) - Radio Romania Internazionale\",\"isPartOf\":{\"@id\":\"https:\\\/\\\/www.rri.ro\\\/#website\"},\"primaryImageOfPage\":{\"@id\":\"https:\\\/\\\/www.rri.ro\\\/it\\\/news\\\/topnews\\\/04-09-2026-aggiornamento-id1056605.html#primaryimage\"},\"image\":{\"@id\":\"https:\\\/\\\/www.rri.ro\\\/it\\\/news\\\/topnews\\\/04-09-2026-aggiornamento-id1056605.html#primaryimage\"},\"thumbnailUrl\":\"https:\\\/\\\/www.rri.ro\\\/wp-content\\\/uploads\\\/2024\\\/03\\\/RRI-960x540-Topnews-2-NOU.jpg\",\"datePublished\":\"2026-09-04T15:31:18+00:00\",\"dateModified\":\"2026-09-04T15:42:36+00:00\",\"author\":{\"@id\":\"https:\\\/\\\/www.rri.ro\\\/#\\\/schema\\\/person\\\/4a479940371b9fdefd194f561e8a7f88\"},\"breadcrumb\":{\"@id\":\"https:\\\/\\\/www.rri.ro\\\/it\\\/news\\\/topnews\\\/04-09-2026-aggiornamento-id1056605.html#breadcrumb\"},\"inLanguage\":\"it-IT\",\"potentialAction\":[{\"@type\":\"ReadAction\",\"target\":[\"https:\\\/\\\/www.rri.ro\\\/it\\\/news\\\/topnews\\\/04-09-2026-aggiornamento-id1056605.html\"]}]},{\"@type\":\"ImageObject\",\"inLanguage\":\"it-IT\",\"@id\":\"https:\\\/\\\/www.rri.ro\\\/it\\\/news\\\/topnews\\\/04-09-2026-aggiornamento-id1056605.html#primaryimage\",\"url\":\"https:\\\/\\\/www.rri.ro\\\/wp-content\\\/uploads\\\/2024\\\/03\\\/RRI-960x540-Topnews-2-NOU.jpg\",\"contentUrl\":\"https:\\\/\\\/www.rri.ro\\\/wp-content\\\/uploads\\\/2024\\\/03\\\/RRI-960x540-Topnews-2-NOU.jpg\",\"width\":960,\"height\":540},{\"@type\":\"BreadcrumbList\",\"@id\":\"https:\\\/\\\/www.rri.ro\\\/it\\\/news\\\/topnews\\\/04-09-2026-aggiornamento-id1056605.html#breadcrumb\",\"itemListElement\":[{\"@type\":\"ListItem\",\"position\":1,\"name\":\"Pagina iniziale\",\"item\":\"https:\\\/\\\/www.rri.ro\\\/it\"},{\"@type\":\"ListItem\",\"position\":2,\"name\":\"News\",\"item\":\"https:\\\/\\\/www.rri.ro\\\/it\\\/news\"},{\"@type\":\"ListItem\",\"position\":3,\"name\":\"Topnews\",\"item\":\"https:\\\/\\\/www.rri.ro\\\/it\\\/news\\\/topnews\"},{\"@type\":\"ListItem\",\"position\":4,\"name\":\"04.09.2026 (aggiornamento)\"}]},{\"@type\":\"WebSite\",\"@id\":\"https:\\\/\\\/www.rri.ro\\\/#website\",\"url\":\"https:\\\/\\\/www.rri.ro\\\/\",\"name\":\"Radio Romania Internazionale\",\"description\":\"Totul despre Rom\u00e2nia \u015fi rom\u00e2ni, \u00een 13 limbi\\\/dialecte!\",\"inLanguage\":\"it-IT\"},{\"@type\":\"Person\",\"@id\":\"https:\\\/\\\/www.rri.ro\\\/#\\\/schema\\\/person\\\/4a479940371b9fdefd194f561e8a7f88\",\"name\":\"Newsroom\",\"url\":\"https:\\\/\\\/www.rri.ro\\\/it\\\/author\\\/newsroom\"}]}<\/script>\n<!-- \/ Yoast SEO plugin. -->","yoast_head_json":{"title":"04.09.2026 (aggiornamento) - Radio Romania Internazionale","robots":{"index":"index","follow":"follow","max-snippet":"max-snippet:-1","max-image-preview":"max-image-preview:large","max-video-preview":"max-video-preview:-1"},"canonical":"https:\/\/www.rri.ro\/it\/news\/topnews\/04-09-2026-aggiornamento-id1056605.html","og_locale":"it_IT","og_type":"article","og_title":"04.09.2026 (aggiornamento) - Radio Romania Internazionale","og_description":"Romania-Italia \u2013Il presidente romeno Nicu\u0219or Dan si \u00e8 congratulato \u00a0oggi con la premier Giorgia Meloni dopo che il governo da lei guidato \u00e8 diventato l&#8217;esecutivo pi\u00f9 longevo nella storia d&#8217;Italia. Nel contesto il capo dello stato ha sottolineato come la stabilit\u00e0 di un governo garantisca anche la continuit\u00e0 istituzionale. In un messaggio pubblicato sui social, [&hellip;]","og_url":"https:\/\/www.rri.ro\/it\/news\/topnews\/04-09-2026-aggiornamento-id1056605.html","og_site_name":"Radio Romania Internazionale","article_published_time":"2026-09-04T15:31:18+00:00","article_modified_time":"2026-09-04T15:42:36+00:00","og_image":[{"width":960,"height":540,"url":"https:\/\/www.rri.ro\/wp-content\/uploads\/2024\/03\/RRI-960x540-Topnews-2-NOU.jpg","type":"image\/jpeg"}],"author":"Newsroom","twitter_card":"summary_large_image","twitter_misc":{"Scritto da":"Newsroom","Tempo di lettura stimato":"4 minuti"},"schema":{"@context":"https:\/\/schema.org","@graph":[{"@type":"Article","@id":"https:\/\/www.rri.ro\/it\/news\/topnews\/04-09-2026-aggiornamento-id1056605.html#article","isPartOf":{"@id":"https:\/\/www.rri.ro\/it\/news\/topnews\/04-09-2026-aggiornamento-id1056605.html"},"author":{"name":"Newsroom","@id":"https:\/\/www.rri.ro\/#\/schema\/person\/4a479940371b9fdefd194f561e8a7f88"},"headline":"04.09.2026 (aggiornamento)","datePublished":"2026-09-04T15:31:18+00:00","dateModified":"2026-09-04T15:42:36+00:00","mainEntityOfPage":{"@id":"https:\/\/www.rri.ro\/it\/news\/topnews\/04-09-2026-aggiornamento-id1056605.html"},"wordCount":862,"image":{"@id":"https:\/\/www.rri.ro\/it\/news\/topnews\/04-09-2026-aggiornamento-id1056605.html#primaryimage"},"thumbnailUrl":"https:\/\/www.rri.ro\/wp-content\/uploads\/2024\/03\/RRI-960x540-Topnews-2-NOU.jpg","articleSection":["Topnews"],"inLanguage":"it-IT"},{"@type":"WebPage","@id":"https:\/\/www.rri.ro\/it\/news\/topnews\/04-09-2026-aggiornamento-id1056605.html","url":"https:\/\/www.rri.ro\/it\/news\/topnews\/04-09-2026-aggiornamento-id1056605.html","name":"04.09.2026 (aggiornamento) - Radio Romania Internazionale","isPartOf":{"@id":"https:\/\/www.rri.ro\/#website"},"primaryImageOfPage":{"@id":"https:\/\/www.rri.ro\/it\/news\/topnews\/04-09-2026-aggiornamento-id1056605.html#primaryimage"},"image":{"@id":"https:\/\/www.rri.ro\/it\/news\/topnews\/04-09-2026-aggiornamento-id1056605.html#primaryimage"},"thumbnailUrl":"https:\/\/www.rri.ro\/wp-content\/uploads\/2024\/03\/RRI-960x540-Topnews-2-NOU.jpg","datePublished":"2026-09-04T15:31:18+00:00","dateModified":"2026-09-04T15:42:36+00:00","author":{"@id":"https:\/\/www.rri.ro\/#\/schema\/person\/4a479940371b9fdefd194f561e8a7f88"},"breadcrumb":{"@id":"https:\/\/www.rri.ro\/it\/news\/topnews\/04-09-2026-aggiornamento-id1056605.html#breadcrumb"},"inLanguage":"it-IT","potentialAction":[{"@type":"ReadAction","target":["https:\/\/www.rri.ro\/it\/news\/topnews\/04-09-2026-aggiornamento-id1056605.html"]}]},{"@type":"ImageObject","inLanguage":"it-IT","@id":"https:\/\/www.rri.ro\/it\/news\/topnews\/04-09-2026-aggiornamento-id1056605.html#primaryimage","url":"https:\/\/www.rri.ro\/wp-content\/uploads\/2024\/03\/RRI-960x540-Topnews-2-NOU.jpg","contentUrl":"https:\/\/www.rri.ro\/wp-content\/uploads\/2024\/03\/RRI-960x540-Topnews-2-NOU.jpg","width":960,"height":540},{"@type":"BreadcrumbList","@id":"https:\/\/www.rri.ro\/it\/news\/topnews\/04-09-2026-aggiornamento-id1056605.html#breadcrumb","itemListElement":[{"@type":"ListItem","position":1,"name":"Pagina iniziale","item":"https:\/\/www.rri.ro\/it"},{"@type":"ListItem","position":2,"name":"News","item":"https:\/\/www.rri.ro\/it\/news"},{"@type":"ListItem","position":3,"name":"Topnews","item":"https:\/\/www.rri.ro\/it\/news\/topnews"},{"@type":"ListItem","position":4,"name":"04.09.2026 (aggiornamento)"}]},{"@type":"WebSite","@id":"https:\/\/www.rri.ro\/#website","url":"https:\/\/www.rri.ro\/","name":"Radio Romania Internazionale","description":"Totul despre Rom\u00e2nia \u015fi rom\u00e2ni, \u00een 13 limbi\/dialecte!","inLanguage":"it-IT"},{"@type":"Person","@id":"https:\/\/www.rri.ro\/#\/schema\/person\/4a479940371b9fdefd194f561e8a7f88","name":"Newsroom","url":"https:\/\/www.rri.ro\/it\/author\/newsroom"}]}},"_links":{"self":[{"href":"https:\/\/www.rri.ro\/it\/wp-json\/wp\/v2\/posts\/1056605","targetHints":{"allow":["GET"]}}],"collection":[{"href":"https:\/\/www.rri.ro\/it\/wp-json\/wp\/v2\/posts"}],"about":[{"href":"https:\/\/www.rri.ro\/it\/wp-json\/wp\/v2\/types\/post"}],"author":[{"embeddable":true,"href":"https:\/\/www.rri.ro\/it\/wp-json\/wp\/v2\/users\/113"}],"replies":[{"embeddable":true,"href":"https:\/\/www.rri.ro\/it\/wp-json\/wp\/v2\/comments?post=1056605"}],"version-history":[{"count":2,"href":"https:\/\/www.rri.ro\/it\/wp-json\/wp\/v2\/posts\/1056605\/revisions"}],"predecessor-version":[{"id":1056609,"href":"https:\/\/www.rri.ro\/it\/wp-json\/wp\/v2\/posts\/1056605\/revisions\/1056609"}],"wp:featuredmedia":[{"embeddable":true,"href":"https:\/\/www.rri.ro\/it\/wp-json\/wp\/v2\/media\/723460"}],"wp:attachment":[{"href":"https:\/\/www.rri.ro\/it\/wp-json\/wp\/v2\/media?parent=1056605"}],"wp:term":[{"taxonomy":"category","embeddable":true,"href":"https:\/\/www.rri.ro\/it\/wp-json\/wp\/v2\/categories?post=1056605"},{"taxonomy":"post_tag","embeddable":true,"href":"https:\/\/www.rri.ro\/it\/wp-json\/wp\/v2\/tags?post=1056605"},{"taxonomy":"author","embeddable":true,"href":"https:\/\/www.rri.ro\/it\/wp-json\/wp\/v2\/coauthors?post=1056605"}],"curies":[{"name":"wp","href":"https:\/\/api.w.org\/{rel}","templated":true}]}}