{"id":1056734,"date":"2026-09-05T16:42:40","date_gmt":"2026-09-05T13:42:40","guid":{"rendered":"https:\/\/www.rri.ro\/?p=1056734"},"modified":"2026-09-05T16:42:40","modified_gmt":"2026-09-05T13:42:40","slug":"05-09-2026","status":"publish","type":"post","link":"https:\/\/www.rri.ro\/it\/news\/topnews\/05-09-2026-id1056734.html","title":{"rendered":"05.09.2026"},"content":{"rendered":"<p>Scuola \u2013 Il nuovo anno scolastico, al via lunedi in Romania, arriva con una serie di novit\u00e0 e cambiamenti. Per quanto riguarda l&#8217;istruzione primaria e secondaria di primo grado, vengono introdotti standard di valutazione, gli insegnanti essendo incoraggiati ad applicarli per garantire criteri nazionali comuni che classifichino il rendimento in tre livelli: base, consolidato e avanzato. I nuovi standard non sostituiscono i voti, ma intendono a uniformare i criteri alla base della valutazione. Riguardo alle ammissioni nelle scuole superiori, la prossima settimana il Parlamento dovrebbe votare un provvedimento in base al quale alcuni istituzioni scolastiche avrebbero avuto la possibilit\u00e0 di organizzare esami di ammissione supplementari. La misura \u00e8 stata bocciata all&#8217;unanimit\u00e0 dalla Commissione Istruzione del Senato. In Romania, quasi 2,9 di alunni iniziano lunedi il nuovo anno \u00a0scolastico.<\/p>\n<p>&nbsp;<\/p>\n<p>Droni \u2013 Una squadra delle Forze Navali romene ha neutralizzato ieri sera un frammento di drone aereo carico di esplosivo, che galleggiava sul Mar Nero a circa 5 miglia nautiche dalle foci del Danubio. Un&#8217;operazione simile si era svolta anche gioved\u00ec pomeriggio, quando \u00e8 stato neutralizzato un frammento di drone aereo, anch&#8217;esso contenente esplosivo. Entrambi i casi erano stati segnalati dalle navi commerciali. Sempre ieri, su una spiaggia della citt\u00e0 portuale di Costanza \u00e8 stata rinvenuta l&#8217;ala di un drone militare, trascinata a riva dalle correnti. Le autorit\u00e0 hanno esaminato l&#8217;oggetto, accertando che non trasportava alcun carico esplosivo. Questo tipo di velivoli sono impiegati nel conflitto in Ucraina e finiscono frequentemente nel territorio romeno; di recente, l&#8217;Aeronautica Militare romena ha abbattuto tre droni che avevano violato lo spazio aereo nazionale.<\/p>\n<p>&nbsp;<\/p>\n<p>Crisi Politica \u00a0\u2013 Questa settimana \u00e8 attesa la nomina, da parte del Presidente romeno Nicu\u0219or Dan, di un nuovo candidato alla carica di Primo Ministro. Tuttavia, i tentativi di formare un nuovo governo non sembrano aver superato lo stallo degli ultimi mesi. Il 5 maggio, l&#8217;esecutivo guidato dal liberale Ilie Bolojan \u00e8 stato sfiduciato in seguito a una sfiducia inoltrata dagli ex partner di coalizione, i socialdemocratici, in alleanza con le formazioni partiti di opposizione. &#8220;\u00c8 giunto il momento di risolvere questo problema&#8221;, ha dichiarato di recente Dan, senza annunciare per ora un nuovo round di consultazioni ufficiali. D\u2019altra parte, il presidente del PSD, Sorin Grindeanu, candiato della formazione alla carica di premier, \u00a0ha affermato che i socialdemocratici sono pronti a costruire una maggioranza e che, tuttavia, \u00a0l&#8217;attenzione dovrebbe concentrarsi sulla situazione economica e sociale della Romania, piuttosto che sui calcoli relativi al sostegno parlamentare. Dal canto suo, l&#8217;eurodeputato liberale Siegfried Mure\u0219an, \u00a0proposto come Primo Ministro da parte di PNL, USR e UDMR, \u00a0ha affermato che l&#8217;economia romena ottiene risultati migliori senza il PSD al governo, notando che il loro coinvolgimento comporterebbe un aumento del deficit, lo spreco di fondi pubblici e nuovi dubbi sulla credibilit\u00e0 internazionale del Paese. Sul fronte dell&#8217;opposizione, l&#8217;AUR ritiene che le elezioni anticipate siano la soluzione giusta all&#8217;attuale stallo politico, accusando il governo ad interim di aver attuato politiche fiscali che hanno compromesso il potere d&#8217;acquisto dei romeni nonch\u00e8 l\u2019ambiente imprenditoriale interno. Per conferire la fiducia a un governo, a Bucarest, sono necessari 233 voti favorevoli.<\/p>\n<p>&nbsp;<\/p>\n<p>Elettricit\u00e0 \u2013 La Romania pu\u00f2 diminuire rapidamente il divario con la Bulgaria in termini di capacit\u00e0 di stoccaggio dell&#8217;energia elettrica. Secondo George Niculescu, capo dell&#8217;Autorit\u00e0 Nazionale per la Regolamentazione dell&#8217;Energia (ANRE), i progetti di stoccaggio hanno dominato le autorizzazioni approvate, rappresentando oltre l&#8217;80% del totale, un segnale chiaro relativo alla direzione verso cui si sta muovendo il sistema energetico romeno. Ieri, il Comitato di regolamentazione dell&#8217;ANRE ha approvato autorizzazioni all&#8217;installazione e licenze di sfruttamento per una capacit\u00e0 elettrica complessiva superiore a 1 GW. La Romania sta attraversando una crisi energetica dopo che entrambi i reattori della centrale nucleare di Cernavod\u0103, che insieme ricoprono il 20% del consumo nazionale, sono stati spenti a causa della portata ridotta del Danubio.<\/p>\n<p>&nbsp;<\/p>\n<p>Tennis \u2013 Negli ottavi di finale degli US Open, la tennista romena Sorana C\u00eerstea (n. 17 WTA) affronter\u00e0 l&#8217;americana Jessica Pegula (n. 3 WTA). Ieri, la C\u00eerstea, favorita nr 16, ha sconfitto l&#8217;italiana Jasmine Paolini in due set, 6-3, 6-3. Dal canto suo, Pegula ha sconfitto la canadese Leylah Fernandez in tre set, 1-6, 6-4, 6-3. In caso di vittoria agli US Open, la tennista americana potrebbe salire alla prima posizione del ranking mondiale. L&#8217;incontro tra Sorana C\u00eerstea e Jessica Pegula \u00e8 in programma domani.<\/p>\n<p>&nbsp;<\/p>\n<p>&nbsp;<\/p>\n<p>&nbsp;<\/p>\n<p>&nbsp;<\/p>\n","protected":false},"excerpt":{"rendered":"<p>Scuola \u2013 Il nuovo anno scolastico, al via lunedi in Romania, arriva con una serie di novit\u00e0 e cambiamenti. Per quanto riguarda l&#8217;istruzione primaria e secondaria di primo grado, vengono introdotti standard di valutazione, gli insegnanti essendo incoraggiati ad applicarli per garantire criteri nazionali comuni che classifichino il rendimento in tre livelli: base, consolidato e [&hellip;]<\/p>\n","protected":false},"author":113,"featured_media":723460,"comment_status":"closed","ping_status":"closed","sticky":false,"template":"","format":"standard","meta":{"_acf_changed":false,"footnotes":""},"categories":[98934],"tags":[],"coauthors":[116091],"class_list":["post-1056734","post","type-post","status-publish","format-standard","has-post-thumbnail","hentry","category-topnews"],"acf":[],"yoast_head":"<!-- This site is optimized with the Yoast SEO plugin v28.2 - https:\/\/yoast.com\/product\/yoast-seo-wordpress\/ -->\n<title>05.09.2026 - Radio Romania Internazionale<\/title>\n<meta name=\"robots\" content=\"index, follow, max-snippet:-1, max-image-preview:large, max-video-preview:-1\" \/>\n<link rel=\"canonical\" href=\"https:\/\/www.rri.ro\/it\/news\/topnews\/05-09-2026-id1056734.html\" \/>\n<meta property=\"og:locale\" content=\"it_IT\" \/>\n<meta property=\"og:type\" content=\"article\" \/>\n<meta property=\"og:title\" content=\"05.09.2026 - Radio Romania Internazionale\" \/>\n<meta property=\"og:description\" content=\"Scuola \u2013 Il nuovo anno scolastico, al via lunedi in Romania, arriva con una serie di novit\u00e0 e cambiamenti. Per quanto riguarda l&#8217;istruzione primaria e secondaria di primo grado, vengono introdotti standard di valutazione, gli insegnanti essendo incoraggiati ad applicarli per garantire criteri nazionali comuni che classifichino il rendimento in tre livelli: base, consolidato e [&hellip;]\" \/>\n<meta property=\"og:url\" content=\"https:\/\/www.rri.ro\/it\/news\/topnews\/05-09-2026-id1056734.html\" \/>\n<meta property=\"og:site_name\" content=\"Radio Romania Internazionale\" \/>\n<meta property=\"article:published_time\" content=\"2026-09-05T13:42:40+00:00\" \/>\n<meta property=\"og:image\" content=\"https:\/\/www.rri.ro\/wp-content\/uploads\/2024\/03\/RRI-960x540-Topnews-2-NOU.jpg\" \/>\n\t<meta property=\"og:image:width\" content=\"960\" \/>\n\t<meta property=\"og:image:height\" content=\"540\" \/>\n\t<meta property=\"og:image:type\" content=\"image\/jpeg\" \/>\n<meta name=\"author\" content=\"Newsroom\" \/>\n<meta name=\"twitter:card\" content=\"summary_large_image\" \/>\n<meta name=\"twitter:label1\" content=\"Scritto da\" \/>\n\t<meta name=\"twitter:data1\" content=\"Newsroom\" \/>\n\t<meta name=\"twitter:label2\" content=\"Tempo di lettura stimato\" \/>\n\t<meta name=\"twitter:data2\" content=\"4 minuti\" \/>\n<script type=\"application\/ld+json\" class=\"yoast-schema-graph\">{\"@context\":\"https:\\\/\\\/schema.org\",\"@graph\":[{\"@type\":\"Article\",\"@id\":\"https:\\\/\\\/www.rri.ro\\\/it\\\/news\\\/topnews\\\/05-09-2026-id1056734.html#article\",\"isPartOf\":{\"@id\":\"https:\\\/\\\/www.rri.ro\\\/it\\\/news\\\/topnews\\\/05-09-2026-id1056734.html\"},\"author\":{\"name\":\"Newsroom\",\"@id\":\"https:\\\/\\\/www.rri.ro\\\/#\\\/schema\\\/person\\\/4a479940371b9fdefd194f561e8a7f88\"},\"headline\":\"05.09.2026\",\"datePublished\":\"2026-09-05T13:42:40+00:00\",\"mainEntityOfPage\":{\"@id\":\"https:\\\/\\\/www.rri.ro\\\/it\\\/news\\\/topnews\\\/05-09-2026-id1056734.html\"},\"wordCount\":729,\"image\":{\"@id\":\"https:\\\/\\\/www.rri.ro\\\/it\\\/news\\\/topnews\\\/05-09-2026-id1056734.html#primaryimage\"},\"thumbnailUrl\":\"https:\\\/\\\/www.rri.ro\\\/wp-content\\\/uploads\\\/2024\\\/03\\\/RRI-960x540-Topnews-2-NOU.jpg\",\"articleSection\":[\"Topnews\"],\"inLanguage\":\"it-IT\"},{\"@type\":\"WebPage\",\"@id\":\"https:\\\/\\\/www.rri.ro\\\/it\\\/news\\\/topnews\\\/05-09-2026-id1056734.html\",\"url\":\"https:\\\/\\\/www.rri.ro\\\/it\\\/news\\\/topnews\\\/05-09-2026-id1056734.html\",\"name\":\"05.09.2026 - Radio Romania Internazionale\",\"isPartOf\":{\"@id\":\"https:\\\/\\\/www.rri.ro\\\/#website\"},\"primaryImageOfPage\":{\"@id\":\"https:\\\/\\\/www.rri.ro\\\/it\\\/news\\\/topnews\\\/05-09-2026-id1056734.html#primaryimage\"},\"image\":{\"@id\":\"https:\\\/\\\/www.rri.ro\\\/it\\\/news\\\/topnews\\\/05-09-2026-id1056734.html#primaryimage\"},\"thumbnailUrl\":\"https:\\\/\\\/www.rri.ro\\\/wp-content\\\/uploads\\\/2024\\\/03\\\/RRI-960x540-Topnews-2-NOU.jpg\",\"datePublished\":\"2026-09-05T13:42:40+00:00\",\"author\":{\"@id\":\"https:\\\/\\\/www.rri.ro\\\/#\\\/schema\\\/person\\\/4a479940371b9fdefd194f561e8a7f88\"},\"breadcrumb\":{\"@id\":\"https:\\\/\\\/www.rri.ro\\\/it\\\/news\\\/topnews\\\/05-09-2026-id1056734.html#breadcrumb\"},\"inLanguage\":\"it-IT\",\"potentialAction\":[{\"@type\":\"ReadAction\",\"target\":[\"https:\\\/\\\/www.rri.ro\\\/it\\\/news\\\/topnews\\\/05-09-2026-id1056734.html\"]}]},{\"@type\":\"ImageObject\",\"inLanguage\":\"it-IT\",\"@id\":\"https:\\\/\\\/www.rri.ro\\\/it\\\/news\\\/topnews\\\/05-09-2026-id1056734.html#primaryimage\",\"url\":\"https:\\\/\\\/www.rri.ro\\\/wp-content\\\/uploads\\\/2024\\\/03\\\/RRI-960x540-Topnews-2-NOU.jpg\",\"contentUrl\":\"https:\\\/\\\/www.rri.ro\\\/wp-content\\\/uploads\\\/2024\\\/03\\\/RRI-960x540-Topnews-2-NOU.jpg\",\"width\":960,\"height\":540},{\"@type\":\"BreadcrumbList\",\"@id\":\"https:\\\/\\\/www.rri.ro\\\/it\\\/news\\\/topnews\\\/05-09-2026-id1056734.html#breadcrumb\",\"itemListElement\":[{\"@type\":\"ListItem\",\"position\":1,\"name\":\"Pagina iniziale\",\"item\":\"https:\\\/\\\/www.rri.ro\\\/it\"},{\"@type\":\"ListItem\",\"position\":2,\"name\":\"News\",\"item\":\"https:\\\/\\\/www.rri.ro\\\/it\\\/news\"},{\"@type\":\"ListItem\",\"position\":3,\"name\":\"Topnews\",\"item\":\"https:\\\/\\\/www.rri.ro\\\/it\\\/news\\\/topnews\"},{\"@type\":\"ListItem\",\"position\":4,\"name\":\"05.09.2026\"}]},{\"@type\":\"WebSite\",\"@id\":\"https:\\\/\\\/www.rri.ro\\\/#website\",\"url\":\"https:\\\/\\\/www.rri.ro\\\/\",\"name\":\"Radio Romania Internazionale\",\"description\":\"Totul despre Rom\u00e2nia \u015fi rom\u00e2ni, \u00een 13 limbi\\\/dialecte!\",\"inLanguage\":\"it-IT\"},{\"@type\":\"Person\",\"@id\":\"https:\\\/\\\/www.rri.ro\\\/#\\\/schema\\\/person\\\/4a479940371b9fdefd194f561e8a7f88\",\"name\":\"Newsroom\",\"url\":\"https:\\\/\\\/www.rri.ro\\\/it\\\/author\\\/newsroom\"}]}<\/script>\n<!-- \/ Yoast SEO plugin. -->","yoast_head_json":{"title":"05.09.2026 - Radio Romania Internazionale","robots":{"index":"index","follow":"follow","max-snippet":"max-snippet:-1","max-image-preview":"max-image-preview:large","max-video-preview":"max-video-preview:-1"},"canonical":"https:\/\/www.rri.ro\/it\/news\/topnews\/05-09-2026-id1056734.html","og_locale":"it_IT","og_type":"article","og_title":"05.09.2026 - Radio Romania Internazionale","og_description":"Scuola \u2013 Il nuovo anno scolastico, al via lunedi in Romania, arriva con una serie di novit\u00e0 e cambiamenti. Per quanto riguarda l&#8217;istruzione primaria e secondaria di primo grado, vengono introdotti standard di valutazione, gli insegnanti essendo incoraggiati ad applicarli per garantire criteri nazionali comuni che classifichino il rendimento in tre livelli: base, consolidato e [&hellip;]","og_url":"https:\/\/www.rri.ro\/it\/news\/topnews\/05-09-2026-id1056734.html","og_site_name":"Radio Romania Internazionale","article_published_time":"2026-09-05T13:42:40+00:00","og_image":[{"width":960,"height":540,"url":"https:\/\/www.rri.ro\/wp-content\/uploads\/2024\/03\/RRI-960x540-Topnews-2-NOU.jpg","type":"image\/jpeg"}],"author":"Newsroom","twitter_card":"summary_large_image","twitter_misc":{"Scritto da":"Newsroom","Tempo di lettura stimato":"4 minuti"},"schema":{"@context":"https:\/\/schema.org","@graph":[{"@type":"Article","@id":"https:\/\/www.rri.ro\/it\/news\/topnews\/05-09-2026-id1056734.html#article","isPartOf":{"@id":"https:\/\/www.rri.ro\/it\/news\/topnews\/05-09-2026-id1056734.html"},"author":{"name":"Newsroom","@id":"https:\/\/www.rri.ro\/#\/schema\/person\/4a479940371b9fdefd194f561e8a7f88"},"headline":"05.09.2026","datePublished":"2026-09-05T13:42:40+00:00","mainEntityOfPage":{"@id":"https:\/\/www.rri.ro\/it\/news\/topnews\/05-09-2026-id1056734.html"},"wordCount":729,"image":{"@id":"https:\/\/www.rri.ro\/it\/news\/topnews\/05-09-2026-id1056734.html#primaryimage"},"thumbnailUrl":"https:\/\/www.rri.ro\/wp-content\/uploads\/2024\/03\/RRI-960x540-Topnews-2-NOU.jpg","articleSection":["Topnews"],"inLanguage":"it-IT"},{"@type":"WebPage","@id":"https:\/\/www.rri.ro\/it\/news\/topnews\/05-09-2026-id1056734.html","url":"https:\/\/www.rri.ro\/it\/news\/topnews\/05-09-2026-id1056734.html","name":"05.09.2026 - Radio Romania Internazionale","isPartOf":{"@id":"https:\/\/www.rri.ro\/#website"},"primaryImageOfPage":{"@id":"https:\/\/www.rri.ro\/it\/news\/topnews\/05-09-2026-id1056734.html#primaryimage"},"image":{"@id":"https:\/\/www.rri.ro\/it\/news\/topnews\/05-09-2026-id1056734.html#primaryimage"},"thumbnailUrl":"https:\/\/www.rri.ro\/wp-content\/uploads\/2024\/03\/RRI-960x540-Topnews-2-NOU.jpg","datePublished":"2026-09-05T13:42:40+00:00","author":{"@id":"https:\/\/www.rri.ro\/#\/schema\/person\/4a479940371b9fdefd194f561e8a7f88"},"breadcrumb":{"@id":"https:\/\/www.rri.ro\/it\/news\/topnews\/05-09-2026-id1056734.html#breadcrumb"},"inLanguage":"it-IT","potentialAction":[{"@type":"ReadAction","target":["https:\/\/www.rri.ro\/it\/news\/topnews\/05-09-2026-id1056734.html"]}]},{"@type":"ImageObject","inLanguage":"it-IT","@id":"https:\/\/www.rri.ro\/it\/news\/topnews\/05-09-2026-id1056734.html#primaryimage","url":"https:\/\/www.rri.ro\/wp-content\/uploads\/2024\/03\/RRI-960x540-Topnews-2-NOU.jpg","contentUrl":"https:\/\/www.rri.ro\/wp-content\/uploads\/2024\/03\/RRI-960x540-Topnews-2-NOU.jpg","width":960,"height":540},{"@type":"BreadcrumbList","@id":"https:\/\/www.rri.ro\/it\/news\/topnews\/05-09-2026-id1056734.html#breadcrumb","itemListElement":[{"@type":"ListItem","position":1,"name":"Pagina iniziale","item":"https:\/\/www.rri.ro\/it"},{"@type":"ListItem","position":2,"name":"News","item":"https:\/\/www.rri.ro\/it\/news"},{"@type":"ListItem","position":3,"name":"Topnews","item":"https:\/\/www.rri.ro\/it\/news\/topnews"},{"@type":"ListItem","position":4,"name":"05.09.2026"}]},{"@type":"WebSite","@id":"https:\/\/www.rri.ro\/#website","url":"https:\/\/www.rri.ro\/","name":"Radio Romania Internazionale","description":"Totul despre Rom\u00e2nia \u015fi rom\u00e2ni, \u00een 13 limbi\/dialecte!","inLanguage":"it-IT"},{"@type":"Person","@id":"https:\/\/www.rri.ro\/#\/schema\/person\/4a479940371b9fdefd194f561e8a7f88","name":"Newsroom","url":"https:\/\/www.rri.ro\/it\/author\/newsroom"}]}},"_links":{"self":[{"href":"https:\/\/www.rri.ro\/it\/wp-json\/wp\/v2\/posts\/1056734","targetHints":{"allow":["GET"]}}],"collection":[{"href":"https:\/\/www.rri.ro\/it\/wp-json\/wp\/v2\/posts"}],"about":[{"href":"https:\/\/www.rri.ro\/it\/wp-json\/wp\/v2\/types\/post"}],"author":[{"embeddable":true,"href":"https:\/\/www.rri.ro\/it\/wp-json\/wp\/v2\/users\/113"}],"replies":[{"embeddable":true,"href":"https:\/\/www.rri.ro\/it\/wp-json\/wp\/v2\/comments?post=1056734"}],"version-history":[{"count":1,"href":"https:\/\/www.rri.ro\/it\/wp-json\/wp\/v2\/posts\/1056734\/revisions"}],"predecessor-version":[{"id":1056735,"href":"https:\/\/www.rri.ro\/it\/wp-json\/wp\/v2\/posts\/1056734\/revisions\/1056735"}],"wp:featuredmedia":[{"embeddable":true,"href":"https:\/\/www.rri.ro\/it\/wp-json\/wp\/v2\/media\/723460"}],"wp:attachment":[{"href":"https:\/\/www.rri.ro\/it\/wp-json\/wp\/v2\/media?parent=1056734"}],"wp:term":[{"taxonomy":"category","embeddable":true,"href":"https:\/\/www.rri.ro\/it\/wp-json\/wp\/v2\/categories?post=1056734"},{"taxonomy":"post_tag","embeddable":true,"href":"https:\/\/www.rri.ro\/it\/wp-json\/wp\/v2\/tags?post=1056734"},{"taxonomy":"author","embeddable":true,"href":"https:\/\/www.rri.ro\/it\/wp-json\/wp\/v2\/coauthors?post=1056734"}],"curies":[{"name":"wp","href":"https:\/\/api.w.org\/{rel}","templated":true}]}}