{"id":1056836,"date":"2026-09-06T18:20:13","date_gmt":"2026-09-06T15:20:13","guid":{"rendered":"https:\/\/www.rri.ro\/?p=1056836"},"modified":"2026-09-06T19:02:41","modified_gmt":"2026-09-06T16:02:41","slug":"06-09-2026-aggiornamento","status":"publish","type":"post","link":"https:\/\/www.rri.ro\/it\/news\/topnews\/06-09-2026-aggiornamento-id1056836.html","title":{"rendered":"06.09.2026 (aggiornamento)"},"content":{"rendered":"<p>Consiglio Supremo Difesa \u2013 Il presidente Nicu\u0219or Dan ha convocato per domani una nuova seduta del Consiglio Supremo di Difesa del Paese (CSAT). Secondo l\u2019Amministrazione Presidenziale, sul tavolo della riunione figurano temi come il Piano di dotazione dell\u2019Esercito della Romania per il periodo 2027\u20132036, il programma \u201cEsercito romeno 2044\u201d, il documento di analisi relativo all\u2019attuazione del programma di difesa SAFE, approvato durante la riunione di lavoro interistituzionale del 13 agosto, nonch\u00e8 i termini di riferimento per la revisione, a livello del Dipartimento della Difesa statunitense, della postura militare e delle sedi di dispiegamento degli USA in Europa. All\u2019attenzione del Consiglio anche il rafforzamento della presenza militare sul territorio della Romania. Durante la riunione saranno esaminate anche altre questioni di attualit\u00e0 relative alla sicurezza nazionale, informa ancora la fonte citata.<\/p>\n<p>&nbsp;<\/p>\n<p>Scuola \u2013 In Romania, quasi tre milioni di alunni iniziano domani il nuovo anno scolastico. La struttura del nuovo anno resta articolata in cinque moduli didattici. Tuttavia, il primo giorno di scuola porta anche novit\u00e0 e incertezze riguardo gli esami. Il cambiamento pi\u00f9 significativo riguarda gli studenti che accedono alla nona classe, i primi, dopo quasi vent\u2019anni, che iniziano la scuola superiore con un nuovo programma di studi. L\u2019attenzione si sposta dalla memorizzazione meccanica alle competenze e all\u2019applicazione pratica delle conoscenze. Tuttavia, i nuovi libri di testo non si troveranno sui banchi dal \u200b\u200bprimo giorno. La procedura di gara si \u00e8 conclusa e, una volta completati gli iter burocratici, si prevede che i libri di testo digitali saranno disponibili verso la fine di settembre, ha dichiarato \u00a0Bogdan Cristescu, direttore al Ministero dell\u2019Istruzione. Un\u2019altra novit\u00e0 riguarda la valutazione: a partire da quest\u2019anno entrano in vigore gli standard nazionali di valutazione applicati fino all\u2019ottavo anno di scuola. I risultati non saranno registrati come voti. L\u2019ammissione alle scuole superiori rimane un altro tema discusso. Un controverso esame aggiuntivo doveva entrare in vigore dal 1\u00b0 settembre, ma una proposta per la sua eliminazione ha ottenuto l\u2019approvazione unanime della Commissione Istruzione. Il voto definitivo del Senato \u00e8 atteso per marted\u00ec.<\/p>\n<p>&nbsp;<\/p>\n<p>Caro carburanti \u2013 In Romania, il prezzo della benzina continua a salire, raggiungendo un nuovo massimo storico di 9,79 lei (circa 1,86 euro) per un litro. La riduzione delle accise sul gasolio stabilita dalle autorit\u00e0 \u00e8 stata gi\u00e0 vanificata da un aumento di 9 bani al litro annunciato da OMV Petrom, il leader nazionale del mercato dei carburanti. Il gasolio standard viene venduto a oltre 10 lei (circa 1,9 euro) presso tutte le catene di distribuzione, raggiungendo punte di 10,26 lei in alcune stazioni di servizio. I prezzi record dei carburanti esercitano nuove pressioni sui costi di trasporto e indirettamente sui prezzi dei beni di consumo e dei servizi, soprattutto considerando che le accise sono gi\u00e0 state ridotte al limite massimo consentito dalla legge. Le tensioni geopolitiche in Medio Oriente hanno mantenuto elevati i costi di approvvigionamento e tali rincari si sono gradualmente trasferiti sui prezzi alla pompa in Romania. A ci\u00f2 si aggiungono i costi di raffinazione, trasporto e distribuzione, nonch\u00e9 le fluttuazioni dei tassi di cambio. Gli analisti ammoniscono che, nel successivo periodo, i prezzi dei carburanti rischiano di rimanere elevati o potrebbero addirittura subire nuovi aumenti. Il 4 settembre, sullo sfondo delle tensioni tra gli Stati Uniti e l&#8217;Iran, il prezzo del petrolio Brent \u00e8 salito a circa 95,5 dollari al barile, un incremento di oltre il 7% dall\u2019inizio della settimana.<\/p>\n<p>&nbsp;<\/p>\n<p>Crisi politica\u00a0 \u2013 Questa settimana \u00e8 attesa la nomina da parte del presidente Nicu\u0219or Dan di un nuovo candidato alla carica di premier. Tuttavia, i tentativi di formare un nuovo governo non sembrano aver superato lo stallo degli ultimi mesi. \u00a0Il 5 maggio, l\u2019esecutivo guidato dal liberale Ilie Bolojan \u00e8 stato sfiduciato in seguito a una mozione inoltrata dagli ex partner di coalizione, i socialdemocratici, in alleanza con partiti all\u2019opposizione. \u201c\u00c8 giunto il momento di risolvere questo problema\u201d, ha dichiarato di recente Dan, senza annunciare per ora un nuovo round di consultazioni ufficiali. D\u2019altra parte, il presidente del PSD, Sorin Grindeanu, candiato del partito alla carica di premier,\u00a0 ha affermato che i socialdemocratici sono pronti a costruire una maggioranza e che, tuttavia,\u00a0 l\u2019attenzione dovrebbe concentrarsi sulla situazione economica e sociale della Romania, piuttosto che sui calcoli relativi al sostegno parlamentare. Dal canto suo, l\u2019eurodeputato liberale Siegfried Mure\u0219an,\u00a0 proposto come primo ministro da PNL, USR e UDMR,\u00a0 ha affermato che l\u2019economia romena ottiene risultati migliori senza il PSD al governo, notando che il loro coinvolgimento comporterebbe un aumento del deficit, lo spreco di fondi pubblici e nuovi dubbi sulla credibilit\u00e0 internazionale del paese. Sul fronte dell\u2019opposizione, l\u2019AUR ritiene che le elezioni anticipate siano la soluzione giusta all\u2019attuale stallo politico, accusando il governo ad interim di aver attuato politiche fiscali che hanno compromesso il potere d\u2019acquisto dei romeni e l\u2019ambiente imprenditoriale interno. Per conferire la fiducia a un governo sono necessari 233 voti favorevoli.<\/p>\n<p>&nbsp;<\/p>\n<p>Crisi energetica \u2013 Secondo le previsioni dell&#8217;Istituto Nazionale di Idrologia e Gestione delle Acque (INHGA), la portata del Danubio nel punto di ingresso in Romania dovrebbe diminuire fino a 1.400 metri cubi al secondo nel corso della prossima settimana, valore di molto inferiore della media pluriennale rilevata per il mese di settembre (3.800 m\u00b3\/s). I livelli della portata si mantengono bassi ormai da diverse settimane. Il governo di Bucarest ha prorogato fino al 30 settembre il periodo in cui la societ\u00e0 nazionale Transelectrica \u00e8 autorizzata ad attuare misure di sicurezza previste per le situazioni di crisi. L&#8217;esecutivo romeno ha spiegato che, sebbene tali misure probabilmente non saranno necessarie, il quadro normativo \u00e8 stato adottato per garantire la disponibilit\u00e0 dei meccanismi necessari in caso di necessit\u00e0. A causa dei bassi livelli idrici, i due reattori della centrale nucleare di Cernavod\u0103 (sud-est del Paese) sono stati spenti, determinando una riduzione del 20% della produzione nazionale di energia elettrica. Di conseguenza, nei periodi di picco della domanda interna, la Romania importa ingenti quantit\u00e0 di elettricit\u00e0 dai paesi vicini, spesso a prezzi significativamente pi\u00f9 alti rispetto alle tariffe di esportazione.<\/p>\n<p>&nbsp;<\/p>\n<p>Terremoto \u2013 Un terremoto di magnitudo 4,1 si \u00e8 verificato questa mattina nella zona sismica di Vrancea, in provincia di Buz\u0103u (Romania orientale). Secondo l\u2019Istituto Nazionale di Fisica della Terra (INCDFP), il sisma ha avuto origine a una profondit\u00e0 di circa 150 chilometri. Vrancea \u00e8 una delle regioni con maggiore attivit\u00e0 sismica della Romania. Negli ultimi giorni nell\u2019area sono stati registrati diversi terremoti di magnitudo bassa e moderata. Uno dei sismi pi\u00f9 violenti che abbiano colpito la Romania risale al 4 marzo 1977, con una magnitudo di 7,2. Il terremoto caus\u00f2 la morte di 1.570 persone, sopratutto a Bucarest, mentre i danni materiali stimati, all\u2019epoca, hanno superato i due miliardi di dollari. Circa 230.000 abitazioni furono distrutte o gravemente danneggiate mentre centinaia di attivit\u00e0 commerciali furono costrette a interrompere l\u2019attivit\u00e0.<\/p>\n<p>&nbsp;<\/p>\n<p>Pallamano &#8211; In una partita svoltasi a Lemgo, in Germania, valido per il Gruppo B della EHF Champions League femminile, la squadra romena Gloria Bistri\u021ba ha sconfitto HSG Blomberg-Lippe con il punteggio 28-23. Alla terza stagione nella competizione, Gloria Bistri\u021ba punta a raggiungere la Final Four di Budapest, notevolmente rinforzata sotto la guida dell&#8217;allenatore spagnolo Carlos Viver. In un girone che include anche Gy\u0151r, Metz, Odense, Storhamar, Nyk\u00f8bing, Podravka e Blomberg-Lippe, la squadra romena spera di chiudere al terzo o quarto posto, assicurandosi cos\u00ec il vantaggio del fattore campo per la gara di ritorno dei quarti di finale. Sempre nell&#8217;EHF Champions League femminile, CSM Bucarest ha battuto ieri a Lubiana le slovene dell&#8217;RK Krim OTP Group Mercator per 37-29 nella partita d&#8217;esordio del Gruppo A. Il girone include anche Team Esbjerg, FTC-Toyota Kovacs, Brest Bretagne Handball, BV Borussia Dortmund, Sola HK e OTP Group Budu\u0107nost. Alla\u00a0 dodicesima stagione nella Champions League e con una rosa rinnovata per oltre il 50% rispetto all&#8217;anno scorso, CSM Bucarest mira a qualificarsi per la Final Four di Budapest. Nella scorsa stagione, la squadra romena ha conquistato la medaglia di bronzo.<\/p>\n","protected":false},"excerpt":{"rendered":"<p>Consiglio Supremo Difesa \u2013 Il presidente Nicu\u0219or Dan ha convocato per domani una nuova seduta del Consiglio Supremo di Difesa del Paese (CSAT). Secondo l\u2019Amministrazione Presidenziale, sul tavolo della riunione figurano temi come il Piano di dotazione dell\u2019Esercito della Romania per il periodo 2027\u20132036, il programma \u201cEsercito romeno 2044\u201d, il documento di analisi relativo all\u2019attuazione [&hellip;]<\/p>\n","protected":false},"author":113,"featured_media":723460,"comment_status":"closed","ping_status":"closed","sticky":false,"template":"","format":"standard","meta":{"_acf_changed":false,"footnotes":""},"categories":[98934],"tags":[],"coauthors":[116091],"class_list":["post-1056836","post","type-post","status-publish","format-standard","has-post-thumbnail","hentry","category-topnews"],"acf":[],"yoast_head":"<!-- This site is optimized with the Yoast SEO plugin v28.2 - https:\/\/yoast.com\/product\/yoast-seo-wordpress\/ -->\n<title>06.09.2026 (aggiornamento) - Radio Romania Internazionale<\/title>\n<meta name=\"robots\" content=\"index, follow, max-snippet:-1, max-image-preview:large, max-video-preview:-1\" \/>\n<link rel=\"canonical\" href=\"https:\/\/www.rri.ro\/it\/news\/topnews\/06-09-2026-aggiornamento-id1056836.html\" \/>\n<meta property=\"og:locale\" content=\"it_IT\" \/>\n<meta property=\"og:type\" content=\"article\" \/>\n<meta property=\"og:title\" content=\"06.09.2026 (aggiornamento) - Radio Romania Internazionale\" \/>\n<meta property=\"og:description\" content=\"Consiglio Supremo Difesa \u2013 Il presidente Nicu\u0219or Dan ha convocato per domani una nuova seduta del Consiglio Supremo di Difesa del Paese (CSAT). Secondo l\u2019Amministrazione Presidenziale, sul tavolo della riunione figurano temi come il Piano di dotazione dell\u2019Esercito della Romania per il periodo 2027\u20132036, il programma \u201cEsercito romeno 2044\u201d, il documento di analisi relativo all\u2019attuazione [&hellip;]\" \/>\n<meta property=\"og:url\" content=\"https:\/\/www.rri.ro\/it\/news\/topnews\/06-09-2026-aggiornamento-id1056836.html\" \/>\n<meta property=\"og:site_name\" content=\"Radio Romania Internazionale\" \/>\n<meta property=\"article:published_time\" content=\"2026-09-06T15:20:13+00:00\" \/>\n<meta property=\"article:modified_time\" content=\"2026-09-06T16:02:41+00:00\" \/>\n<meta property=\"og:image\" content=\"https:\/\/www.rri.ro\/wp-content\/uploads\/2024\/03\/RRI-960x540-Topnews-2-NOU.jpg\" \/>\n\t<meta property=\"og:image:width\" content=\"960\" \/>\n\t<meta property=\"og:image:height\" content=\"540\" \/>\n\t<meta property=\"og:image:type\" content=\"image\/jpeg\" \/>\n<meta name=\"author\" content=\"Newsroom\" \/>\n<meta name=\"twitter:card\" content=\"summary_large_image\" \/>\n<meta name=\"twitter:label1\" content=\"Scritto da\" \/>\n\t<meta name=\"twitter:data1\" content=\"Newsroom\" \/>\n\t<meta name=\"twitter:label2\" content=\"Tempo di lettura stimato\" \/>\n\t<meta name=\"twitter:data2\" content=\"7 minuti\" \/>\n<script type=\"application\/ld+json\" class=\"yoast-schema-graph\">{\"@context\":\"https:\\\/\\\/schema.org\",\"@graph\":[{\"@type\":\"Article\",\"@id\":\"https:\\\/\\\/www.rri.ro\\\/it\\\/news\\\/topnews\\\/06-09-2026-aggiornamento-id1056836.html#article\",\"isPartOf\":{\"@id\":\"https:\\\/\\\/www.rri.ro\\\/it\\\/news\\\/topnews\\\/06-09-2026-aggiornamento-id1056836.html\"},\"author\":{\"name\":\"Newsroom\",\"@id\":\"https:\\\/\\\/www.rri.ro\\\/#\\\/schema\\\/person\\\/4a479940371b9fdefd194f561e8a7f88\"},\"headline\":\"06.09.2026 (aggiornamento)\",\"datePublished\":\"2026-09-06T15:20:13+00:00\",\"dateModified\":\"2026-09-06T16:02:41+00:00\",\"mainEntityOfPage\":{\"@id\":\"https:\\\/\\\/www.rri.ro\\\/it\\\/news\\\/topnews\\\/06-09-2026-aggiornamento-id1056836.html\"},\"wordCount\":1312,\"image\":{\"@id\":\"https:\\\/\\\/www.rri.ro\\\/it\\\/news\\\/topnews\\\/06-09-2026-aggiornamento-id1056836.html#primaryimage\"},\"thumbnailUrl\":\"https:\\\/\\\/www.rri.ro\\\/wp-content\\\/uploads\\\/2024\\\/03\\\/RRI-960x540-Topnews-2-NOU.jpg\",\"articleSection\":[\"Topnews\"],\"inLanguage\":\"it-IT\"},{\"@type\":\"WebPage\",\"@id\":\"https:\\\/\\\/www.rri.ro\\\/it\\\/news\\\/topnews\\\/06-09-2026-aggiornamento-id1056836.html\",\"url\":\"https:\\\/\\\/www.rri.ro\\\/it\\\/news\\\/topnews\\\/06-09-2026-aggiornamento-id1056836.html\",\"name\":\"06.09.2026 (aggiornamento) - Radio Romania Internazionale\",\"isPartOf\":{\"@id\":\"https:\\\/\\\/www.rri.ro\\\/#website\"},\"primaryImageOfPage\":{\"@id\":\"https:\\\/\\\/www.rri.ro\\\/it\\\/news\\\/topnews\\\/06-09-2026-aggiornamento-id1056836.html#primaryimage\"},\"image\":{\"@id\":\"https:\\\/\\\/www.rri.ro\\\/it\\\/news\\\/topnews\\\/06-09-2026-aggiornamento-id1056836.html#primaryimage\"},\"thumbnailUrl\":\"https:\\\/\\\/www.rri.ro\\\/wp-content\\\/uploads\\\/2024\\\/03\\\/RRI-960x540-Topnews-2-NOU.jpg\",\"datePublished\":\"2026-09-06T15:20:13+00:00\",\"dateModified\":\"2026-09-06T16:02:41+00:00\",\"author\":{\"@id\":\"https:\\\/\\\/www.rri.ro\\\/#\\\/schema\\\/person\\\/4a479940371b9fdefd194f561e8a7f88\"},\"breadcrumb\":{\"@id\":\"https:\\\/\\\/www.rri.ro\\\/it\\\/news\\\/topnews\\\/06-09-2026-aggiornamento-id1056836.html#breadcrumb\"},\"inLanguage\":\"it-IT\",\"potentialAction\":[{\"@type\":\"ReadAction\",\"target\":[\"https:\\\/\\\/www.rri.ro\\\/it\\\/news\\\/topnews\\\/06-09-2026-aggiornamento-id1056836.html\"]}]},{\"@type\":\"ImageObject\",\"inLanguage\":\"it-IT\",\"@id\":\"https:\\\/\\\/www.rri.ro\\\/it\\\/news\\\/topnews\\\/06-09-2026-aggiornamento-id1056836.html#primaryimage\",\"url\":\"https:\\\/\\\/www.rri.ro\\\/wp-content\\\/uploads\\\/2024\\\/03\\\/RRI-960x540-Topnews-2-NOU.jpg\",\"contentUrl\":\"https:\\\/\\\/www.rri.ro\\\/wp-content\\\/uploads\\\/2024\\\/03\\\/RRI-960x540-Topnews-2-NOU.jpg\",\"width\":960,\"height\":540},{\"@type\":\"BreadcrumbList\",\"@id\":\"https:\\\/\\\/www.rri.ro\\\/it\\\/news\\\/topnews\\\/06-09-2026-aggiornamento-id1056836.html#breadcrumb\",\"itemListElement\":[{\"@type\":\"ListItem\",\"position\":1,\"name\":\"Pagina iniziale\",\"item\":\"https:\\\/\\\/www.rri.ro\\\/it\"},{\"@type\":\"ListItem\",\"position\":2,\"name\":\"News\",\"item\":\"https:\\\/\\\/www.rri.ro\\\/it\\\/news\"},{\"@type\":\"ListItem\",\"position\":3,\"name\":\"Topnews\",\"item\":\"https:\\\/\\\/www.rri.ro\\\/it\\\/news\\\/topnews\"},{\"@type\":\"ListItem\",\"position\":4,\"name\":\"06.09.2026 (aggiornamento)\"}]},{\"@type\":\"WebSite\",\"@id\":\"https:\\\/\\\/www.rri.ro\\\/#website\",\"url\":\"https:\\\/\\\/www.rri.ro\\\/\",\"name\":\"Radio Romania Internazionale\",\"description\":\"Totul despre Rom\u00e2nia \u015fi rom\u00e2ni, \u00een 13 limbi\\\/dialecte!\",\"inLanguage\":\"it-IT\"},{\"@type\":\"Person\",\"@id\":\"https:\\\/\\\/www.rri.ro\\\/#\\\/schema\\\/person\\\/4a479940371b9fdefd194f561e8a7f88\",\"name\":\"Newsroom\",\"url\":\"https:\\\/\\\/www.rri.ro\\\/it\\\/author\\\/newsroom\"}]}<\/script>\n<!-- \/ Yoast SEO plugin. -->","yoast_head_json":{"title":"06.09.2026 (aggiornamento) - Radio Romania Internazionale","robots":{"index":"index","follow":"follow","max-snippet":"max-snippet:-1","max-image-preview":"max-image-preview:large","max-video-preview":"max-video-preview:-1"},"canonical":"https:\/\/www.rri.ro\/it\/news\/topnews\/06-09-2026-aggiornamento-id1056836.html","og_locale":"it_IT","og_type":"article","og_title":"06.09.2026 (aggiornamento) - Radio Romania Internazionale","og_description":"Consiglio Supremo Difesa \u2013 Il presidente Nicu\u0219or Dan ha convocato per domani una nuova seduta del Consiglio Supremo di Difesa del Paese (CSAT). Secondo l\u2019Amministrazione Presidenziale, sul tavolo della riunione figurano temi come il Piano di dotazione dell\u2019Esercito della Romania per il periodo 2027\u20132036, il programma \u201cEsercito romeno 2044\u201d, il documento di analisi relativo all\u2019attuazione [&hellip;]","og_url":"https:\/\/www.rri.ro\/it\/news\/topnews\/06-09-2026-aggiornamento-id1056836.html","og_site_name":"Radio Romania Internazionale","article_published_time":"2026-09-06T15:20:13+00:00","article_modified_time":"2026-09-06T16:02:41+00:00","og_image":[{"width":960,"height":540,"url":"https:\/\/www.rri.ro\/wp-content\/uploads\/2024\/03\/RRI-960x540-Topnews-2-NOU.jpg","type":"image\/jpeg"}],"author":"Newsroom","twitter_card":"summary_large_image","twitter_misc":{"Scritto da":"Newsroom","Tempo di lettura stimato":"7 minuti"},"schema":{"@context":"https:\/\/schema.org","@graph":[{"@type":"Article","@id":"https:\/\/www.rri.ro\/it\/news\/topnews\/06-09-2026-aggiornamento-id1056836.html#article","isPartOf":{"@id":"https:\/\/www.rri.ro\/it\/news\/topnews\/06-09-2026-aggiornamento-id1056836.html"},"author":{"name":"Newsroom","@id":"https:\/\/www.rri.ro\/#\/schema\/person\/4a479940371b9fdefd194f561e8a7f88"},"headline":"06.09.2026 (aggiornamento)","datePublished":"2026-09-06T15:20:13+00:00","dateModified":"2026-09-06T16:02:41+00:00","mainEntityOfPage":{"@id":"https:\/\/www.rri.ro\/it\/news\/topnews\/06-09-2026-aggiornamento-id1056836.html"},"wordCount":1312,"image":{"@id":"https:\/\/www.rri.ro\/it\/news\/topnews\/06-09-2026-aggiornamento-id1056836.html#primaryimage"},"thumbnailUrl":"https:\/\/www.rri.ro\/wp-content\/uploads\/2024\/03\/RRI-960x540-Topnews-2-NOU.jpg","articleSection":["Topnews"],"inLanguage":"it-IT"},{"@type":"WebPage","@id":"https:\/\/www.rri.ro\/it\/news\/topnews\/06-09-2026-aggiornamento-id1056836.html","url":"https:\/\/www.rri.ro\/it\/news\/topnews\/06-09-2026-aggiornamento-id1056836.html","name":"06.09.2026 (aggiornamento) - Radio Romania Internazionale","isPartOf":{"@id":"https:\/\/www.rri.ro\/#website"},"primaryImageOfPage":{"@id":"https:\/\/www.rri.ro\/it\/news\/topnews\/06-09-2026-aggiornamento-id1056836.html#primaryimage"},"image":{"@id":"https:\/\/www.rri.ro\/it\/news\/topnews\/06-09-2026-aggiornamento-id1056836.html#primaryimage"},"thumbnailUrl":"https:\/\/www.rri.ro\/wp-content\/uploads\/2024\/03\/RRI-960x540-Topnews-2-NOU.jpg","datePublished":"2026-09-06T15:20:13+00:00","dateModified":"2026-09-06T16:02:41+00:00","author":{"@id":"https:\/\/www.rri.ro\/#\/schema\/person\/4a479940371b9fdefd194f561e8a7f88"},"breadcrumb":{"@id":"https:\/\/www.rri.ro\/it\/news\/topnews\/06-09-2026-aggiornamento-id1056836.html#breadcrumb"},"inLanguage":"it-IT","potentialAction":[{"@type":"ReadAction","target":["https:\/\/www.rri.ro\/it\/news\/topnews\/06-09-2026-aggiornamento-id1056836.html"]}]},{"@type":"ImageObject","inLanguage":"it-IT","@id":"https:\/\/www.rri.ro\/it\/news\/topnews\/06-09-2026-aggiornamento-id1056836.html#primaryimage","url":"https:\/\/www.rri.ro\/wp-content\/uploads\/2024\/03\/RRI-960x540-Topnews-2-NOU.jpg","contentUrl":"https:\/\/www.rri.ro\/wp-content\/uploads\/2024\/03\/RRI-960x540-Topnews-2-NOU.jpg","width":960,"height":540},{"@type":"BreadcrumbList","@id":"https:\/\/www.rri.ro\/it\/news\/topnews\/06-09-2026-aggiornamento-id1056836.html#breadcrumb","itemListElement":[{"@type":"ListItem","position":1,"name":"Pagina iniziale","item":"https:\/\/www.rri.ro\/it"},{"@type":"ListItem","position":2,"name":"News","item":"https:\/\/www.rri.ro\/it\/news"},{"@type":"ListItem","position":3,"name":"Topnews","item":"https:\/\/www.rri.ro\/it\/news\/topnews"},{"@type":"ListItem","position":4,"name":"06.09.2026 (aggiornamento)"}]},{"@type":"WebSite","@id":"https:\/\/www.rri.ro\/#website","url":"https:\/\/www.rri.ro\/","name":"Radio Romania Internazionale","description":"Totul despre Rom\u00e2nia \u015fi rom\u00e2ni, \u00een 13 limbi\/dialecte!","inLanguage":"it-IT"},{"@type":"Person","@id":"https:\/\/www.rri.ro\/#\/schema\/person\/4a479940371b9fdefd194f561e8a7f88","name":"Newsroom","url":"https:\/\/www.rri.ro\/it\/author\/newsroom"}]}},"_links":{"self":[{"href":"https:\/\/www.rri.ro\/it\/wp-json\/wp\/v2\/posts\/1056836","targetHints":{"allow":["GET"]}}],"collection":[{"href":"https:\/\/www.rri.ro\/it\/wp-json\/wp\/v2\/posts"}],"about":[{"href":"https:\/\/www.rri.ro\/it\/wp-json\/wp\/v2\/types\/post"}],"author":[{"embeddable":true,"href":"https:\/\/www.rri.ro\/it\/wp-json\/wp\/v2\/users\/113"}],"replies":[{"embeddable":true,"href":"https:\/\/www.rri.ro\/it\/wp-json\/wp\/v2\/comments?post=1056836"}],"version-history":[{"count":3,"href":"https:\/\/www.rri.ro\/it\/wp-json\/wp\/v2\/posts\/1056836\/revisions"}],"predecessor-version":[{"id":1056844,"href":"https:\/\/www.rri.ro\/it\/wp-json\/wp\/v2\/posts\/1056836\/revisions\/1056844"}],"wp:featuredmedia":[{"embeddable":true,"href":"https:\/\/www.rri.ro\/it\/wp-json\/wp\/v2\/media\/723460"}],"wp:attachment":[{"href":"https:\/\/www.rri.ro\/it\/wp-json\/wp\/v2\/media?parent=1056836"}],"wp:term":[{"taxonomy":"category","embeddable":true,"href":"https:\/\/www.rri.ro\/it\/wp-json\/wp\/v2\/categories?post=1056836"},{"taxonomy":"post_tag","embeddable":true,"href":"https:\/\/www.rri.ro\/it\/wp-json\/wp\/v2\/tags?post=1056836"},{"taxonomy":"author","embeddable":true,"href":"https:\/\/www.rri.ro\/it\/wp-json\/wp\/v2\/coauthors?post=1056836"}],"curies":[{"name":"wp","href":"https:\/\/api.w.org\/{rel}","templated":true}]}}