{"id":447498,"date":"2013-01-31T13:23:00","date_gmt":"2013-01-31T11:23:00","guid":{"rendered":"http:\/\/devrri.freshlemon.ro\/news\/giustizia-rapporto-ce-progressi-romania-ma-servono-ancora-sforzi-id447498.html"},"modified":"2013-01-31T13:23:00","modified_gmt":"2013-01-31T11:23:00","slug":"giustizia-rapporto-ce-progressi-romania-ma-servono-ancora-sforzi","status":"publish","type":"post","link":"https:\/\/www.rri.ro\/it\/news\/in-primo-piano\/giustizia-rapporto-ce-progressi-romania-ma-servono-ancora-sforzi-id447498.html","title":{"rendered":"Giustizia: rapporto CE, progressi Romania, ma servono ancora sforzi"},"content":{"rendered":"<p>&#13;<br \/>\n\tLa Romania ha compiuto dei progressi in materia di giustizia, ma non ancora sufficienti. E\u2019 la conclusione del rapporto pubblicato dalla Commissione europea, nell\u2019ambito del Meccanismo di cooperazione e verifica, che tiene ancora sotto monitoraggio la giustizia nel nostro Paese.<\/p>\n<p>&#13;<\/p>\n<p>&#13;<br \/>\n\t<br \/>&#13;<br \/>\n\tLa crisi politica e istituzionale della scorsa estate, che ha raggiunto l\u2019apice con il referendum sulla revoca del capo dello stato, ha avuto un peso notevole nel precedente rapporto della Commissione, che faceva alcune raccomandazioni al gabinetto presieduto da Victor Ponta sul ripristino dello stato di diritto e il rispetto dell\u2019indipendenza della giustizia.<\/p>\n<p>&#13;<\/p>\n<p>&#13;<br \/>\n\t<br \/>&#13;<br \/>\n\tIl rapporto reso pubblico il 30 gennaio rileva che Bucarest ha tenuto in considerazione una parte delle raccomandazioni. Se le decisioni della Corte Costituzionale sono rispettate, la CE ritiene, invece, che ci siano delle restanze nel proteggere alcuni vertici del sistema giudiziario da attacchi, molti provenienti dai media.<\/p>\n<p>&#13;<\/p>\n<p>&#13;<br \/>\n\t<br \/>&#13;<br \/>\n\tL\u2019Agenzia nazionale per l\u2019integrit\u00e0 e la Direzione nazionale anticorruzione hanno ottenuto nuovamente voti positivi dalla Commissione europea, che sottolinea il raddoppiamento dei casi di rinvio a giudizio nei fascicoli di grande corruzione.<\/p>\n<p>&#13;<\/p>\n<p>&#13;<br \/>\n\t<br \/>&#13;<br \/>\n\tLe autorit\u00e0 di Bruxelles raccomandano una quanto pi\u00f9 rapida selezione dei capi del Pubblico Ministero e della Direzione nazionale anticorruzione, in seguito a un processo trasparente, che porti in questi incarichi persone impeccabili in materia di integrit\u00e0 e professionalit\u00e0.<\/p>\n<p>&#13;<\/p>\n<p>&#13;<br \/>\n\t<br \/>&#13;<br \/>\n\tInvece, la CE ritiene che la lotta alla corruzione sia andata zoppicando per quanto riguarda gli acquisti pubblici. Il rapporto chiede le dimissioni dei ministri e dei parlamentari dichiarati incompatibili, mentre a quelli sotto inchiesta penale, va tolta l\u2019immunit\u00e0.<\/p>\n<p>&#13;<\/p>\n<p>&#13;<br \/>\n\t<br \/>&#13;<br \/>\n\tEppure, nonostante le critiche, il rapporto \u00e8 migliore di quello presentato lo scorso luglio, ha dichiarato il portavoce dela CE, Mark Gray, negando qualsiasi legame formale tra il rapporto sulla giustizia e l\u2019ingresso della Romania a Schengen. Invece, alcuni stati condizionano il voto favorevole all\u2019entrata nello spazio di libera circolazione e i progressi della Romania nella riforma della giustizia e nella lotta alla corruzione.<\/p>\n<p>&#13;<\/p>\n<p>&#13;<br \/>\n\t<br \/>&#13;<br \/>\n\tPer questo motivo, l\u2019opposizione democratico-liberale rimprovera al governo dell\u2019Unione social-liberale di essere responsabile per un possibile nuovo rinvio dell\u2019ingresso a Schengen, a causa del modo poco convincente in cui si adopererebbe per consolidare lo stato di diritto.<\/p>\n<p>&#13;<\/p>\n<p>&#13;<br \/>\n\t<br \/>&#13;<br \/>\n\tD\u2019altra parte il Governo boccia come infondati i rimproveri impliciti del rapporto sulla presenza di alcuni ministri indagati per corruzione o con problemi di integrit\u00e0, e afferma che le inchiesta su tre membri dell\u2019esecutivo sono di altro tipo. (trad. Iuliana Anghel)<br \/>&#13;\n\t <\/p>\n<p>&#13;<\/p>\n","protected":false},"excerpt":{"rendered":"<p>&#13; La Romania ha compiuto dei progressi in materia di giustizia, ma non ancora sufficienti. E\u2019 la conclusione del rapporto pubblicato dalla Commissione europea, nell\u2019ambito del Meccanismo di cooperazione e verifica, che tiene ancora sotto monitoraggio la giustizia nel nostro Paese. &#13; &#13; &#13; La crisi politica e istituzionale della scorsa estate, che ha raggiunto [&hellip;]<\/p>\n","protected":false},"author":110,"featured_media":42906,"comment_status":"closed","ping_status":"closed","sticky":false,"template":"","format":"standard","meta":{"_acf_changed":false,"footnotes":""},"categories":[99264],"tags":[],"coauthors":[],"class_list":["post-447498","post","type-post","status-publish","format-standard","has-post-thumbnail","hentry","category-in-primo-piano"],"acf":[],"yoast_head":"<!-- This site is optimized with the Yoast SEO plugin v27.5 - https:\/\/yoast.com\/product\/yoast-seo-wordpress\/ -->\n<title>Giustizia: rapporto CE, progressi Romania, ma servono ancora sforzi - Radio Romania Internazionale<\/title>\n<meta name=\"robots\" content=\"index, follow, max-snippet:-1, max-image-preview:large, max-video-preview:-1\" \/>\n<link rel=\"canonical\" href=\"https:\/\/www.rri.ro\/it\/news\/in-primo-piano\/giustizia-rapporto-ce-progressi-romania-ma-servono-ancora-sforzi-id447498.html\" \/>\n<meta property=\"og:locale\" content=\"it_IT\" \/>\n<meta property=\"og:type\" content=\"article\" \/>\n<meta property=\"og:title\" content=\"Giustizia: rapporto CE, progressi Romania, ma servono ancora sforzi - Radio Romania Internazionale\" \/>\n<meta property=\"og:description\" content=\"&#013; La Romania ha compiuto dei progressi in materia di giustizia, ma non ancora sufficienti. E\u2019 la conclusione del rapporto pubblicato dalla Commissione europea, nell\u2019ambito del Meccanismo di cooperazione e verifica, che tiene ancora sotto monitoraggio la giustizia nel nostro Paese. &#013; &#013; &#013; La crisi politica e istituzionale della scorsa estate, che ha raggiunto [&hellip;]\" \/>\n<meta property=\"og:url\" content=\"https:\/\/www.rri.ro\/it\/news\/in-primo-piano\/giustizia-rapporto-ce-progressi-romania-ma-servono-ancora-sforzi-id447498.html\" \/>\n<meta property=\"og:site_name\" content=\"Radio Romania Internazionale\" \/>\n<meta property=\"article:published_time\" content=\"2013-01-31T11:23:00+00:00\" \/>\n<meta property=\"og:image\" content=\"https:\/\/www.rri.ro\/wp-content\/uploads\/2023\/10\/Comisia-Europeana.jpg\" \/>\n\t<meta property=\"og:image:width\" content=\"450\" \/>\n\t<meta property=\"og:image:height\" content=\"299\" \/>\n\t<meta property=\"og:image:type\" content=\"image\/jpeg\" \/>\n<meta name=\"author\" content=\"\u015etefan Stoica\" \/>\n<meta name=\"twitter:card\" content=\"summary_large_image\" \/>\n<meta name=\"twitter:label1\" content=\"Scritto da\" \/>\n\t<meta name=\"twitter:data1\" content=\"\u015etefan Stoica\" \/>\n\t<meta name=\"twitter:label2\" content=\"Tempo di lettura stimato\" \/>\n\t<meta name=\"twitter:data2\" content=\"2 minuti\" \/>\n<script type=\"application\/ld+json\" class=\"yoast-schema-graph\">{\"@context\":\"https:\\\/\\\/schema.org\",\"@graph\":[{\"@type\":\"Article\",\"@id\":\"https:\\\/\\\/www.rri.ro\\\/it\\\/news\\\/in-primo-piano\\\/giustizia-rapporto-ce-progressi-romania-ma-servono-ancora-sforzi-id447498.html#article\",\"isPartOf\":{\"@id\":\"https:\\\/\\\/www.rri.ro\\\/it\\\/news\\\/in-primo-piano\\\/giustizia-rapporto-ce-progressi-romania-ma-servono-ancora-sforzi-id447498.html\"},\"author\":{\"name\":\"\u015etefan Stoica\",\"@id\":\"https:\\\/\\\/www.rri.ro\\\/#\\\/schema\\\/person\\\/2d81d5dc94d44190d13245f64551d334\"},\"headline\":\"Giustizia: rapporto CE, progressi Romania, ma servono ancora sforzi\",\"datePublished\":\"2013-01-31T11:23:00+00:00\",\"mainEntityOfPage\":{\"@id\":\"https:\\\/\\\/www.rri.ro\\\/it\\\/news\\\/in-primo-piano\\\/giustizia-rapporto-ce-progressi-romania-ma-servono-ancora-sforzi-id447498.html\"},\"wordCount\":413,\"image\":{\"@id\":\"https:\\\/\\\/www.rri.ro\\\/it\\\/news\\\/in-primo-piano\\\/giustizia-rapporto-ce-progressi-romania-ma-servono-ancora-sforzi-id447498.html#primaryimage\"},\"thumbnailUrl\":\"https:\\\/\\\/www.rri.ro\\\/wp-content\\\/uploads\\\/2023\\\/10\\\/Comisia-Europeana.jpg\",\"articleSection\":[\"In primo piano\"],\"inLanguage\":\"it-IT\"},{\"@type\":\"WebPage\",\"@id\":\"https:\\\/\\\/www.rri.ro\\\/it\\\/news\\\/in-primo-piano\\\/giustizia-rapporto-ce-progressi-romania-ma-servono-ancora-sforzi-id447498.html\",\"url\":\"https:\\\/\\\/www.rri.ro\\\/it\\\/news\\\/in-primo-piano\\\/giustizia-rapporto-ce-progressi-romania-ma-servono-ancora-sforzi-id447498.html\",\"name\":\"Giustizia: rapporto CE, progressi Romania, ma servono ancora sforzi - Radio Romania Internazionale\",\"isPartOf\":{\"@id\":\"https:\\\/\\\/www.rri.ro\\\/#website\"},\"primaryImageOfPage\":{\"@id\":\"https:\\\/\\\/www.rri.ro\\\/it\\\/news\\\/in-primo-piano\\\/giustizia-rapporto-ce-progressi-romania-ma-servono-ancora-sforzi-id447498.html#primaryimage\"},\"image\":{\"@id\":\"https:\\\/\\\/www.rri.ro\\\/it\\\/news\\\/in-primo-piano\\\/giustizia-rapporto-ce-progressi-romania-ma-servono-ancora-sforzi-id447498.html#primaryimage\"},\"thumbnailUrl\":\"https:\\\/\\\/www.rri.ro\\\/wp-content\\\/uploads\\\/2023\\\/10\\\/Comisia-Europeana.jpg\",\"datePublished\":\"2013-01-31T11:23:00+00:00\",\"author\":{\"@id\":\"https:\\\/\\\/www.rri.ro\\\/#\\\/schema\\\/person\\\/2d81d5dc94d44190d13245f64551d334\"},\"breadcrumb\":{\"@id\":\"https:\\\/\\\/www.rri.ro\\\/it\\\/news\\\/in-primo-piano\\\/giustizia-rapporto-ce-progressi-romania-ma-servono-ancora-sforzi-id447498.html#breadcrumb\"},\"inLanguage\":\"it-IT\",\"potentialAction\":[{\"@type\":\"ReadAction\",\"target\":[\"https:\\\/\\\/www.rri.ro\\\/it\\\/news\\\/in-primo-piano\\\/giustizia-rapporto-ce-progressi-romania-ma-servono-ancora-sforzi-id447498.html\"]}]},{\"@type\":\"ImageObject\",\"inLanguage\":\"it-IT\",\"@id\":\"https:\\\/\\\/www.rri.ro\\\/it\\\/news\\\/in-primo-piano\\\/giustizia-rapporto-ce-progressi-romania-ma-servono-ancora-sforzi-id447498.html#primaryimage\",\"url\":\"https:\\\/\\\/www.rri.ro\\\/wp-content\\\/uploads\\\/2023\\\/10\\\/Comisia-Europeana.jpg\",\"contentUrl\":\"https:\\\/\\\/www.rri.ro\\\/wp-content\\\/uploads\\\/2023\\\/10\\\/Comisia-Europeana.jpg\",\"width\":450,\"height\":299},{\"@type\":\"BreadcrumbList\",\"@id\":\"https:\\\/\\\/www.rri.ro\\\/it\\\/news\\\/in-primo-piano\\\/giustizia-rapporto-ce-progressi-romania-ma-servono-ancora-sforzi-id447498.html#breadcrumb\",\"itemListElement\":[{\"@type\":\"ListItem\",\"position\":1,\"name\":\"Pagina iniziale\",\"item\":\"https:\\\/\\\/www.rri.ro\\\/it\"},{\"@type\":\"ListItem\",\"position\":2,\"name\":\"News\",\"item\":\"https:\\\/\\\/www.rri.ro\\\/it\\\/news\"},{\"@type\":\"ListItem\",\"position\":3,\"name\":\"In primo piano\",\"item\":\"https:\\\/\\\/www.rri.ro\\\/it\\\/news\\\/in-primo-piano\"},{\"@type\":\"ListItem\",\"position\":4,\"name\":\"Giustizia: rapporto CE, progressi Romania, ma servono ancora sforzi\"}]},{\"@type\":\"WebSite\",\"@id\":\"https:\\\/\\\/www.rri.ro\\\/#website\",\"url\":\"https:\\\/\\\/www.rri.ro\\\/\",\"name\":\"Radio Romania Internazionale\",\"description\":\"Totul despre Rom\u00e2nia \u015fi rom\u00e2ni, \u00een 13 limbi\\\/dialecte!\",\"inLanguage\":\"it-IT\"},{\"@type\":\"Person\",\"@id\":\"https:\\\/\\\/www.rri.ro\\\/#\\\/schema\\\/person\\\/2d81d5dc94d44190d13245f64551d334\",\"name\":\"\u015etefan Stoica\",\"url\":\"https:\\\/\\\/www.rri.ro\\\/it\\\/author\\\/stefan-stoica\"}]}<\/script>\n<!-- \/ Yoast SEO plugin. -->","yoast_head_json":{"title":"Giustizia: rapporto CE, progressi Romania, ma servono ancora sforzi - Radio Romania Internazionale","robots":{"index":"index","follow":"follow","max-snippet":"max-snippet:-1","max-image-preview":"max-image-preview:large","max-video-preview":"max-video-preview:-1"},"canonical":"https:\/\/www.rri.ro\/it\/news\/in-primo-piano\/giustizia-rapporto-ce-progressi-romania-ma-servono-ancora-sforzi-id447498.html","og_locale":"it_IT","og_type":"article","og_title":"Giustizia: rapporto CE, progressi Romania, ma servono ancora sforzi - Radio Romania Internazionale","og_description":"&#13; La Romania ha compiuto dei progressi in materia di giustizia, ma non ancora sufficienti. E\u2019 la conclusione del rapporto pubblicato dalla Commissione europea, nell\u2019ambito del Meccanismo di cooperazione e verifica, che tiene ancora sotto monitoraggio la giustizia nel nostro Paese. &#13; &#13; &#13; La crisi politica e istituzionale della scorsa estate, che ha raggiunto [&hellip;]","og_url":"https:\/\/www.rri.ro\/it\/news\/in-primo-piano\/giustizia-rapporto-ce-progressi-romania-ma-servono-ancora-sforzi-id447498.html","og_site_name":"Radio Romania Internazionale","article_published_time":"2013-01-31T11:23:00+00:00","og_image":[{"width":450,"height":299,"url":"https:\/\/www.rri.ro\/wp-content\/uploads\/2023\/10\/Comisia-Europeana.jpg","type":"image\/jpeg"}],"author":"\u015etefan Stoica","twitter_card":"summary_large_image","twitter_misc":{"Scritto da":"\u015etefan Stoica","Tempo di lettura stimato":"2 minuti"},"schema":{"@context":"https:\/\/schema.org","@graph":[{"@type":"Article","@id":"https:\/\/www.rri.ro\/it\/news\/in-primo-piano\/giustizia-rapporto-ce-progressi-romania-ma-servono-ancora-sforzi-id447498.html#article","isPartOf":{"@id":"https:\/\/www.rri.ro\/it\/news\/in-primo-piano\/giustizia-rapporto-ce-progressi-romania-ma-servono-ancora-sforzi-id447498.html"},"author":{"name":"\u015etefan Stoica","@id":"https:\/\/www.rri.ro\/#\/schema\/person\/2d81d5dc94d44190d13245f64551d334"},"headline":"Giustizia: rapporto CE, progressi Romania, ma servono ancora sforzi","datePublished":"2013-01-31T11:23:00+00:00","mainEntityOfPage":{"@id":"https:\/\/www.rri.ro\/it\/news\/in-primo-piano\/giustizia-rapporto-ce-progressi-romania-ma-servono-ancora-sforzi-id447498.html"},"wordCount":413,"image":{"@id":"https:\/\/www.rri.ro\/it\/news\/in-primo-piano\/giustizia-rapporto-ce-progressi-romania-ma-servono-ancora-sforzi-id447498.html#primaryimage"},"thumbnailUrl":"https:\/\/www.rri.ro\/wp-content\/uploads\/2023\/10\/Comisia-Europeana.jpg","articleSection":["In primo piano"],"inLanguage":"it-IT"},{"@type":"WebPage","@id":"https:\/\/www.rri.ro\/it\/news\/in-primo-piano\/giustizia-rapporto-ce-progressi-romania-ma-servono-ancora-sforzi-id447498.html","url":"https:\/\/www.rri.ro\/it\/news\/in-primo-piano\/giustizia-rapporto-ce-progressi-romania-ma-servono-ancora-sforzi-id447498.html","name":"Giustizia: rapporto CE, progressi Romania, ma servono ancora sforzi - Radio Romania Internazionale","isPartOf":{"@id":"https:\/\/www.rri.ro\/#website"},"primaryImageOfPage":{"@id":"https:\/\/www.rri.ro\/it\/news\/in-primo-piano\/giustizia-rapporto-ce-progressi-romania-ma-servono-ancora-sforzi-id447498.html#primaryimage"},"image":{"@id":"https:\/\/www.rri.ro\/it\/news\/in-primo-piano\/giustizia-rapporto-ce-progressi-romania-ma-servono-ancora-sforzi-id447498.html#primaryimage"},"thumbnailUrl":"https:\/\/www.rri.ro\/wp-content\/uploads\/2023\/10\/Comisia-Europeana.jpg","datePublished":"2013-01-31T11:23:00+00:00","author":{"@id":"https:\/\/www.rri.ro\/#\/schema\/person\/2d81d5dc94d44190d13245f64551d334"},"breadcrumb":{"@id":"https:\/\/www.rri.ro\/it\/news\/in-primo-piano\/giustizia-rapporto-ce-progressi-romania-ma-servono-ancora-sforzi-id447498.html#breadcrumb"},"inLanguage":"it-IT","potentialAction":[{"@type":"ReadAction","target":["https:\/\/www.rri.ro\/it\/news\/in-primo-piano\/giustizia-rapporto-ce-progressi-romania-ma-servono-ancora-sforzi-id447498.html"]}]},{"@type":"ImageObject","inLanguage":"it-IT","@id":"https:\/\/www.rri.ro\/it\/news\/in-primo-piano\/giustizia-rapporto-ce-progressi-romania-ma-servono-ancora-sforzi-id447498.html#primaryimage","url":"https:\/\/www.rri.ro\/wp-content\/uploads\/2023\/10\/Comisia-Europeana.jpg","contentUrl":"https:\/\/www.rri.ro\/wp-content\/uploads\/2023\/10\/Comisia-Europeana.jpg","width":450,"height":299},{"@type":"BreadcrumbList","@id":"https:\/\/www.rri.ro\/it\/news\/in-primo-piano\/giustizia-rapporto-ce-progressi-romania-ma-servono-ancora-sforzi-id447498.html#breadcrumb","itemListElement":[{"@type":"ListItem","position":1,"name":"Pagina iniziale","item":"https:\/\/www.rri.ro\/it"},{"@type":"ListItem","position":2,"name":"News","item":"https:\/\/www.rri.ro\/it\/news"},{"@type":"ListItem","position":3,"name":"In primo piano","item":"https:\/\/www.rri.ro\/it\/news\/in-primo-piano"},{"@type":"ListItem","position":4,"name":"Giustizia: rapporto CE, progressi Romania, ma servono ancora sforzi"}]},{"@type":"WebSite","@id":"https:\/\/www.rri.ro\/#website","url":"https:\/\/www.rri.ro\/","name":"Radio Romania Internazionale","description":"Totul despre Rom\u00e2nia \u015fi rom\u00e2ni, \u00een 13 limbi\/dialecte!","inLanguage":"it-IT"},{"@type":"Person","@id":"https:\/\/www.rri.ro\/#\/schema\/person\/2d81d5dc94d44190d13245f64551d334","name":"\u015etefan Stoica","url":"https:\/\/www.rri.ro\/it\/author\/stefan-stoica"}]}},"_links":{"self":[{"href":"https:\/\/www.rri.ro\/it\/wp-json\/wp\/v2\/posts\/447498","targetHints":{"allow":["GET"]}}],"collection":[{"href":"https:\/\/www.rri.ro\/it\/wp-json\/wp\/v2\/posts"}],"about":[{"href":"https:\/\/www.rri.ro\/it\/wp-json\/wp\/v2\/types\/post"}],"author":[{"embeddable":true,"href":"https:\/\/www.rri.ro\/it\/wp-json\/wp\/v2\/users\/110"}],"replies":[{"embeddable":true,"href":"https:\/\/www.rri.ro\/it\/wp-json\/wp\/v2\/comments?post=447498"}],"version-history":[{"count":0,"href":"https:\/\/www.rri.ro\/it\/wp-json\/wp\/v2\/posts\/447498\/revisions"}],"wp:featuredmedia":[{"embeddable":true,"href":"https:\/\/www.rri.ro\/it\/wp-json\/wp\/v2\/media\/42906"}],"wp:attachment":[{"href":"https:\/\/www.rri.ro\/it\/wp-json\/wp\/v2\/media?parent=447498"}],"wp:term":[{"taxonomy":"category","embeddable":true,"href":"https:\/\/www.rri.ro\/it\/wp-json\/wp\/v2\/categories?post=447498"},{"taxonomy":"post_tag","embeddable":true,"href":"https:\/\/www.rri.ro\/it\/wp-json\/wp\/v2\/tags?post=447498"},{"taxonomy":"author","embeddable":true,"href":"https:\/\/www.rri.ro\/it\/wp-json\/wp\/v2\/coauthors?post=447498"}],"curies":[{"name":"wp","href":"https:\/\/api.w.org\/{rel}","templated":true}]}}