{"id":448753,"date":"2013-11-29T13:21:00","date_gmt":"2013-11-29T11:21:00","guid":{"rendered":"http:\/\/devrri.freshlemon.ro\/news\/1-dicembre-festa-nazionale-della-romania-id448753.html"},"modified":"2013-11-29T13:21:00","modified_gmt":"2013-11-29T11:21:00","slug":"1-dicembre-festa-nazionale-della-romania","status":"publish","type":"post","link":"https:\/\/www.rri.ro\/it\/news\/in-primo-piano\/1-dicembre-festa-nazionale-della-romania-id448753.html","title":{"rendered":"1 dicembre: Festa Nazionale della Romania"},"content":{"rendered":"<p>Il 1 dicembre del 1918 rappresenta il pi\u00f9 importante momento della storia della Romania, segnando il compimento dell\u2019unit\u00e0 nazionale. L\u2019unificazione della Transilvania, del Banato, della Bucovina e Bessarabia con il Vecchio Regno di Romania ad Alba Iulia, nel centro del Paese, \u00e8 stata una conseguenza logica della lotta dei romeni per l\u2019unit\u00e0 nazionale. La riunificazione era iniziata nel 1600, quando Michele il Bravo riusc\u00ec a ricucire l\u2019unit\u00e0 delle province storiche romene per un breve periodo, continuando con l\u2019unione della Valacchia alla Moldavia, nel 1859, sotto lo scettro di Alexandru Ioan Cuza. Segu\u00ec l\u2019ingresso della Romania nella Prima Guerra Mondiale, accanto alla Francia, Inghilterra, Russia e Usa. Riunificata anche grazie all\u2019abilit\u00e0 della classe politica, la Romania ottenne, un anno pi\u00f9 tardi, il riconoscimento internazionale dei suoi confini al Congresso di Pace di Parigi. Diventato, dopo il crollo del comunismo, nel 1989, Festa Nazionale della Romania, il 1 dicembre \u00e8 il momento privilegiato di solidariet\u00e0 nazionale.<\/p>\n<p>&#13;<br \/>\n&#13;<\/p>\n<p>&#13;<br \/>\n&#13;<\/p>\n<p>Quest\u2019anno, la Festa Nazionale \u00e8 celebrata a Bucarest e in diverse citt\u00e0 del Paese con una serie di eventi culturali, artistici e culinari. L\u2019apice delle celebrazioni sar\u00e0 la tradizionale sfilata delle truppe militari a Bucarest. Trenta aerei sorvoleranno il cielo e oltre 2000 militari del Ministero della Difesa e dell\u2019Interno, dell\u2019Intelligence romena e del Servizio di Protezione e Guardia sfileranno accanto alle macchine da guerra delle Forze Terrestri e Aeree. Come novit\u00e0, quest\u2019anno sono invitati a sfilare anche militari degli eserciti degli stati amici, membri della Nato e dell\u2019Ue. Circa 140 militari americani, francesi, polacchi e turchi prenderanno parte alla sfilata, che si preannuncia la pi\u00f9 grandiosa degli ultimi 20\u2019anni. La Festa Nazionale \u00e8 celebrata anche nei teatri operativi in cui sono impegnati i militari romeni in missioni internazionali e dai romeni che vivono all\u2019estero. Sono previsti concerti di musica classica, di jazz, mostre, spettacoli teatrali, proiezioni di film e ricevimenti, tutti organizzati dalle 147 missioni diplomatiche romene.<\/p>\n<p>&#13;<br \/>\n&#13;<\/p>\n<p>&#13;<br \/>\n&#13;<\/p>\n<p>Il 30 novembre viene festeggiata anche la \u201cGiornata dei romeni nel mondo\u201d, occasione in cui le citt\u00e0 di Alba Iulia e Zlatna (nel centro della Romania) ospitano il Convegno della Spiritualit\u00e0 Romena, volto a rafforzare i legami tra i romeni nel mondo con la madre patria. Lungo le 17 edizioni, al convegno hanno partecipato oltre 6000 romeni da 46 Paesi.<\/p>\n<p>&#13;<\/p>\n","protected":false},"excerpt":{"rendered":"<p>Il 1 dicembre del 1918 rappresenta il pi\u00f9 importante momento della storia della Romania, segnando il compimento dell\u2019unit\u00e0 nazionale. L\u2019unificazione della Transilvania, del Banato, della Bucovina e Bessarabia con il Vecchio Regno di Romania ad Alba Iulia, nel centro del Paese, \u00e8 stata una conseguenza logica della lotta dei romeni per l\u2019unit\u00e0 nazionale. La riunificazione [&hellip;]<\/p>\n","protected":false},"author":106,"featured_media":48418,"comment_status":"closed","ping_status":"closed","sticky":false,"template":"","format":"standard","meta":{"_acf_changed":false,"footnotes":""},"categories":[99264],"tags":[],"coauthors":[],"class_list":["post-448753","post","type-post","status-publish","format-standard","has-post-thumbnail","hentry","category-in-primo-piano"],"acf":[],"yoast_head":"<!-- This site is optimized with the Yoast SEO plugin v27.5 - https:\/\/yoast.com\/product\/yoast-seo-wordpress\/ -->\n<title>1 dicembre: Festa Nazionale della Romania - Radio Romania Internazionale<\/title>\n<meta name=\"robots\" content=\"index, follow, max-snippet:-1, max-image-preview:large, max-video-preview:-1\" \/>\n<link rel=\"canonical\" href=\"https:\/\/www.rri.ro\/it\/news\/in-primo-piano\/1-dicembre-festa-nazionale-della-romania-id448753.html\" \/>\n<meta property=\"og:locale\" content=\"it_IT\" \/>\n<meta property=\"og:type\" content=\"article\" \/>\n<meta property=\"og:title\" content=\"1 dicembre: Festa Nazionale della Romania - Radio Romania Internazionale\" \/>\n<meta property=\"og:description\" content=\"Il 1 dicembre del 1918 rappresenta il pi\u00f9 importante momento della storia della Romania, segnando il compimento dell\u2019unit\u00e0 nazionale. L\u2019unificazione della Transilvania, del Banato, della Bucovina e Bessarabia con il Vecchio Regno di Romania ad Alba Iulia, nel centro del Paese, \u00e8 stata una conseguenza logica della lotta dei romeni per l\u2019unit\u00e0 nazionale. La riunificazione [&hellip;]\" \/>\n<meta property=\"og:url\" content=\"https:\/\/www.rri.ro\/it\/news\/in-primo-piano\/1-dicembre-festa-nazionale-della-romania-id448753.html\" \/>\n<meta property=\"og:site_name\" content=\"Radio Romania Internazionale\" \/>\n<meta property=\"article:published_time\" content=\"2013-11-29T11:21:00+00:00\" \/>\n<meta property=\"og:image\" content=\"https:\/\/www.rri.ro\/wp-content\/uploads\/2023\/10\/parada-1-dec.png\" \/>\n\t<meta property=\"og:image:width\" content=\"950\" \/>\n\t<meta property=\"og:image:height\" content=\"712\" \/>\n\t<meta property=\"og:image:type\" content=\"image\/png\" \/>\n<meta name=\"author\" content=\"Mihai Pelin\" \/>\n<meta name=\"twitter:card\" content=\"summary_large_image\" \/>\n<meta name=\"twitter:label1\" content=\"Scritto da\" \/>\n\t<meta name=\"twitter:data1\" content=\"Mihai Pelin\" \/>\n\t<meta name=\"twitter:label2\" content=\"Tempo di lettura stimato\" \/>\n\t<meta name=\"twitter:data2\" content=\"2 minuti\" \/>\n<script type=\"application\/ld+json\" class=\"yoast-schema-graph\">{\"@context\":\"https:\\\/\\\/schema.org\",\"@graph\":[{\"@type\":\"Article\",\"@id\":\"https:\\\/\\\/www.rri.ro\\\/it\\\/news\\\/in-primo-piano\\\/1-dicembre-festa-nazionale-della-romania-id448753.html#article\",\"isPartOf\":{\"@id\":\"https:\\\/\\\/www.rri.ro\\\/it\\\/news\\\/in-primo-piano\\\/1-dicembre-festa-nazionale-della-romania-id448753.html\"},\"author\":{\"name\":\"Mihai Pelin\",\"@id\":\"https:\\\/\\\/www.rri.ro\\\/#\\\/schema\\\/person\\\/c6036c822534c855dc3aad41a484f05d\"},\"headline\":\"1 dicembre: Festa Nazionale della Romania\",\"datePublished\":\"2013-11-29T11:21:00+00:00\",\"mainEntityOfPage\":{\"@id\":\"https:\\\/\\\/www.rri.ro\\\/it\\\/news\\\/in-primo-piano\\\/1-dicembre-festa-nazionale-della-romania-id448753.html\"},\"wordCount\":374,\"image\":{\"@id\":\"https:\\\/\\\/www.rri.ro\\\/it\\\/news\\\/in-primo-piano\\\/1-dicembre-festa-nazionale-della-romania-id448753.html#primaryimage\"},\"thumbnailUrl\":\"https:\\\/\\\/www.rri.ro\\\/wp-content\\\/uploads\\\/2023\\\/10\\\/parada-1-dec.png\",\"articleSection\":[\"In primo piano\"],\"inLanguage\":\"it-IT\"},{\"@type\":\"WebPage\",\"@id\":\"https:\\\/\\\/www.rri.ro\\\/it\\\/news\\\/in-primo-piano\\\/1-dicembre-festa-nazionale-della-romania-id448753.html\",\"url\":\"https:\\\/\\\/www.rri.ro\\\/it\\\/news\\\/in-primo-piano\\\/1-dicembre-festa-nazionale-della-romania-id448753.html\",\"name\":\"1 dicembre: Festa Nazionale della Romania - Radio Romania Internazionale\",\"isPartOf\":{\"@id\":\"https:\\\/\\\/www.rri.ro\\\/#website\"},\"primaryImageOfPage\":{\"@id\":\"https:\\\/\\\/www.rri.ro\\\/it\\\/news\\\/in-primo-piano\\\/1-dicembre-festa-nazionale-della-romania-id448753.html#primaryimage\"},\"image\":{\"@id\":\"https:\\\/\\\/www.rri.ro\\\/it\\\/news\\\/in-primo-piano\\\/1-dicembre-festa-nazionale-della-romania-id448753.html#primaryimage\"},\"thumbnailUrl\":\"https:\\\/\\\/www.rri.ro\\\/wp-content\\\/uploads\\\/2023\\\/10\\\/parada-1-dec.png\",\"datePublished\":\"2013-11-29T11:21:00+00:00\",\"author\":{\"@id\":\"https:\\\/\\\/www.rri.ro\\\/#\\\/schema\\\/person\\\/c6036c822534c855dc3aad41a484f05d\"},\"breadcrumb\":{\"@id\":\"https:\\\/\\\/www.rri.ro\\\/it\\\/news\\\/in-primo-piano\\\/1-dicembre-festa-nazionale-della-romania-id448753.html#breadcrumb\"},\"inLanguage\":\"it-IT\",\"potentialAction\":[{\"@type\":\"ReadAction\",\"target\":[\"https:\\\/\\\/www.rri.ro\\\/it\\\/news\\\/in-primo-piano\\\/1-dicembre-festa-nazionale-della-romania-id448753.html\"]}]},{\"@type\":\"ImageObject\",\"inLanguage\":\"it-IT\",\"@id\":\"https:\\\/\\\/www.rri.ro\\\/it\\\/news\\\/in-primo-piano\\\/1-dicembre-festa-nazionale-della-romania-id448753.html#primaryimage\",\"url\":\"https:\\\/\\\/www.rri.ro\\\/wp-content\\\/uploads\\\/2023\\\/10\\\/parada-1-dec.png\",\"contentUrl\":\"https:\\\/\\\/www.rri.ro\\\/wp-content\\\/uploads\\\/2023\\\/10\\\/parada-1-dec.png\",\"width\":950,\"height\":712},{\"@type\":\"BreadcrumbList\",\"@id\":\"https:\\\/\\\/www.rri.ro\\\/it\\\/news\\\/in-primo-piano\\\/1-dicembre-festa-nazionale-della-romania-id448753.html#breadcrumb\",\"itemListElement\":[{\"@type\":\"ListItem\",\"position\":1,\"name\":\"Pagina iniziale\",\"item\":\"https:\\\/\\\/www.rri.ro\\\/it\"},{\"@type\":\"ListItem\",\"position\":2,\"name\":\"News\",\"item\":\"https:\\\/\\\/www.rri.ro\\\/it\\\/news\"},{\"@type\":\"ListItem\",\"position\":3,\"name\":\"In primo piano\",\"item\":\"https:\\\/\\\/www.rri.ro\\\/it\\\/news\\\/in-primo-piano\"},{\"@type\":\"ListItem\",\"position\":4,\"name\":\"1 dicembre: Festa Nazionale della Romania\"}]},{\"@type\":\"WebSite\",\"@id\":\"https:\\\/\\\/www.rri.ro\\\/#website\",\"url\":\"https:\\\/\\\/www.rri.ro\\\/\",\"name\":\"Radio Romania Internazionale\",\"description\":\"Totul despre Rom\u00e2nia \u015fi rom\u00e2ni, \u00een 13 limbi\\\/dialecte!\",\"inLanguage\":\"it-IT\"},{\"@type\":\"Person\",\"@id\":\"https:\\\/\\\/www.rri.ro\\\/#\\\/schema\\\/person\\\/c6036c822534c855dc3aad41a484f05d\",\"name\":\"Mihai Pelin\",\"url\":\"https:\\\/\\\/www.rri.ro\\\/it\\\/author\\\/mihai-pelin\"}]}<\/script>\n<!-- \/ Yoast SEO plugin. -->","yoast_head_json":{"title":"1 dicembre: Festa Nazionale della Romania - Radio Romania Internazionale","robots":{"index":"index","follow":"follow","max-snippet":"max-snippet:-1","max-image-preview":"max-image-preview:large","max-video-preview":"max-video-preview:-1"},"canonical":"https:\/\/www.rri.ro\/it\/news\/in-primo-piano\/1-dicembre-festa-nazionale-della-romania-id448753.html","og_locale":"it_IT","og_type":"article","og_title":"1 dicembre: Festa Nazionale della Romania - Radio Romania Internazionale","og_description":"Il 1 dicembre del 1918 rappresenta il pi\u00f9 importante momento della storia della Romania, segnando il compimento dell\u2019unit\u00e0 nazionale. L\u2019unificazione della Transilvania, del Banato, della Bucovina e Bessarabia con il Vecchio Regno di Romania ad Alba Iulia, nel centro del Paese, \u00e8 stata una conseguenza logica della lotta dei romeni per l\u2019unit\u00e0 nazionale. La riunificazione [&hellip;]","og_url":"https:\/\/www.rri.ro\/it\/news\/in-primo-piano\/1-dicembre-festa-nazionale-della-romania-id448753.html","og_site_name":"Radio Romania Internazionale","article_published_time":"2013-11-29T11:21:00+00:00","og_image":[{"width":950,"height":712,"url":"https:\/\/www.rri.ro\/wp-content\/uploads\/2023\/10\/parada-1-dec.png","type":"image\/png"}],"author":"Mihai Pelin","twitter_card":"summary_large_image","twitter_misc":{"Scritto da":"Mihai Pelin","Tempo di lettura stimato":"2 minuti"},"schema":{"@context":"https:\/\/schema.org","@graph":[{"@type":"Article","@id":"https:\/\/www.rri.ro\/it\/news\/in-primo-piano\/1-dicembre-festa-nazionale-della-romania-id448753.html#article","isPartOf":{"@id":"https:\/\/www.rri.ro\/it\/news\/in-primo-piano\/1-dicembre-festa-nazionale-della-romania-id448753.html"},"author":{"name":"Mihai Pelin","@id":"https:\/\/www.rri.ro\/#\/schema\/person\/c6036c822534c855dc3aad41a484f05d"},"headline":"1 dicembre: Festa Nazionale della Romania","datePublished":"2013-11-29T11:21:00+00:00","mainEntityOfPage":{"@id":"https:\/\/www.rri.ro\/it\/news\/in-primo-piano\/1-dicembre-festa-nazionale-della-romania-id448753.html"},"wordCount":374,"image":{"@id":"https:\/\/www.rri.ro\/it\/news\/in-primo-piano\/1-dicembre-festa-nazionale-della-romania-id448753.html#primaryimage"},"thumbnailUrl":"https:\/\/www.rri.ro\/wp-content\/uploads\/2023\/10\/parada-1-dec.png","articleSection":["In primo piano"],"inLanguage":"it-IT"},{"@type":"WebPage","@id":"https:\/\/www.rri.ro\/it\/news\/in-primo-piano\/1-dicembre-festa-nazionale-della-romania-id448753.html","url":"https:\/\/www.rri.ro\/it\/news\/in-primo-piano\/1-dicembre-festa-nazionale-della-romania-id448753.html","name":"1 dicembre: Festa Nazionale della Romania - Radio Romania Internazionale","isPartOf":{"@id":"https:\/\/www.rri.ro\/#website"},"primaryImageOfPage":{"@id":"https:\/\/www.rri.ro\/it\/news\/in-primo-piano\/1-dicembre-festa-nazionale-della-romania-id448753.html#primaryimage"},"image":{"@id":"https:\/\/www.rri.ro\/it\/news\/in-primo-piano\/1-dicembre-festa-nazionale-della-romania-id448753.html#primaryimage"},"thumbnailUrl":"https:\/\/www.rri.ro\/wp-content\/uploads\/2023\/10\/parada-1-dec.png","datePublished":"2013-11-29T11:21:00+00:00","author":{"@id":"https:\/\/www.rri.ro\/#\/schema\/person\/c6036c822534c855dc3aad41a484f05d"},"breadcrumb":{"@id":"https:\/\/www.rri.ro\/it\/news\/in-primo-piano\/1-dicembre-festa-nazionale-della-romania-id448753.html#breadcrumb"},"inLanguage":"it-IT","potentialAction":[{"@type":"ReadAction","target":["https:\/\/www.rri.ro\/it\/news\/in-primo-piano\/1-dicembre-festa-nazionale-della-romania-id448753.html"]}]},{"@type":"ImageObject","inLanguage":"it-IT","@id":"https:\/\/www.rri.ro\/it\/news\/in-primo-piano\/1-dicembre-festa-nazionale-della-romania-id448753.html#primaryimage","url":"https:\/\/www.rri.ro\/wp-content\/uploads\/2023\/10\/parada-1-dec.png","contentUrl":"https:\/\/www.rri.ro\/wp-content\/uploads\/2023\/10\/parada-1-dec.png","width":950,"height":712},{"@type":"BreadcrumbList","@id":"https:\/\/www.rri.ro\/it\/news\/in-primo-piano\/1-dicembre-festa-nazionale-della-romania-id448753.html#breadcrumb","itemListElement":[{"@type":"ListItem","position":1,"name":"Pagina iniziale","item":"https:\/\/www.rri.ro\/it"},{"@type":"ListItem","position":2,"name":"News","item":"https:\/\/www.rri.ro\/it\/news"},{"@type":"ListItem","position":3,"name":"In primo piano","item":"https:\/\/www.rri.ro\/it\/news\/in-primo-piano"},{"@type":"ListItem","position":4,"name":"1 dicembre: Festa Nazionale della Romania"}]},{"@type":"WebSite","@id":"https:\/\/www.rri.ro\/#website","url":"https:\/\/www.rri.ro\/","name":"Radio Romania Internazionale","description":"Totul despre Rom\u00e2nia \u015fi rom\u00e2ni, \u00een 13 limbi\/dialecte!","inLanguage":"it-IT"},{"@type":"Person","@id":"https:\/\/www.rri.ro\/#\/schema\/person\/c6036c822534c855dc3aad41a484f05d","name":"Mihai Pelin","url":"https:\/\/www.rri.ro\/it\/author\/mihai-pelin"}]}},"_links":{"self":[{"href":"https:\/\/www.rri.ro\/it\/wp-json\/wp\/v2\/posts\/448753","targetHints":{"allow":["GET"]}}],"collection":[{"href":"https:\/\/www.rri.ro\/it\/wp-json\/wp\/v2\/posts"}],"about":[{"href":"https:\/\/www.rri.ro\/it\/wp-json\/wp\/v2\/types\/post"}],"author":[{"embeddable":true,"href":"https:\/\/www.rri.ro\/it\/wp-json\/wp\/v2\/users\/106"}],"replies":[{"embeddable":true,"href":"https:\/\/www.rri.ro\/it\/wp-json\/wp\/v2\/comments?post=448753"}],"version-history":[{"count":0,"href":"https:\/\/www.rri.ro\/it\/wp-json\/wp\/v2\/posts\/448753\/revisions"}],"wp:featuredmedia":[{"embeddable":true,"href":"https:\/\/www.rri.ro\/it\/wp-json\/wp\/v2\/media\/48418"}],"wp:attachment":[{"href":"https:\/\/www.rri.ro\/it\/wp-json\/wp\/v2\/media?parent=448753"}],"wp:term":[{"taxonomy":"category","embeddable":true,"href":"https:\/\/www.rri.ro\/it\/wp-json\/wp\/v2\/categories?post=448753"},{"taxonomy":"post_tag","embeddable":true,"href":"https:\/\/www.rri.ro\/it\/wp-json\/wp\/v2\/tags?post=448753"},{"taxonomy":"author","embeddable":true,"href":"https:\/\/www.rri.ro\/it\/wp-json\/wp\/v2\/coauthors?post=448753"}],"curies":[{"name":"wp","href":"https:\/\/api.w.org\/{rel}","templated":true}]}}