{"id":806862,"date":"2024-09-14T18:57:56","date_gmt":"2024-09-14T15:57:56","guid":{"rendered":"https:\/\/www.rri.ro\/?p=806862"},"modified":"2024-09-14T20:01:14","modified_gmt":"2024-09-14T17:01:14","slug":"14-09-2024-aggiornamento","status":"publish","type":"post","link":"https:\/\/www.rri.ro\/it\/news\/topnews\/14-09-2024-aggiornamento-id806862.html","title":{"rendered":"14.09.2024 (aggiornamento)"},"content":{"rendered":"<p>Difesa &#8211; Il Dipartimento di Stato americano ha annunciato l&#8217;approvazione della vendita alla Romania di 32 aerei F-35A Lightning II, nonch\u00e9 di motori e altre attrezzature, per un contratto stimato a circa sette miliardi di dollari, ha riferito il Pentagono. A Bucarest, il Ministero della Difesa ha accolto con favore questa decisione e ha precisato che, oltre agli aerei, la prima fase del programma di dotazione comprende, tra l\u2019altro, anche il supporto logistico iniziale, servizi di addestramento, simulatori di volo, nonch\u00e9 munizioni aria-aria e terra-terra, conformemente alla previa approvazione del Parlamento romeno. Il programma di acquisizione comprende anche un pacchetto di cooperazione industriale. &#8220;La Romania \u00e8 un alleato chiave della NATO nel promuovere la sicurezza e la stabilit\u00e0 nella regione del Mar Nero e non solo. Gli aerei F-35 forniranno alla Romania capacit\u00e0 di difesa aerea impareggiabili e aumenteranno l&#8217;interoperabilit\u00e0 tra le forze aeree della NATO&#8221;, ha dichiarato l&#8217;ambasciatrice degli USA a Bucarest, Kathleen Kavalec. Fino all\u2019arrivo degli aerei, la Romania avr\u00e0, a partire dalla fine del prossimo anno, tre squadroni completi di F-16 Fighting Falcon a seguito dell&#8217;acquisto in corso di 32 aerei norvegesi di questo tipo, di cui i 9 gi\u00e0 arrivati in Romania sono schierati a C\u00e2mpia Turzii (centro).<\/p>\n<p>Inondazioni &#8211; Pi\u00f9 di 5.000 abitazioni in diverse localit\u00e0 della provincia di Gala\u0163i (Romania orientale) sono state colpite dalle inondazioni, ha annunciato oggi l&#8217;Ispettorato Generale per le Situazioni di Emergenza. Almeno quattro persone sono morte e diverse centinaia sono state evacuate. Anche nella provincia di Vaslui (est) si sono verificate inondazioni in diverse localit\u00e0, decine di persone sono state evacuate e diverse abitazioni sono state colpite dall&#8217;acqua. In alcune province dell\u2019est il traffico stradale e ferroviario ha subito dei disagi, e l\u2019erogazione di energia elettrica \u00e8 stata interrotta. Secondo l&#8217;Ispettorato Generale per le Situazioni di Emergenza, nelle province colpite dalle inondazioni agiscono vigili del fuoco, poliziotti, gendarmi e mezzi di intervento. Le autorit\u00e0 hanno annunciato che saranno allestiti campi per i cittadini evacuati a causa delle alluvioni. Il Governo ha precisato che gli abitanti delle zone alluvionate nella provincia di Gala\u0163i, la pi\u00f9 colpita dal maltempo, riceveranno acqua e alimenti di prima necessit\u00e0 per un periodo di sette giorni. Il presidente Klaus Iohannis ha dichiarato di essere in contatto permanente con i responsabili degli interventi nelle zone alluvionate del Paese per assicurarsi che i disastrati ricevano il prima possibile l&#8217;assistenza necessaria, vitto, alloggio e cure mediche. Da parte sua, il primo ministro Marcel Ciolacu ha annunciato che la priorit\u00e0, in questo periodo, \u00e8 salvare vite umane nelle zone pesantemente colpite dalle inondazioni nelle province di Gala\u0163i e Vaslui. Accompagnato dal ministro della Difesa, Angel T\u00eelv\u0103r, dal ministro degli Interni, C\u0103t\u0103lin Predoiu, dal ministro dell\u2019Ambiente, Mircea Fechet, e dal capo del Dipartimento per le Situazioni di Emergenza, Raed Arafat, il premier si \u00e8 recato nelle localit\u00e0 colpite per valutare gli effetti delle forti alluvioni delle ultime ore.<\/p>\n<p>Meteo &#8211; In Romania le temperature saranno inferiori alla norma per questo periodo, soprattutto nell\u2019ovest, nel sud-ovest e nel centro. Il cielo sar\u00e0 nuvoloso e piover\u00e0 quasi ininterrottamente nella met\u00e0 sud-occidentale del Paese, dove, a causa degli accumuli, le quantit\u00e0 d&#8217;acqua saranno di 20&#8230;25 l\/mq e isolatamente superiori a 30 l\/mq. Localmente nel nord e nel nord-est, la quantit\u00e0 di acqua superer\u00e0 i 25 l\/mq. Ad altitudini superiori ai 2000 metri e nella parte occidentale dei Carpazi meridionali sono possibili nevischio e neve. Le temperature massime saranno generalmente comprese tra 12 e 22 gradi, e quelle minime tra 6 e 16 gradi. Dopo che oggi la met\u00e0 settentrionale del paese era sotto codice giallo e arancione di piogge quantitativamente significative, un\u2019allerta gialla di piogge interessa quattro province occidentali fino a domenica sera.<\/p>\n<p>Maltempo &#8211; Le forti piogge hanno creato dei disagi anche nella Repubblica di Moldova, in diversi rioni vicini al confine con la Romania, ma anche a Chi\u015fin\u0103u. Nella capitale, diverse strade principali del centro sono state allagate, costringendo le autorit\u00e0 a sospendere la circolazione di alcune linee di trasporto pubblico. Problemi anche in altri stati dell&#8217;Europa centro-orientale, dopo giorni di piogge abbondanti. A Praga, colpita da una catastrofica inondazione nel 2002, sono state erette barriere contro le alluvioni. Anche a Bratislava c\u2019\u00e8 stato di emergenza a seguito delle forti piogge. In Polonia, a causa dello straripamento di un fiume, le autorit\u00e0 hanno deciso di chiudere un valico di frontiera con la Repubblica Ceca e su pi\u00f9 strade nazionali non \u00e8 possibile circolare. In Austria si sono verificate forti raffiche di vento, fino a 146 chilometri orari, mentre al nord la quantit\u00e0 d&#8217;acqua ha raggiunto persino i 170 litri\/ mq.<\/p>\n<p>Gas &#8211; La Romania ha riempito i suoi depositi di gas naturale, e le scorte di carbone e il livello di riempimento dei bacini rientrano nel grafico. E\u2019 la conclusione della riunione del Comando Energetico Nazionale, convocata ieri dal competente ministro, Sebastian Burduja, il quale ha precisato che il problema consiste nella grande fluttuazione dei prezzi dell&#8217;energia a breve termine, e una delle cause \u00e8 la mancanza di interconnettivit\u00e0 tra l\u2019Austria e l\u2019Ungheria. I ministri dell&#8217;Energia di Romania, Bulgaria e Grecia presenteranno tra circa 10 giorni al Consiglio dei ministri dell&#8217;Unione Europea, un piano preliminare per accelerare gli investimenti nelle interconnessioni, in modo che quando l&#8217;energia sar\u00e0 pi\u00f9 economica in una zona d&#8217;Europa, l&#8217;altra possa beneficiare di prezzi simili. La Romania rimane il secondo grande produttore di gas nell\u2019UE.<\/p>\n<p>Debito estero &#8211; Il debito estero della Romania \u00e8 aumentato nei primi sette mesi dell&#8217;anno di oltre 10 miliardi di euro, fino a 180 miliardi di euro, rispetto allo stesso periodo del 2023, annuncia la Banca Centrale. La maggior parte di questo denaro \u00e8 rappresentata dal debito estero a lungo termine, in aumento di oltre l\u20198%. I dati della Banca Centrale di Romania indicano inoltre che, nello stesso periodo, anche il deficit di conto corrente \u00e8 aumentato di quasi il 34%, mentre sono diminuiti gli investimenti diretti esteri. La Banca Centrale ha rivisto al ribasso al 4%, dal precedente 4,9%, la previsione di inflazione per la fine del 2024 e stima il 3,4% per la fine del 2025.<\/p>\n<p>&nbsp;<\/p>\n<p>&nbsp;<\/p>\n","protected":false},"excerpt":{"rendered":"<p>Difesa &#8211; Il Dipartimento di Stato americano ha annunciato l&#8217;approvazione della vendita alla Romania di 32 aerei F-35A Lightning II, nonch\u00e9 di motori e altre attrezzature, per un contratto stimato a circa sette miliardi di dollari, ha riferito il Pentagono. A Bucarest, il Ministero della Difesa ha accolto con favore questa decisione e ha precisato [&hellip;]<\/p>\n","protected":false},"author":113,"featured_media":723460,"comment_status":"closed","ping_status":"closed","sticky":false,"template":"","format":"standard","meta":{"_acf_changed":false,"footnotes":""},"categories":[98934],"tags":[154612,99251,148263,154605,99177,153778,137197,148609],"coauthors":[116091],"class_list":["post-806862","post","type-post","status-publish","format-standard","has-post-thumbnail","hentry","category-topnews","tag-aerei-f35","tag-difesa","tag-energia-it","tag-gas-it","tag-governo","tag-inondazioni","tag-romania-it","tag-usa-it"],"acf":[],"yoast_head":"<!-- This site is optimized with the Yoast SEO plugin v27.5 - https:\/\/yoast.com\/product\/yoast-seo-wordpress\/ -->\n<title>14.09.2024 (aggiornamento) - Radio Romania Internazionale<\/title>\n<meta name=\"robots\" content=\"index, follow, max-snippet:-1, max-image-preview:large, max-video-preview:-1\" \/>\n<link rel=\"canonical\" href=\"https:\/\/www.rri.ro\/it\/news\/topnews\/14-09-2024-aggiornamento-id806862.html\" \/>\n<meta property=\"og:locale\" content=\"it_IT\" \/>\n<meta property=\"og:type\" content=\"article\" \/>\n<meta property=\"og:title\" content=\"14.09.2024 (aggiornamento) - Radio Romania Internazionale\" \/>\n<meta property=\"og:description\" content=\"Difesa &#8211; Il Dipartimento di Stato americano ha annunciato l&#8217;approvazione della vendita alla Romania di 32 aerei F-35A Lightning II, nonch\u00e9 di motori e altre attrezzature, per un contratto stimato a circa sette miliardi di dollari, ha riferito il Pentagono. A Bucarest, il Ministero della Difesa ha accolto con favore questa decisione e ha precisato [&hellip;]\" \/>\n<meta property=\"og:url\" content=\"https:\/\/www.rri.ro\/it\/news\/topnews\/14-09-2024-aggiornamento-id806862.html\" \/>\n<meta property=\"og:site_name\" content=\"Radio Romania Internazionale\" \/>\n<meta property=\"article:published_time\" content=\"2024-09-14T15:57:56+00:00\" \/>\n<meta property=\"article:modified_time\" content=\"2024-09-14T17:01:14+00:00\" \/>\n<meta property=\"og:image\" content=\"https:\/\/www.rri.ro\/wp-content\/uploads\/2024\/03\/RRI-960x540-Topnews-2-NOU.jpg\" \/>\n\t<meta property=\"og:image:width\" content=\"960\" \/>\n\t<meta property=\"og:image:height\" content=\"540\" \/>\n\t<meta property=\"og:image:type\" content=\"image\/jpeg\" \/>\n<meta name=\"author\" content=\"Newsroom\" \/>\n<meta name=\"twitter:card\" content=\"summary_large_image\" \/>\n<meta name=\"twitter:label1\" content=\"Scritto da\" \/>\n\t<meta name=\"twitter:data1\" content=\"Newsroom\" \/>\n\t<meta name=\"twitter:label2\" content=\"Tempo di lettura stimato\" \/>\n\t<meta name=\"twitter:data2\" content=\"5 minuti\" \/>\n<script type=\"application\/ld+json\" class=\"yoast-schema-graph\">{\"@context\":\"https:\\\/\\\/schema.org\",\"@graph\":[{\"@type\":\"Article\",\"@id\":\"https:\\\/\\\/www.rri.ro\\\/it\\\/news\\\/topnews\\\/14-09-2024-aggiornamento-id806862.html#article\",\"isPartOf\":{\"@id\":\"https:\\\/\\\/www.rri.ro\\\/it\\\/news\\\/topnews\\\/14-09-2024-aggiornamento-id806862.html\"},\"author\":{\"name\":\"Newsroom\",\"@id\":\"https:\\\/\\\/www.rri.ro\\\/#\\\/schema\\\/person\\\/4a479940371b9fdefd194f561e8a7f88\"},\"headline\":\"14.09.2024 (aggiornamento)\",\"datePublished\":\"2024-09-14T15:57:56+00:00\",\"dateModified\":\"2024-09-14T17:01:14+00:00\",\"mainEntityOfPage\":{\"@id\":\"https:\\\/\\\/www.rri.ro\\\/it\\\/news\\\/topnews\\\/14-09-2024-aggiornamento-id806862.html\"},\"wordCount\":1017,\"image\":{\"@id\":\"https:\\\/\\\/www.rri.ro\\\/it\\\/news\\\/topnews\\\/14-09-2024-aggiornamento-id806862.html#primaryimage\"},\"thumbnailUrl\":\"https:\\\/\\\/www.rri.ro\\\/wp-content\\\/uploads\\\/2024\\\/03\\\/RRI-960x540-Topnews-2-NOU.jpg\",\"keywords\":[\"aerei F35\",\"difesa\",\"energia\",\"GAS\",\"governo\",\"inondazioni\",\"Romania\",\"usa\"],\"articleSection\":[\"Topnews\"],\"inLanguage\":\"it-IT\"},{\"@type\":\"WebPage\",\"@id\":\"https:\\\/\\\/www.rri.ro\\\/it\\\/news\\\/topnews\\\/14-09-2024-aggiornamento-id806862.html\",\"url\":\"https:\\\/\\\/www.rri.ro\\\/it\\\/news\\\/topnews\\\/14-09-2024-aggiornamento-id806862.html\",\"name\":\"14.09.2024 (aggiornamento) - Radio Romania Internazionale\",\"isPartOf\":{\"@id\":\"https:\\\/\\\/www.rri.ro\\\/#website\"},\"primaryImageOfPage\":{\"@id\":\"https:\\\/\\\/www.rri.ro\\\/it\\\/news\\\/topnews\\\/14-09-2024-aggiornamento-id806862.html#primaryimage\"},\"image\":{\"@id\":\"https:\\\/\\\/www.rri.ro\\\/it\\\/news\\\/topnews\\\/14-09-2024-aggiornamento-id806862.html#primaryimage\"},\"thumbnailUrl\":\"https:\\\/\\\/www.rri.ro\\\/wp-content\\\/uploads\\\/2024\\\/03\\\/RRI-960x540-Topnews-2-NOU.jpg\",\"datePublished\":\"2024-09-14T15:57:56+00:00\",\"dateModified\":\"2024-09-14T17:01:14+00:00\",\"author\":{\"@id\":\"https:\\\/\\\/www.rri.ro\\\/#\\\/schema\\\/person\\\/4a479940371b9fdefd194f561e8a7f88\"},\"breadcrumb\":{\"@id\":\"https:\\\/\\\/www.rri.ro\\\/it\\\/news\\\/topnews\\\/14-09-2024-aggiornamento-id806862.html#breadcrumb\"},\"inLanguage\":\"it-IT\",\"potentialAction\":[{\"@type\":\"ReadAction\",\"target\":[\"https:\\\/\\\/www.rri.ro\\\/it\\\/news\\\/topnews\\\/14-09-2024-aggiornamento-id806862.html\"]}]},{\"@type\":\"ImageObject\",\"inLanguage\":\"it-IT\",\"@id\":\"https:\\\/\\\/www.rri.ro\\\/it\\\/news\\\/topnews\\\/14-09-2024-aggiornamento-id806862.html#primaryimage\",\"url\":\"https:\\\/\\\/www.rri.ro\\\/wp-content\\\/uploads\\\/2024\\\/03\\\/RRI-960x540-Topnews-2-NOU.jpg\",\"contentUrl\":\"https:\\\/\\\/www.rri.ro\\\/wp-content\\\/uploads\\\/2024\\\/03\\\/RRI-960x540-Topnews-2-NOU.jpg\",\"width\":960,\"height\":540},{\"@type\":\"BreadcrumbList\",\"@id\":\"https:\\\/\\\/www.rri.ro\\\/it\\\/news\\\/topnews\\\/14-09-2024-aggiornamento-id806862.html#breadcrumb\",\"itemListElement\":[{\"@type\":\"ListItem\",\"position\":1,\"name\":\"Pagina iniziale\",\"item\":\"https:\\\/\\\/www.rri.ro\\\/it\"},{\"@type\":\"ListItem\",\"position\":2,\"name\":\"News\",\"item\":\"https:\\\/\\\/www.rri.ro\\\/it\\\/news\"},{\"@type\":\"ListItem\",\"position\":3,\"name\":\"Topnews\",\"item\":\"https:\\\/\\\/www.rri.ro\\\/it\\\/news\\\/topnews\"},{\"@type\":\"ListItem\",\"position\":4,\"name\":\"14.09.2024 (aggiornamento)\"}]},{\"@type\":\"WebSite\",\"@id\":\"https:\\\/\\\/www.rri.ro\\\/#website\",\"url\":\"https:\\\/\\\/www.rri.ro\\\/\",\"name\":\"Radio Romania Internazionale\",\"description\":\"Totul despre Rom\u00e2nia \u015fi rom\u00e2ni, \u00een 13 limbi\\\/dialecte!\",\"inLanguage\":\"it-IT\"},{\"@type\":\"Person\",\"@id\":\"https:\\\/\\\/www.rri.ro\\\/#\\\/schema\\\/person\\\/4a479940371b9fdefd194f561e8a7f88\",\"name\":\"Newsroom\",\"url\":\"https:\\\/\\\/www.rri.ro\\\/it\\\/author\\\/newsroom\"}]}<\/script>\n<!-- \/ Yoast SEO plugin. -->","yoast_head_json":{"title":"14.09.2024 (aggiornamento) - Radio Romania Internazionale","robots":{"index":"index","follow":"follow","max-snippet":"max-snippet:-1","max-image-preview":"max-image-preview:large","max-video-preview":"max-video-preview:-1"},"canonical":"https:\/\/www.rri.ro\/it\/news\/topnews\/14-09-2024-aggiornamento-id806862.html","og_locale":"it_IT","og_type":"article","og_title":"14.09.2024 (aggiornamento) - Radio Romania Internazionale","og_description":"Difesa &#8211; Il Dipartimento di Stato americano ha annunciato l&#8217;approvazione della vendita alla Romania di 32 aerei F-35A Lightning II, nonch\u00e9 di motori e altre attrezzature, per un contratto stimato a circa sette miliardi di dollari, ha riferito il Pentagono. A Bucarest, il Ministero della Difesa ha accolto con favore questa decisione e ha precisato [&hellip;]","og_url":"https:\/\/www.rri.ro\/it\/news\/topnews\/14-09-2024-aggiornamento-id806862.html","og_site_name":"Radio Romania Internazionale","article_published_time":"2024-09-14T15:57:56+00:00","article_modified_time":"2024-09-14T17:01:14+00:00","og_image":[{"width":960,"height":540,"url":"https:\/\/www.rri.ro\/wp-content\/uploads\/2024\/03\/RRI-960x540-Topnews-2-NOU.jpg","type":"image\/jpeg"}],"author":"Newsroom","twitter_card":"summary_large_image","twitter_misc":{"Scritto da":"Newsroom","Tempo di lettura stimato":"5 minuti"},"schema":{"@context":"https:\/\/schema.org","@graph":[{"@type":"Article","@id":"https:\/\/www.rri.ro\/it\/news\/topnews\/14-09-2024-aggiornamento-id806862.html#article","isPartOf":{"@id":"https:\/\/www.rri.ro\/it\/news\/topnews\/14-09-2024-aggiornamento-id806862.html"},"author":{"name":"Newsroom","@id":"https:\/\/www.rri.ro\/#\/schema\/person\/4a479940371b9fdefd194f561e8a7f88"},"headline":"14.09.2024 (aggiornamento)","datePublished":"2024-09-14T15:57:56+00:00","dateModified":"2024-09-14T17:01:14+00:00","mainEntityOfPage":{"@id":"https:\/\/www.rri.ro\/it\/news\/topnews\/14-09-2024-aggiornamento-id806862.html"},"wordCount":1017,"image":{"@id":"https:\/\/www.rri.ro\/it\/news\/topnews\/14-09-2024-aggiornamento-id806862.html#primaryimage"},"thumbnailUrl":"https:\/\/www.rri.ro\/wp-content\/uploads\/2024\/03\/RRI-960x540-Topnews-2-NOU.jpg","keywords":["aerei F35","difesa","energia","GAS","governo","inondazioni","Romania","usa"],"articleSection":["Topnews"],"inLanguage":"it-IT"},{"@type":"WebPage","@id":"https:\/\/www.rri.ro\/it\/news\/topnews\/14-09-2024-aggiornamento-id806862.html","url":"https:\/\/www.rri.ro\/it\/news\/topnews\/14-09-2024-aggiornamento-id806862.html","name":"14.09.2024 (aggiornamento) - Radio Romania Internazionale","isPartOf":{"@id":"https:\/\/www.rri.ro\/#website"},"primaryImageOfPage":{"@id":"https:\/\/www.rri.ro\/it\/news\/topnews\/14-09-2024-aggiornamento-id806862.html#primaryimage"},"image":{"@id":"https:\/\/www.rri.ro\/it\/news\/topnews\/14-09-2024-aggiornamento-id806862.html#primaryimage"},"thumbnailUrl":"https:\/\/www.rri.ro\/wp-content\/uploads\/2024\/03\/RRI-960x540-Topnews-2-NOU.jpg","datePublished":"2024-09-14T15:57:56+00:00","dateModified":"2024-09-14T17:01:14+00:00","author":{"@id":"https:\/\/www.rri.ro\/#\/schema\/person\/4a479940371b9fdefd194f561e8a7f88"},"breadcrumb":{"@id":"https:\/\/www.rri.ro\/it\/news\/topnews\/14-09-2024-aggiornamento-id806862.html#breadcrumb"},"inLanguage":"it-IT","potentialAction":[{"@type":"ReadAction","target":["https:\/\/www.rri.ro\/it\/news\/topnews\/14-09-2024-aggiornamento-id806862.html"]}]},{"@type":"ImageObject","inLanguage":"it-IT","@id":"https:\/\/www.rri.ro\/it\/news\/topnews\/14-09-2024-aggiornamento-id806862.html#primaryimage","url":"https:\/\/www.rri.ro\/wp-content\/uploads\/2024\/03\/RRI-960x540-Topnews-2-NOU.jpg","contentUrl":"https:\/\/www.rri.ro\/wp-content\/uploads\/2024\/03\/RRI-960x540-Topnews-2-NOU.jpg","width":960,"height":540},{"@type":"BreadcrumbList","@id":"https:\/\/www.rri.ro\/it\/news\/topnews\/14-09-2024-aggiornamento-id806862.html#breadcrumb","itemListElement":[{"@type":"ListItem","position":1,"name":"Pagina iniziale","item":"https:\/\/www.rri.ro\/it"},{"@type":"ListItem","position":2,"name":"News","item":"https:\/\/www.rri.ro\/it\/news"},{"@type":"ListItem","position":3,"name":"Topnews","item":"https:\/\/www.rri.ro\/it\/news\/topnews"},{"@type":"ListItem","position":4,"name":"14.09.2024 (aggiornamento)"}]},{"@type":"WebSite","@id":"https:\/\/www.rri.ro\/#website","url":"https:\/\/www.rri.ro\/","name":"Radio Romania Internazionale","description":"Totul despre Rom\u00e2nia \u015fi rom\u00e2ni, \u00een 13 limbi\/dialecte!","inLanguage":"it-IT"},{"@type":"Person","@id":"https:\/\/www.rri.ro\/#\/schema\/person\/4a479940371b9fdefd194f561e8a7f88","name":"Newsroom","url":"https:\/\/www.rri.ro\/it\/author\/newsroom"}]}},"_links":{"self":[{"href":"https:\/\/www.rri.ro\/it\/wp-json\/wp\/v2\/posts\/806862","targetHints":{"allow":["GET"]}}],"collection":[{"href":"https:\/\/www.rri.ro\/it\/wp-json\/wp\/v2\/posts"}],"about":[{"href":"https:\/\/www.rri.ro\/it\/wp-json\/wp\/v2\/types\/post"}],"author":[{"embeddable":true,"href":"https:\/\/www.rri.ro\/it\/wp-json\/wp\/v2\/users\/113"}],"replies":[{"embeddable":true,"href":"https:\/\/www.rri.ro\/it\/wp-json\/wp\/v2\/comments?post=806862"}],"version-history":[{"count":0,"href":"https:\/\/www.rri.ro\/it\/wp-json\/wp\/v2\/posts\/806862\/revisions"}],"wp:featuredmedia":[{"embeddable":true,"href":"https:\/\/www.rri.ro\/it\/wp-json\/wp\/v2\/media\/723460"}],"wp:attachment":[{"href":"https:\/\/www.rri.ro\/it\/wp-json\/wp\/v2\/media?parent=806862"}],"wp:term":[{"taxonomy":"category","embeddable":true,"href":"https:\/\/www.rri.ro\/it\/wp-json\/wp\/v2\/categories?post=806862"},{"taxonomy":"post_tag","embeddable":true,"href":"https:\/\/www.rri.ro\/it\/wp-json\/wp\/v2\/tags?post=806862"},{"taxonomy":"author","embeddable":true,"href":"https:\/\/www.rri.ro\/it\/wp-json\/wp\/v2\/coauthors?post=806862"}],"curies":[{"name":"wp","href":"https:\/\/api.w.org\/{rel}","templated":true}]}}