{"id":811289,"date":"2024-09-26T11:31:14","date_gmt":"2024-09-26T08:31:14","guid":{"rendered":"https:\/\/www.rri.ro\/?p=811289"},"modified":"2024-09-26T11:32:07","modified_gmt":"2024-09-26T08:32:07","slug":"prestito-per-lammodernamento-dellesercito","status":"publish","type":"post","link":"https:\/\/www.rri.ro\/it\/news\/attualita\/prestito-per-lammodernamento-dellesercito-id811289.html","title":{"rendered":"Prestito per l&#8217;ammodernamento dell&#8217;Esercito"},"content":{"rendered":"<p>La cerimonia della firma si \u00e8 svolta ieri alla sede del Governo, alla presenza del primo ministro Marcel Ciolacu e dell&#8217;ambasciatrice americana a Bucarest, Kathleen Kavalec, nonch\u00e9 del direttore dell&#8217;Agenzia di cooperazione per sicurezza e difesa, Michael Miller. 920 milioni di dollari consentiranno sia il rafforzamento della capacit\u00e0 di difesa, dotandola di tecnologie moderne, sia lo sviluppo dell&#8217;industria nazionale specializzata, ha dichiarato il premier Ciolacu, precisando che questo importante prestito dimostra, allo stesso tempo, la fiducia, ma anche lo status di cui gode la Romania nei rapporti con il suo partner strategico, gli Stati Uniti.<\/p>\n<p>&#8220;Oggi la Romania si unisce ad un gruppo molto ristretto di stati partner chiave degli Stati Uniti d&#8217;America che hanno beneficiato, finora, di questo programma sviluppato attraverso il Fondo di finanziamento degli Stati Uniti d&#8217;America, e sono lieto che utilizzeremo questi soldi sia per rafforzare la capacit\u00e0 di difesa della Romania dotandola di tecnologie moderne, sia per sviluppare l&#8217;industria della difesa locale. Svilupperemo nuove capacit\u00e0 produttive in Romania, creeremo posti di lavoro per i romeni e ridiventeremo rilevanti in termini di produzione di attrezzature militari a livello regionale. Allo stesso tempo, avremo accesso ad equipaggiamenti militari di altissimo livello, che ci aiuteranno a lavorare insieme agli Stati Uniti e ai nostri alleati della NATO per rafforzare la difesa collettiva e dissuadere le minacce alla Romania e ai paesi sul Fianco Orientale dell\u2019Alleanza\u02ba, ha dichiarato Marcel Ciolacu.<\/p>\n<p>Da parte sua, l\u2019ambasciatrice Kathleen Kavalec ha valutato che l\u2019accordo firmato \u00e8 pi\u00f9 di un accordo finanziario: rappresenta la forza e la resilienza del partenariato bilaterale, ma anche l\u2019impegno congiunto degli Stati Uniti e della Romania per garantire la pace, la stabilit\u00e0 e la sicurezza nella regione. Secondo Kathleen Kavalec, durante i 20 anni di appartenenza all&#8217;Alleanza Nord Atlantica, la Romania ha dimostrato per innumerevoli volte di essere un alleato affidabile e un pilastro di stabilit\u00e0 lungo il Fianco Orientale dell&#8217;Alleanza e nella regione del Mar Nero.<\/p>\n<p>Offrendo fondi americani, l&#8217;obiettivo di Washington \u00e8 quello di garantire che la Romania resti all&#8217;avanguardia nell&#8217;innovazione e nell&#8217;equipaggiamento militare per molti anni a venire, cosa che rafforzer\u00e0 in ugual misura anche le relazioni economiche bilaterali, ha dichiarato Kathleen Kavalec. Alla luce dell\u2019aggressione della Russia contro l\u2019Ucraina, l\u2019ambasciatrice ha ricordato la risposta esemplare della Romania, dall\u2019ospitare migliaia di rifugiati ucraini, alla facilitazione del transito di cereali e all\u2019addestramento di piloti ucraini su aerei F-16.<\/p>\n","protected":false},"excerpt":{"rendered":"<p>La cerimonia della firma si \u00e8 svolta ieri alla sede del Governo, alla presenza del primo ministro Marcel Ciolacu e dell&#8217;ambasciatrice americana a Bucarest, Kathleen Kavalec, nonch\u00e9 del direttore dell&#8217;Agenzia di cooperazione per sicurezza e difesa, Michael Miller. 920 milioni di dollari consentiranno sia il rafforzamento della capacit\u00e0 di difesa, dotandola di tecnologie moderne, sia [&hellip;]<\/p>\n","protected":false},"author":109,"featured_media":811247,"comment_status":"closed","ping_status":"closed","sticky":false,"template":"","format":"standard","meta":{"_acf_changed":false,"footnotes":""},"categories":[132228],"tags":[99251,155363,155362,148881,137197,155361],"coauthors":[115219],"class_list":["post-811289","post","type-post","status-publish","format-standard","has-post-thumbnail","hentry","category-attualita","tag-difesa","tag-esercito","tag-modernizzazione","tag-nato-it","tag-romania-it","tag-usa-accordo-di-prestito"],"acf":[],"yoast_head":"<!-- This site is optimized with the Yoast SEO plugin v27.3 - https:\/\/yoast.com\/product\/yoast-seo-wordpress\/ -->\n<title>Prestito per l&#039;ammodernamento dell&#039;Esercito - Radio Romania Internazionale<\/title>\n<meta name=\"robots\" content=\"index, follow, max-snippet:-1, max-image-preview:large, max-video-preview:-1\" \/>\n<link rel=\"canonical\" href=\"https:\/\/www.rri.ro\/it\/news\/attualita\/prestito-per-lammodernamento-dellesercito-id811289.html\" \/>\n<meta property=\"og:locale\" content=\"it_IT\" \/>\n<meta property=\"og:type\" content=\"article\" \/>\n<meta property=\"og:title\" content=\"Prestito per l&#039;ammodernamento dell&#039;Esercito - Radio Romania Internazionale\" \/>\n<meta property=\"og:description\" content=\"La cerimonia della firma si \u00e8 svolta ieri alla sede del Governo, alla presenza del primo ministro Marcel Ciolacu e dell&#8217;ambasciatrice americana a Bucarest, Kathleen Kavalec, nonch\u00e9 del direttore dell&#8217;Agenzia di cooperazione per sicurezza e difesa, Michael Miller. 920 milioni di dollari consentiranno sia il rafforzamento della capacit\u00e0 di difesa, dotandola di tecnologie moderne, sia [&hellip;]\" \/>\n<meta property=\"og:url\" content=\"https:\/\/www.rri.ro\/it\/news\/attualita\/prestito-per-lammodernamento-dellesercito-id811289.html\" \/>\n<meta property=\"og:site_name\" content=\"Radio Romania Internazionale\" \/>\n<meta property=\"article:published_time\" content=\"2024-09-26T08:31:14+00:00\" \/>\n<meta property=\"article:modified_time\" content=\"2024-09-26T08:32:07+00:00\" \/>\n<meta property=\"og:image\" content=\"https:\/\/www.rri.ro\/wp-content\/uploads\/2024\/09\/guvern-acord-imprumut-sua.jpg\" \/>\n\t<meta property=\"og:image:width\" content=\"2560\" \/>\n\t<meta property=\"og:image:height\" content=\"1439\" \/>\n\t<meta property=\"og:image:type\" content=\"image\/jpeg\" \/>\n<meta name=\"author\" content=\"Roxana Vasile\" \/>\n<meta name=\"twitter:card\" content=\"summary_large_image\" \/>\n<meta name=\"twitter:label1\" content=\"Scritto da\" \/>\n\t<meta name=\"twitter:data1\" content=\"Roxana Vasile\" \/>\n\t<meta name=\"twitter:label2\" content=\"Tempo di lettura stimato\" \/>\n\t<meta name=\"twitter:data2\" content=\"2 minuti\" \/>\n<script type=\"application\/ld+json\" class=\"yoast-schema-graph\">{\"@context\":\"https:\\\/\\\/schema.org\",\"@graph\":[{\"@type\":\"Article\",\"@id\":\"https:\\\/\\\/www.rri.ro\\\/it\\\/news\\\/attualita\\\/prestito-per-lammodernamento-dellesercito-id811289.html#article\",\"isPartOf\":{\"@id\":\"https:\\\/\\\/www.rri.ro\\\/it\\\/news\\\/attualita\\\/prestito-per-lammodernamento-dellesercito-id811289.html\"},\"author\":{\"name\":\"Roxana Vasile\",\"@id\":\"https:\\\/\\\/www.rri.ro\\\/#\\\/schema\\\/person\\\/0745b519f2d1287783422f162c4112af\"},\"headline\":\"Prestito per l&#8217;ammodernamento dell&#8217;Esercito\",\"datePublished\":\"2024-09-26T08:31:14+00:00\",\"dateModified\":\"2024-09-26T08:32:07+00:00\",\"mainEntityOfPage\":{\"@id\":\"https:\\\/\\\/www.rri.ro\\\/it\\\/news\\\/attualita\\\/prestito-per-lammodernamento-dellesercito-id811289.html\"},\"wordCount\":413,\"image\":{\"@id\":\"https:\\\/\\\/www.rri.ro\\\/it\\\/news\\\/attualita\\\/prestito-per-lammodernamento-dellesercito-id811289.html#primaryimage\"},\"thumbnailUrl\":\"https:\\\/\\\/www.rri.ro\\\/wp-content\\\/uploads\\\/2024\\\/09\\\/guvern-acord-imprumut-sua.jpg\",\"keywords\":[\"difesa\",\"esercito\",\"modernizzazione\",\"NATO\",\"Romania\",\"USA. accordo di prestito\"],\"articleSection\":[\"Attualit\u00e0\"],\"inLanguage\":\"it-IT\"},{\"@type\":\"WebPage\",\"@id\":\"https:\\\/\\\/www.rri.ro\\\/it\\\/news\\\/attualita\\\/prestito-per-lammodernamento-dellesercito-id811289.html\",\"url\":\"https:\\\/\\\/www.rri.ro\\\/it\\\/news\\\/attualita\\\/prestito-per-lammodernamento-dellesercito-id811289.html\",\"name\":\"Prestito per l'ammodernamento dell'Esercito - Radio Romania Internazionale\",\"isPartOf\":{\"@id\":\"https:\\\/\\\/www.rri.ro\\\/#website\"},\"primaryImageOfPage\":{\"@id\":\"https:\\\/\\\/www.rri.ro\\\/it\\\/news\\\/attualita\\\/prestito-per-lammodernamento-dellesercito-id811289.html#primaryimage\"},\"image\":{\"@id\":\"https:\\\/\\\/www.rri.ro\\\/it\\\/news\\\/attualita\\\/prestito-per-lammodernamento-dellesercito-id811289.html#primaryimage\"},\"thumbnailUrl\":\"https:\\\/\\\/www.rri.ro\\\/wp-content\\\/uploads\\\/2024\\\/09\\\/guvern-acord-imprumut-sua.jpg\",\"datePublished\":\"2024-09-26T08:31:14+00:00\",\"dateModified\":\"2024-09-26T08:32:07+00:00\",\"author\":{\"@id\":\"https:\\\/\\\/www.rri.ro\\\/#\\\/schema\\\/person\\\/0745b519f2d1287783422f162c4112af\"},\"breadcrumb\":{\"@id\":\"https:\\\/\\\/www.rri.ro\\\/it\\\/news\\\/attualita\\\/prestito-per-lammodernamento-dellesercito-id811289.html#breadcrumb\"},\"inLanguage\":\"it-IT\",\"potentialAction\":[{\"@type\":\"ReadAction\",\"target\":[\"https:\\\/\\\/www.rri.ro\\\/it\\\/news\\\/attualita\\\/prestito-per-lammodernamento-dellesercito-id811289.html\"]}]},{\"@type\":\"ImageObject\",\"inLanguage\":\"it-IT\",\"@id\":\"https:\\\/\\\/www.rri.ro\\\/it\\\/news\\\/attualita\\\/prestito-per-lammodernamento-dellesercito-id811289.html#primaryimage\",\"url\":\"https:\\\/\\\/www.rri.ro\\\/wp-content\\\/uploads\\\/2024\\\/09\\\/guvern-acord-imprumut-sua.jpg\",\"contentUrl\":\"https:\\\/\\\/www.rri.ro\\\/wp-content\\\/uploads\\\/2024\\\/09\\\/guvern-acord-imprumut-sua.jpg\",\"width\":2560,\"height\":1439,\"caption\":\"Accordo di prestito Romania-USA per la modernizzazione dell'Esercito romeno (foto: gov.ro)\"},{\"@type\":\"BreadcrumbList\",\"@id\":\"https:\\\/\\\/www.rri.ro\\\/it\\\/news\\\/attualita\\\/prestito-per-lammodernamento-dellesercito-id811289.html#breadcrumb\",\"itemListElement\":[{\"@type\":\"ListItem\",\"position\":1,\"name\":\"Pagina iniziale\",\"item\":\"https:\\\/\\\/www.rri.ro\\\/it\"},{\"@type\":\"ListItem\",\"position\":2,\"name\":\"News\",\"item\":\"https:\\\/\\\/www.rri.ro\\\/it\\\/news\"},{\"@type\":\"ListItem\",\"position\":3,\"name\":\"Attualit\u00e0\",\"item\":\"https:\\\/\\\/www.rri.ro\\\/it\\\/news\\\/attualita\"},{\"@type\":\"ListItem\",\"position\":4,\"name\":\"Prestito per l&#8217;ammodernamento dell&#8217;Esercito\"}]},{\"@type\":\"WebSite\",\"@id\":\"https:\\\/\\\/www.rri.ro\\\/#website\",\"url\":\"https:\\\/\\\/www.rri.ro\\\/\",\"name\":\"Radio Romania Internazionale\",\"description\":\"Totul despre Rom\u00e2nia \u015fi rom\u00e2ni, \u00een 13 limbi\\\/dialecte!\",\"inLanguage\":\"it-IT\"},{\"@type\":\"Person\",\"@id\":\"https:\\\/\\\/www.rri.ro\\\/#\\\/schema\\\/person\\\/0745b519f2d1287783422f162c4112af\",\"name\":\"Roxana Vasile\",\"url\":\"https:\\\/\\\/www.rri.ro\\\/it\\\/author\\\/roxana-vasile\"}]}<\/script>\n<!-- \/ Yoast SEO plugin. -->","yoast_head_json":{"title":"Prestito per l'ammodernamento dell'Esercito - Radio Romania Internazionale","robots":{"index":"index","follow":"follow","max-snippet":"max-snippet:-1","max-image-preview":"max-image-preview:large","max-video-preview":"max-video-preview:-1"},"canonical":"https:\/\/www.rri.ro\/it\/news\/attualita\/prestito-per-lammodernamento-dellesercito-id811289.html","og_locale":"it_IT","og_type":"article","og_title":"Prestito per l'ammodernamento dell'Esercito - Radio Romania Internazionale","og_description":"La cerimonia della firma si \u00e8 svolta ieri alla sede del Governo, alla presenza del primo ministro Marcel Ciolacu e dell&#8217;ambasciatrice americana a Bucarest, Kathleen Kavalec, nonch\u00e9 del direttore dell&#8217;Agenzia di cooperazione per sicurezza e difesa, Michael Miller. 920 milioni di dollari consentiranno sia il rafforzamento della capacit\u00e0 di difesa, dotandola di tecnologie moderne, sia [&hellip;]","og_url":"https:\/\/www.rri.ro\/it\/news\/attualita\/prestito-per-lammodernamento-dellesercito-id811289.html","og_site_name":"Radio Romania Internazionale","article_published_time":"2024-09-26T08:31:14+00:00","article_modified_time":"2024-09-26T08:32:07+00:00","og_image":[{"width":2560,"height":1439,"url":"https:\/\/www.rri.ro\/wp-content\/uploads\/2024\/09\/guvern-acord-imprumut-sua.jpg","type":"image\/jpeg"}],"author":"Roxana Vasile","twitter_card":"summary_large_image","twitter_misc":{"Scritto da":"Roxana Vasile","Tempo di lettura stimato":"2 minuti"},"schema":{"@context":"https:\/\/schema.org","@graph":[{"@type":"Article","@id":"https:\/\/www.rri.ro\/it\/news\/attualita\/prestito-per-lammodernamento-dellesercito-id811289.html#article","isPartOf":{"@id":"https:\/\/www.rri.ro\/it\/news\/attualita\/prestito-per-lammodernamento-dellesercito-id811289.html"},"author":{"name":"Roxana Vasile","@id":"https:\/\/www.rri.ro\/#\/schema\/person\/0745b519f2d1287783422f162c4112af"},"headline":"Prestito per l&#8217;ammodernamento dell&#8217;Esercito","datePublished":"2024-09-26T08:31:14+00:00","dateModified":"2024-09-26T08:32:07+00:00","mainEntityOfPage":{"@id":"https:\/\/www.rri.ro\/it\/news\/attualita\/prestito-per-lammodernamento-dellesercito-id811289.html"},"wordCount":413,"image":{"@id":"https:\/\/www.rri.ro\/it\/news\/attualita\/prestito-per-lammodernamento-dellesercito-id811289.html#primaryimage"},"thumbnailUrl":"https:\/\/www.rri.ro\/wp-content\/uploads\/2024\/09\/guvern-acord-imprumut-sua.jpg","keywords":["difesa","esercito","modernizzazione","NATO","Romania","USA. accordo di prestito"],"articleSection":["Attualit\u00e0"],"inLanguage":"it-IT"},{"@type":"WebPage","@id":"https:\/\/www.rri.ro\/it\/news\/attualita\/prestito-per-lammodernamento-dellesercito-id811289.html","url":"https:\/\/www.rri.ro\/it\/news\/attualita\/prestito-per-lammodernamento-dellesercito-id811289.html","name":"Prestito per l'ammodernamento dell'Esercito - Radio Romania Internazionale","isPartOf":{"@id":"https:\/\/www.rri.ro\/#website"},"primaryImageOfPage":{"@id":"https:\/\/www.rri.ro\/it\/news\/attualita\/prestito-per-lammodernamento-dellesercito-id811289.html#primaryimage"},"image":{"@id":"https:\/\/www.rri.ro\/it\/news\/attualita\/prestito-per-lammodernamento-dellesercito-id811289.html#primaryimage"},"thumbnailUrl":"https:\/\/www.rri.ro\/wp-content\/uploads\/2024\/09\/guvern-acord-imprumut-sua.jpg","datePublished":"2024-09-26T08:31:14+00:00","dateModified":"2024-09-26T08:32:07+00:00","author":{"@id":"https:\/\/www.rri.ro\/#\/schema\/person\/0745b519f2d1287783422f162c4112af"},"breadcrumb":{"@id":"https:\/\/www.rri.ro\/it\/news\/attualita\/prestito-per-lammodernamento-dellesercito-id811289.html#breadcrumb"},"inLanguage":"it-IT","potentialAction":[{"@type":"ReadAction","target":["https:\/\/www.rri.ro\/it\/news\/attualita\/prestito-per-lammodernamento-dellesercito-id811289.html"]}]},{"@type":"ImageObject","inLanguage":"it-IT","@id":"https:\/\/www.rri.ro\/it\/news\/attualita\/prestito-per-lammodernamento-dellesercito-id811289.html#primaryimage","url":"https:\/\/www.rri.ro\/wp-content\/uploads\/2024\/09\/guvern-acord-imprumut-sua.jpg","contentUrl":"https:\/\/www.rri.ro\/wp-content\/uploads\/2024\/09\/guvern-acord-imprumut-sua.jpg","width":2560,"height":1439,"caption":"Accordo di prestito Romania-USA per la modernizzazione dell'Esercito romeno (foto: gov.ro)"},{"@type":"BreadcrumbList","@id":"https:\/\/www.rri.ro\/it\/news\/attualita\/prestito-per-lammodernamento-dellesercito-id811289.html#breadcrumb","itemListElement":[{"@type":"ListItem","position":1,"name":"Pagina iniziale","item":"https:\/\/www.rri.ro\/it"},{"@type":"ListItem","position":2,"name":"News","item":"https:\/\/www.rri.ro\/it\/news"},{"@type":"ListItem","position":3,"name":"Attualit\u00e0","item":"https:\/\/www.rri.ro\/it\/news\/attualita"},{"@type":"ListItem","position":4,"name":"Prestito per l&#8217;ammodernamento dell&#8217;Esercito"}]},{"@type":"WebSite","@id":"https:\/\/www.rri.ro\/#website","url":"https:\/\/www.rri.ro\/","name":"Radio Romania Internazionale","description":"Totul despre Rom\u00e2nia \u015fi rom\u00e2ni, \u00een 13 limbi\/dialecte!","inLanguage":"it-IT"},{"@type":"Person","@id":"https:\/\/www.rri.ro\/#\/schema\/person\/0745b519f2d1287783422f162c4112af","name":"Roxana Vasile","url":"https:\/\/www.rri.ro\/it\/author\/roxana-vasile"}]}},"_links":{"self":[{"href":"https:\/\/www.rri.ro\/it\/wp-json\/wp\/v2\/posts\/811289","targetHints":{"allow":["GET"]}}],"collection":[{"href":"https:\/\/www.rri.ro\/it\/wp-json\/wp\/v2\/posts"}],"about":[{"href":"https:\/\/www.rri.ro\/it\/wp-json\/wp\/v2\/types\/post"}],"author":[{"embeddable":true,"href":"https:\/\/www.rri.ro\/it\/wp-json\/wp\/v2\/users\/109"}],"replies":[{"embeddable":true,"href":"https:\/\/www.rri.ro\/it\/wp-json\/wp\/v2\/comments?post=811289"}],"version-history":[{"count":0,"href":"https:\/\/www.rri.ro\/it\/wp-json\/wp\/v2\/posts\/811289\/revisions"}],"wp:featuredmedia":[{"embeddable":true,"href":"https:\/\/www.rri.ro\/it\/wp-json\/wp\/v2\/media\/811247"}],"wp:attachment":[{"href":"https:\/\/www.rri.ro\/it\/wp-json\/wp\/v2\/media?parent=811289"}],"wp:term":[{"taxonomy":"category","embeddable":true,"href":"https:\/\/www.rri.ro\/it\/wp-json\/wp\/v2\/categories?post=811289"},{"taxonomy":"post_tag","embeddable":true,"href":"https:\/\/www.rri.ro\/it\/wp-json\/wp\/v2\/tags?post=811289"},{"taxonomy":"author","embeddable":true,"href":"https:\/\/www.rri.ro\/it\/wp-json\/wp\/v2\/coauthors?post=811289"}],"curies":[{"name":"wp","href":"https:\/\/api.w.org\/{rel}","templated":true}]}}