{"id":821389,"date":"2024-10-24T11:43:37","date_gmt":"2024-10-24T08:43:37","guid":{"rendered":"https:\/\/www.rri.ro\/?p=821389"},"modified":"2024-10-24T11:43:37","modified_gmt":"2024-10-24T08:43:37","slug":"gas-per-linverno-depositi-pieni-in-romania","status":"publish","type":"post","link":"https:\/\/www.rri.ro\/it\/news\/attualita\/gas-per-linverno-depositi-pieni-in-romania-id821389.html","title":{"rendered":"Gas per l\u2019inverno, depositi pieni in Romania"},"content":{"rendered":"<p>Il ministro dell&#8217;Energia, Sebastian Burduja, ha assicurato che i depositi di gas sono strapieni e che la Romania potr\u00e0 superare l&#8217;inverno senza ricorrere alle importazioni. Il ministro ha aggiunto che il paese non importa affatto il gas russo e, quando necessario, si rivolge alla Turchia e all&#8217;Azerbaigian. La Romania, infatti, segue l\u2019andamento dell\u2019intera Unione Europea. Un rapporto della Commissione Europea indicava recentemente che la dipendenza dell\u2019Unione dal gas russo \u00e8 scesa dal 45% nel 2021 a solo il 15% nel 2023. E la tendenza al ribasso di questa dipendenza \u00e8 continuata anche quest\u2019anno.<\/p>\n<p>Per quanto riguarda la situazione nel paese, Sebastian Burduja ha spiegato a Radio Romania che &#8220;oggi abbiamo scorte di 3,280 miliardi di metri cubi di gas nei nostri depositi, il che significa un grado di riempimento del 103,29%. Disponiamo quindi di tutta la capacit\u00e0 necessaria per poter superare l&#8217;inverno senza ricorrere al gas importato. Anche in condizioni di un inverno pi\u00f9 severo, sono convinto che siamo preparati ad avere abbastanza gas e a fornirlo ai romeni&#8221;, ha detto il ministro, aggiungendo che le persone che hanno difficolt\u00e0 a pagare le bollette continueranno ad essere protette. &#8220;I romeni non dovranno temere quest&#8217;inverno n\u00e9 la paura delle bollette, n\u00e9 il freddo, n\u00e9 la temperatura. Avranno il gas e il price cap per le bollette continuer\u00e0, esattamente come lo scorso inverno&#8221;, ha aggiunto il ministro.<\/p>\n<p>Intanto, l&#8217;Associazione Energia Intelligente (AEI) ha lanciato mercoled\u00ec, in partenariato con il Ministero dell&#8217;Energia, la seconda edizione del progetto &#8220;Case riscaldate&#8221;, attraverso il quale mira a distribuire durante l\u2019inverno legna da ardere alle famiglie in difficolt\u00e0. In Romania 3,5 milioni di famiglie utilizzano la legna per il riscaldamento. A Bucarest e nella confinante provincia di Ilfov si trovano 80.000 simili case, di cui oltre 7.000 abitate da famiglie vulnerabili, secondo i dati del Registro delle case senza calore, elaborato dall&#8217;Associazione Energia Intelligente.<\/p>\n<p>Il direttore generale della Croce Rossa Romena, Adrian Halpert, ritiene che questo programma sia tanto pi\u00f9 importante in quanto i prezzi dell&#8217;energia e delle risorse energetiche sono saliti. &#8220;Il comfort energetico non deve essere un lusso per nessuno. Un minimo di comfort energetico \u00e8 una questione basilare, che tutti dobbiamo avere e che, alla fine, se non lo si ha, lede la dignit\u00e0 umana. I prezzi dell&#8217;energia hanno continuato a salire anche per le risorse, come il legno. Spero di raggiungere diverse migliaia di famiglie quest&#8217;inverno&#8221;, ha detto Adrian Halpert.<\/p>\n<p>Secondo le statistiche ufficiali, il 39% dei romeni rientra nella categoria della povert\u00e0 dal punto di vista energetico. Le autorit\u00e0 assicurano che, anche dopo il 1 aprile 2025, fino a quando sono in vigore i price cap per il gas naturale e l\u2019elettricit\u00e0, ci saranno misure di sostegno per le persone vulnerabili.<\/p>\n","protected":false},"excerpt":{"rendered":"<p>Il ministro dell&#8217;Energia, Sebastian Burduja, ha assicurato che i depositi di gas sono strapieni e che la Romania potr\u00e0 superare l&#8217;inverno senza ricorrere alle importazioni. Il ministro ha aggiunto che il paese non importa affatto il gas russo e, quando necessario, si rivolge alla Turchia e all&#8217;Azerbaigian. La Romania, infatti, segue l\u2019andamento dell\u2019intera Unione Europea. [&hellip;]<\/p>\n","protected":false},"author":107,"featured_media":821329,"comment_status":"closed","ping_status":"closed","sticky":false,"template":"","format":"standard","meta":{"_acf_changed":false,"footnotes":""},"categories":[132228],"tags":[148263,137197,157198],"coauthors":[113282],"class_list":["post-821389","post","type-post","status-publish","format-standard","has-post-thumbnail","hentry","category-attualita","tag-energia-it","tag-romania-it","tag-scorte-di-gas"],"acf":[],"yoast_head":"<!-- This site is optimized with the Yoast SEO plugin v27.5 - https:\/\/yoast.com\/product\/yoast-seo-wordpress\/ -->\n<title>Gas per l\u2019inverno, depositi pieni in Romania - Radio Romania Internazionale<\/title>\n<meta name=\"robots\" content=\"index, follow, max-snippet:-1, max-image-preview:large, max-video-preview:-1\" \/>\n<link rel=\"canonical\" href=\"https:\/\/www.rri.ro\/it\/news\/attualita\/gas-per-linverno-depositi-pieni-in-romania-id821389.html\" \/>\n<meta property=\"og:locale\" content=\"it_IT\" \/>\n<meta property=\"og:type\" content=\"article\" \/>\n<meta property=\"og:title\" content=\"Gas per l\u2019inverno, depositi pieni in Romania - Radio Romania Internazionale\" \/>\n<meta property=\"og:description\" content=\"Il ministro dell&#8217;Energia, Sebastian Burduja, ha assicurato che i depositi di gas sono strapieni e che la Romania potr\u00e0 superare l&#8217;inverno senza ricorrere alle importazioni. Il ministro ha aggiunto che il paese non importa affatto il gas russo e, quando necessario, si rivolge alla Turchia e all&#8217;Azerbaigian. La Romania, infatti, segue l\u2019andamento dell\u2019intera Unione Europea. [&hellip;]\" \/>\n<meta property=\"og:url\" content=\"https:\/\/www.rri.ro\/it\/news\/attualita\/gas-per-linverno-depositi-pieni-in-romania-id821389.html\" \/>\n<meta property=\"og:site_name\" content=\"Radio Romania Internazionale\" \/>\n<meta property=\"article:published_time\" content=\"2024-10-24T08:43:37+00:00\" \/>\n<meta property=\"og:image\" content=\"https:\/\/www.rri.ro\/wp-content\/uploads\/2024\/10\/caldura-termostat-Arthur-Lambillotte-pixabay-com.jpg\" \/>\n\t<meta property=\"og:image:width\" content=\"1200\" \/>\n\t<meta property=\"og:image:height\" content=\"808\" \/>\n\t<meta property=\"og:image:type\" content=\"image\/jpeg\" \/>\n<meta name=\"author\" content=\"Daniela Budu\" \/>\n<meta name=\"twitter:card\" content=\"summary_large_image\" \/>\n<meta name=\"twitter:label1\" content=\"Scritto da\" \/>\n\t<meta name=\"twitter:data1\" content=\"Daniela Budu\" \/>\n\t<meta name=\"twitter:label2\" content=\"Tempo di lettura stimato\" \/>\n\t<meta name=\"twitter:data2\" content=\"2 minuti\" \/>\n<script type=\"application\/ld+json\" class=\"yoast-schema-graph\">{\"@context\":\"https:\\\/\\\/schema.org\",\"@graph\":[{\"@type\":\"Article\",\"@id\":\"https:\\\/\\\/www.rri.ro\\\/it\\\/news\\\/attualita\\\/gas-per-linverno-depositi-pieni-in-romania-id821389.html#article\",\"isPartOf\":{\"@id\":\"https:\\\/\\\/www.rri.ro\\\/it\\\/news\\\/attualita\\\/gas-per-linverno-depositi-pieni-in-romania-id821389.html\"},\"author\":{\"name\":\"Daniela Budu\",\"@id\":\"https:\\\/\\\/www.rri.ro\\\/#\\\/schema\\\/person\\\/b46b8f80d7d6e4b5ac9f14f0acbad0c4\"},\"headline\":\"Gas per l\u2019inverno, depositi pieni in Romania\",\"datePublished\":\"2024-10-24T08:43:37+00:00\",\"mainEntityOfPage\":{\"@id\":\"https:\\\/\\\/www.rri.ro\\\/it\\\/news\\\/attualita\\\/gas-per-linverno-depositi-pieni-in-romania-id821389.html\"},\"wordCount\":459,\"image\":{\"@id\":\"https:\\\/\\\/www.rri.ro\\\/it\\\/news\\\/attualita\\\/gas-per-linverno-depositi-pieni-in-romania-id821389.html#primaryimage\"},\"thumbnailUrl\":\"https:\\\/\\\/www.rri.ro\\\/wp-content\\\/uploads\\\/2024\\\/10\\\/caldura-termostat-Arthur-Lambillotte-pixabay-com.jpg\",\"keywords\":[\"energia\",\"Romania\",\"scorte di gas\"],\"articleSection\":[\"Attualit\u00e0\"],\"inLanguage\":\"it-IT\"},{\"@type\":\"WebPage\",\"@id\":\"https:\\\/\\\/www.rri.ro\\\/it\\\/news\\\/attualita\\\/gas-per-linverno-depositi-pieni-in-romania-id821389.html\",\"url\":\"https:\\\/\\\/www.rri.ro\\\/it\\\/news\\\/attualita\\\/gas-per-linverno-depositi-pieni-in-romania-id821389.html\",\"name\":\"Gas per l\u2019inverno, depositi pieni in Romania - Radio Romania Internazionale\",\"isPartOf\":{\"@id\":\"https:\\\/\\\/www.rri.ro\\\/#website\"},\"primaryImageOfPage\":{\"@id\":\"https:\\\/\\\/www.rri.ro\\\/it\\\/news\\\/attualita\\\/gas-per-linverno-depositi-pieni-in-romania-id821389.html#primaryimage\"},\"image\":{\"@id\":\"https:\\\/\\\/www.rri.ro\\\/it\\\/news\\\/attualita\\\/gas-per-linverno-depositi-pieni-in-romania-id821389.html#primaryimage\"},\"thumbnailUrl\":\"https:\\\/\\\/www.rri.ro\\\/wp-content\\\/uploads\\\/2024\\\/10\\\/caldura-termostat-Arthur-Lambillotte-pixabay-com.jpg\",\"datePublished\":\"2024-10-24T08:43:37+00:00\",\"author\":{\"@id\":\"https:\\\/\\\/www.rri.ro\\\/#\\\/schema\\\/person\\\/b46b8f80d7d6e4b5ac9f14f0acbad0c4\"},\"breadcrumb\":{\"@id\":\"https:\\\/\\\/www.rri.ro\\\/it\\\/news\\\/attualita\\\/gas-per-linverno-depositi-pieni-in-romania-id821389.html#breadcrumb\"},\"inLanguage\":\"it-IT\",\"potentialAction\":[{\"@type\":\"ReadAction\",\"target\":[\"https:\\\/\\\/www.rri.ro\\\/it\\\/news\\\/attualita\\\/gas-per-linverno-depositi-pieni-in-romania-id821389.html\"]}]},{\"@type\":\"ImageObject\",\"inLanguage\":\"it-IT\",\"@id\":\"https:\\\/\\\/www.rri.ro\\\/it\\\/news\\\/attualita\\\/gas-per-linverno-depositi-pieni-in-romania-id821389.html#primaryimage\",\"url\":\"https:\\\/\\\/www.rri.ro\\\/wp-content\\\/uploads\\\/2024\\\/10\\\/caldura-termostat-Arthur-Lambillotte-pixabay-com.jpg\",\"contentUrl\":\"https:\\\/\\\/www.rri.ro\\\/wp-content\\\/uploads\\\/2024\\\/10\\\/caldura-termostat-Arthur-Lambillotte-pixabay-com.jpg\",\"width\":1200,\"height\":808,\"caption\":\"Foto: Arthur Lambillotte \\\/ pixabay.com\"},{\"@type\":\"BreadcrumbList\",\"@id\":\"https:\\\/\\\/www.rri.ro\\\/it\\\/news\\\/attualita\\\/gas-per-linverno-depositi-pieni-in-romania-id821389.html#breadcrumb\",\"itemListElement\":[{\"@type\":\"ListItem\",\"position\":1,\"name\":\"Pagina iniziale\",\"item\":\"https:\\\/\\\/www.rri.ro\\\/it\"},{\"@type\":\"ListItem\",\"position\":2,\"name\":\"News\",\"item\":\"https:\\\/\\\/www.rri.ro\\\/it\\\/news\"},{\"@type\":\"ListItem\",\"position\":3,\"name\":\"Attualit\u00e0\",\"item\":\"https:\\\/\\\/www.rri.ro\\\/it\\\/news\\\/attualita\"},{\"@type\":\"ListItem\",\"position\":4,\"name\":\"Gas per l\u2019inverno, depositi pieni in Romania\"}]},{\"@type\":\"WebSite\",\"@id\":\"https:\\\/\\\/www.rri.ro\\\/#website\",\"url\":\"https:\\\/\\\/www.rri.ro\\\/\",\"name\":\"Radio Romania Internazionale\",\"description\":\"Totul despre Rom\u00e2nia \u015fi rom\u00e2ni, \u00een 13 limbi\\\/dialecte!\",\"inLanguage\":\"it-IT\"},{\"@type\":\"Person\",\"@id\":\"https:\\\/\\\/www.rri.ro\\\/#\\\/schema\\\/person\\\/b46b8f80d7d6e4b5ac9f14f0acbad0c4\",\"name\":\"Daniela Budu\",\"url\":\"https:\\\/\\\/www.rri.ro\\\/it\\\/author\\\/daniela-budu\"}]}<\/script>\n<!-- \/ Yoast SEO plugin. -->","yoast_head_json":{"title":"Gas per l\u2019inverno, depositi pieni in Romania - Radio Romania Internazionale","robots":{"index":"index","follow":"follow","max-snippet":"max-snippet:-1","max-image-preview":"max-image-preview:large","max-video-preview":"max-video-preview:-1"},"canonical":"https:\/\/www.rri.ro\/it\/news\/attualita\/gas-per-linverno-depositi-pieni-in-romania-id821389.html","og_locale":"it_IT","og_type":"article","og_title":"Gas per l\u2019inverno, depositi pieni in Romania - Radio Romania Internazionale","og_description":"Il ministro dell&#8217;Energia, Sebastian Burduja, ha assicurato che i depositi di gas sono strapieni e che la Romania potr\u00e0 superare l&#8217;inverno senza ricorrere alle importazioni. Il ministro ha aggiunto che il paese non importa affatto il gas russo e, quando necessario, si rivolge alla Turchia e all&#8217;Azerbaigian. La Romania, infatti, segue l\u2019andamento dell\u2019intera Unione Europea. [&hellip;]","og_url":"https:\/\/www.rri.ro\/it\/news\/attualita\/gas-per-linverno-depositi-pieni-in-romania-id821389.html","og_site_name":"Radio Romania Internazionale","article_published_time":"2024-10-24T08:43:37+00:00","og_image":[{"width":1200,"height":808,"url":"https:\/\/www.rri.ro\/wp-content\/uploads\/2024\/10\/caldura-termostat-Arthur-Lambillotte-pixabay-com.jpg","type":"image\/jpeg"}],"author":"Daniela Budu","twitter_card":"summary_large_image","twitter_misc":{"Scritto da":"Daniela Budu","Tempo di lettura stimato":"2 minuti"},"schema":{"@context":"https:\/\/schema.org","@graph":[{"@type":"Article","@id":"https:\/\/www.rri.ro\/it\/news\/attualita\/gas-per-linverno-depositi-pieni-in-romania-id821389.html#article","isPartOf":{"@id":"https:\/\/www.rri.ro\/it\/news\/attualita\/gas-per-linverno-depositi-pieni-in-romania-id821389.html"},"author":{"name":"Daniela Budu","@id":"https:\/\/www.rri.ro\/#\/schema\/person\/b46b8f80d7d6e4b5ac9f14f0acbad0c4"},"headline":"Gas per l\u2019inverno, depositi pieni in Romania","datePublished":"2024-10-24T08:43:37+00:00","mainEntityOfPage":{"@id":"https:\/\/www.rri.ro\/it\/news\/attualita\/gas-per-linverno-depositi-pieni-in-romania-id821389.html"},"wordCount":459,"image":{"@id":"https:\/\/www.rri.ro\/it\/news\/attualita\/gas-per-linverno-depositi-pieni-in-romania-id821389.html#primaryimage"},"thumbnailUrl":"https:\/\/www.rri.ro\/wp-content\/uploads\/2024\/10\/caldura-termostat-Arthur-Lambillotte-pixabay-com.jpg","keywords":["energia","Romania","scorte di gas"],"articleSection":["Attualit\u00e0"],"inLanguage":"it-IT"},{"@type":"WebPage","@id":"https:\/\/www.rri.ro\/it\/news\/attualita\/gas-per-linverno-depositi-pieni-in-romania-id821389.html","url":"https:\/\/www.rri.ro\/it\/news\/attualita\/gas-per-linverno-depositi-pieni-in-romania-id821389.html","name":"Gas per l\u2019inverno, depositi pieni in Romania - Radio Romania Internazionale","isPartOf":{"@id":"https:\/\/www.rri.ro\/#website"},"primaryImageOfPage":{"@id":"https:\/\/www.rri.ro\/it\/news\/attualita\/gas-per-linverno-depositi-pieni-in-romania-id821389.html#primaryimage"},"image":{"@id":"https:\/\/www.rri.ro\/it\/news\/attualita\/gas-per-linverno-depositi-pieni-in-romania-id821389.html#primaryimage"},"thumbnailUrl":"https:\/\/www.rri.ro\/wp-content\/uploads\/2024\/10\/caldura-termostat-Arthur-Lambillotte-pixabay-com.jpg","datePublished":"2024-10-24T08:43:37+00:00","author":{"@id":"https:\/\/www.rri.ro\/#\/schema\/person\/b46b8f80d7d6e4b5ac9f14f0acbad0c4"},"breadcrumb":{"@id":"https:\/\/www.rri.ro\/it\/news\/attualita\/gas-per-linverno-depositi-pieni-in-romania-id821389.html#breadcrumb"},"inLanguage":"it-IT","potentialAction":[{"@type":"ReadAction","target":["https:\/\/www.rri.ro\/it\/news\/attualita\/gas-per-linverno-depositi-pieni-in-romania-id821389.html"]}]},{"@type":"ImageObject","inLanguage":"it-IT","@id":"https:\/\/www.rri.ro\/it\/news\/attualita\/gas-per-linverno-depositi-pieni-in-romania-id821389.html#primaryimage","url":"https:\/\/www.rri.ro\/wp-content\/uploads\/2024\/10\/caldura-termostat-Arthur-Lambillotte-pixabay-com.jpg","contentUrl":"https:\/\/www.rri.ro\/wp-content\/uploads\/2024\/10\/caldura-termostat-Arthur-Lambillotte-pixabay-com.jpg","width":1200,"height":808,"caption":"Foto: Arthur Lambillotte \/ pixabay.com"},{"@type":"BreadcrumbList","@id":"https:\/\/www.rri.ro\/it\/news\/attualita\/gas-per-linverno-depositi-pieni-in-romania-id821389.html#breadcrumb","itemListElement":[{"@type":"ListItem","position":1,"name":"Pagina iniziale","item":"https:\/\/www.rri.ro\/it"},{"@type":"ListItem","position":2,"name":"News","item":"https:\/\/www.rri.ro\/it\/news"},{"@type":"ListItem","position":3,"name":"Attualit\u00e0","item":"https:\/\/www.rri.ro\/it\/news\/attualita"},{"@type":"ListItem","position":4,"name":"Gas per l\u2019inverno, depositi pieni in Romania"}]},{"@type":"WebSite","@id":"https:\/\/www.rri.ro\/#website","url":"https:\/\/www.rri.ro\/","name":"Radio Romania Internazionale","description":"Totul despre Rom\u00e2nia \u015fi rom\u00e2ni, \u00een 13 limbi\/dialecte!","inLanguage":"it-IT"},{"@type":"Person","@id":"https:\/\/www.rri.ro\/#\/schema\/person\/b46b8f80d7d6e4b5ac9f14f0acbad0c4","name":"Daniela Budu","url":"https:\/\/www.rri.ro\/it\/author\/daniela-budu"}]}},"_links":{"self":[{"href":"https:\/\/www.rri.ro\/it\/wp-json\/wp\/v2\/posts\/821389","targetHints":{"allow":["GET"]}}],"collection":[{"href":"https:\/\/www.rri.ro\/it\/wp-json\/wp\/v2\/posts"}],"about":[{"href":"https:\/\/www.rri.ro\/it\/wp-json\/wp\/v2\/types\/post"}],"author":[{"embeddable":true,"href":"https:\/\/www.rri.ro\/it\/wp-json\/wp\/v2\/users\/107"}],"replies":[{"embeddable":true,"href":"https:\/\/www.rri.ro\/it\/wp-json\/wp\/v2\/comments?post=821389"}],"version-history":[{"count":0,"href":"https:\/\/www.rri.ro\/it\/wp-json\/wp\/v2\/posts\/821389\/revisions"}],"wp:featuredmedia":[{"embeddable":true,"href":"https:\/\/www.rri.ro\/it\/wp-json\/wp\/v2\/media\/821329"}],"wp:attachment":[{"href":"https:\/\/www.rri.ro\/it\/wp-json\/wp\/v2\/media?parent=821389"}],"wp:term":[{"taxonomy":"category","embeddable":true,"href":"https:\/\/www.rri.ro\/it\/wp-json\/wp\/v2\/categories?post=821389"},{"taxonomy":"post_tag","embeddable":true,"href":"https:\/\/www.rri.ro\/it\/wp-json\/wp\/v2\/tags?post=821389"},{"taxonomy":"author","embeddable":true,"href":"https:\/\/www.rri.ro\/it\/wp-json\/wp\/v2\/coauthors?post=821389"}],"curies":[{"name":"wp","href":"https:\/\/api.w.org\/{rel}","templated":true}]}}