{"id":833216,"date":"2024-11-22T11:27:12","date_gmt":"2024-11-22T09:27:12","guid":{"rendered":"https:\/\/www.rri.ro\/?p=833216"},"modified":"2024-11-22T11:29:10","modified_gmt":"2024-11-22T09:29:10","slug":"lanciato-programma-di-transizione-agli-aerei-f-35","status":"publish","type":"post","link":"https:\/\/www.rri.ro\/it\/news\/in-primo-piano\/lanciato-programma-di-transizione-agli-aerei-f-35-id833216.html","title":{"rendered":"Lanciato programma di transizione agli aerei F-35"},"content":{"rendered":"<p>La decisione di Bucarest di acquistare caccia F-35 rappresenta un passo importante nella modernizzazione continua delle Forze Armate Romene e contribuir\u00e0 in modo significativo alla sicurezza della Romania, ma anche alla difesa a lungo termine della NATO. Questo \u00e8 il messaggio dell&#8217;ambasciatrice degli Stati Uniti a Bucarest, Kathleen Kavalec, presente all&#8217;evento nell&#8217;ambito del quale \u00e8 stato lanciato il programma di transizione delle Forze Aeree Romene ai caccia di quinta generazione.<\/p>\n<p>I 32 aerei F-35 per i quali \u00e8 stato firmato il contratto d&#8217;acquisto tra il Governo romeno e quello americano rappresentano l&#8217;apice di performance dell&#8217;aviazione in questo momento, afferma il ministro della Difesa, Angel T\u00eelv\u0103r.<\/p>\n<p>\u02baGli aerei F-35 hanno la tecnologia stealth, con sistemi avanzati di sensori e comunicazioni, sono caratterizzati da velocit\u00e0 e manovrabilit\u00e0 senza pari, che li rendono essenziali per le operazioni militari moderne. Le capacit\u00e0 tecnologiche uniche di questi velivoli consentono loro di agire come un moltiplicatore sia per le capacit\u00e0 di deterrenza e difesa aerea, comprese quelli con base a terra, che per i sistemi di supporto di forze con fuoco indiretto, che si possono appoggiare in tempo reale con i dati dallo spazio in cui opera\u201d, ha dichiarato Angel T\u00eelv\u0103r.<\/p>\n<p>Secondo il ministro, lo stanziamento sin dal 2017 del 2% del PIL alla Difesa, una percentuale che attualmente ha raggiunto il 2,5%, ha permesso all\u2019Esercito Romeno di avviare il pi\u00f9 ampio processo di modernizzazione. E il salto, ha precisato l&#8217;ambasciatrice americana a Bucarest, Kathleen Kavalec, \u00e8 significativo: le Forze Aeree Romene sono passate dai velivoli MiG ai caccia F-16, per arrivare dal 2030 a disporre degli F-35 di ultima generazione.<\/p>\n<p>Il diplomatico americano ha ricordato che le attuali sfide alla sicurezza sono significative e che la Romania, in quanto alleato della NATO sul fianco orientale, \u00e8 stata direttamente colpita dalla guerra di aggressione della Russia nella confinante Ucraina. Non poche volte, le Forze Aeree Romene e l&#8217;Alleanza hanno mobilitato aerei da combattimento, in seguito al rilevamento di violazioni dello spazio aereo nel sud-est della Romania, in prossimit\u00e0 al confine con l&#8217;Ucraina.<\/p>\n<p>Oltre all&#8217;impatto militare, l&#8217;acquisto degli aerei F-35 ha anche uno economico, puntualizza il primo ministro Marcel Ciolacu.<\/p>\n<p>\u02baIntegrando questi aerei nelle Forze Armate Romene, la Romania ha stimolato lo sviluppo del settore della Difesa e sosterr\u00e0 la creazione di posti di lavoro in settori chiave dell\u2019industria della difesa e della tecnologia. Inoltre, l\u2019integrazione degli F-35 nel Sistema di Difesa Nazionale offrir\u00e0 nuove opportunit\u00e0 di formazione e sviluppo professionale per i nostri giovani specialisti in tecnologia\u201d, ha dichiarato Marcel Ciolacu. Si tratta, quindi, di un fattore che contribuisce allo sviluppo di una forza lavoro competente e ben preparata, ha aggiunto il primo ministro.<\/p>\n","protected":false},"excerpt":{"rendered":"<p>La decisione di Bucarest di acquistare caccia F-35 rappresenta un passo importante nella modernizzazione continua delle Forze Armate Romene e contribuir\u00e0 in modo significativo alla sicurezza della Romania, ma anche alla difesa a lungo termine della NATO. Questo \u00e8 il messaggio dell&#8217;ambasciatrice degli Stati Uniti a Bucarest, Kathleen Kavalec, presente all&#8217;evento nell&#8217;ambito del quale \u00e8 [&hellip;]<\/p>\n","protected":false},"author":109,"featured_media":833135,"comment_status":"closed","ping_status":"closed","sticky":false,"template":"","format":"standard","meta":{"_acf_changed":false,"footnotes":""},"categories":[99264],"tags":[158732,99251,135469,155362,148881,158731,137197,148609],"coauthors":[115219],"class_list":["post-833216","post","type-post","status-publish","format-standard","has-post-thumbnail","hentry","category-in-primo-piano","tag-caccia-f-35","tag-difesa","tag-forze-aeree-romene","tag-modernizzazione","tag-nato-it","tag-programma-di-transizione","tag-romania-it","tag-usa-it"],"acf":[],"yoast_head":"<!-- This site is optimized with the Yoast SEO plugin v27.3 - https:\/\/yoast.com\/product\/yoast-seo-wordpress\/ -->\n<title>Lanciato programma di transizione agli aerei F-35 - Radio Romania Internazionale<\/title>\n<meta name=\"robots\" content=\"index, follow, max-snippet:-1, max-image-preview:large, max-video-preview:-1\" \/>\n<link rel=\"canonical\" href=\"https:\/\/www.rri.ro\/it\/news\/in-primo-piano\/lanciato-programma-di-transizione-agli-aerei-f-35-id833216.html\" \/>\n<meta property=\"og:locale\" content=\"it_IT\" \/>\n<meta property=\"og:type\" content=\"article\" \/>\n<meta property=\"og:title\" content=\"Lanciato programma di transizione agli aerei F-35 - Radio Romania Internazionale\" \/>\n<meta property=\"og:description\" content=\"La decisione di Bucarest di acquistare caccia F-35 rappresenta un passo importante nella modernizzazione continua delle Forze Armate Romene e contribuir\u00e0 in modo significativo alla sicurezza della Romania, ma anche alla difesa a lungo termine della NATO. Questo \u00e8 il messaggio dell&#8217;ambasciatrice degli Stati Uniti a Bucarest, Kathleen Kavalec, presente all&#8217;evento nell&#8217;ambito del quale \u00e8 [&hellip;]\" \/>\n<meta property=\"og:url\" content=\"https:\/\/www.rri.ro\/it\/news\/in-primo-piano\/lanciato-programma-di-transizione-agli-aerei-f-35-id833216.html\" \/>\n<meta property=\"og:site_name\" content=\"Radio Romania Internazionale\" \/>\n<meta property=\"article:published_time\" content=\"2024-11-22T09:27:12+00:00\" \/>\n<meta property=\"article:modified_time\" content=\"2024-11-22T09:29:10+00:00\" \/>\n<meta property=\"og:image\" content=\"https:\/\/www.rri.ro\/wp-content\/uploads\/2024\/11\/semnare-protocol-avioane-F-35-SUA-Romania-foto-mapn_16x9.jpg\" \/>\n\t<meta property=\"og:image:width\" content=\"960\" \/>\n\t<meta property=\"og:image:height\" content=\"540\" \/>\n\t<meta property=\"og:image:type\" content=\"image\/jpeg\" \/>\n<meta name=\"author\" content=\"Roxana Vasile\" \/>\n<meta name=\"twitter:card\" content=\"summary_large_image\" \/>\n<meta name=\"twitter:label1\" content=\"Scritto da\" \/>\n\t<meta name=\"twitter:data1\" content=\"Roxana Vasile\" \/>\n\t<meta name=\"twitter:label2\" content=\"Tempo di lettura stimato\" \/>\n\t<meta name=\"twitter:data2\" content=\"2 minuti\" \/>\n<script type=\"application\/ld+json\" class=\"yoast-schema-graph\">{\"@context\":\"https:\\\/\\\/schema.org\",\"@graph\":[{\"@type\":\"Article\",\"@id\":\"https:\\\/\\\/www.rri.ro\\\/it\\\/news\\\/in-primo-piano\\\/lanciato-programma-di-transizione-agli-aerei-f-35-id833216.html#article\",\"isPartOf\":{\"@id\":\"https:\\\/\\\/www.rri.ro\\\/it\\\/news\\\/in-primo-piano\\\/lanciato-programma-di-transizione-agli-aerei-f-35-id833216.html\"},\"author\":{\"name\":\"Roxana Vasile\",\"@id\":\"https:\\\/\\\/www.rri.ro\\\/#\\\/schema\\\/person\\\/0745b519f2d1287783422f162c4112af\"},\"headline\":\"Lanciato programma di transizione agli aerei F-35\",\"datePublished\":\"2024-11-22T09:27:12+00:00\",\"dateModified\":\"2024-11-22T09:29:10+00:00\",\"mainEntityOfPage\":{\"@id\":\"https:\\\/\\\/www.rri.ro\\\/it\\\/news\\\/in-primo-piano\\\/lanciato-programma-di-transizione-agli-aerei-f-35-id833216.html\"},\"wordCount\":453,\"image\":{\"@id\":\"https:\\\/\\\/www.rri.ro\\\/it\\\/news\\\/in-primo-piano\\\/lanciato-programma-di-transizione-agli-aerei-f-35-id833216.html#primaryimage\"},\"thumbnailUrl\":\"https:\\\/\\\/www.rri.ro\\\/wp-content\\\/uploads\\\/2024\\\/11\\\/semnare-protocol-avioane-F-35-SUA-Romania-foto-mapn_16x9.jpg\",\"keywords\":[\"caccia F-35\",\"difesa\",\"Forze Aeree Romene\",\"modernizzazione\",\"NATO\",\"programma di transizione\",\"Romania\",\"usa\"],\"articleSection\":[\"In primo piano\"],\"inLanguage\":\"it-IT\"},{\"@type\":\"WebPage\",\"@id\":\"https:\\\/\\\/www.rri.ro\\\/it\\\/news\\\/in-primo-piano\\\/lanciato-programma-di-transizione-agli-aerei-f-35-id833216.html\",\"url\":\"https:\\\/\\\/www.rri.ro\\\/it\\\/news\\\/in-primo-piano\\\/lanciato-programma-di-transizione-agli-aerei-f-35-id833216.html\",\"name\":\"Lanciato programma di transizione agli aerei F-35 - Radio Romania Internazionale\",\"isPartOf\":{\"@id\":\"https:\\\/\\\/www.rri.ro\\\/#website\"},\"primaryImageOfPage\":{\"@id\":\"https:\\\/\\\/www.rri.ro\\\/it\\\/news\\\/in-primo-piano\\\/lanciato-programma-di-transizione-agli-aerei-f-35-id833216.html#primaryimage\"},\"image\":{\"@id\":\"https:\\\/\\\/www.rri.ro\\\/it\\\/news\\\/in-primo-piano\\\/lanciato-programma-di-transizione-agli-aerei-f-35-id833216.html#primaryimage\"},\"thumbnailUrl\":\"https:\\\/\\\/www.rri.ro\\\/wp-content\\\/uploads\\\/2024\\\/11\\\/semnare-protocol-avioane-F-35-SUA-Romania-foto-mapn_16x9.jpg\",\"datePublished\":\"2024-11-22T09:27:12+00:00\",\"dateModified\":\"2024-11-22T09:29:10+00:00\",\"author\":{\"@id\":\"https:\\\/\\\/www.rri.ro\\\/#\\\/schema\\\/person\\\/0745b519f2d1287783422f162c4112af\"},\"breadcrumb\":{\"@id\":\"https:\\\/\\\/www.rri.ro\\\/it\\\/news\\\/in-primo-piano\\\/lanciato-programma-di-transizione-agli-aerei-f-35-id833216.html#breadcrumb\"},\"inLanguage\":\"it-IT\",\"potentialAction\":[{\"@type\":\"ReadAction\",\"target\":[\"https:\\\/\\\/www.rri.ro\\\/it\\\/news\\\/in-primo-piano\\\/lanciato-programma-di-transizione-agli-aerei-f-35-id833216.html\"]}]},{\"@type\":\"ImageObject\",\"inLanguage\":\"it-IT\",\"@id\":\"https:\\\/\\\/www.rri.ro\\\/it\\\/news\\\/in-primo-piano\\\/lanciato-programma-di-transizione-agli-aerei-f-35-id833216.html#primaryimage\",\"url\":\"https:\\\/\\\/www.rri.ro\\\/wp-content\\\/uploads\\\/2024\\\/11\\\/semnare-protocol-avioane-F-35-SUA-Romania-foto-mapn_16x9.jpg\",\"contentUrl\":\"https:\\\/\\\/www.rri.ro\\\/wp-content\\\/uploads\\\/2024\\\/11\\\/semnare-protocol-avioane-F-35-SUA-Romania-foto-mapn_16x9.jpg\",\"width\":960,\"height\":540,\"caption\":\"La firma del protocollo sul lancio del programma di transizione delle Forze Aeree Romene ai caccia F-35 (foto: MApN\\\/ Ministero della Difesa Nazionale)\"},{\"@type\":\"BreadcrumbList\",\"@id\":\"https:\\\/\\\/www.rri.ro\\\/it\\\/news\\\/in-primo-piano\\\/lanciato-programma-di-transizione-agli-aerei-f-35-id833216.html#breadcrumb\",\"itemListElement\":[{\"@type\":\"ListItem\",\"position\":1,\"name\":\"Pagina iniziale\",\"item\":\"https:\\\/\\\/www.rri.ro\\\/it\"},{\"@type\":\"ListItem\",\"position\":2,\"name\":\"News\",\"item\":\"https:\\\/\\\/www.rri.ro\\\/it\\\/news\"},{\"@type\":\"ListItem\",\"position\":3,\"name\":\"In primo piano\",\"item\":\"https:\\\/\\\/www.rri.ro\\\/it\\\/news\\\/in-primo-piano\"},{\"@type\":\"ListItem\",\"position\":4,\"name\":\"Lanciato programma di transizione agli aerei F-35\"}]},{\"@type\":\"WebSite\",\"@id\":\"https:\\\/\\\/www.rri.ro\\\/#website\",\"url\":\"https:\\\/\\\/www.rri.ro\\\/\",\"name\":\"Radio Romania Internazionale\",\"description\":\"Totul despre Rom\u00e2nia \u015fi rom\u00e2ni, \u00een 13 limbi\\\/dialecte!\",\"inLanguage\":\"it-IT\"},{\"@type\":\"Person\",\"@id\":\"https:\\\/\\\/www.rri.ro\\\/#\\\/schema\\\/person\\\/0745b519f2d1287783422f162c4112af\",\"name\":\"Roxana Vasile\",\"url\":\"https:\\\/\\\/www.rri.ro\\\/it\\\/author\\\/roxana-vasile\"}]}<\/script>\n<!-- \/ Yoast SEO plugin. -->","yoast_head_json":{"title":"Lanciato programma di transizione agli aerei F-35 - Radio Romania Internazionale","robots":{"index":"index","follow":"follow","max-snippet":"max-snippet:-1","max-image-preview":"max-image-preview:large","max-video-preview":"max-video-preview:-1"},"canonical":"https:\/\/www.rri.ro\/it\/news\/in-primo-piano\/lanciato-programma-di-transizione-agli-aerei-f-35-id833216.html","og_locale":"it_IT","og_type":"article","og_title":"Lanciato programma di transizione agli aerei F-35 - Radio Romania Internazionale","og_description":"La decisione di Bucarest di acquistare caccia F-35 rappresenta un passo importante nella modernizzazione continua delle Forze Armate Romene e contribuir\u00e0 in modo significativo alla sicurezza della Romania, ma anche alla difesa a lungo termine della NATO. Questo \u00e8 il messaggio dell&#8217;ambasciatrice degli Stati Uniti a Bucarest, Kathleen Kavalec, presente all&#8217;evento nell&#8217;ambito del quale \u00e8 [&hellip;]","og_url":"https:\/\/www.rri.ro\/it\/news\/in-primo-piano\/lanciato-programma-di-transizione-agli-aerei-f-35-id833216.html","og_site_name":"Radio Romania Internazionale","article_published_time":"2024-11-22T09:27:12+00:00","article_modified_time":"2024-11-22T09:29:10+00:00","og_image":[{"width":960,"height":540,"url":"https:\/\/www.rri.ro\/wp-content\/uploads\/2024\/11\/semnare-protocol-avioane-F-35-SUA-Romania-foto-mapn_16x9.jpg","type":"image\/jpeg"}],"author":"Roxana Vasile","twitter_card":"summary_large_image","twitter_misc":{"Scritto da":"Roxana Vasile","Tempo di lettura stimato":"2 minuti"},"schema":{"@context":"https:\/\/schema.org","@graph":[{"@type":"Article","@id":"https:\/\/www.rri.ro\/it\/news\/in-primo-piano\/lanciato-programma-di-transizione-agli-aerei-f-35-id833216.html#article","isPartOf":{"@id":"https:\/\/www.rri.ro\/it\/news\/in-primo-piano\/lanciato-programma-di-transizione-agli-aerei-f-35-id833216.html"},"author":{"name":"Roxana Vasile","@id":"https:\/\/www.rri.ro\/#\/schema\/person\/0745b519f2d1287783422f162c4112af"},"headline":"Lanciato programma di transizione agli aerei F-35","datePublished":"2024-11-22T09:27:12+00:00","dateModified":"2024-11-22T09:29:10+00:00","mainEntityOfPage":{"@id":"https:\/\/www.rri.ro\/it\/news\/in-primo-piano\/lanciato-programma-di-transizione-agli-aerei-f-35-id833216.html"},"wordCount":453,"image":{"@id":"https:\/\/www.rri.ro\/it\/news\/in-primo-piano\/lanciato-programma-di-transizione-agli-aerei-f-35-id833216.html#primaryimage"},"thumbnailUrl":"https:\/\/www.rri.ro\/wp-content\/uploads\/2024\/11\/semnare-protocol-avioane-F-35-SUA-Romania-foto-mapn_16x9.jpg","keywords":["caccia F-35","difesa","Forze Aeree Romene","modernizzazione","NATO","programma di transizione","Romania","usa"],"articleSection":["In primo piano"],"inLanguage":"it-IT"},{"@type":"WebPage","@id":"https:\/\/www.rri.ro\/it\/news\/in-primo-piano\/lanciato-programma-di-transizione-agli-aerei-f-35-id833216.html","url":"https:\/\/www.rri.ro\/it\/news\/in-primo-piano\/lanciato-programma-di-transizione-agli-aerei-f-35-id833216.html","name":"Lanciato programma di transizione agli aerei F-35 - Radio Romania Internazionale","isPartOf":{"@id":"https:\/\/www.rri.ro\/#website"},"primaryImageOfPage":{"@id":"https:\/\/www.rri.ro\/it\/news\/in-primo-piano\/lanciato-programma-di-transizione-agli-aerei-f-35-id833216.html#primaryimage"},"image":{"@id":"https:\/\/www.rri.ro\/it\/news\/in-primo-piano\/lanciato-programma-di-transizione-agli-aerei-f-35-id833216.html#primaryimage"},"thumbnailUrl":"https:\/\/www.rri.ro\/wp-content\/uploads\/2024\/11\/semnare-protocol-avioane-F-35-SUA-Romania-foto-mapn_16x9.jpg","datePublished":"2024-11-22T09:27:12+00:00","dateModified":"2024-11-22T09:29:10+00:00","author":{"@id":"https:\/\/www.rri.ro\/#\/schema\/person\/0745b519f2d1287783422f162c4112af"},"breadcrumb":{"@id":"https:\/\/www.rri.ro\/it\/news\/in-primo-piano\/lanciato-programma-di-transizione-agli-aerei-f-35-id833216.html#breadcrumb"},"inLanguage":"it-IT","potentialAction":[{"@type":"ReadAction","target":["https:\/\/www.rri.ro\/it\/news\/in-primo-piano\/lanciato-programma-di-transizione-agli-aerei-f-35-id833216.html"]}]},{"@type":"ImageObject","inLanguage":"it-IT","@id":"https:\/\/www.rri.ro\/it\/news\/in-primo-piano\/lanciato-programma-di-transizione-agli-aerei-f-35-id833216.html#primaryimage","url":"https:\/\/www.rri.ro\/wp-content\/uploads\/2024\/11\/semnare-protocol-avioane-F-35-SUA-Romania-foto-mapn_16x9.jpg","contentUrl":"https:\/\/www.rri.ro\/wp-content\/uploads\/2024\/11\/semnare-protocol-avioane-F-35-SUA-Romania-foto-mapn_16x9.jpg","width":960,"height":540,"caption":"La firma del protocollo sul lancio del programma di transizione delle Forze Aeree Romene ai caccia F-35 (foto: MApN\/ Ministero della Difesa Nazionale)"},{"@type":"BreadcrumbList","@id":"https:\/\/www.rri.ro\/it\/news\/in-primo-piano\/lanciato-programma-di-transizione-agli-aerei-f-35-id833216.html#breadcrumb","itemListElement":[{"@type":"ListItem","position":1,"name":"Pagina iniziale","item":"https:\/\/www.rri.ro\/it"},{"@type":"ListItem","position":2,"name":"News","item":"https:\/\/www.rri.ro\/it\/news"},{"@type":"ListItem","position":3,"name":"In primo piano","item":"https:\/\/www.rri.ro\/it\/news\/in-primo-piano"},{"@type":"ListItem","position":4,"name":"Lanciato programma di transizione agli aerei F-35"}]},{"@type":"WebSite","@id":"https:\/\/www.rri.ro\/#website","url":"https:\/\/www.rri.ro\/","name":"Radio Romania Internazionale","description":"Totul despre Rom\u00e2nia \u015fi rom\u00e2ni, \u00een 13 limbi\/dialecte!","inLanguage":"it-IT"},{"@type":"Person","@id":"https:\/\/www.rri.ro\/#\/schema\/person\/0745b519f2d1287783422f162c4112af","name":"Roxana Vasile","url":"https:\/\/www.rri.ro\/it\/author\/roxana-vasile"}]}},"_links":{"self":[{"href":"https:\/\/www.rri.ro\/it\/wp-json\/wp\/v2\/posts\/833216","targetHints":{"allow":["GET"]}}],"collection":[{"href":"https:\/\/www.rri.ro\/it\/wp-json\/wp\/v2\/posts"}],"about":[{"href":"https:\/\/www.rri.ro\/it\/wp-json\/wp\/v2\/types\/post"}],"author":[{"embeddable":true,"href":"https:\/\/www.rri.ro\/it\/wp-json\/wp\/v2\/users\/109"}],"replies":[{"embeddable":true,"href":"https:\/\/www.rri.ro\/it\/wp-json\/wp\/v2\/comments?post=833216"}],"version-history":[{"count":0,"href":"https:\/\/www.rri.ro\/it\/wp-json\/wp\/v2\/posts\/833216\/revisions"}],"wp:featuredmedia":[{"embeddable":true,"href":"https:\/\/www.rri.ro\/it\/wp-json\/wp\/v2\/media\/833135"}],"wp:attachment":[{"href":"https:\/\/www.rri.ro\/it\/wp-json\/wp\/v2\/media?parent=833216"}],"wp:term":[{"taxonomy":"category","embeddable":true,"href":"https:\/\/www.rri.ro\/it\/wp-json\/wp\/v2\/categories?post=833216"},{"taxonomy":"post_tag","embeddable":true,"href":"https:\/\/www.rri.ro\/it\/wp-json\/wp\/v2\/tags?post=833216"},{"taxonomy":"author","embeddable":true,"href":"https:\/\/www.rri.ro\/it\/wp-json\/wp\/v2\/coauthors?post=833216"}],"curies":[{"name":"wp","href":"https:\/\/api.w.org\/{rel}","templated":true}]}}