{"id":840259,"date":"2024-12-06T15:40:13","date_gmt":"2024-12-06T13:40:13","guid":{"rendered":"https:\/\/www.rri.ro\/?p=840259"},"modified":"2024-12-06T20:47:24","modified_gmt":"2024-12-06T18:47:24","slug":"elezioni-corte-costituzionale-decide-annullamento-del-primo-turno-delle-presidenziali","status":"publish","type":"post","link":"https:\/\/www.rri.ro\/it\/news\/topnews\/elezioni-corte-costituzionale-decide-annullamento-del-primo-turno-delle-presidenziali-id840259.html","title":{"rendered":"Elezioni: Corte Costituzionale decide annullamento del primo turno delle presidenziali"},"content":{"rendered":"<p>In pratica, in seguito a questa decisione, i risultati del primo turno vengono annullati e le elezioni presidenziali ricominciano da zero. La decisione arriva dopo che il candidato indipendente C\u0103lin Georgescu ha vinto inaspettatamente il primo turno delle elezioni, il 24 novembre. Georgescu \u00e8 accusato di essere stato favoreggiato dall\u2019ingerenza russa nel processo elettorale, principalmente attraverso una campagna aggressiva e concertata di manipolazione della piattaforma TiKTok. Georgescu \u00e8 accusato di simpatie filorusse e di estrema destra.<\/p>\n","protected":false},"excerpt":{"rendered":"<p>In pratica, in seguito a questa decisione, i risultati del primo turno vengono annullati e le elezioni presidenziali ricominciano da zero. La decisione arriva dopo che il candidato indipendente C\u0103lin Georgescu ha vinto inaspettatamente il primo turno delle elezioni, il 24 novembre. Georgescu \u00e8 accusato di essere stato favoreggiato dall\u2019ingerenza russa nel processo elettorale, principalmente [&hellip;]<\/p>\n","protected":false},"author":28,"featured_media":723460,"comment_status":"closed","ping_status":"closed","sticky":false,"template":"","format":"standard","meta":{"_acf_changed":false,"footnotes":""},"categories":[98934],"tags":[159605,159604,99165,137197],"coauthors":[115205],"class_list":["post-840259","post","type-post","status-publish","format-standard","has-post-thumbnail","hentry","category-topnews","tag-annullamento","tag-corte-costituzionale","tag-elezioni-presidenziali","tag-romania-it"],"acf":[],"yoast_head":"<!-- This site is optimized with the Yoast SEO plugin v27.3 - https:\/\/yoast.com\/product\/yoast-seo-wordpress\/ -->\n<title>Elezioni: Corte Costituzionale decide annullamento del primo turno delle presidenziali - Radio Romania Internazionale<\/title>\n<meta name=\"robots\" content=\"index, follow, max-snippet:-1, max-image-preview:large, max-video-preview:-1\" \/>\n<link rel=\"canonical\" href=\"https:\/\/www.rri.ro\/it\/news\/topnews\/elezioni-corte-costituzionale-decide-annullamento-del-primo-turno-delle-presidenziali-id840259.html\" \/>\n<meta property=\"og:locale\" content=\"it_IT\" \/>\n<meta property=\"og:type\" content=\"article\" \/>\n<meta property=\"og:title\" content=\"Elezioni: Corte Costituzionale decide annullamento del primo turno delle presidenziali - Radio Romania Internazionale\" \/>\n<meta property=\"og:description\" content=\"In pratica, in seguito a questa decisione, i risultati del primo turno vengono annullati e le elezioni presidenziali ricominciano da zero. La decisione arriva dopo che il candidato indipendente C\u0103lin Georgescu ha vinto inaspettatamente il primo turno delle elezioni, il 24 novembre. Georgescu \u00e8 accusato di essere stato favoreggiato dall\u2019ingerenza russa nel processo elettorale, principalmente [&hellip;]\" \/>\n<meta property=\"og:url\" content=\"https:\/\/www.rri.ro\/it\/news\/topnews\/elezioni-corte-costituzionale-decide-annullamento-del-primo-turno-delle-presidenziali-id840259.html\" \/>\n<meta property=\"og:site_name\" content=\"Radio Romania Internazionale\" \/>\n<meta property=\"article:published_time\" content=\"2024-12-06T13:40:13+00:00\" \/>\n<meta property=\"article:modified_time\" content=\"2024-12-06T18:47:24+00:00\" \/>\n<meta property=\"og:image\" content=\"https:\/\/www.rri.ro\/wp-content\/uploads\/2024\/03\/RRI-960x540-Topnews-2-NOU.jpg\" \/>\n\t<meta property=\"og:image:width\" content=\"960\" \/>\n\t<meta property=\"og:image:height\" content=\"540\" \/>\n\t<meta property=\"og:image:type\" content=\"image\/jpeg\" \/>\n<meta name=\"author\" content=\"Eugen Cojocariu\" \/>\n<meta name=\"twitter:card\" content=\"summary_large_image\" \/>\n<meta name=\"twitter:label1\" content=\"Scritto da\" \/>\n\t<meta name=\"twitter:data1\" content=\"Eugen Cojocariu\" \/>\n<script type=\"application\/ld+json\" class=\"yoast-schema-graph\">{\"@context\":\"https:\\\/\\\/schema.org\",\"@graph\":[{\"@type\":\"Article\",\"@id\":\"https:\\\/\\\/www.rri.ro\\\/it\\\/news\\\/topnews\\\/elezioni-corte-costituzionale-decide-annullamento-del-primo-turno-delle-presidenziali-id840259.html#article\",\"isPartOf\":{\"@id\":\"https:\\\/\\\/www.rri.ro\\\/it\\\/news\\\/topnews\\\/elezioni-corte-costituzionale-decide-annullamento-del-primo-turno-delle-presidenziali-id840259.html\"},\"author\":{\"name\":\"Eugen Cojocariu\",\"@id\":\"https:\\\/\\\/www.rri.ro\\\/#\\\/schema\\\/person\\\/7e1d12a0ddf50bb2d58f812a617e5eaa\"},\"headline\":\"Elezioni: Corte Costituzionale decide annullamento del primo turno delle presidenziali\",\"datePublished\":\"2024-12-06T13:40:13+00:00\",\"dateModified\":\"2024-12-06T18:47:24+00:00\",\"mainEntityOfPage\":{\"@id\":\"https:\\\/\\\/www.rri.ro\\\/it\\\/news\\\/topnews\\\/elezioni-corte-costituzionale-decide-annullamento-del-primo-turno-delle-presidenziali-id840259.html\"},\"wordCount\":85,\"image\":{\"@id\":\"https:\\\/\\\/www.rri.ro\\\/it\\\/news\\\/topnews\\\/elezioni-corte-costituzionale-decide-annullamento-del-primo-turno-delle-presidenziali-id840259.html#primaryimage\"},\"thumbnailUrl\":\"https:\\\/\\\/www.rri.ro\\\/wp-content\\\/uploads\\\/2024\\\/03\\\/RRI-960x540-Topnews-2-NOU.jpg\",\"keywords\":[\"annullamento\",\"Corte Costituzionale\",\"elezioni presidenziali\",\"Romania\"],\"articleSection\":[\"Topnews\"],\"inLanguage\":\"it-IT\"},{\"@type\":\"WebPage\",\"@id\":\"https:\\\/\\\/www.rri.ro\\\/it\\\/news\\\/topnews\\\/elezioni-corte-costituzionale-decide-annullamento-del-primo-turno-delle-presidenziali-id840259.html\",\"url\":\"https:\\\/\\\/www.rri.ro\\\/it\\\/news\\\/topnews\\\/elezioni-corte-costituzionale-decide-annullamento-del-primo-turno-delle-presidenziali-id840259.html\",\"name\":\"Elezioni: Corte Costituzionale decide annullamento del primo turno delle presidenziali - Radio Romania Internazionale\",\"isPartOf\":{\"@id\":\"https:\\\/\\\/www.rri.ro\\\/#website\"},\"primaryImageOfPage\":{\"@id\":\"https:\\\/\\\/www.rri.ro\\\/it\\\/news\\\/topnews\\\/elezioni-corte-costituzionale-decide-annullamento-del-primo-turno-delle-presidenziali-id840259.html#primaryimage\"},\"image\":{\"@id\":\"https:\\\/\\\/www.rri.ro\\\/it\\\/news\\\/topnews\\\/elezioni-corte-costituzionale-decide-annullamento-del-primo-turno-delle-presidenziali-id840259.html#primaryimage\"},\"thumbnailUrl\":\"https:\\\/\\\/www.rri.ro\\\/wp-content\\\/uploads\\\/2024\\\/03\\\/RRI-960x540-Topnews-2-NOU.jpg\",\"datePublished\":\"2024-12-06T13:40:13+00:00\",\"dateModified\":\"2024-12-06T18:47:24+00:00\",\"author\":{\"@id\":\"https:\\\/\\\/www.rri.ro\\\/#\\\/schema\\\/person\\\/7e1d12a0ddf50bb2d58f812a617e5eaa\"},\"breadcrumb\":{\"@id\":\"https:\\\/\\\/www.rri.ro\\\/it\\\/news\\\/topnews\\\/elezioni-corte-costituzionale-decide-annullamento-del-primo-turno-delle-presidenziali-id840259.html#breadcrumb\"},\"inLanguage\":\"it-IT\",\"potentialAction\":[{\"@type\":\"ReadAction\",\"target\":[\"https:\\\/\\\/www.rri.ro\\\/it\\\/news\\\/topnews\\\/elezioni-corte-costituzionale-decide-annullamento-del-primo-turno-delle-presidenziali-id840259.html\"]}]},{\"@type\":\"ImageObject\",\"inLanguage\":\"it-IT\",\"@id\":\"https:\\\/\\\/www.rri.ro\\\/it\\\/news\\\/topnews\\\/elezioni-corte-costituzionale-decide-annullamento-del-primo-turno-delle-presidenziali-id840259.html#primaryimage\",\"url\":\"https:\\\/\\\/www.rri.ro\\\/wp-content\\\/uploads\\\/2024\\\/03\\\/RRI-960x540-Topnews-2-NOU.jpg\",\"contentUrl\":\"https:\\\/\\\/www.rri.ro\\\/wp-content\\\/uploads\\\/2024\\\/03\\\/RRI-960x540-Topnews-2-NOU.jpg\",\"width\":960,\"height\":540},{\"@type\":\"BreadcrumbList\",\"@id\":\"https:\\\/\\\/www.rri.ro\\\/it\\\/news\\\/topnews\\\/elezioni-corte-costituzionale-decide-annullamento-del-primo-turno-delle-presidenziali-id840259.html#breadcrumb\",\"itemListElement\":[{\"@type\":\"ListItem\",\"position\":1,\"name\":\"Pagina iniziale\",\"item\":\"https:\\\/\\\/www.rri.ro\\\/it\"},{\"@type\":\"ListItem\",\"position\":2,\"name\":\"News\",\"item\":\"https:\\\/\\\/www.rri.ro\\\/it\\\/news\"},{\"@type\":\"ListItem\",\"position\":3,\"name\":\"Topnews\",\"item\":\"https:\\\/\\\/www.rri.ro\\\/it\\\/news\\\/topnews\"},{\"@type\":\"ListItem\",\"position\":4,\"name\":\"Elezioni: Corte Costituzionale decide annullamento del primo turno delle presidenziali\"}]},{\"@type\":\"WebSite\",\"@id\":\"https:\\\/\\\/www.rri.ro\\\/#website\",\"url\":\"https:\\\/\\\/www.rri.ro\\\/\",\"name\":\"Radio Romania Internazionale\",\"description\":\"Totul despre Rom\u00e2nia \u015fi rom\u00e2ni, \u00een 13 limbi\\\/dialecte!\",\"inLanguage\":\"it-IT\"},{\"@type\":\"Person\",\"@id\":\"https:\\\/\\\/www.rri.ro\\\/#\\\/schema\\\/person\\\/7e1d12a0ddf50bb2d58f812a617e5eaa\",\"name\":\"Eugen Cojocariu\",\"url\":\"https:\\\/\\\/www.rri.ro\\\/it\\\/author\\\/eugen-cojocariu\"}]}<\/script>\n<!-- \/ Yoast SEO plugin. -->","yoast_head_json":{"title":"Elezioni: Corte Costituzionale decide annullamento del primo turno delle presidenziali - Radio Romania Internazionale","robots":{"index":"index","follow":"follow","max-snippet":"max-snippet:-1","max-image-preview":"max-image-preview:large","max-video-preview":"max-video-preview:-1"},"canonical":"https:\/\/www.rri.ro\/it\/news\/topnews\/elezioni-corte-costituzionale-decide-annullamento-del-primo-turno-delle-presidenziali-id840259.html","og_locale":"it_IT","og_type":"article","og_title":"Elezioni: Corte Costituzionale decide annullamento del primo turno delle presidenziali - Radio Romania Internazionale","og_description":"In pratica, in seguito a questa decisione, i risultati del primo turno vengono annullati e le elezioni presidenziali ricominciano da zero. La decisione arriva dopo che il candidato indipendente C\u0103lin Georgescu ha vinto inaspettatamente il primo turno delle elezioni, il 24 novembre. Georgescu \u00e8 accusato di essere stato favoreggiato dall\u2019ingerenza russa nel processo elettorale, principalmente [&hellip;]","og_url":"https:\/\/www.rri.ro\/it\/news\/topnews\/elezioni-corte-costituzionale-decide-annullamento-del-primo-turno-delle-presidenziali-id840259.html","og_site_name":"Radio Romania Internazionale","article_published_time":"2024-12-06T13:40:13+00:00","article_modified_time":"2024-12-06T18:47:24+00:00","og_image":[{"width":960,"height":540,"url":"https:\/\/www.rri.ro\/wp-content\/uploads\/2024\/03\/RRI-960x540-Topnews-2-NOU.jpg","type":"image\/jpeg"}],"author":"Eugen Cojocariu","twitter_card":"summary_large_image","twitter_misc":{"Scritto da":"Eugen Cojocariu"},"schema":{"@context":"https:\/\/schema.org","@graph":[{"@type":"Article","@id":"https:\/\/www.rri.ro\/it\/news\/topnews\/elezioni-corte-costituzionale-decide-annullamento-del-primo-turno-delle-presidenziali-id840259.html#article","isPartOf":{"@id":"https:\/\/www.rri.ro\/it\/news\/topnews\/elezioni-corte-costituzionale-decide-annullamento-del-primo-turno-delle-presidenziali-id840259.html"},"author":{"name":"Eugen Cojocariu","@id":"https:\/\/www.rri.ro\/#\/schema\/person\/7e1d12a0ddf50bb2d58f812a617e5eaa"},"headline":"Elezioni: Corte Costituzionale decide annullamento del primo turno delle presidenziali","datePublished":"2024-12-06T13:40:13+00:00","dateModified":"2024-12-06T18:47:24+00:00","mainEntityOfPage":{"@id":"https:\/\/www.rri.ro\/it\/news\/topnews\/elezioni-corte-costituzionale-decide-annullamento-del-primo-turno-delle-presidenziali-id840259.html"},"wordCount":85,"image":{"@id":"https:\/\/www.rri.ro\/it\/news\/topnews\/elezioni-corte-costituzionale-decide-annullamento-del-primo-turno-delle-presidenziali-id840259.html#primaryimage"},"thumbnailUrl":"https:\/\/www.rri.ro\/wp-content\/uploads\/2024\/03\/RRI-960x540-Topnews-2-NOU.jpg","keywords":["annullamento","Corte Costituzionale","elezioni presidenziali","Romania"],"articleSection":["Topnews"],"inLanguage":"it-IT"},{"@type":"WebPage","@id":"https:\/\/www.rri.ro\/it\/news\/topnews\/elezioni-corte-costituzionale-decide-annullamento-del-primo-turno-delle-presidenziali-id840259.html","url":"https:\/\/www.rri.ro\/it\/news\/topnews\/elezioni-corte-costituzionale-decide-annullamento-del-primo-turno-delle-presidenziali-id840259.html","name":"Elezioni: Corte Costituzionale decide annullamento del primo turno delle presidenziali - Radio Romania Internazionale","isPartOf":{"@id":"https:\/\/www.rri.ro\/#website"},"primaryImageOfPage":{"@id":"https:\/\/www.rri.ro\/it\/news\/topnews\/elezioni-corte-costituzionale-decide-annullamento-del-primo-turno-delle-presidenziali-id840259.html#primaryimage"},"image":{"@id":"https:\/\/www.rri.ro\/it\/news\/topnews\/elezioni-corte-costituzionale-decide-annullamento-del-primo-turno-delle-presidenziali-id840259.html#primaryimage"},"thumbnailUrl":"https:\/\/www.rri.ro\/wp-content\/uploads\/2024\/03\/RRI-960x540-Topnews-2-NOU.jpg","datePublished":"2024-12-06T13:40:13+00:00","dateModified":"2024-12-06T18:47:24+00:00","author":{"@id":"https:\/\/www.rri.ro\/#\/schema\/person\/7e1d12a0ddf50bb2d58f812a617e5eaa"},"breadcrumb":{"@id":"https:\/\/www.rri.ro\/it\/news\/topnews\/elezioni-corte-costituzionale-decide-annullamento-del-primo-turno-delle-presidenziali-id840259.html#breadcrumb"},"inLanguage":"it-IT","potentialAction":[{"@type":"ReadAction","target":["https:\/\/www.rri.ro\/it\/news\/topnews\/elezioni-corte-costituzionale-decide-annullamento-del-primo-turno-delle-presidenziali-id840259.html"]}]},{"@type":"ImageObject","inLanguage":"it-IT","@id":"https:\/\/www.rri.ro\/it\/news\/topnews\/elezioni-corte-costituzionale-decide-annullamento-del-primo-turno-delle-presidenziali-id840259.html#primaryimage","url":"https:\/\/www.rri.ro\/wp-content\/uploads\/2024\/03\/RRI-960x540-Topnews-2-NOU.jpg","contentUrl":"https:\/\/www.rri.ro\/wp-content\/uploads\/2024\/03\/RRI-960x540-Topnews-2-NOU.jpg","width":960,"height":540},{"@type":"BreadcrumbList","@id":"https:\/\/www.rri.ro\/it\/news\/topnews\/elezioni-corte-costituzionale-decide-annullamento-del-primo-turno-delle-presidenziali-id840259.html#breadcrumb","itemListElement":[{"@type":"ListItem","position":1,"name":"Pagina iniziale","item":"https:\/\/www.rri.ro\/it"},{"@type":"ListItem","position":2,"name":"News","item":"https:\/\/www.rri.ro\/it\/news"},{"@type":"ListItem","position":3,"name":"Topnews","item":"https:\/\/www.rri.ro\/it\/news\/topnews"},{"@type":"ListItem","position":4,"name":"Elezioni: Corte Costituzionale decide annullamento del primo turno delle presidenziali"}]},{"@type":"WebSite","@id":"https:\/\/www.rri.ro\/#website","url":"https:\/\/www.rri.ro\/","name":"Radio Romania Internazionale","description":"Totul despre Rom\u00e2nia \u015fi rom\u00e2ni, \u00een 13 limbi\/dialecte!","inLanguage":"it-IT"},{"@type":"Person","@id":"https:\/\/www.rri.ro\/#\/schema\/person\/7e1d12a0ddf50bb2d58f812a617e5eaa","name":"Eugen Cojocariu","url":"https:\/\/www.rri.ro\/it\/author\/eugen-cojocariu"}]}},"_links":{"self":[{"href":"https:\/\/www.rri.ro\/it\/wp-json\/wp\/v2\/posts\/840259","targetHints":{"allow":["GET"]}}],"collection":[{"href":"https:\/\/www.rri.ro\/it\/wp-json\/wp\/v2\/posts"}],"about":[{"href":"https:\/\/www.rri.ro\/it\/wp-json\/wp\/v2\/types\/post"}],"author":[{"embeddable":true,"href":"https:\/\/www.rri.ro\/it\/wp-json\/wp\/v2\/users\/28"}],"replies":[{"embeddable":true,"href":"https:\/\/www.rri.ro\/it\/wp-json\/wp\/v2\/comments?post=840259"}],"version-history":[{"count":0,"href":"https:\/\/www.rri.ro\/it\/wp-json\/wp\/v2\/posts\/840259\/revisions"}],"wp:featuredmedia":[{"embeddable":true,"href":"https:\/\/www.rri.ro\/it\/wp-json\/wp\/v2\/media\/723460"}],"wp:attachment":[{"href":"https:\/\/www.rri.ro\/it\/wp-json\/wp\/v2\/media?parent=840259"}],"wp:term":[{"taxonomy":"category","embeddable":true,"href":"https:\/\/www.rri.ro\/it\/wp-json\/wp\/v2\/categories?post=840259"},{"taxonomy":"post_tag","embeddable":true,"href":"https:\/\/www.rri.ro\/it\/wp-json\/wp\/v2\/tags?post=840259"},{"taxonomy":"author","embeddable":true,"href":"https:\/\/www.rri.ro\/it\/wp-json\/wp\/v2\/coauthors?post=840259"}],"curies":[{"name":"wp","href":"https:\/\/api.w.org\/{rel}","templated":true}]}}