{"id":849583,"date":"2025-01-10T10:48:26","date_gmt":"2025-01-10T08:48:26","guid":{"rendered":"https:\/\/www.rri.ro\/?p=849583"},"modified":"2025-01-10T11:07:58","modified_gmt":"2025-01-10T09:07:58","slug":"la-romania-e-le-industrie-strategiche","status":"publish","type":"post","link":"https:\/\/www.rri.ro\/it\/news\/attualita\/la-romania-e-le-industrie-strategiche-id849583.html","title":{"rendered":"La Romania e le industrie strategiche"},"content":{"rendered":"<p>Visitando la Romania nell&#8217;ambito di un tour europeo, il vicepresidente esecutivo della Commissione Europea, St\u00e9phane S\u00e9journ\u00e9, responsabile per la prosperit\u00e0 e la strategia industriale, ha promesso di sostenere importanti settori dell&#8217;industria locale, dalla produzione di batterie al settore dell\u2019acciaio. St\u00e9phane S\u00e9journ\u00e9 ha annunciato che il mese prossimo la Commissione pubblicher\u00e0 un piano strategico che semplificher\u00e0 il quadro normativo nel campo della reindustrializzazione e includer\u00e0 tutte le questioni del settore delle batterie, tra cui la decarbonizzazione e la competitivit\u00e0 delle aziende. Ha visitato, insieme al ministro dell&#8217;Economia, Bogdan Ivan, l\u2019azienda romena Prime Batteries Technology, che produce accumulatori agli ioni di litio all&#8217;avanguardia e sistemi di stoccaggio di energia personalizzati.<\/p>\n<p>Il commissario europeo ha incontrato le autorit\u00e0 di Bucarest e ha visitato anche l&#8217;Istituto Nazionale di Ricerca e Sviluppo Aerospaziale, il principale centro di ricerca nel campo delle scienze aerospaziali del Paese. St\u00e9phane S\u00e9journ\u00e9 ha apprezzato il fatto che la Romania \u00e8 uno degli stati pi\u00f9 industrializzati dell\u2019Europa e ha affermato che sosterr\u00e0 il proseguimento di questo processo. &#8220;Abbiamo bisogno della Romania in questi momenti di incertezza economica e di reindustrializzazione&#8221;, ha dichiarato il vicepresidente della CE.<\/p>\n<p>Da parte sua, il ministro Bogdan Ivan ha sottolineato l&#8217;importanza di questa visita, come un messaggio chiaro che l&#8217;Unione sostiene la Romania nel diventare un attore chiave nei nuovi settori industriali. \u201cQuando parliamo dello sviluppo industriale dell\u2019Europa e della riduzione della dipendenza da altri continenti, parliamo di sfruttare al meglio le risorse che abbiamo qui, e la Romania ha enormi risorse di materiali critici. D&#8217;altro canto, ha una posizione geostrategica estremamente importante&#8221;, ha dichiarato Bogdan Ivan, aggiungendo che si punter\u00e0 su progetti complementari tra gli stati membri dell&#8217;Unione, evitando la concorrenza interna e allineando gli obiettivi nazionali alla visione europea.<\/p>\n<p>Si stima che il valore del mercato globale delle batterie raddoppier\u00e0 nei prossimi anni, alla luce della crescente domanda di accumulatori agli ioni di litio, considerati le soluzioni di stoccaggio di energia pi\u00f9 efficienti per l&#8217;industria automobilistica ed energetica. Attualmente l&#8217;Europa dipende in larga misura dalle importazioni di metalli rari e produce molte meno batterie del necessario richiesto dal mercato. Per ridurre questa dipendenza, l&#8217;Unione Europea punta a diventare il secondo pi\u00f9 grande produttore di batterie al mondo, dopo la Cina. Per quanto riguarda l&#8217;industria dell\u2019acciaio in Romania, il commissario europeo ha affermato che si tratta di un settore essenziale per batterie, automobili ed energia eolica, motivo per cui sar\u00e0 un argomento prioritario nella sua prossima visita a Bucarest.<\/p>\n","protected":false},"excerpt":{"rendered":"<p>Visitando la Romania nell&#8217;ambito di un tour europeo, il vicepresidente esecutivo della Commissione Europea, St\u00e9phane S\u00e9journ\u00e9, responsabile per la prosperit\u00e0 e la strategia industriale, ha promesso di sostenere importanti settori dell&#8217;industria locale, dalla produzione di batterie al settore dell\u2019acciaio. St\u00e9phane S\u00e9journ\u00e9 ha annunciato che il mese prossimo la Commissione pubblicher\u00e0 un piano strategico che semplificher\u00e0 [&hellip;]<\/p>\n","protected":false},"author":107,"featured_media":849595,"comment_status":"closed","ping_status":"closed","sticky":false,"template":"","format":"standard","meta":{"_acf_changed":false,"footnotes":""},"categories":[132228],"tags":[161378,148263,161377,137197,99451],"coauthors":[113282],"class_list":["post-849583","post","type-post","status-publish","format-standard","has-post-thumbnail","hentry","category-attualita","tag-batterie-agli-ioni-di-litio","tag-energia-it","tag-nuove-industrie","tag-romania-it","tag-unione-europea"],"acf":[],"yoast_head":"<!-- This site is optimized with the Yoast SEO plugin v27.5 - https:\/\/yoast.com\/product\/yoast-seo-wordpress\/ -->\n<title>La Romania e le industrie strategiche - Radio Romania Internazionale<\/title>\n<meta name=\"robots\" content=\"index, follow, max-snippet:-1, max-image-preview:large, max-video-preview:-1\" \/>\n<link rel=\"canonical\" href=\"https:\/\/www.rri.ro\/it\/news\/attualita\/la-romania-e-le-industrie-strategiche-id849583.html\" \/>\n<meta property=\"og:locale\" content=\"it_IT\" \/>\n<meta property=\"og:type\" content=\"article\" \/>\n<meta property=\"og:title\" content=\"La Romania e le industrie strategiche - Radio Romania Internazionale\" \/>\n<meta property=\"og:description\" content=\"Visitando la Romania nell&#8217;ambito di un tour europeo, il vicepresidente esecutivo della Commissione Europea, St\u00e9phane S\u00e9journ\u00e9, responsabile per la prosperit\u00e0 e la strategia industriale, ha promesso di sostenere importanti settori dell&#8217;industria locale, dalla produzione di batterie al settore dell\u2019acciaio. St\u00e9phane S\u00e9journ\u00e9 ha annunciato che il mese prossimo la Commissione pubblicher\u00e0 un piano strategico che semplificher\u00e0 [&hellip;]\" \/>\n<meta property=\"og:url\" content=\"https:\/\/www.rri.ro\/it\/news\/attualita\/la-romania-e-le-industrie-strategiche-id849583.html\" \/>\n<meta property=\"og:site_name\" content=\"Radio Romania Internazionale\" \/>\n<meta property=\"article:published_time\" content=\"2025-01-10T08:48:26+00:00\" \/>\n<meta property=\"article:modified_time\" content=\"2025-01-10T09:07:58+00:00\" \/>\n<meta property=\"og:image\" content=\"https:\/\/www.rri.ro\/wp-content\/uploads\/2025\/01\/Bogdan-Ivan-si-Stephane-Sejourne-foto-ministerul-economiei-e1736496545504-1.jpg\" \/>\n\t<meta property=\"og:image:width\" content=\"960\" \/>\n\t<meta property=\"og:image:height\" content=\"538\" \/>\n\t<meta property=\"og:image:type\" content=\"image\/jpeg\" \/>\n<meta name=\"author\" content=\"Daniela Budu\" \/>\n<meta name=\"twitter:card\" content=\"summary_large_image\" \/>\n<meta name=\"twitter:label1\" content=\"Scritto da\" \/>\n\t<meta name=\"twitter:data1\" content=\"Daniela Budu\" \/>\n\t<meta name=\"twitter:label2\" content=\"Tempo di lettura stimato\" \/>\n\t<meta name=\"twitter:data2\" content=\"2 minuti\" \/>\n<script type=\"application\/ld+json\" class=\"yoast-schema-graph\">{\"@context\":\"https:\\\/\\\/schema.org\",\"@graph\":[{\"@type\":\"Article\",\"@id\":\"https:\\\/\\\/www.rri.ro\\\/it\\\/news\\\/attualita\\\/la-romania-e-le-industrie-strategiche-id849583.html#article\",\"isPartOf\":{\"@id\":\"https:\\\/\\\/www.rri.ro\\\/it\\\/news\\\/attualita\\\/la-romania-e-le-industrie-strategiche-id849583.html\"},\"author\":{\"name\":\"Daniela Budu\",\"@id\":\"https:\\\/\\\/www.rri.ro\\\/#\\\/schema\\\/person\\\/b46b8f80d7d6e4b5ac9f14f0acbad0c4\"},\"headline\":\"La Romania e le industrie strategiche\",\"datePublished\":\"2025-01-10T08:48:26+00:00\",\"dateModified\":\"2025-01-10T09:07:58+00:00\",\"mainEntityOfPage\":{\"@id\":\"https:\\\/\\\/www.rri.ro\\\/it\\\/news\\\/attualita\\\/la-romania-e-le-industrie-strategiche-id849583.html\"},\"wordCount\":433,\"image\":{\"@id\":\"https:\\\/\\\/www.rri.ro\\\/it\\\/news\\\/attualita\\\/la-romania-e-le-industrie-strategiche-id849583.html#primaryimage\"},\"thumbnailUrl\":\"https:\\\/\\\/www.rri.ro\\\/wp-content\\\/uploads\\\/2025\\\/01\\\/Bogdan-Ivan-si-Stephane-Sejourne-foto-ministerul-economiei-e1736496545504-1.jpg\",\"keywords\":[\"batterie agli ioni di litio\",\"energia\",\"nuove industrie\",\"Romania\",\"Unione Europea\"],\"articleSection\":[\"Attualit\u00e0\"],\"inLanguage\":\"it-IT\"},{\"@type\":\"WebPage\",\"@id\":\"https:\\\/\\\/www.rri.ro\\\/it\\\/news\\\/attualita\\\/la-romania-e-le-industrie-strategiche-id849583.html\",\"url\":\"https:\\\/\\\/www.rri.ro\\\/it\\\/news\\\/attualita\\\/la-romania-e-le-industrie-strategiche-id849583.html\",\"name\":\"La Romania e le industrie strategiche - Radio Romania Internazionale\",\"isPartOf\":{\"@id\":\"https:\\\/\\\/www.rri.ro\\\/#website\"},\"primaryImageOfPage\":{\"@id\":\"https:\\\/\\\/www.rri.ro\\\/it\\\/news\\\/attualita\\\/la-romania-e-le-industrie-strategiche-id849583.html#primaryimage\"},\"image\":{\"@id\":\"https:\\\/\\\/www.rri.ro\\\/it\\\/news\\\/attualita\\\/la-romania-e-le-industrie-strategiche-id849583.html#primaryimage\"},\"thumbnailUrl\":\"https:\\\/\\\/www.rri.ro\\\/wp-content\\\/uploads\\\/2025\\\/01\\\/Bogdan-Ivan-si-Stephane-Sejourne-foto-ministerul-economiei-e1736496545504-1.jpg\",\"datePublished\":\"2025-01-10T08:48:26+00:00\",\"dateModified\":\"2025-01-10T09:07:58+00:00\",\"author\":{\"@id\":\"https:\\\/\\\/www.rri.ro\\\/#\\\/schema\\\/person\\\/b46b8f80d7d6e4b5ac9f14f0acbad0c4\"},\"breadcrumb\":{\"@id\":\"https:\\\/\\\/www.rri.ro\\\/it\\\/news\\\/attualita\\\/la-romania-e-le-industrie-strategiche-id849583.html#breadcrumb\"},\"inLanguage\":\"it-IT\",\"potentialAction\":[{\"@type\":\"ReadAction\",\"target\":[\"https:\\\/\\\/www.rri.ro\\\/it\\\/news\\\/attualita\\\/la-romania-e-le-industrie-strategiche-id849583.html\"]}]},{\"@type\":\"ImageObject\",\"inLanguage\":\"it-IT\",\"@id\":\"https:\\\/\\\/www.rri.ro\\\/it\\\/news\\\/attualita\\\/la-romania-e-le-industrie-strategiche-id849583.html#primaryimage\",\"url\":\"https:\\\/\\\/www.rri.ro\\\/wp-content\\\/uploads\\\/2025\\\/01\\\/Bogdan-Ivan-si-Stephane-Sejourne-foto-ministerul-economiei-e1736496545504-1.jpg\",\"contentUrl\":\"https:\\\/\\\/www.rri.ro\\\/wp-content\\\/uploads\\\/2025\\\/01\\\/Bogdan-Ivan-si-Stephane-Sejourne-foto-ministerul-economiei-e1736496545504-1.jpg\",\"width\":960,\"height\":538,\"caption\":\"Il vicepresidente esecutivo della Commissione Europea, St\u00e9phane S\u00e9journ\u00e9 (sinistra), e il ministro dell'Economia romeno, Bogdan Ivan (foto: Ministero dell'Economia, della Digitalizzazione, dell'Imprenditoria e del Turismo)\"},{\"@type\":\"BreadcrumbList\",\"@id\":\"https:\\\/\\\/www.rri.ro\\\/it\\\/news\\\/attualita\\\/la-romania-e-le-industrie-strategiche-id849583.html#breadcrumb\",\"itemListElement\":[{\"@type\":\"ListItem\",\"position\":1,\"name\":\"Pagina iniziale\",\"item\":\"https:\\\/\\\/www.rri.ro\\\/it\"},{\"@type\":\"ListItem\",\"position\":2,\"name\":\"News\",\"item\":\"https:\\\/\\\/www.rri.ro\\\/it\\\/news\"},{\"@type\":\"ListItem\",\"position\":3,\"name\":\"Attualit\u00e0\",\"item\":\"https:\\\/\\\/www.rri.ro\\\/it\\\/news\\\/attualita\"},{\"@type\":\"ListItem\",\"position\":4,\"name\":\"La Romania e le industrie strategiche\"}]},{\"@type\":\"WebSite\",\"@id\":\"https:\\\/\\\/www.rri.ro\\\/#website\",\"url\":\"https:\\\/\\\/www.rri.ro\\\/\",\"name\":\"Radio Romania Internazionale\",\"description\":\"Totul despre Rom\u00e2nia \u015fi rom\u00e2ni, \u00een 13 limbi\\\/dialecte!\",\"inLanguage\":\"it-IT\"},{\"@type\":\"Person\",\"@id\":\"https:\\\/\\\/www.rri.ro\\\/#\\\/schema\\\/person\\\/b46b8f80d7d6e4b5ac9f14f0acbad0c4\",\"name\":\"Daniela Budu\",\"url\":\"https:\\\/\\\/www.rri.ro\\\/it\\\/author\\\/daniela-budu\"}]}<\/script>\n<!-- \/ Yoast SEO plugin. -->","yoast_head_json":{"title":"La Romania e le industrie strategiche - Radio Romania Internazionale","robots":{"index":"index","follow":"follow","max-snippet":"max-snippet:-1","max-image-preview":"max-image-preview:large","max-video-preview":"max-video-preview:-1"},"canonical":"https:\/\/www.rri.ro\/it\/news\/attualita\/la-romania-e-le-industrie-strategiche-id849583.html","og_locale":"it_IT","og_type":"article","og_title":"La Romania e le industrie strategiche - Radio Romania Internazionale","og_description":"Visitando la Romania nell&#8217;ambito di un tour europeo, il vicepresidente esecutivo della Commissione Europea, St\u00e9phane S\u00e9journ\u00e9, responsabile per la prosperit\u00e0 e la strategia industriale, ha promesso di sostenere importanti settori dell&#8217;industria locale, dalla produzione di batterie al settore dell\u2019acciaio. St\u00e9phane S\u00e9journ\u00e9 ha annunciato che il mese prossimo la Commissione pubblicher\u00e0 un piano strategico che semplificher\u00e0 [&hellip;]","og_url":"https:\/\/www.rri.ro\/it\/news\/attualita\/la-romania-e-le-industrie-strategiche-id849583.html","og_site_name":"Radio Romania Internazionale","article_published_time":"2025-01-10T08:48:26+00:00","article_modified_time":"2025-01-10T09:07:58+00:00","og_image":[{"width":960,"height":538,"url":"https:\/\/www.rri.ro\/wp-content\/uploads\/2025\/01\/Bogdan-Ivan-si-Stephane-Sejourne-foto-ministerul-economiei-e1736496545504-1.jpg","type":"image\/jpeg"}],"author":"Daniela Budu","twitter_card":"summary_large_image","twitter_misc":{"Scritto da":"Daniela Budu","Tempo di lettura stimato":"2 minuti"},"schema":{"@context":"https:\/\/schema.org","@graph":[{"@type":"Article","@id":"https:\/\/www.rri.ro\/it\/news\/attualita\/la-romania-e-le-industrie-strategiche-id849583.html#article","isPartOf":{"@id":"https:\/\/www.rri.ro\/it\/news\/attualita\/la-romania-e-le-industrie-strategiche-id849583.html"},"author":{"name":"Daniela Budu","@id":"https:\/\/www.rri.ro\/#\/schema\/person\/b46b8f80d7d6e4b5ac9f14f0acbad0c4"},"headline":"La Romania e le industrie strategiche","datePublished":"2025-01-10T08:48:26+00:00","dateModified":"2025-01-10T09:07:58+00:00","mainEntityOfPage":{"@id":"https:\/\/www.rri.ro\/it\/news\/attualita\/la-romania-e-le-industrie-strategiche-id849583.html"},"wordCount":433,"image":{"@id":"https:\/\/www.rri.ro\/it\/news\/attualita\/la-romania-e-le-industrie-strategiche-id849583.html#primaryimage"},"thumbnailUrl":"https:\/\/www.rri.ro\/wp-content\/uploads\/2025\/01\/Bogdan-Ivan-si-Stephane-Sejourne-foto-ministerul-economiei-e1736496545504-1.jpg","keywords":["batterie agli ioni di litio","energia","nuove industrie","Romania","Unione Europea"],"articleSection":["Attualit\u00e0"],"inLanguage":"it-IT"},{"@type":"WebPage","@id":"https:\/\/www.rri.ro\/it\/news\/attualita\/la-romania-e-le-industrie-strategiche-id849583.html","url":"https:\/\/www.rri.ro\/it\/news\/attualita\/la-romania-e-le-industrie-strategiche-id849583.html","name":"La Romania e le industrie strategiche - Radio Romania Internazionale","isPartOf":{"@id":"https:\/\/www.rri.ro\/#website"},"primaryImageOfPage":{"@id":"https:\/\/www.rri.ro\/it\/news\/attualita\/la-romania-e-le-industrie-strategiche-id849583.html#primaryimage"},"image":{"@id":"https:\/\/www.rri.ro\/it\/news\/attualita\/la-romania-e-le-industrie-strategiche-id849583.html#primaryimage"},"thumbnailUrl":"https:\/\/www.rri.ro\/wp-content\/uploads\/2025\/01\/Bogdan-Ivan-si-Stephane-Sejourne-foto-ministerul-economiei-e1736496545504-1.jpg","datePublished":"2025-01-10T08:48:26+00:00","dateModified":"2025-01-10T09:07:58+00:00","author":{"@id":"https:\/\/www.rri.ro\/#\/schema\/person\/b46b8f80d7d6e4b5ac9f14f0acbad0c4"},"breadcrumb":{"@id":"https:\/\/www.rri.ro\/it\/news\/attualita\/la-romania-e-le-industrie-strategiche-id849583.html#breadcrumb"},"inLanguage":"it-IT","potentialAction":[{"@type":"ReadAction","target":["https:\/\/www.rri.ro\/it\/news\/attualita\/la-romania-e-le-industrie-strategiche-id849583.html"]}]},{"@type":"ImageObject","inLanguage":"it-IT","@id":"https:\/\/www.rri.ro\/it\/news\/attualita\/la-romania-e-le-industrie-strategiche-id849583.html#primaryimage","url":"https:\/\/www.rri.ro\/wp-content\/uploads\/2025\/01\/Bogdan-Ivan-si-Stephane-Sejourne-foto-ministerul-economiei-e1736496545504-1.jpg","contentUrl":"https:\/\/www.rri.ro\/wp-content\/uploads\/2025\/01\/Bogdan-Ivan-si-Stephane-Sejourne-foto-ministerul-economiei-e1736496545504-1.jpg","width":960,"height":538,"caption":"Il vicepresidente esecutivo della Commissione Europea, St\u00e9phane S\u00e9journ\u00e9 (sinistra), e il ministro dell'Economia romeno, Bogdan Ivan (foto: Ministero dell'Economia, della Digitalizzazione, dell'Imprenditoria e del Turismo)"},{"@type":"BreadcrumbList","@id":"https:\/\/www.rri.ro\/it\/news\/attualita\/la-romania-e-le-industrie-strategiche-id849583.html#breadcrumb","itemListElement":[{"@type":"ListItem","position":1,"name":"Pagina iniziale","item":"https:\/\/www.rri.ro\/it"},{"@type":"ListItem","position":2,"name":"News","item":"https:\/\/www.rri.ro\/it\/news"},{"@type":"ListItem","position":3,"name":"Attualit\u00e0","item":"https:\/\/www.rri.ro\/it\/news\/attualita"},{"@type":"ListItem","position":4,"name":"La Romania e le industrie strategiche"}]},{"@type":"WebSite","@id":"https:\/\/www.rri.ro\/#website","url":"https:\/\/www.rri.ro\/","name":"Radio Romania Internazionale","description":"Totul despre Rom\u00e2nia \u015fi rom\u00e2ni, \u00een 13 limbi\/dialecte!","inLanguage":"it-IT"},{"@type":"Person","@id":"https:\/\/www.rri.ro\/#\/schema\/person\/b46b8f80d7d6e4b5ac9f14f0acbad0c4","name":"Daniela Budu","url":"https:\/\/www.rri.ro\/it\/author\/daniela-budu"}]}},"_links":{"self":[{"href":"https:\/\/www.rri.ro\/it\/wp-json\/wp\/v2\/posts\/849583","targetHints":{"allow":["GET"]}}],"collection":[{"href":"https:\/\/www.rri.ro\/it\/wp-json\/wp\/v2\/posts"}],"about":[{"href":"https:\/\/www.rri.ro\/it\/wp-json\/wp\/v2\/types\/post"}],"author":[{"embeddable":true,"href":"https:\/\/www.rri.ro\/it\/wp-json\/wp\/v2\/users\/107"}],"replies":[{"embeddable":true,"href":"https:\/\/www.rri.ro\/it\/wp-json\/wp\/v2\/comments?post=849583"}],"version-history":[{"count":0,"href":"https:\/\/www.rri.ro\/it\/wp-json\/wp\/v2\/posts\/849583\/revisions"}],"wp:featuredmedia":[{"embeddable":true,"href":"https:\/\/www.rri.ro\/it\/wp-json\/wp\/v2\/media\/849595"}],"wp:attachment":[{"href":"https:\/\/www.rri.ro\/it\/wp-json\/wp\/v2\/media?parent=849583"}],"wp:term":[{"taxonomy":"category","embeddable":true,"href":"https:\/\/www.rri.ro\/it\/wp-json\/wp\/v2\/categories?post=849583"},{"taxonomy":"post_tag","embeddable":true,"href":"https:\/\/www.rri.ro\/it\/wp-json\/wp\/v2\/tags?post=849583"},{"taxonomy":"author","embeddable":true,"href":"https:\/\/www.rri.ro\/it\/wp-json\/wp\/v2\/coauthors?post=849583"}],"curies":[{"name":"wp","href":"https:\/\/api.w.org\/{rel}","templated":true}]}}