{"id":856260,"date":"2025-01-29T13:39:35","date_gmt":"2025-01-29T11:39:35","guid":{"rendered":"https:\/\/www.rri.ro\/?p=856260"},"modified":"2025-01-29T13:39:35","modified_gmt":"2025-01-29T11:39:35","slug":"priorita-della-politica-estera-romena-4","status":"publish","type":"post","link":"https:\/\/www.rri.ro\/it\/news\/in-primo-piano\/priorita-della-politica-estera-romena-4-id856260.html","title":{"rendered":"Priorit\u00e0 della politica estera romena"},"content":{"rendered":"<p>L&#8217;Unione Europea comprende che la Romania rimane uno stato forte e stabile, con priorit\u00e0 allineate a quelle europee, ha dichiarato la vicepresidente esecutiva della Commissione Europea per i diritti sociali e le competenze, l&#8217;occupazione di qualit\u00e0 e la preparazione, Roxana M\u00eenzatu, dopo l&#8217;incontro avuto marted\u00ec a Bruxelles con il ministro degli Affari Esteri, Emil Hurezeanu. Hanno discusso del mantenimento del sostegno al processo di allargamento dell&#8217;UE, dell\u2019ulteriore supporto fornito all&#8217;Ucraina e alla Repubblica di Moldova, dello sviluppo di una visione strategica per il Mar Nero, della promozione degli obiettivi di convergenza e coesione nei negoziati sul futuro Quadro finanziario pluriennale post-2027 o del rafforzamento dell\u2019azione europea nel campo della difesa.<\/p>\n<p>Roxana M\u00eenzatu ha offerto maggiori dettagli sui temi affrontati con il capo della diplomazia. \u201cAbbiamo discusso di cosa significa la forza dell&#8217;Europa attraverso la forza della Romania, non solo dalla prospettiva della sicurezza del Fianco orientale, della sicurezza energetica. Sono molteplici le valenze attraverso le quali l&#8217;Unione Europea capisce che \u00e8 pi\u00f9 forte se la Romania \u00e8 forte. Abbiamo discusso anche del ruolo della Romania nel sostenere i paesi candidati, in particolare la Moldova e l\u2019Ucraina. \u00c8 importante considerare il modo in cui sosteniamo la preparazione dei paesi candidati. Il ruolo della Romania, in particolare, \u00e8 fondamentale\u201d, ha detto Roxana M\u00eenzatu.<\/p>\n<p>La vicepresidente della Commissione Europea ha precisato che uno degli argomenti trattati durante l&#8217;incontro ha riguardato l&#8217;industria automobilistica, un settore vitale anche per la Romania. &#8220;Far\u00f2 parte di questo sforzo per sostenere le industrie nella creazione di nuovi posti di lavoro e nello sviluppo di nuovi investimenti in Europa&#8221;, ha assicurato Roxana M\u00eenzatu. Discusso anche il Piano di industrializzazione verde, che la Commissione Europea lancer\u00e0 a breve, e di come la Romania possa contribuire, ma anche trarre vantaggio da chiare priorit\u00e0 all&#8217;interno di questo meccanismo.<\/p>\n<p>&#8220;Il nostro interesse \u00e8 che la Romania sia una presenza ben sviluppata e robusta sugli schermi degli interessi diretti dell&#8217;Unione Europea&#8221;, ha dichiarato, a sua volta, Emil Hurezeanu. Il ministro ha aggiunto che l&#8217;Unione sta preparando piani, idee e documenti strategici, e la Romania ha interessi specifici in questo senso. Si tratta, spiega Emil Hurezeanu, di progetti della strategia del Mar Nero, della Repubblica di Moldova o del bilancio pluriennale dal 2028 al 2034.<\/p>\n<p>Durante i due giorni di presenza a Bruxelles, Emil Hurezeanu ha partecipato al Consiglio Affari Esteri e ha incontrato il segretario generale della NATO, Mark Rutte. Il ministro ha ricordato il sostegno alla sovranit\u00e0, all&#8217;integrit\u00e0 e all&#8217;indipendenza dell&#8217;Ucraina e ha sottolineato l&#8217;importanza di continuare il sostegno multidimensionale dell&#8217;UE allo stato confinante. Ha inoltre ribadito il sostegno della Romania al percorso europeo dell&#8217;Ucraina e della Repubblica di Moldova.<\/p>\n<p>Con il capo della NATO, ha discusso degli sviluppi in materia di sicurezza sul Fianco orientale, con particolare attenzione alla regione del Mar Nero e all\u2019ulteriore rafforzamento della deterrenza e della difesa alleate. Emil Hurezeanu ha sottolineato il contributo della Romania alla sicurezza euro-atlantica e il profondo impegno della societ\u00e0 romena nei confronti dei valori democratici.<\/p>\n","protected":false},"excerpt":{"rendered":"<p>L&#8217;Unione Europea comprende che la Romania rimane uno stato forte e stabile, con priorit\u00e0 allineate a quelle europee, ha dichiarato la vicepresidente esecutiva della Commissione Europea per i diritti sociali e le competenze, l&#8217;occupazione di qualit\u00e0 e la preparazione, Roxana M\u00eenzatu, dopo l&#8217;incontro avuto marted\u00ec a Bruxelles con il ministro degli Affari Esteri, Emil Hurezeanu. [&hellip;]<\/p>\n","protected":false},"author":107,"featured_media":856135,"comment_status":"closed","ping_status":"closed","sticky":false,"template":"","format":"standard","meta":{"_acf_changed":false,"footnotes":""},"categories":[99264],"tags":[162527,148881,135962,137197,99451,162526],"coauthors":[113282],"class_list":["post-856260","post","type-post","status-publish","format-standard","has-post-thumbnail","hentry","category-in-primo-piano","tag-ministro-degli-esteri-emil-hurezeanu","tag-nato-it","tag-politica-estera","tag-romania-it","tag-unione-europea","tag-vicepresidente-ce-roxana-minzatu"],"acf":[],"yoast_head":"<!-- This site is optimized with the Yoast SEO plugin v27.3 - https:\/\/yoast.com\/product\/yoast-seo-wordpress\/ -->\n<title>Priorit\u00e0 della politica estera romena - Radio Romania Internazionale<\/title>\n<meta name=\"robots\" content=\"index, follow, max-snippet:-1, max-image-preview:large, max-video-preview:-1\" \/>\n<link rel=\"canonical\" href=\"https:\/\/www.rri.ro\/it\/news\/in-primo-piano\/priorita-della-politica-estera-romena-4-id856260.html\" \/>\n<meta property=\"og:locale\" content=\"it_IT\" \/>\n<meta property=\"og:type\" content=\"article\" \/>\n<meta property=\"og:title\" content=\"Priorit\u00e0 della politica estera romena - Radio Romania Internazionale\" \/>\n<meta property=\"og:description\" content=\"L&#8217;Unione Europea comprende che la Romania rimane uno stato forte e stabile, con priorit\u00e0 allineate a quelle europee, ha dichiarato la vicepresidente esecutiva della Commissione Europea per i diritti sociali e le competenze, l&#8217;occupazione di qualit\u00e0 e la preparazione, Roxana M\u00eenzatu, dopo l&#8217;incontro avuto marted\u00ec a Bruxelles con il ministro degli Affari Esteri, Emil Hurezeanu. [&hellip;]\" \/>\n<meta property=\"og:url\" content=\"https:\/\/www.rri.ro\/it\/news\/in-primo-piano\/priorita-della-politica-estera-romena-4-id856260.html\" \/>\n<meta property=\"og:site_name\" content=\"Radio Romania Internazionale\" \/>\n<meta property=\"article:published_time\" content=\"2025-01-29T11:39:35+00:00\" \/>\n<meta property=\"og:image\" content=\"https:\/\/www.rri.ro\/wp-content\/uploads\/2025\/01\/emil-hurezeanu-roxana-minzatu.jpeg\" \/>\n\t<meta property=\"og:image:width\" content=\"1600\" \/>\n\t<meta property=\"og:image:height\" content=\"1066\" \/>\n\t<meta property=\"og:image:type\" content=\"image\/jpeg\" \/>\n<meta name=\"author\" content=\"Daniela Budu\" \/>\n<meta name=\"twitter:card\" content=\"summary_large_image\" \/>\n<meta name=\"twitter:label1\" content=\"Scritto da\" \/>\n\t<meta name=\"twitter:data1\" content=\"Daniela Budu\" \/>\n\t<meta name=\"twitter:label2\" content=\"Tempo di lettura stimato\" \/>\n\t<meta name=\"twitter:data2\" content=\"2 minuti\" \/>\n<script type=\"application\/ld+json\" class=\"yoast-schema-graph\">{\"@context\":\"https:\\\/\\\/schema.org\",\"@graph\":[{\"@type\":\"Article\",\"@id\":\"https:\\\/\\\/www.rri.ro\\\/it\\\/news\\\/in-primo-piano\\\/priorita-della-politica-estera-romena-4-id856260.html#article\",\"isPartOf\":{\"@id\":\"https:\\\/\\\/www.rri.ro\\\/it\\\/news\\\/in-primo-piano\\\/priorita-della-politica-estera-romena-4-id856260.html\"},\"author\":{\"name\":\"Daniela Budu\",\"@id\":\"https:\\\/\\\/www.rri.ro\\\/#\\\/schema\\\/person\\\/b46b8f80d7d6e4b5ac9f14f0acbad0c4\"},\"headline\":\"Priorit\u00e0 della politica estera romena\",\"datePublished\":\"2025-01-29T11:39:35+00:00\",\"mainEntityOfPage\":{\"@id\":\"https:\\\/\\\/www.rri.ro\\\/it\\\/news\\\/in-primo-piano\\\/priorita-della-politica-estera-romena-4-id856260.html\"},\"wordCount\":517,\"image\":{\"@id\":\"https:\\\/\\\/www.rri.ro\\\/it\\\/news\\\/in-primo-piano\\\/priorita-della-politica-estera-romena-4-id856260.html#primaryimage\"},\"thumbnailUrl\":\"https:\\\/\\\/www.rri.ro\\\/wp-content\\\/uploads\\\/2025\\\/01\\\/emil-hurezeanu-roxana-minzatu.jpeg\",\"keywords\":[\"ministro degli Esteri Emil Hurezeanu\",\"NATO\",\"politica estera\",\"Romania\",\"Unione Europea\",\"vicepresidente CE Roxana Minzatu\"],\"articleSection\":[\"In primo piano\"],\"inLanguage\":\"it-IT\"},{\"@type\":\"WebPage\",\"@id\":\"https:\\\/\\\/www.rri.ro\\\/it\\\/news\\\/in-primo-piano\\\/priorita-della-politica-estera-romena-4-id856260.html\",\"url\":\"https:\\\/\\\/www.rri.ro\\\/it\\\/news\\\/in-primo-piano\\\/priorita-della-politica-estera-romena-4-id856260.html\",\"name\":\"Priorit\u00e0 della politica estera romena - Radio Romania Internazionale\",\"isPartOf\":{\"@id\":\"https:\\\/\\\/www.rri.ro\\\/#website\"},\"primaryImageOfPage\":{\"@id\":\"https:\\\/\\\/www.rri.ro\\\/it\\\/news\\\/in-primo-piano\\\/priorita-della-politica-estera-romena-4-id856260.html#primaryimage\"},\"image\":{\"@id\":\"https:\\\/\\\/www.rri.ro\\\/it\\\/news\\\/in-primo-piano\\\/priorita-della-politica-estera-romena-4-id856260.html#primaryimage\"},\"thumbnailUrl\":\"https:\\\/\\\/www.rri.ro\\\/wp-content\\\/uploads\\\/2025\\\/01\\\/emil-hurezeanu-roxana-minzatu.jpeg\",\"datePublished\":\"2025-01-29T11:39:35+00:00\",\"author\":{\"@id\":\"https:\\\/\\\/www.rri.ro\\\/#\\\/schema\\\/person\\\/b46b8f80d7d6e4b5ac9f14f0acbad0c4\"},\"breadcrumb\":{\"@id\":\"https:\\\/\\\/www.rri.ro\\\/it\\\/news\\\/in-primo-piano\\\/priorita-della-politica-estera-romena-4-id856260.html#breadcrumb\"},\"inLanguage\":\"it-IT\",\"potentialAction\":[{\"@type\":\"ReadAction\",\"target\":[\"https:\\\/\\\/www.rri.ro\\\/it\\\/news\\\/in-primo-piano\\\/priorita-della-politica-estera-romena-4-id856260.html\"]}]},{\"@type\":\"ImageObject\",\"inLanguage\":\"it-IT\",\"@id\":\"https:\\\/\\\/www.rri.ro\\\/it\\\/news\\\/in-primo-piano\\\/priorita-della-politica-estera-romena-4-id856260.html#primaryimage\",\"url\":\"https:\\\/\\\/www.rri.ro\\\/wp-content\\\/uploads\\\/2025\\\/01\\\/emil-hurezeanu-roxana-minzatu.jpeg\",\"contentUrl\":\"https:\\\/\\\/www.rri.ro\\\/wp-content\\\/uploads\\\/2025\\\/01\\\/emil-hurezeanu-roxana-minzatu.jpeg\",\"width\":1600,\"height\":1066,\"caption\":\"Emil Hurezeanu Roxana M\u00eenzatu a Bruxelles \\\/ Foto: mae.ro\"},{\"@type\":\"BreadcrumbList\",\"@id\":\"https:\\\/\\\/www.rri.ro\\\/it\\\/news\\\/in-primo-piano\\\/priorita-della-politica-estera-romena-4-id856260.html#breadcrumb\",\"itemListElement\":[{\"@type\":\"ListItem\",\"position\":1,\"name\":\"Pagina iniziale\",\"item\":\"https:\\\/\\\/www.rri.ro\\\/it\"},{\"@type\":\"ListItem\",\"position\":2,\"name\":\"News\",\"item\":\"https:\\\/\\\/www.rri.ro\\\/it\\\/news\"},{\"@type\":\"ListItem\",\"position\":3,\"name\":\"In primo piano\",\"item\":\"https:\\\/\\\/www.rri.ro\\\/it\\\/news\\\/in-primo-piano\"},{\"@type\":\"ListItem\",\"position\":4,\"name\":\"Priorit\u00e0 della politica estera romena\"}]},{\"@type\":\"WebSite\",\"@id\":\"https:\\\/\\\/www.rri.ro\\\/#website\",\"url\":\"https:\\\/\\\/www.rri.ro\\\/\",\"name\":\"Radio Romania Internazionale\",\"description\":\"Totul despre Rom\u00e2nia \u015fi rom\u00e2ni, \u00een 13 limbi\\\/dialecte!\",\"inLanguage\":\"it-IT\"},{\"@type\":\"Person\",\"@id\":\"https:\\\/\\\/www.rri.ro\\\/#\\\/schema\\\/person\\\/b46b8f80d7d6e4b5ac9f14f0acbad0c4\",\"name\":\"Daniela Budu\",\"url\":\"https:\\\/\\\/www.rri.ro\\\/it\\\/author\\\/daniela-budu\"}]}<\/script>\n<!-- \/ Yoast SEO plugin. -->","yoast_head_json":{"title":"Priorit\u00e0 della politica estera romena - Radio Romania Internazionale","robots":{"index":"index","follow":"follow","max-snippet":"max-snippet:-1","max-image-preview":"max-image-preview:large","max-video-preview":"max-video-preview:-1"},"canonical":"https:\/\/www.rri.ro\/it\/news\/in-primo-piano\/priorita-della-politica-estera-romena-4-id856260.html","og_locale":"it_IT","og_type":"article","og_title":"Priorit\u00e0 della politica estera romena - Radio Romania Internazionale","og_description":"L&#8217;Unione Europea comprende che la Romania rimane uno stato forte e stabile, con priorit\u00e0 allineate a quelle europee, ha dichiarato la vicepresidente esecutiva della Commissione Europea per i diritti sociali e le competenze, l&#8217;occupazione di qualit\u00e0 e la preparazione, Roxana M\u00eenzatu, dopo l&#8217;incontro avuto marted\u00ec a Bruxelles con il ministro degli Affari Esteri, Emil Hurezeanu. [&hellip;]","og_url":"https:\/\/www.rri.ro\/it\/news\/in-primo-piano\/priorita-della-politica-estera-romena-4-id856260.html","og_site_name":"Radio Romania Internazionale","article_published_time":"2025-01-29T11:39:35+00:00","og_image":[{"width":1600,"height":1066,"url":"https:\/\/www.rri.ro\/wp-content\/uploads\/2025\/01\/emil-hurezeanu-roxana-minzatu.jpeg","type":"image\/jpeg"}],"author":"Daniela Budu","twitter_card":"summary_large_image","twitter_misc":{"Scritto da":"Daniela Budu","Tempo di lettura stimato":"2 minuti"},"schema":{"@context":"https:\/\/schema.org","@graph":[{"@type":"Article","@id":"https:\/\/www.rri.ro\/it\/news\/in-primo-piano\/priorita-della-politica-estera-romena-4-id856260.html#article","isPartOf":{"@id":"https:\/\/www.rri.ro\/it\/news\/in-primo-piano\/priorita-della-politica-estera-romena-4-id856260.html"},"author":{"name":"Daniela Budu","@id":"https:\/\/www.rri.ro\/#\/schema\/person\/b46b8f80d7d6e4b5ac9f14f0acbad0c4"},"headline":"Priorit\u00e0 della politica estera romena","datePublished":"2025-01-29T11:39:35+00:00","mainEntityOfPage":{"@id":"https:\/\/www.rri.ro\/it\/news\/in-primo-piano\/priorita-della-politica-estera-romena-4-id856260.html"},"wordCount":517,"image":{"@id":"https:\/\/www.rri.ro\/it\/news\/in-primo-piano\/priorita-della-politica-estera-romena-4-id856260.html#primaryimage"},"thumbnailUrl":"https:\/\/www.rri.ro\/wp-content\/uploads\/2025\/01\/emil-hurezeanu-roxana-minzatu.jpeg","keywords":["ministro degli Esteri Emil Hurezeanu","NATO","politica estera","Romania","Unione Europea","vicepresidente CE Roxana Minzatu"],"articleSection":["In primo piano"],"inLanguage":"it-IT"},{"@type":"WebPage","@id":"https:\/\/www.rri.ro\/it\/news\/in-primo-piano\/priorita-della-politica-estera-romena-4-id856260.html","url":"https:\/\/www.rri.ro\/it\/news\/in-primo-piano\/priorita-della-politica-estera-romena-4-id856260.html","name":"Priorit\u00e0 della politica estera romena - Radio Romania Internazionale","isPartOf":{"@id":"https:\/\/www.rri.ro\/#website"},"primaryImageOfPage":{"@id":"https:\/\/www.rri.ro\/it\/news\/in-primo-piano\/priorita-della-politica-estera-romena-4-id856260.html#primaryimage"},"image":{"@id":"https:\/\/www.rri.ro\/it\/news\/in-primo-piano\/priorita-della-politica-estera-romena-4-id856260.html#primaryimage"},"thumbnailUrl":"https:\/\/www.rri.ro\/wp-content\/uploads\/2025\/01\/emil-hurezeanu-roxana-minzatu.jpeg","datePublished":"2025-01-29T11:39:35+00:00","author":{"@id":"https:\/\/www.rri.ro\/#\/schema\/person\/b46b8f80d7d6e4b5ac9f14f0acbad0c4"},"breadcrumb":{"@id":"https:\/\/www.rri.ro\/it\/news\/in-primo-piano\/priorita-della-politica-estera-romena-4-id856260.html#breadcrumb"},"inLanguage":"it-IT","potentialAction":[{"@type":"ReadAction","target":["https:\/\/www.rri.ro\/it\/news\/in-primo-piano\/priorita-della-politica-estera-romena-4-id856260.html"]}]},{"@type":"ImageObject","inLanguage":"it-IT","@id":"https:\/\/www.rri.ro\/it\/news\/in-primo-piano\/priorita-della-politica-estera-romena-4-id856260.html#primaryimage","url":"https:\/\/www.rri.ro\/wp-content\/uploads\/2025\/01\/emil-hurezeanu-roxana-minzatu.jpeg","contentUrl":"https:\/\/www.rri.ro\/wp-content\/uploads\/2025\/01\/emil-hurezeanu-roxana-minzatu.jpeg","width":1600,"height":1066,"caption":"Emil Hurezeanu Roxana M\u00eenzatu a Bruxelles \/ Foto: mae.ro"},{"@type":"BreadcrumbList","@id":"https:\/\/www.rri.ro\/it\/news\/in-primo-piano\/priorita-della-politica-estera-romena-4-id856260.html#breadcrumb","itemListElement":[{"@type":"ListItem","position":1,"name":"Pagina iniziale","item":"https:\/\/www.rri.ro\/it"},{"@type":"ListItem","position":2,"name":"News","item":"https:\/\/www.rri.ro\/it\/news"},{"@type":"ListItem","position":3,"name":"In primo piano","item":"https:\/\/www.rri.ro\/it\/news\/in-primo-piano"},{"@type":"ListItem","position":4,"name":"Priorit\u00e0 della politica estera romena"}]},{"@type":"WebSite","@id":"https:\/\/www.rri.ro\/#website","url":"https:\/\/www.rri.ro\/","name":"Radio Romania Internazionale","description":"Totul despre Rom\u00e2nia \u015fi rom\u00e2ni, \u00een 13 limbi\/dialecte!","inLanguage":"it-IT"},{"@type":"Person","@id":"https:\/\/www.rri.ro\/#\/schema\/person\/b46b8f80d7d6e4b5ac9f14f0acbad0c4","name":"Daniela Budu","url":"https:\/\/www.rri.ro\/it\/author\/daniela-budu"}]}},"_links":{"self":[{"href":"https:\/\/www.rri.ro\/it\/wp-json\/wp\/v2\/posts\/856260","targetHints":{"allow":["GET"]}}],"collection":[{"href":"https:\/\/www.rri.ro\/it\/wp-json\/wp\/v2\/posts"}],"about":[{"href":"https:\/\/www.rri.ro\/it\/wp-json\/wp\/v2\/types\/post"}],"author":[{"embeddable":true,"href":"https:\/\/www.rri.ro\/it\/wp-json\/wp\/v2\/users\/107"}],"replies":[{"embeddable":true,"href":"https:\/\/www.rri.ro\/it\/wp-json\/wp\/v2\/comments?post=856260"}],"version-history":[{"count":0,"href":"https:\/\/www.rri.ro\/it\/wp-json\/wp\/v2\/posts\/856260\/revisions"}],"wp:featuredmedia":[{"embeddable":true,"href":"https:\/\/www.rri.ro\/it\/wp-json\/wp\/v2\/media\/856135"}],"wp:attachment":[{"href":"https:\/\/www.rri.ro\/it\/wp-json\/wp\/v2\/media?parent=856260"}],"wp:term":[{"taxonomy":"category","embeddable":true,"href":"https:\/\/www.rri.ro\/it\/wp-json\/wp\/v2\/categories?post=856260"},{"taxonomy":"post_tag","embeddable":true,"href":"https:\/\/www.rri.ro\/it\/wp-json\/wp\/v2\/tags?post=856260"},{"taxonomy":"author","embeddable":true,"href":"https:\/\/www.rri.ro\/it\/wp-json\/wp\/v2\/coauthors?post=856260"}],"curies":[{"name":"wp","href":"https:\/\/api.w.org\/{rel}","templated":true}]}}