{"id":858164,"date":"2025-02-04T12:02:40","date_gmt":"2025-02-04T10:02:40","guid":{"rendered":"https:\/\/www.rri.ro\/?p=858164"},"modified":"2025-02-04T12:02:40","modified_gmt":"2025-02-04T10:02:40","slug":"ue-aumentare-la-spesa-per-la-difesa","status":"publish","type":"post","link":"https:\/\/www.rri.ro\/it\/news\/in-primo-piano\/ue-aumentare-la-spesa-per-la-difesa-id858164.html","title":{"rendered":"UE \u2013 aumentare la spesa per la difesa"},"content":{"rendered":"<p>Con una guerra che minaccia di protrarsi ai suoi confini e con un leader della Casa Bianca imprevedibile, secondo alcuni, con approccio transazionale, secondo altri, ed entrambi secondo la maggior parte, l&#8217;Unione Europea non pu\u00f2 permettersi il lusso di mettere le questioni di difesa e sicurezza comune in fondo all&#8217;agenda. A Bruxelles, i leader dell&#8217;Unione si sono riuniti per un incontro informale dedicato proprio a questo argomento. Hanno insistito non solo sull&#8217;aumento dei bilanci degli stati membri destinati al settore della difesa, ma anche sul finanziamento di progetti comuni con fondi comunitari.<\/p>\n<p>I finanziamenti e la collaborazione a livello di Unione Europea potrebbero controbilanciare i vincoli di budget che attualmente non consentono ad alcuni membri di stanziare maggiori fondi alla difesa. Si potrebbero eliminare le differenze nella produzione dell&#8217;industria della difesa, in modo che ci\u00f2 che viene prodotto nell&#8217;Unione Europea, ovvero equipaggiamenti e munizioni, possa essere utilizzato in tutti gli stati membri.<\/p>\n<p>Presente ai colloqui, il presidente romeno Klaus Iohannis ha sottolineato che, in tutto questo dibattito, \u00e8 molto importante non perdere di vista l&#8217;appartenenza alla NATO di molti stati membri dell&#8217;Unione. La Romania, ha insistito Iohannis, non accetta l&#8217;idea di una difesa europea separata o parallela a quella che facciamo nella NATO, perch\u00e9 non potrebbe funzionare. La collaborazione comunitaria nel campo della difesa non deve sovrapporsi al ruolo della NATO, vista come il principale player della sicurezza transatlantica, ritiene la maggior parte dei leader dell&#8217;UE.<\/p>\n<p>Invitato alle discussioni, il segretario generale della NATO, Mark Rutte, ha affermato che, indipendentemente dalle soluzioni, l&#8217;industria europea della difesa deve crescere e che la soluzione principale \u00e8 aumentare i bilanci. &#8220;In questo momento, stiamo valutando le lacune della difesa europea, vediamo dove siamo e dove dovremmo arrivare, e da qui stabiliremo degli obiettivi. Decideremo anche quanto gli alleati devono stanziare alla difesa, ma sar\u00e0 molto pi\u00f9 del 2% del PIL&#8221;, ha detto Mark Rutte.<\/p>\n<p>Inoltre, il presidente francese Emmanuel Macron \u00e8 stato l&#8217;unico a parlare di acquisti esclusivi o prioritari provenienti dall&#8217;Unione Europea. Si tratta di una posizione che escluderebbe in futuro gran parte dei fornitori americani, onde i riserbi degli stati membri che non vogliono rendere tesi i rapporti con gli Stati Uniti, soprattutto nelle attuali condizioni di insicurezza globale, nota il corrispondente di Radio Romania a Bruxelles. Gli Stati Uniti sono un alleato nella NATO e finora hanno sostenuto la maggior parte degli equipaggiamenti dell&#8217;Alleanza.<\/p>\n<p>Il segretario generale della NATO, Mark Rutte, ha suggerito che gli alleati europei dovrebbero farsi carico sempre di pi\u00f9 di questo onere, non solo in termini di spesa per la NATO, ma anche per quanto riguarda gli aiuti all&#8217;Ucraina. Nell&#8217;incontro con la stampa nazionale, il presidente Klaus Iohannis ha ricordato che, nonostante l&#8217;elevato deficit dello scorso anno, la Romania ha avuto una crescita economica significativa, e su questa base \u00e8 stato anche possibile aumentare il bilancio della difesa al 2,5% del PIL, un esempio tra gli stati dell&#8217;Unione.<\/p>\n","protected":false},"excerpt":{"rendered":"<p>Con una guerra che minaccia di protrarsi ai suoi confini e con un leader della Casa Bianca imprevedibile, secondo alcuni, con approccio transazionale, secondo altri, ed entrambi secondo la maggior parte, l&#8217;Unione Europea non pu\u00f2 permettersi il lusso di mettere le questioni di difesa e sicurezza comune in fondo all&#8217;agenda. A Bruxelles, i leader dell&#8217;Unione [&hellip;]<\/p>\n","protected":false},"author":110,"featured_media":819129,"comment_status":"closed","ping_status":"closed","sticky":false,"template":"","format":"standard","meta":{"_acf_changed":false,"footnotes":""},"categories":[99264],"tags":[148881,162858,148493],"coauthors":[113257],"class_list":["post-858164","post","type-post","status-publish","format-standard","has-post-thumbnail","hentry","category-in-primo-piano","tag-nato-it","tag-spesa-difesa","tag-ue-it"],"acf":[],"yoast_head":"<!-- This site is optimized with the Yoast SEO plugin v27.3 - https:\/\/yoast.com\/product\/yoast-seo-wordpress\/ -->\n<title>UE \u2013 aumentare la spesa per la difesa - Radio Romania Internazionale<\/title>\n<meta name=\"robots\" content=\"index, follow, max-snippet:-1, max-image-preview:large, max-video-preview:-1\" \/>\n<link rel=\"canonical\" href=\"https:\/\/www.rri.ro\/it\/news\/in-primo-piano\/ue-aumentare-la-spesa-per-la-difesa-id858164.html\" \/>\n<meta property=\"og:locale\" content=\"it_IT\" \/>\n<meta property=\"og:type\" content=\"article\" \/>\n<meta property=\"og:title\" content=\"UE \u2013 aumentare la spesa per la difesa - Radio Romania Internazionale\" \/>\n<meta property=\"og:description\" content=\"Con una guerra che minaccia di protrarsi ai suoi confini e con un leader della Casa Bianca imprevedibile, secondo alcuni, con approccio transazionale, secondo altri, ed entrambi secondo la maggior parte, l&#8217;Unione Europea non pu\u00f2 permettersi il lusso di mettere le questioni di difesa e sicurezza comune in fondo all&#8217;agenda. A Bruxelles, i leader dell&#8217;Unione [&hellip;]\" \/>\n<meta property=\"og:url\" content=\"https:\/\/www.rri.ro\/it\/news\/in-primo-piano\/ue-aumentare-la-spesa-per-la-difesa-id858164.html\" \/>\n<meta property=\"og:site_name\" content=\"Radio Romania Internazionale\" \/>\n<meta property=\"article:published_time\" content=\"2025-02-04T10:02:40+00:00\" \/>\n<meta property=\"og:image\" content=\"https:\/\/www.rri.ro\/wp-content\/uploads\/2024\/10\/steag-UE-europa-consiliul-european-foto-Copyrigh-European-Union.jpg\" \/>\n\t<meta property=\"og:image:width\" content=\"960\" \/>\n\t<meta property=\"og:image:height\" content=\"540\" \/>\n\t<meta property=\"og:image:type\" content=\"image\/jpeg\" \/>\n<meta name=\"author\" content=\"\u015etefan Stoica\" \/>\n<meta name=\"twitter:card\" content=\"summary_large_image\" \/>\n<meta name=\"twitter:label1\" content=\"Scritto da\" \/>\n\t<meta name=\"twitter:data1\" content=\"\u015etefan Stoica\" \/>\n\t<meta name=\"twitter:label2\" content=\"Tempo di lettura stimato\" \/>\n\t<meta name=\"twitter:data2\" content=\"2 minuti\" \/>\n<script type=\"application\/ld+json\" class=\"yoast-schema-graph\">{\"@context\":\"https:\\\/\\\/schema.org\",\"@graph\":[{\"@type\":\"Article\",\"@id\":\"https:\\\/\\\/www.rri.ro\\\/it\\\/news\\\/in-primo-piano\\\/ue-aumentare-la-spesa-per-la-difesa-id858164.html#article\",\"isPartOf\":{\"@id\":\"https:\\\/\\\/www.rri.ro\\\/it\\\/news\\\/in-primo-piano\\\/ue-aumentare-la-spesa-per-la-difesa-id858164.html\"},\"author\":{\"name\":\"\u015etefan Stoica\",\"@id\":\"https:\\\/\\\/www.rri.ro\\\/#\\\/schema\\\/person\\\/2d81d5dc94d44190d13245f64551d334\"},\"headline\":\"UE \u2013 aumentare la spesa per la difesa\",\"datePublished\":\"2025-02-04T10:02:40+00:00\",\"mainEntityOfPage\":{\"@id\":\"https:\\\/\\\/www.rri.ro\\\/it\\\/news\\\/in-primo-piano\\\/ue-aumentare-la-spesa-per-la-difesa-id858164.html\"},\"wordCount\":501,\"image\":{\"@id\":\"https:\\\/\\\/www.rri.ro\\\/it\\\/news\\\/in-primo-piano\\\/ue-aumentare-la-spesa-per-la-difesa-id858164.html#primaryimage\"},\"thumbnailUrl\":\"https:\\\/\\\/www.rri.ro\\\/wp-content\\\/uploads\\\/2024\\\/10\\\/steag-UE-europa-consiliul-european-foto-Copyrigh-European-Union.jpg\",\"keywords\":[\"NATO\",\"spesa difesa\",\"UE\"],\"articleSection\":[\"In primo piano\"],\"inLanguage\":\"it-IT\"},{\"@type\":\"WebPage\",\"@id\":\"https:\\\/\\\/www.rri.ro\\\/it\\\/news\\\/in-primo-piano\\\/ue-aumentare-la-spesa-per-la-difesa-id858164.html\",\"url\":\"https:\\\/\\\/www.rri.ro\\\/it\\\/news\\\/in-primo-piano\\\/ue-aumentare-la-spesa-per-la-difesa-id858164.html\",\"name\":\"UE \u2013 aumentare la spesa per la difesa - Radio Romania Internazionale\",\"isPartOf\":{\"@id\":\"https:\\\/\\\/www.rri.ro\\\/#website\"},\"primaryImageOfPage\":{\"@id\":\"https:\\\/\\\/www.rri.ro\\\/it\\\/news\\\/in-primo-piano\\\/ue-aumentare-la-spesa-per-la-difesa-id858164.html#primaryimage\"},\"image\":{\"@id\":\"https:\\\/\\\/www.rri.ro\\\/it\\\/news\\\/in-primo-piano\\\/ue-aumentare-la-spesa-per-la-difesa-id858164.html#primaryimage\"},\"thumbnailUrl\":\"https:\\\/\\\/www.rri.ro\\\/wp-content\\\/uploads\\\/2024\\\/10\\\/steag-UE-europa-consiliul-european-foto-Copyrigh-European-Union.jpg\",\"datePublished\":\"2025-02-04T10:02:40+00:00\",\"author\":{\"@id\":\"https:\\\/\\\/www.rri.ro\\\/#\\\/schema\\\/person\\\/2d81d5dc94d44190d13245f64551d334\"},\"breadcrumb\":{\"@id\":\"https:\\\/\\\/www.rri.ro\\\/it\\\/news\\\/in-primo-piano\\\/ue-aumentare-la-spesa-per-la-difesa-id858164.html#breadcrumb\"},\"inLanguage\":\"it-IT\",\"potentialAction\":[{\"@type\":\"ReadAction\",\"target\":[\"https:\\\/\\\/www.rri.ro\\\/it\\\/news\\\/in-primo-piano\\\/ue-aumentare-la-spesa-per-la-difesa-id858164.html\"]}]},{\"@type\":\"ImageObject\",\"inLanguage\":\"it-IT\",\"@id\":\"https:\\\/\\\/www.rri.ro\\\/it\\\/news\\\/in-primo-piano\\\/ue-aumentare-la-spesa-per-la-difesa-id858164.html#primaryimage\",\"url\":\"https:\\\/\\\/www.rri.ro\\\/wp-content\\\/uploads\\\/2024\\\/10\\\/steag-UE-europa-consiliul-european-foto-Copyrigh-European-Union.jpg\",\"contentUrl\":\"https:\\\/\\\/www.rri.ro\\\/wp-content\\\/uploads\\\/2024\\\/10\\\/steag-UE-europa-consiliul-european-foto-Copyrigh-European-Union.jpg\",\"width\":960,\"height\":540,\"caption\":\"foto: Copyright European Union\"},{\"@type\":\"BreadcrumbList\",\"@id\":\"https:\\\/\\\/www.rri.ro\\\/it\\\/news\\\/in-primo-piano\\\/ue-aumentare-la-spesa-per-la-difesa-id858164.html#breadcrumb\",\"itemListElement\":[{\"@type\":\"ListItem\",\"position\":1,\"name\":\"Pagina iniziale\",\"item\":\"https:\\\/\\\/www.rri.ro\\\/it\"},{\"@type\":\"ListItem\",\"position\":2,\"name\":\"News\",\"item\":\"https:\\\/\\\/www.rri.ro\\\/it\\\/news\"},{\"@type\":\"ListItem\",\"position\":3,\"name\":\"In primo piano\",\"item\":\"https:\\\/\\\/www.rri.ro\\\/it\\\/news\\\/in-primo-piano\"},{\"@type\":\"ListItem\",\"position\":4,\"name\":\"UE \u2013 aumentare la spesa per la difesa\"}]},{\"@type\":\"WebSite\",\"@id\":\"https:\\\/\\\/www.rri.ro\\\/#website\",\"url\":\"https:\\\/\\\/www.rri.ro\\\/\",\"name\":\"Radio Romania Internazionale\",\"description\":\"Totul despre Rom\u00e2nia \u015fi rom\u00e2ni, \u00een 13 limbi\\\/dialecte!\",\"inLanguage\":\"it-IT\"},{\"@type\":\"Person\",\"@id\":\"https:\\\/\\\/www.rri.ro\\\/#\\\/schema\\\/person\\\/2d81d5dc94d44190d13245f64551d334\",\"name\":\"\u015etefan Stoica\",\"url\":\"https:\\\/\\\/www.rri.ro\\\/it\\\/author\\\/stefan-stoica\"}]}<\/script>\n<!-- \/ Yoast SEO plugin. -->","yoast_head_json":{"title":"UE \u2013 aumentare la spesa per la difesa - Radio Romania Internazionale","robots":{"index":"index","follow":"follow","max-snippet":"max-snippet:-1","max-image-preview":"max-image-preview:large","max-video-preview":"max-video-preview:-1"},"canonical":"https:\/\/www.rri.ro\/it\/news\/in-primo-piano\/ue-aumentare-la-spesa-per-la-difesa-id858164.html","og_locale":"it_IT","og_type":"article","og_title":"UE \u2013 aumentare la spesa per la difesa - Radio Romania Internazionale","og_description":"Con una guerra che minaccia di protrarsi ai suoi confini e con un leader della Casa Bianca imprevedibile, secondo alcuni, con approccio transazionale, secondo altri, ed entrambi secondo la maggior parte, l&#8217;Unione Europea non pu\u00f2 permettersi il lusso di mettere le questioni di difesa e sicurezza comune in fondo all&#8217;agenda. A Bruxelles, i leader dell&#8217;Unione [&hellip;]","og_url":"https:\/\/www.rri.ro\/it\/news\/in-primo-piano\/ue-aumentare-la-spesa-per-la-difesa-id858164.html","og_site_name":"Radio Romania Internazionale","article_published_time":"2025-02-04T10:02:40+00:00","og_image":[{"width":960,"height":540,"url":"https:\/\/www.rri.ro\/wp-content\/uploads\/2024\/10\/steag-UE-europa-consiliul-european-foto-Copyrigh-European-Union.jpg","type":"image\/jpeg"}],"author":"\u015etefan Stoica","twitter_card":"summary_large_image","twitter_misc":{"Scritto da":"\u015etefan Stoica","Tempo di lettura stimato":"2 minuti"},"schema":{"@context":"https:\/\/schema.org","@graph":[{"@type":"Article","@id":"https:\/\/www.rri.ro\/it\/news\/in-primo-piano\/ue-aumentare-la-spesa-per-la-difesa-id858164.html#article","isPartOf":{"@id":"https:\/\/www.rri.ro\/it\/news\/in-primo-piano\/ue-aumentare-la-spesa-per-la-difesa-id858164.html"},"author":{"name":"\u015etefan Stoica","@id":"https:\/\/www.rri.ro\/#\/schema\/person\/2d81d5dc94d44190d13245f64551d334"},"headline":"UE \u2013 aumentare la spesa per la difesa","datePublished":"2025-02-04T10:02:40+00:00","mainEntityOfPage":{"@id":"https:\/\/www.rri.ro\/it\/news\/in-primo-piano\/ue-aumentare-la-spesa-per-la-difesa-id858164.html"},"wordCount":501,"image":{"@id":"https:\/\/www.rri.ro\/it\/news\/in-primo-piano\/ue-aumentare-la-spesa-per-la-difesa-id858164.html#primaryimage"},"thumbnailUrl":"https:\/\/www.rri.ro\/wp-content\/uploads\/2024\/10\/steag-UE-europa-consiliul-european-foto-Copyrigh-European-Union.jpg","keywords":["NATO","spesa difesa","UE"],"articleSection":["In primo piano"],"inLanguage":"it-IT"},{"@type":"WebPage","@id":"https:\/\/www.rri.ro\/it\/news\/in-primo-piano\/ue-aumentare-la-spesa-per-la-difesa-id858164.html","url":"https:\/\/www.rri.ro\/it\/news\/in-primo-piano\/ue-aumentare-la-spesa-per-la-difesa-id858164.html","name":"UE \u2013 aumentare la spesa per la difesa - Radio Romania Internazionale","isPartOf":{"@id":"https:\/\/www.rri.ro\/#website"},"primaryImageOfPage":{"@id":"https:\/\/www.rri.ro\/it\/news\/in-primo-piano\/ue-aumentare-la-spesa-per-la-difesa-id858164.html#primaryimage"},"image":{"@id":"https:\/\/www.rri.ro\/it\/news\/in-primo-piano\/ue-aumentare-la-spesa-per-la-difesa-id858164.html#primaryimage"},"thumbnailUrl":"https:\/\/www.rri.ro\/wp-content\/uploads\/2024\/10\/steag-UE-europa-consiliul-european-foto-Copyrigh-European-Union.jpg","datePublished":"2025-02-04T10:02:40+00:00","author":{"@id":"https:\/\/www.rri.ro\/#\/schema\/person\/2d81d5dc94d44190d13245f64551d334"},"breadcrumb":{"@id":"https:\/\/www.rri.ro\/it\/news\/in-primo-piano\/ue-aumentare-la-spesa-per-la-difesa-id858164.html#breadcrumb"},"inLanguage":"it-IT","potentialAction":[{"@type":"ReadAction","target":["https:\/\/www.rri.ro\/it\/news\/in-primo-piano\/ue-aumentare-la-spesa-per-la-difesa-id858164.html"]}]},{"@type":"ImageObject","inLanguage":"it-IT","@id":"https:\/\/www.rri.ro\/it\/news\/in-primo-piano\/ue-aumentare-la-spesa-per-la-difesa-id858164.html#primaryimage","url":"https:\/\/www.rri.ro\/wp-content\/uploads\/2024\/10\/steag-UE-europa-consiliul-european-foto-Copyrigh-European-Union.jpg","contentUrl":"https:\/\/www.rri.ro\/wp-content\/uploads\/2024\/10\/steag-UE-europa-consiliul-european-foto-Copyrigh-European-Union.jpg","width":960,"height":540,"caption":"foto: Copyright European Union"},{"@type":"BreadcrumbList","@id":"https:\/\/www.rri.ro\/it\/news\/in-primo-piano\/ue-aumentare-la-spesa-per-la-difesa-id858164.html#breadcrumb","itemListElement":[{"@type":"ListItem","position":1,"name":"Pagina iniziale","item":"https:\/\/www.rri.ro\/it"},{"@type":"ListItem","position":2,"name":"News","item":"https:\/\/www.rri.ro\/it\/news"},{"@type":"ListItem","position":3,"name":"In primo piano","item":"https:\/\/www.rri.ro\/it\/news\/in-primo-piano"},{"@type":"ListItem","position":4,"name":"UE \u2013 aumentare la spesa per la difesa"}]},{"@type":"WebSite","@id":"https:\/\/www.rri.ro\/#website","url":"https:\/\/www.rri.ro\/","name":"Radio Romania Internazionale","description":"Totul despre Rom\u00e2nia \u015fi rom\u00e2ni, \u00een 13 limbi\/dialecte!","inLanguage":"it-IT"},{"@type":"Person","@id":"https:\/\/www.rri.ro\/#\/schema\/person\/2d81d5dc94d44190d13245f64551d334","name":"\u015etefan Stoica","url":"https:\/\/www.rri.ro\/it\/author\/stefan-stoica"}]}},"_links":{"self":[{"href":"https:\/\/www.rri.ro\/it\/wp-json\/wp\/v2\/posts\/858164","targetHints":{"allow":["GET"]}}],"collection":[{"href":"https:\/\/www.rri.ro\/it\/wp-json\/wp\/v2\/posts"}],"about":[{"href":"https:\/\/www.rri.ro\/it\/wp-json\/wp\/v2\/types\/post"}],"author":[{"embeddable":true,"href":"https:\/\/www.rri.ro\/it\/wp-json\/wp\/v2\/users\/110"}],"replies":[{"embeddable":true,"href":"https:\/\/www.rri.ro\/it\/wp-json\/wp\/v2\/comments?post=858164"}],"version-history":[{"count":0,"href":"https:\/\/www.rri.ro\/it\/wp-json\/wp\/v2\/posts\/858164\/revisions"}],"wp:featuredmedia":[{"embeddable":true,"href":"https:\/\/www.rri.ro\/it\/wp-json\/wp\/v2\/media\/819129"}],"wp:attachment":[{"href":"https:\/\/www.rri.ro\/it\/wp-json\/wp\/v2\/media?parent=858164"}],"wp:term":[{"taxonomy":"category","embeddable":true,"href":"https:\/\/www.rri.ro\/it\/wp-json\/wp\/v2\/categories?post=858164"},{"taxonomy":"post_tag","embeddable":true,"href":"https:\/\/www.rri.ro\/it\/wp-json\/wp\/v2\/tags?post=858164"},{"taxonomy":"author","embeddable":true,"href":"https:\/\/www.rri.ro\/it\/wp-json\/wp\/v2\/coauthors?post=858164"}],"curies":[{"name":"wp","href":"https:\/\/api.w.org\/{rel}","templated":true}]}}