{"id":871471,"date":"2025-03-13T12:01:07","date_gmt":"2025-03-13T10:01:07","guid":{"rendered":"https:\/\/www.rri.ro\/?p=871471"},"modified":"2025-03-13T12:38:31","modified_gmt":"2025-03-13T10:38:31","slug":"la-romania-continua-a-sostenere-lucraina","status":"publish","type":"post","link":"https:\/\/www.rri.ro\/it\/news\/attualita\/la-romania-continua-a-sostenere-lucraina-id871471.html","title":{"rendered":"La Romania continua a sostenere l&#8217;Ucraina"},"content":{"rendered":"<p>Il capo della diplomazia romena, Emil Hurezeanu, ha partecipato mercoled\u00ec a una riunione di lavoro con i capimissione degli stati membri dell&#8217;UE accreditati a Bucarest. Secondo un comunicato del Ministero degli Esteri, alla luce della situazione di sicurezza nella confinante Ucraina e delle decisioni dei leader politici dell&#8217;UE durante gli ultimi incontri a livello comunitario, Emil Hurezeanu ha sottolineato il sostegno della Romania al rafforzamento della politica di sicurezza e di difesa dell&#8217;Unione. Ha inoltre sottolineato la necessit\u00e0 che tali azioni siano attuate in complementariet\u00e0 con l&#8217;Alleanza Nord Atlantica e ha ribadito l&#8217;importanza di un solido partenariato transatlantico, essenziale per la sicurezza e la prosperit\u00e0 europea, dice Emil Hurezeanu.<\/p>\n<p>Il comunicato precisa inoltre che il ministro ha sottolineato il sostegno della Romania all\u2019ulteriore supporto multidimensionale alla confinante Ucraina. Allo stesso tempo, Emil Hurezeanu ha evidenziato il contributo di Bucarest al raggiungimento di una pace giusta e duratura, in conformit\u00e0 con i principi del diritto internazionale. D&#8217;altro canto, il capo della diplomazia ha ribadito il sostegno della Romania al proseguimento del processo di allargamento dell&#8217;UE e ha sottolineato l&#8217;importanza dell&#8217;adesione dei partner orientali e dei Balcani occidentali, sulla base dei loro meriti.<\/p>\n<p>Per quanto riguarda la confinante Repubblica di Moldova, Emil Hurezeanu ha fatto riferimento ai passi compiuti da questo stato nel suo percorso europeo e ha sottolineato la necessit\u00e0 di un ulteriore sostegno da parte dell&#8217;Unione e degli stati membri agli sforzi delle autorit\u00e0 di Chi\u015fin\u0103u dedicati all&#8217;integrazione europea. Il capo della diplomazia ha inoltre accolto con soddisfazione i recenti sviluppi a livello del Parlamento Europeo in merito all&#8217;approvazione dello strumento per la Repubblica di Moldova.<\/p>\n<p>D&#8217;altro canto, precisa inoltre il comunicato del MAE, in occasione dell&#8217;incontro con gli ambasciatori dei paesi UE accreditati a Bucarest, Emil Hurezeanu ha sottolineato l&#8217;importanza dell&#8217;obiettivo di sviluppare la competitivit\u00e0 economica europea, consolidando il mercato unico e promuovendo l&#8217;innovazione e la connettivit\u00e0. Ha evidenziato la necessit\u00e0 che il futuro Quadro finanziario pluriennale dell&#8217;Unione risponda alle priorit\u00e0 concordate a livello europeo attraverso l&#8217;Agenda strategica 2024-2029.<\/p>\n<p>Il capo della diplomazia romena ha sottolineato l&#8217;importante ruolo della Politica di coesione e della Politica agricola comune, come strumenti essenziali per creare una solida base per l&#8217;attuazione delle politiche di competitivit\u00e0 e per raggiungere la convergenza a livello europeo.<\/p>\n<p>Lo scorso mese, anche il presidente ad interim Ilie Bolojan ha comunicato agli ambasciatori accreditati a Bucarest che gli orientamenti principali della politica estera romena rimangono immutati. Ha ricordato il partenariato strategico della Romania con gli Stati Uniti d&#8217;America, ma anche l&#8217;appartenenza del paese alla NATO e all&#8217;Unione Europea. &#8220;Restiamo uno stato che crede fermamente nel futuro dell&#8217;Unione Europea. Restiamo atlantisti e uno stato alleato responsabile&#8221;, ha assicurato Ilie Bolojan.<\/p>\n","protected":false},"excerpt":{"rendered":"<p>Il capo della diplomazia romena, Emil Hurezeanu, ha partecipato mercoled\u00ec a una riunione di lavoro con i capimissione degli stati membri dell&#8217;UE accreditati a Bucarest. Secondo un comunicato del Ministero degli Esteri, alla luce della situazione di sicurezza nella confinante Ucraina e delle decisioni dei leader politici dell&#8217;UE durante gli ultimi incontri a livello comunitario, [&hellip;]<\/p>\n","protected":false},"author":107,"featured_media":871398,"comment_status":"closed","ping_status":"closed","sticky":false,"template":"","format":"standard","meta":{"_acf_changed":false,"footnotes":""},"categories":[132228],"tags":[161692,155120,99367,148881,165637,137197],"coauthors":[113282],"class_list":["post-871471","post","type-post","status-publish","format-standard","has-post-thumbnail","hentry","category-attualita","tag-emil-hurezeanu-it","tag-mae-it","tag-ministro-degli-esteri","tag-nato-it","tag-riunione-ambasciatori-paesi-ue","tag-romania-it"],"acf":[],"yoast_head":"<!-- This site is optimized with the Yoast SEO plugin v27.3 - https:\/\/yoast.com\/product\/yoast-seo-wordpress\/ -->\n<title>La Romania continua a sostenere l&#039;Ucraina - Radio Romania Internazionale<\/title>\n<meta name=\"robots\" content=\"index, follow, max-snippet:-1, max-image-preview:large, max-video-preview:-1\" \/>\n<link rel=\"canonical\" href=\"https:\/\/www.rri.ro\/it\/news\/attualita\/la-romania-continua-a-sostenere-lucraina-id871471.html\" \/>\n<meta property=\"og:locale\" content=\"it_IT\" \/>\n<meta property=\"og:type\" content=\"article\" \/>\n<meta property=\"og:title\" content=\"La Romania continua a sostenere l&#039;Ucraina - Radio Romania Internazionale\" \/>\n<meta property=\"og:description\" content=\"Il capo della diplomazia romena, Emil Hurezeanu, ha partecipato mercoled\u00ec a una riunione di lavoro con i capimissione degli stati membri dell&#8217;UE accreditati a Bucarest. Secondo un comunicato del Ministero degli Esteri, alla luce della situazione di sicurezza nella confinante Ucraina e delle decisioni dei leader politici dell&#8217;UE durante gli ultimi incontri a livello comunitario, [&hellip;]\" \/>\n<meta property=\"og:url\" content=\"https:\/\/www.rri.ro\/it\/news\/attualita\/la-romania-continua-a-sostenere-lucraina-id871471.html\" \/>\n<meta property=\"og:site_name\" content=\"Radio Romania Internazionale\" \/>\n<meta property=\"article:published_time\" content=\"2025-03-13T10:01:07+00:00\" \/>\n<meta property=\"article:modified_time\" content=\"2025-03-13T10:38:31+00:00\" \/>\n<meta property=\"og:image\" content=\"https:\/\/www.rri.ro\/wp-content\/uploads\/2025\/03\/hurezeanu-intalnire-ambasadori-ue-mar2025-foto-mae-ro.jpeg\" \/>\n\t<meta property=\"og:image:width\" content=\"1200\" \/>\n\t<meta property=\"og:image:height\" content=\"773\" \/>\n\t<meta property=\"og:image:type\" content=\"image\/jpeg\" \/>\n<meta name=\"author\" content=\"Daniela Budu\" \/>\n<meta name=\"twitter:card\" content=\"summary_large_image\" \/>\n<meta name=\"twitter:label1\" content=\"Scritto da\" \/>\n\t<meta name=\"twitter:data1\" content=\"Daniela Budu\" \/>\n\t<meta name=\"twitter:label2\" content=\"Tempo di lettura stimato\" \/>\n\t<meta name=\"twitter:data2\" content=\"2 minuti\" \/>\n<script type=\"application\/ld+json\" class=\"yoast-schema-graph\">{\"@context\":\"https:\\\/\\\/schema.org\",\"@graph\":[{\"@type\":\"Article\",\"@id\":\"https:\\\/\\\/www.rri.ro\\\/it\\\/news\\\/attualita\\\/la-romania-continua-a-sostenere-lucraina-id871471.html#article\",\"isPartOf\":{\"@id\":\"https:\\\/\\\/www.rri.ro\\\/it\\\/news\\\/attualita\\\/la-romania-continua-a-sostenere-lucraina-id871471.html\"},\"author\":{\"name\":\"Daniela Budu\",\"@id\":\"https:\\\/\\\/www.rri.ro\\\/#\\\/schema\\\/person\\\/b46b8f80d7d6e4b5ac9f14f0acbad0c4\"},\"headline\":\"La Romania continua a sostenere l&#8217;Ucraina\",\"datePublished\":\"2025-03-13T10:01:07+00:00\",\"dateModified\":\"2025-03-13T10:38:31+00:00\",\"mainEntityOfPage\":{\"@id\":\"https:\\\/\\\/www.rri.ro\\\/it\\\/news\\\/attualita\\\/la-romania-continua-a-sostenere-lucraina-id871471.html\"},\"wordCount\":475,\"image\":{\"@id\":\"https:\\\/\\\/www.rri.ro\\\/it\\\/news\\\/attualita\\\/la-romania-continua-a-sostenere-lucraina-id871471.html#primaryimage\"},\"thumbnailUrl\":\"https:\\\/\\\/www.rri.ro\\\/wp-content\\\/uploads\\\/2025\\\/03\\\/hurezeanu-intalnire-ambasadori-ue-mar2025-foto-mae-ro.jpeg\",\"keywords\":[\"Emil Hurezeanu\",\"MAE\",\"ministro degli Esteri\",\"NATO\",\"riunione ambasciatori paesi UE\",\"Romania\"],\"articleSection\":[\"Attualit\u00e0\"],\"inLanguage\":\"it-IT\"},{\"@type\":\"WebPage\",\"@id\":\"https:\\\/\\\/www.rri.ro\\\/it\\\/news\\\/attualita\\\/la-romania-continua-a-sostenere-lucraina-id871471.html\",\"url\":\"https:\\\/\\\/www.rri.ro\\\/it\\\/news\\\/attualita\\\/la-romania-continua-a-sostenere-lucraina-id871471.html\",\"name\":\"La Romania continua a sostenere l'Ucraina - Radio Romania Internazionale\",\"isPartOf\":{\"@id\":\"https:\\\/\\\/www.rri.ro\\\/#website\"},\"primaryImageOfPage\":{\"@id\":\"https:\\\/\\\/www.rri.ro\\\/it\\\/news\\\/attualita\\\/la-romania-continua-a-sostenere-lucraina-id871471.html#primaryimage\"},\"image\":{\"@id\":\"https:\\\/\\\/www.rri.ro\\\/it\\\/news\\\/attualita\\\/la-romania-continua-a-sostenere-lucraina-id871471.html#primaryimage\"},\"thumbnailUrl\":\"https:\\\/\\\/www.rri.ro\\\/wp-content\\\/uploads\\\/2025\\\/03\\\/hurezeanu-intalnire-ambasadori-ue-mar2025-foto-mae-ro.jpeg\",\"datePublished\":\"2025-03-13T10:01:07+00:00\",\"dateModified\":\"2025-03-13T10:38:31+00:00\",\"author\":{\"@id\":\"https:\\\/\\\/www.rri.ro\\\/#\\\/schema\\\/person\\\/b46b8f80d7d6e4b5ac9f14f0acbad0c4\"},\"breadcrumb\":{\"@id\":\"https:\\\/\\\/www.rri.ro\\\/it\\\/news\\\/attualita\\\/la-romania-continua-a-sostenere-lucraina-id871471.html#breadcrumb\"},\"inLanguage\":\"it-IT\",\"potentialAction\":[{\"@type\":\"ReadAction\",\"target\":[\"https:\\\/\\\/www.rri.ro\\\/it\\\/news\\\/attualita\\\/la-romania-continua-a-sostenere-lucraina-id871471.html\"]}]},{\"@type\":\"ImageObject\",\"inLanguage\":\"it-IT\",\"@id\":\"https:\\\/\\\/www.rri.ro\\\/it\\\/news\\\/attualita\\\/la-romania-continua-a-sostenere-lucraina-id871471.html#primaryimage\",\"url\":\"https:\\\/\\\/www.rri.ro\\\/wp-content\\\/uploads\\\/2025\\\/03\\\/hurezeanu-intalnire-ambasadori-ue-mar2025-foto-mae-ro.jpeg\",\"contentUrl\":\"https:\\\/\\\/www.rri.ro\\\/wp-content\\\/uploads\\\/2025\\\/03\\\/hurezeanu-intalnire-ambasadori-ue-mar2025-foto-mae-ro.jpeg\",\"width\":1200,\"height\":773,\"caption\":\"Il ministro Emil Hurezeanu all'incontro con gli ambasciatori dei paesi UE \\\/ Foto: mae.ro\"},{\"@type\":\"BreadcrumbList\",\"@id\":\"https:\\\/\\\/www.rri.ro\\\/it\\\/news\\\/attualita\\\/la-romania-continua-a-sostenere-lucraina-id871471.html#breadcrumb\",\"itemListElement\":[{\"@type\":\"ListItem\",\"position\":1,\"name\":\"Pagina iniziale\",\"item\":\"https:\\\/\\\/www.rri.ro\\\/it\"},{\"@type\":\"ListItem\",\"position\":2,\"name\":\"News\",\"item\":\"https:\\\/\\\/www.rri.ro\\\/it\\\/news\"},{\"@type\":\"ListItem\",\"position\":3,\"name\":\"Attualit\u00e0\",\"item\":\"https:\\\/\\\/www.rri.ro\\\/it\\\/news\\\/attualita\"},{\"@type\":\"ListItem\",\"position\":4,\"name\":\"La Romania continua a sostenere l&#8217;Ucraina\"}]},{\"@type\":\"WebSite\",\"@id\":\"https:\\\/\\\/www.rri.ro\\\/#website\",\"url\":\"https:\\\/\\\/www.rri.ro\\\/\",\"name\":\"Radio Romania Internazionale\",\"description\":\"Totul despre Rom\u00e2nia \u015fi rom\u00e2ni, \u00een 13 limbi\\\/dialecte!\",\"inLanguage\":\"it-IT\"},{\"@type\":\"Person\",\"@id\":\"https:\\\/\\\/www.rri.ro\\\/#\\\/schema\\\/person\\\/b46b8f80d7d6e4b5ac9f14f0acbad0c4\",\"name\":\"Daniela Budu\",\"url\":\"https:\\\/\\\/www.rri.ro\\\/it\\\/author\\\/daniela-budu\"}]}<\/script>\n<!-- \/ Yoast SEO plugin. -->","yoast_head_json":{"title":"La Romania continua a sostenere l'Ucraina - Radio Romania Internazionale","robots":{"index":"index","follow":"follow","max-snippet":"max-snippet:-1","max-image-preview":"max-image-preview:large","max-video-preview":"max-video-preview:-1"},"canonical":"https:\/\/www.rri.ro\/it\/news\/attualita\/la-romania-continua-a-sostenere-lucraina-id871471.html","og_locale":"it_IT","og_type":"article","og_title":"La Romania continua a sostenere l'Ucraina - Radio Romania Internazionale","og_description":"Il capo della diplomazia romena, Emil Hurezeanu, ha partecipato mercoled\u00ec a una riunione di lavoro con i capimissione degli stati membri dell&#8217;UE accreditati a Bucarest. Secondo un comunicato del Ministero degli Esteri, alla luce della situazione di sicurezza nella confinante Ucraina e delle decisioni dei leader politici dell&#8217;UE durante gli ultimi incontri a livello comunitario, [&hellip;]","og_url":"https:\/\/www.rri.ro\/it\/news\/attualita\/la-romania-continua-a-sostenere-lucraina-id871471.html","og_site_name":"Radio Romania Internazionale","article_published_time":"2025-03-13T10:01:07+00:00","article_modified_time":"2025-03-13T10:38:31+00:00","og_image":[{"width":1200,"height":773,"url":"https:\/\/www.rri.ro\/wp-content\/uploads\/2025\/03\/hurezeanu-intalnire-ambasadori-ue-mar2025-foto-mae-ro.jpeg","type":"image\/jpeg"}],"author":"Daniela Budu","twitter_card":"summary_large_image","twitter_misc":{"Scritto da":"Daniela Budu","Tempo di lettura stimato":"2 minuti"},"schema":{"@context":"https:\/\/schema.org","@graph":[{"@type":"Article","@id":"https:\/\/www.rri.ro\/it\/news\/attualita\/la-romania-continua-a-sostenere-lucraina-id871471.html#article","isPartOf":{"@id":"https:\/\/www.rri.ro\/it\/news\/attualita\/la-romania-continua-a-sostenere-lucraina-id871471.html"},"author":{"name":"Daniela Budu","@id":"https:\/\/www.rri.ro\/#\/schema\/person\/b46b8f80d7d6e4b5ac9f14f0acbad0c4"},"headline":"La Romania continua a sostenere l&#8217;Ucraina","datePublished":"2025-03-13T10:01:07+00:00","dateModified":"2025-03-13T10:38:31+00:00","mainEntityOfPage":{"@id":"https:\/\/www.rri.ro\/it\/news\/attualita\/la-romania-continua-a-sostenere-lucraina-id871471.html"},"wordCount":475,"image":{"@id":"https:\/\/www.rri.ro\/it\/news\/attualita\/la-romania-continua-a-sostenere-lucraina-id871471.html#primaryimage"},"thumbnailUrl":"https:\/\/www.rri.ro\/wp-content\/uploads\/2025\/03\/hurezeanu-intalnire-ambasadori-ue-mar2025-foto-mae-ro.jpeg","keywords":["Emil Hurezeanu","MAE","ministro degli Esteri","NATO","riunione ambasciatori paesi UE","Romania"],"articleSection":["Attualit\u00e0"],"inLanguage":"it-IT"},{"@type":"WebPage","@id":"https:\/\/www.rri.ro\/it\/news\/attualita\/la-romania-continua-a-sostenere-lucraina-id871471.html","url":"https:\/\/www.rri.ro\/it\/news\/attualita\/la-romania-continua-a-sostenere-lucraina-id871471.html","name":"La Romania continua a sostenere l'Ucraina - Radio Romania Internazionale","isPartOf":{"@id":"https:\/\/www.rri.ro\/#website"},"primaryImageOfPage":{"@id":"https:\/\/www.rri.ro\/it\/news\/attualita\/la-romania-continua-a-sostenere-lucraina-id871471.html#primaryimage"},"image":{"@id":"https:\/\/www.rri.ro\/it\/news\/attualita\/la-romania-continua-a-sostenere-lucraina-id871471.html#primaryimage"},"thumbnailUrl":"https:\/\/www.rri.ro\/wp-content\/uploads\/2025\/03\/hurezeanu-intalnire-ambasadori-ue-mar2025-foto-mae-ro.jpeg","datePublished":"2025-03-13T10:01:07+00:00","dateModified":"2025-03-13T10:38:31+00:00","author":{"@id":"https:\/\/www.rri.ro\/#\/schema\/person\/b46b8f80d7d6e4b5ac9f14f0acbad0c4"},"breadcrumb":{"@id":"https:\/\/www.rri.ro\/it\/news\/attualita\/la-romania-continua-a-sostenere-lucraina-id871471.html#breadcrumb"},"inLanguage":"it-IT","potentialAction":[{"@type":"ReadAction","target":["https:\/\/www.rri.ro\/it\/news\/attualita\/la-romania-continua-a-sostenere-lucraina-id871471.html"]}]},{"@type":"ImageObject","inLanguage":"it-IT","@id":"https:\/\/www.rri.ro\/it\/news\/attualita\/la-romania-continua-a-sostenere-lucraina-id871471.html#primaryimage","url":"https:\/\/www.rri.ro\/wp-content\/uploads\/2025\/03\/hurezeanu-intalnire-ambasadori-ue-mar2025-foto-mae-ro.jpeg","contentUrl":"https:\/\/www.rri.ro\/wp-content\/uploads\/2025\/03\/hurezeanu-intalnire-ambasadori-ue-mar2025-foto-mae-ro.jpeg","width":1200,"height":773,"caption":"Il ministro Emil Hurezeanu all'incontro con gli ambasciatori dei paesi UE \/ Foto: mae.ro"},{"@type":"BreadcrumbList","@id":"https:\/\/www.rri.ro\/it\/news\/attualita\/la-romania-continua-a-sostenere-lucraina-id871471.html#breadcrumb","itemListElement":[{"@type":"ListItem","position":1,"name":"Pagina iniziale","item":"https:\/\/www.rri.ro\/it"},{"@type":"ListItem","position":2,"name":"News","item":"https:\/\/www.rri.ro\/it\/news"},{"@type":"ListItem","position":3,"name":"Attualit\u00e0","item":"https:\/\/www.rri.ro\/it\/news\/attualita"},{"@type":"ListItem","position":4,"name":"La Romania continua a sostenere l&#8217;Ucraina"}]},{"@type":"WebSite","@id":"https:\/\/www.rri.ro\/#website","url":"https:\/\/www.rri.ro\/","name":"Radio Romania Internazionale","description":"Totul despre Rom\u00e2nia \u015fi rom\u00e2ni, \u00een 13 limbi\/dialecte!","inLanguage":"it-IT"},{"@type":"Person","@id":"https:\/\/www.rri.ro\/#\/schema\/person\/b46b8f80d7d6e4b5ac9f14f0acbad0c4","name":"Daniela Budu","url":"https:\/\/www.rri.ro\/it\/author\/daniela-budu"}]}},"_links":{"self":[{"href":"https:\/\/www.rri.ro\/it\/wp-json\/wp\/v2\/posts\/871471","targetHints":{"allow":["GET"]}}],"collection":[{"href":"https:\/\/www.rri.ro\/it\/wp-json\/wp\/v2\/posts"}],"about":[{"href":"https:\/\/www.rri.ro\/it\/wp-json\/wp\/v2\/types\/post"}],"author":[{"embeddable":true,"href":"https:\/\/www.rri.ro\/it\/wp-json\/wp\/v2\/users\/107"}],"replies":[{"embeddable":true,"href":"https:\/\/www.rri.ro\/it\/wp-json\/wp\/v2\/comments?post=871471"}],"version-history":[{"count":0,"href":"https:\/\/www.rri.ro\/it\/wp-json\/wp\/v2\/posts\/871471\/revisions"}],"wp:featuredmedia":[{"embeddable":true,"href":"https:\/\/www.rri.ro\/it\/wp-json\/wp\/v2\/media\/871398"}],"wp:attachment":[{"href":"https:\/\/www.rri.ro\/it\/wp-json\/wp\/v2\/media?parent=871471"}],"wp:term":[{"taxonomy":"category","embeddable":true,"href":"https:\/\/www.rri.ro\/it\/wp-json\/wp\/v2\/categories?post=871471"},{"taxonomy":"post_tag","embeddable":true,"href":"https:\/\/www.rri.ro\/it\/wp-json\/wp\/v2\/tags?post=871471"},{"taxonomy":"author","embeddable":true,"href":"https:\/\/www.rri.ro\/it\/wp-json\/wp\/v2\/coauthors?post=871471"}],"curies":[{"name":"wp","href":"https:\/\/api.w.org\/{rel}","templated":true}]}}