{"id":872276,"date":"2025-03-14T17:10:18","date_gmt":"2025-03-14T15:10:18","guid":{"rendered":"https:\/\/www.rri.ro\/?p=872276"},"modified":"2025-03-14T17:44:06","modified_gmt":"2025-03-14T15:44:06","slug":"14-03-2025","status":"publish","type":"post","link":"https:\/\/www.rri.ro\/it\/news\/topnews\/14-03-2025-id872276.html","title":{"rendered":"14.03.2025"},"content":{"rendered":"<p>Elezioni &#8211; Secondo il calendario approvato dal Governo, domani a mezzanotte scade il termine entro il quale partiti, alleanze, organizzazioni di cittadini appartenenti alle minoranze nazionali o candidati indipendenti possono presentare presso l&#8217;Ufficio Elettorale Centrale le loro candidature alle presidenziali che si terranno a maggio. Per il momento, hanno superato i filtri dell\u2019Ufficio Elettorale e della Corte Costituzionale i candidati Crin Antonescu &#8211; sostenuto dalla coalizione di governo PSD-PNL-UDMR &#8211; e il sindaco della Capitale, Nicu\u0219or Dan &#8211; indipendente. Hanno presentato le loro candidature come indipendenti anche il deputato Victor Ponta, ex primo ministro, la leader dell&#8217;USR, Elena Lasconi, Diana \u015eo\u015foac\u0103 da parte di SOS Romania e l&#8217;eurodeputato Cristian Terhe\u015f, membro del Partito Conservatore. La recente decisione della Corte Costituzionale di bocciare la candidatura dell&#8217;indipendente C\u0103lin Georgescu, che l&#8217;anno scorso aveva vinto in modo sorprendente il primo turno delle presidenziali, ulteriormente annullate, ha determinato i partiti che lo sostenevano &#8211; AUR e POT &#8211; a preparare una nuova strategia elettorale. In questo senso, il leader dell&#8217;AUR, George Simion, si \u00e8 iscritto oggi all\u2019Ufficio Elettorale Centrale per le presidenziali di maggio, mentre la presidente del POT, Ana-Maria Gavril\u0103, ha annunciato che presenter\u00e0 la sua candidatura. Sempre oggi, ha inoltrato il fascicolo di candidatura anche Lavinia \u015eandru, da parte del Partito Social-Liberale Umanista.<\/p>\n<p>&nbsp;<\/p>\n<p>Corte Costituzionale \u2013 La Corte Costituzionale ha pubblicato le motivazioni della decisione con la quale C\u0103lin Georgescu \u00e8 stato escluso dalla corsa per la carica pi\u00f9 alta nello stato. I giudici della Consulta affermano che non si tratta di un divieto definitivo di candidatura per questa posizione. La Corte Costituzionale rileva che il rifiuto della registrazione di una candidatura sulla base del fatto che la persona in questione ha violato i principi e i valori costituzionali non comporta una sanzione perpetua nei confronti di quella persona dal punto di vista del diritto di essere eletto presidente della Romania. Tali aspetti vengono analizzati caso per caso e con una certa temporalit\u00e0 legata alla ciclicit\u00e0 delle elezioni e alla valutazione del rispetto da parte dei candidati dei principi e dei valori costituzionali fondamentali. Per quanto riguarda la competenza dell&#8217;Ufficio Elettorale Centrale di analizzare le condizioni di eleggibilit\u00e0 di ordine costituzionale stabilite nella giurisprudenza della Corte lo scorso dicembre, i magistrati comunicano di aver riconosciuto tale competenza dell\u2019Ufficio Elettorale Centrale direttamente ed esclusivamente per il processo elettorale in corso.<\/p>\n<p>&nbsp;<\/p>\n<p>Occupazione &#8211; La popolazione attiva della Romania ammontava, alla fine dello scorso anno, a 8,17 milioni persone. Tra queste, quasi 7,7 milioni avevano un posto di lavoro, mentre 478.000 erano disoccupate. Secondo i dati pubblicati dall&#8217;Istituto Nazionale di Statistica, il tasso di occupazione era del 20% pi\u00f9 alto tra gli uomini che tra le donne, e molto basso tra i giovani. Alla fine del 2024, il tasso di disoccupazione a livello nazionale era del 5,9%, con un valore elevato, pari al \u00a025%, tra i giovani di fino a 24 anni.<\/p>\n<p>&nbsp;<\/p>\n<p>Pensionati &#8211; Il Governo di Bucarest ha approvato lo stanziamento di un aiuto finanziario di 800 lei (circa 160 euro) a 2,5 milioni di pensionati. Il primo ministro socialdemocratico Marcel Ciolacu ha spiegato che l\u2019aiuto \u00e8 destinato ai pensionati con redditi inferiori a 2.574 lei (circa 515 euro). La prima tranche verr\u00e0 pagata ad aprile, mentre la seconda a dicembre.<\/p>\n<p>&nbsp;<\/p>\n<p>Deficit &#8211; Il deficit commerciale della Romania \u00e8 aumentato a gennaio del 38% \u00a0rispetto allo stesso periodo dell&#8217;anno scorso. Secondo i dati presentati dall&#8217;Istituto Nazionale di Statistica, nel 2024, la Romania ha esportato beni per un valore di 92,6 miliardi di euro ed \u00a0ha effettuato importazioni per 133,4 miliardi di euro. Il paese continua ad avere un deficit importante, soprattutto nei rapporti con Cina, Germania e Polonia, registrando eccedenze con Gran Bretagna, Repubblica di Moldova o Stati Uniti, anche se per volumi minori. Il commercio di prodotti agricoli e alimentari rimane un settore vulnerabile, dove la Romania esporta principalmente materie prime e importa prodotti finiti. Per ridurre il deficit commerciale, di circa 5 miliardi di euro, gli esperti raccomandano una strategia focalizzata sull&#8217;esportazione di prodotti a valore aggiunto, nonch\u00e8 un uso pi\u00f9 efficiente dei dati statistici nell\u2019adozione delle politiche economiche.<\/p>\n<p>&nbsp;<\/p>\n<p>Documenti di identit\u00e0 &#8211; Secondo un&#8217;ordinanza d&#8217;urgenza sottoposta al dibattito pubblico dal Ministero degli Interni, i cittadini romeni all&#8217;estero, con residenza in un altro stato membro dell&#8217;Unione Europea, potranno ottenere una carta d&#8217;identit\u00e0 rilasciata dallo stato romeno. Attualmente ricevono la carta d&#8217;identit\u00e0 provvisoria. Inoltre, la normativa propone la completa digitalizzazione del rilascio dei documenti di stato civile. La richiesta potr\u00e0 essere effettuata anche sulla base di una procura speciale, autenticata presso le rappresentanze diplomatiche o consolari della Romania. Le rappresentanze diplomatiche potranno rilasciare anche il documento di identit\u00e0 per i minori che hanno compiuto 14 anni. I documenti d&#8217;identit\u00e0 acquisiti possono essere utilizzati come documenti di viaggio nell&#8217;Unione Europea, ma anche per la fornitura dei servizi forniti dalle istituzioni dello stato romeno.<\/p>\n<p>&nbsp;<\/p>\n<p>Calcio &#8211; A causa degli incidenti accaduti nel corso della partita contro l&#8217;Olympique Lione (1-3), nell&#8217;andata degli ottavi di finale di Europa League, il club romeno FCSB \u00e8 stato sanzionato dall&#8217;UEFA con una multa e la chiusura parziale dello stadio. A causa delle manifestazioni razziste o discriminatorie dei suoi tifosi, al club FCSB \u00e8 stata inflitta una multa di 30.000 euro, mentre un settore dell&#8217;Arena Nazionale in occasione della prossima partita della Champions League rester\u00e0 chiuso. \u00a0Sconfitto per 3-1 a Bucarest la settimana scorsa, il FCSB \u00e8 stato eliminato dall&#8217;Europa League dopo che l&#8217;Olympique Lione si \u00e8 imposta per 4-0 anche nella gara di ritorno giocata ieri sera in Francia.<\/p>\n<p>&nbsp;<\/p>\n<p>Libro &#8211; Dal 13 al 16 marzo si svolge a Bruxelles la Fiera Internazionale del Libro 2025, uno degli eventi pi\u00f9 important organizzati a livello europeo \u00a0nel settore. Allo stand organizzato dall&#8217;Istituto Culturale Romeno, la Romania partecipa con circa 500 titoli. Tra questi libri e album tradotti in diverse lingue, soprattutto in francese, \u00a0alcuni finanziati attraverso i programmi dell&#8217;ICR, volti a fornire visibilit\u00e0 agli autori romeni a livello internazionale. Insieme al libro romeno, lo stand dell&#8217;ICR promuove anche autori della Repubblica di Moldova. La Fiera del Libro di Bruxelles \u00e8 uno degli eventi culturali pi\u00f9 importanti organizzati nella capitale del Belgio e dell&#8217;Unione Europea, riunendo ogni anno migliaia di autori, illustratori, editori o critici, oltre a decine di migliaia di lettori.<\/p>\n<p>&nbsp;<\/p>\n<p>&nbsp;<\/p>\n","protected":false},"excerpt":{"rendered":"<p>Elezioni &#8211; Secondo il calendario approvato dal Governo, domani a mezzanotte scade il termine entro il quale partiti, alleanze, organizzazioni di cittadini appartenenti alle minoranze nazionali o candidati indipendenti possono presentare presso l&#8217;Ufficio Elettorale Centrale le loro candidature alle presidenziali che si terranno a maggio. Per il momento, hanno superato i filtri dell\u2019Ufficio Elettorale e [&hellip;]<\/p>\n","protected":false},"author":113,"featured_media":723460,"comment_status":"closed","ping_status":"closed","sticky":false,"template":"","format":"standard","meta":{"_acf_changed":false,"footnotes":""},"categories":[98934],"tags":[],"coauthors":[116091],"class_list":["post-872276","post","type-post","status-publish","format-standard","has-post-thumbnail","hentry","category-topnews"],"acf":[],"yoast_head":"<!-- This site is optimized with the Yoast SEO plugin v27.5 - https:\/\/yoast.com\/product\/yoast-seo-wordpress\/ -->\n<title>14.03.2025 - Radio Romania Internazionale<\/title>\n<meta name=\"robots\" content=\"index, follow, max-snippet:-1, max-image-preview:large, max-video-preview:-1\" \/>\n<link rel=\"canonical\" href=\"https:\/\/www.rri.ro\/it\/news\/topnews\/14-03-2025-id872276.html\" \/>\n<meta property=\"og:locale\" content=\"it_IT\" \/>\n<meta property=\"og:type\" content=\"article\" \/>\n<meta property=\"og:title\" content=\"14.03.2025 - Radio Romania Internazionale\" \/>\n<meta property=\"og:description\" content=\"Elezioni &#8211; Secondo il calendario approvato dal Governo, domani a mezzanotte scade il termine entro il quale partiti, alleanze, organizzazioni di cittadini appartenenti alle minoranze nazionali o candidati indipendenti possono presentare presso l&#8217;Ufficio Elettorale Centrale le loro candidature alle presidenziali che si terranno a maggio. Per il momento, hanno superato i filtri dell\u2019Ufficio Elettorale e [&hellip;]\" \/>\n<meta property=\"og:url\" content=\"https:\/\/www.rri.ro\/it\/news\/topnews\/14-03-2025-id872276.html\" \/>\n<meta property=\"og:site_name\" content=\"Radio Romania Internazionale\" \/>\n<meta property=\"article:published_time\" content=\"2025-03-14T15:10:18+00:00\" \/>\n<meta property=\"article:modified_time\" content=\"2025-03-14T15:44:06+00:00\" \/>\n<meta property=\"og:image\" content=\"https:\/\/www.rri.ro\/wp-content\/uploads\/2024\/03\/RRI-960x540-Topnews-2-NOU.jpg\" \/>\n\t<meta property=\"og:image:width\" content=\"960\" \/>\n\t<meta property=\"og:image:height\" content=\"540\" \/>\n\t<meta property=\"og:image:type\" content=\"image\/jpeg\" \/>\n<meta name=\"author\" content=\"Newsroom\" \/>\n<meta name=\"twitter:card\" content=\"summary_large_image\" \/>\n<meta name=\"twitter:label1\" content=\"Scritto da\" \/>\n\t<meta name=\"twitter:data1\" content=\"Newsroom\" \/>\n\t<meta name=\"twitter:label2\" content=\"Tempo di lettura stimato\" \/>\n\t<meta name=\"twitter:data2\" content=\"5 minuti\" \/>\n<script type=\"application\/ld+json\" class=\"yoast-schema-graph\">{\"@context\":\"https:\\\/\\\/schema.org\",\"@graph\":[{\"@type\":\"Article\",\"@id\":\"https:\\\/\\\/www.rri.ro\\\/it\\\/news\\\/topnews\\\/14-03-2025-id872276.html#article\",\"isPartOf\":{\"@id\":\"https:\\\/\\\/www.rri.ro\\\/it\\\/news\\\/topnews\\\/14-03-2025-id872276.html\"},\"author\":{\"name\":\"Newsroom\",\"@id\":\"https:\\\/\\\/www.rri.ro\\\/#\\\/schema\\\/person\\\/4a479940371b9fdefd194f561e8a7f88\"},\"headline\":\"14.03.2025\",\"datePublished\":\"2025-03-14T15:10:18+00:00\",\"dateModified\":\"2025-03-14T15:44:06+00:00\",\"mainEntityOfPage\":{\"@id\":\"https:\\\/\\\/www.rri.ro\\\/it\\\/news\\\/topnews\\\/14-03-2025-id872276.html\"},\"wordCount\":1043,\"image\":{\"@id\":\"https:\\\/\\\/www.rri.ro\\\/it\\\/news\\\/topnews\\\/14-03-2025-id872276.html#primaryimage\"},\"thumbnailUrl\":\"https:\\\/\\\/www.rri.ro\\\/wp-content\\\/uploads\\\/2024\\\/03\\\/RRI-960x540-Topnews-2-NOU.jpg\",\"articleSection\":[\"Topnews\"],\"inLanguage\":\"it-IT\"},{\"@type\":\"WebPage\",\"@id\":\"https:\\\/\\\/www.rri.ro\\\/it\\\/news\\\/topnews\\\/14-03-2025-id872276.html\",\"url\":\"https:\\\/\\\/www.rri.ro\\\/it\\\/news\\\/topnews\\\/14-03-2025-id872276.html\",\"name\":\"14.03.2025 - Radio Romania Internazionale\",\"isPartOf\":{\"@id\":\"https:\\\/\\\/www.rri.ro\\\/#website\"},\"primaryImageOfPage\":{\"@id\":\"https:\\\/\\\/www.rri.ro\\\/it\\\/news\\\/topnews\\\/14-03-2025-id872276.html#primaryimage\"},\"image\":{\"@id\":\"https:\\\/\\\/www.rri.ro\\\/it\\\/news\\\/topnews\\\/14-03-2025-id872276.html#primaryimage\"},\"thumbnailUrl\":\"https:\\\/\\\/www.rri.ro\\\/wp-content\\\/uploads\\\/2024\\\/03\\\/RRI-960x540-Topnews-2-NOU.jpg\",\"datePublished\":\"2025-03-14T15:10:18+00:00\",\"dateModified\":\"2025-03-14T15:44:06+00:00\",\"author\":{\"@id\":\"https:\\\/\\\/www.rri.ro\\\/#\\\/schema\\\/person\\\/4a479940371b9fdefd194f561e8a7f88\"},\"breadcrumb\":{\"@id\":\"https:\\\/\\\/www.rri.ro\\\/it\\\/news\\\/topnews\\\/14-03-2025-id872276.html#breadcrumb\"},\"inLanguage\":\"it-IT\",\"potentialAction\":[{\"@type\":\"ReadAction\",\"target\":[\"https:\\\/\\\/www.rri.ro\\\/it\\\/news\\\/topnews\\\/14-03-2025-id872276.html\"]}]},{\"@type\":\"ImageObject\",\"inLanguage\":\"it-IT\",\"@id\":\"https:\\\/\\\/www.rri.ro\\\/it\\\/news\\\/topnews\\\/14-03-2025-id872276.html#primaryimage\",\"url\":\"https:\\\/\\\/www.rri.ro\\\/wp-content\\\/uploads\\\/2024\\\/03\\\/RRI-960x540-Topnews-2-NOU.jpg\",\"contentUrl\":\"https:\\\/\\\/www.rri.ro\\\/wp-content\\\/uploads\\\/2024\\\/03\\\/RRI-960x540-Topnews-2-NOU.jpg\",\"width\":960,\"height\":540},{\"@type\":\"BreadcrumbList\",\"@id\":\"https:\\\/\\\/www.rri.ro\\\/it\\\/news\\\/topnews\\\/14-03-2025-id872276.html#breadcrumb\",\"itemListElement\":[{\"@type\":\"ListItem\",\"position\":1,\"name\":\"Pagina iniziale\",\"item\":\"https:\\\/\\\/www.rri.ro\\\/it\"},{\"@type\":\"ListItem\",\"position\":2,\"name\":\"News\",\"item\":\"https:\\\/\\\/www.rri.ro\\\/it\\\/news\"},{\"@type\":\"ListItem\",\"position\":3,\"name\":\"Topnews\",\"item\":\"https:\\\/\\\/www.rri.ro\\\/it\\\/news\\\/topnews\"},{\"@type\":\"ListItem\",\"position\":4,\"name\":\"14.03.2025\"}]},{\"@type\":\"WebSite\",\"@id\":\"https:\\\/\\\/www.rri.ro\\\/#website\",\"url\":\"https:\\\/\\\/www.rri.ro\\\/\",\"name\":\"Radio Romania Internazionale\",\"description\":\"Totul despre Rom\u00e2nia \u015fi rom\u00e2ni, \u00een 13 limbi\\\/dialecte!\",\"inLanguage\":\"it-IT\"},{\"@type\":\"Person\",\"@id\":\"https:\\\/\\\/www.rri.ro\\\/#\\\/schema\\\/person\\\/4a479940371b9fdefd194f561e8a7f88\",\"name\":\"Newsroom\",\"url\":\"https:\\\/\\\/www.rri.ro\\\/it\\\/author\\\/newsroom\"}]}<\/script>\n<!-- \/ Yoast SEO plugin. -->","yoast_head_json":{"title":"14.03.2025 - Radio Romania Internazionale","robots":{"index":"index","follow":"follow","max-snippet":"max-snippet:-1","max-image-preview":"max-image-preview:large","max-video-preview":"max-video-preview:-1"},"canonical":"https:\/\/www.rri.ro\/it\/news\/topnews\/14-03-2025-id872276.html","og_locale":"it_IT","og_type":"article","og_title":"14.03.2025 - Radio Romania Internazionale","og_description":"Elezioni &#8211; Secondo il calendario approvato dal Governo, domani a mezzanotte scade il termine entro il quale partiti, alleanze, organizzazioni di cittadini appartenenti alle minoranze nazionali o candidati indipendenti possono presentare presso l&#8217;Ufficio Elettorale Centrale le loro candidature alle presidenziali che si terranno a maggio. Per il momento, hanno superato i filtri dell\u2019Ufficio Elettorale e [&hellip;]","og_url":"https:\/\/www.rri.ro\/it\/news\/topnews\/14-03-2025-id872276.html","og_site_name":"Radio Romania Internazionale","article_published_time":"2025-03-14T15:10:18+00:00","article_modified_time":"2025-03-14T15:44:06+00:00","og_image":[{"width":960,"height":540,"url":"https:\/\/www.rri.ro\/wp-content\/uploads\/2024\/03\/RRI-960x540-Topnews-2-NOU.jpg","type":"image\/jpeg"}],"author":"Newsroom","twitter_card":"summary_large_image","twitter_misc":{"Scritto da":"Newsroom","Tempo di lettura stimato":"5 minuti"},"schema":{"@context":"https:\/\/schema.org","@graph":[{"@type":"Article","@id":"https:\/\/www.rri.ro\/it\/news\/topnews\/14-03-2025-id872276.html#article","isPartOf":{"@id":"https:\/\/www.rri.ro\/it\/news\/topnews\/14-03-2025-id872276.html"},"author":{"name":"Newsroom","@id":"https:\/\/www.rri.ro\/#\/schema\/person\/4a479940371b9fdefd194f561e8a7f88"},"headline":"14.03.2025","datePublished":"2025-03-14T15:10:18+00:00","dateModified":"2025-03-14T15:44:06+00:00","mainEntityOfPage":{"@id":"https:\/\/www.rri.ro\/it\/news\/topnews\/14-03-2025-id872276.html"},"wordCount":1043,"image":{"@id":"https:\/\/www.rri.ro\/it\/news\/topnews\/14-03-2025-id872276.html#primaryimage"},"thumbnailUrl":"https:\/\/www.rri.ro\/wp-content\/uploads\/2024\/03\/RRI-960x540-Topnews-2-NOU.jpg","articleSection":["Topnews"],"inLanguage":"it-IT"},{"@type":"WebPage","@id":"https:\/\/www.rri.ro\/it\/news\/topnews\/14-03-2025-id872276.html","url":"https:\/\/www.rri.ro\/it\/news\/topnews\/14-03-2025-id872276.html","name":"14.03.2025 - Radio Romania Internazionale","isPartOf":{"@id":"https:\/\/www.rri.ro\/#website"},"primaryImageOfPage":{"@id":"https:\/\/www.rri.ro\/it\/news\/topnews\/14-03-2025-id872276.html#primaryimage"},"image":{"@id":"https:\/\/www.rri.ro\/it\/news\/topnews\/14-03-2025-id872276.html#primaryimage"},"thumbnailUrl":"https:\/\/www.rri.ro\/wp-content\/uploads\/2024\/03\/RRI-960x540-Topnews-2-NOU.jpg","datePublished":"2025-03-14T15:10:18+00:00","dateModified":"2025-03-14T15:44:06+00:00","author":{"@id":"https:\/\/www.rri.ro\/#\/schema\/person\/4a479940371b9fdefd194f561e8a7f88"},"breadcrumb":{"@id":"https:\/\/www.rri.ro\/it\/news\/topnews\/14-03-2025-id872276.html#breadcrumb"},"inLanguage":"it-IT","potentialAction":[{"@type":"ReadAction","target":["https:\/\/www.rri.ro\/it\/news\/topnews\/14-03-2025-id872276.html"]}]},{"@type":"ImageObject","inLanguage":"it-IT","@id":"https:\/\/www.rri.ro\/it\/news\/topnews\/14-03-2025-id872276.html#primaryimage","url":"https:\/\/www.rri.ro\/wp-content\/uploads\/2024\/03\/RRI-960x540-Topnews-2-NOU.jpg","contentUrl":"https:\/\/www.rri.ro\/wp-content\/uploads\/2024\/03\/RRI-960x540-Topnews-2-NOU.jpg","width":960,"height":540},{"@type":"BreadcrumbList","@id":"https:\/\/www.rri.ro\/it\/news\/topnews\/14-03-2025-id872276.html#breadcrumb","itemListElement":[{"@type":"ListItem","position":1,"name":"Pagina iniziale","item":"https:\/\/www.rri.ro\/it"},{"@type":"ListItem","position":2,"name":"News","item":"https:\/\/www.rri.ro\/it\/news"},{"@type":"ListItem","position":3,"name":"Topnews","item":"https:\/\/www.rri.ro\/it\/news\/topnews"},{"@type":"ListItem","position":4,"name":"14.03.2025"}]},{"@type":"WebSite","@id":"https:\/\/www.rri.ro\/#website","url":"https:\/\/www.rri.ro\/","name":"Radio Romania Internazionale","description":"Totul despre Rom\u00e2nia \u015fi rom\u00e2ni, \u00een 13 limbi\/dialecte!","inLanguage":"it-IT"},{"@type":"Person","@id":"https:\/\/www.rri.ro\/#\/schema\/person\/4a479940371b9fdefd194f561e8a7f88","name":"Newsroom","url":"https:\/\/www.rri.ro\/it\/author\/newsroom"}]}},"_links":{"self":[{"href":"https:\/\/www.rri.ro\/it\/wp-json\/wp\/v2\/posts\/872276","targetHints":{"allow":["GET"]}}],"collection":[{"href":"https:\/\/www.rri.ro\/it\/wp-json\/wp\/v2\/posts"}],"about":[{"href":"https:\/\/www.rri.ro\/it\/wp-json\/wp\/v2\/types\/post"}],"author":[{"embeddable":true,"href":"https:\/\/www.rri.ro\/it\/wp-json\/wp\/v2\/users\/113"}],"replies":[{"embeddable":true,"href":"https:\/\/www.rri.ro\/it\/wp-json\/wp\/v2\/comments?post=872276"}],"version-history":[{"count":0,"href":"https:\/\/www.rri.ro\/it\/wp-json\/wp\/v2\/posts\/872276\/revisions"}],"wp:featuredmedia":[{"embeddable":true,"href":"https:\/\/www.rri.ro\/it\/wp-json\/wp\/v2\/media\/723460"}],"wp:attachment":[{"href":"https:\/\/www.rri.ro\/it\/wp-json\/wp\/v2\/media?parent=872276"}],"wp:term":[{"taxonomy":"category","embeddable":true,"href":"https:\/\/www.rri.ro\/it\/wp-json\/wp\/v2\/categories?post=872276"},{"taxonomy":"post_tag","embeddable":true,"href":"https:\/\/www.rri.ro\/it\/wp-json\/wp\/v2\/tags?post=872276"},{"taxonomy":"author","embeddable":true,"href":"https:\/\/www.rri.ro\/it\/wp-json\/wp\/v2\/coauthors?post=872276"}],"curies":[{"name":"wp","href":"https:\/\/api.w.org\/{rel}","templated":true}]}}