{"id":877020,"date":"2025-04-01T11:02:44","date_gmt":"2025-04-01T08:02:44","guid":{"rendered":"https:\/\/www.rri.ro\/?p=877020"},"modified":"2025-04-01T11:02:44","modified_gmt":"2025-04-01T08:02:44","slug":"esercitazione-sea-shield-2025","status":"publish","type":"post","link":"https:\/\/www.rri.ro\/it\/news\/attualita\/esercitazione-sea-shield-2025-id877020.html","title":{"rendered":"Esercitazione Sea Shield 2025"},"content":{"rendered":"<p style=\"font-weight: 400;\">Sea Shield 25 \u00e8 volta principalmente ad aumentare il livello di interoperabilit\u00e0 tra le forze navali degli stati alleati e partner, nonch\u00e9 ad ottimizzare gli sforzi delle istituzioni del sistema di difesa, ordine pubblico e sicurezza nazionale. Partecipano militari romeni e di stati partner e sono coinvolte decine di navi. Durante le quasi due settimane di addestramento, le sequenze di combattimento verranno eseguite in tutti gli ambienti d&#8217;azione: marittimo, fluviale, lagunare, subacqueo, terrestre e aereo. Saranno testate e migliorate le capacit\u00e0 di coordinamento e di risposta delle forze partecipanti in situazioni di scenari altamente complessi.<\/p>\n<p style=\"font-weight: 400;\">\n<p style=\"font-weight: 400;\">La collaborazione tra le forze navali, aeree e terrestri sar\u00e0 messa alla prova attraverso lo svolgimento di attivit\u00e0 di difesa delle infrastrutture costiere critiche, di protezione delle linee di comunicazione marittime e di supporto alle operazioni anfibie. Le esercitazioni condotte nelle zone del Mar Nero, sul Danubio e nella zona costiera aumenteranno la capacit\u00e0 di risposta collettiva e contribuiranno a promuovere l&#8217;impegno della NATO per la sicurezza regionale.<\/p>\n<p style=\"font-weight: 400;\">\n<p style=\"font-weight: 400;\">Il ministro della Difesa, Angel T\u00eelv\u0103r, ha precisato che Sea Shield dimostra l&#8217;impegno della Romania nel garantire la sicurezza e la stabilit\u00e0 della regione del Mar Nero. Il ministro ha annunciato che l&#8217;acquisizione di una corvetta leggera per le Forze Navali Romene sar\u00e0 soggetta all&#8217;approvazione del Parlamento tramite una richiesta, alla fine di questa settimana, dopo aver ricevuto la luce verde del Consiglio Supremo di Difesa. Entro la fine dell&#8217;anno, la corvetta dovrebbe entrare nella dotazione delle Forze Navali Romene.<\/p>\n<p style=\"font-weight: 400;\">\n<p style=\"font-weight: 400;\">\u201c\u00c8 nell&#8217;interesse della Romania avere nel Mar Nero uno spazio dove il commercio possa avvenire in buone condizioni. Credo che la zona economica speciale che la Romania sfrutter\u00e0 meriti la dovuta attenzione anche dal punto di vista della protezione. Quindi, ecco alcuni argomenti che ritengo giustifichino il nostro interesse nell&#8217;acquisto di equipaggiamento militare. Per ora, abbiamo trovato questo equipaggiamento che soddisfa anche le necessit\u00e0 urgenti e sono contento di aver avuto la comprensione del Consiglio Supremo di Difesa, cos\u00ec come spero di avere l&#8217;approvazione del Parlamento&#8221;, ha dichiarato Angel T\u00eelv\u0103r.<\/p>\n<p style=\"font-weight: 400;\">\n<p style=\"font-weight: 400;\">Le missioni principali delle corvette leggere includono attivit\u00e0 di intelligence, sorveglianza e ricognizione, ricerca e salvataggio, lotta al terrorismo, operazioni di interdizione marittima e operazioni speciali marittime. Altre missioni includono operazioni aeronavali, guerra elettronica e acustica, bombardamenti di territorio nemico, protezione del traffico marittimo e supporto ad altre operazioni. Da pi\u00f9 di dieci anni, il Ministero della Difesa cerca, senza successo, di acquistare quattro corvette, ma ogni volta il processo di acquisizione \u00e8 stato bloccato. In Romania, a Gala\u021bi (sud-est), vengono prodotte navi all&#8217;avanguardia, anche per paesi membri della NATO.<\/p>\n","protected":false},"excerpt":{"rendered":"<p>Sea Shield 25 \u00e8 volta principalmente ad aumentare il livello di interoperabilit\u00e0 tra le forze navali degli stati alleati e partner, nonch\u00e9 ad ottimizzare gli sforzi delle istituzioni del sistema di difesa, ordine pubblico e sicurezza nazionale. Partecipano militari romeni e di stati partner e sono coinvolte decine di navi. Durante le quasi due settimane [&hellip;]<\/p>\n","protected":false},"author":106,"featured_media":876968,"comment_status":"closed","ping_status":"closed","sticky":false,"template":"","format":"standard","meta":{"_acf_changed":false,"footnotes":""},"categories":[132228],"tags":[136816,166896,148881,166897],"coauthors":[113311],"class_list":["post-877020","post","type-post","status-publish","format-standard","has-post-thumbnail","hentry","category-attualita","tag-esercitazione","tag-forze-navali-romene","tag-nato-it","tag-sea-shield-25-it"],"acf":[],"yoast_head":"<!-- This site is optimized with the Yoast SEO plugin v27.3 - https:\/\/yoast.com\/product\/yoast-seo-wordpress\/ -->\n<title>Esercitazione Sea Shield 2025 - Radio Romania Internazionale<\/title>\n<meta name=\"robots\" content=\"index, follow, max-snippet:-1, max-image-preview:large, max-video-preview:-1\" \/>\n<link rel=\"canonical\" href=\"https:\/\/www.rri.ro\/it\/news\/attualita\/esercitazione-sea-shield-2025-id877020.html\" \/>\n<meta property=\"og:locale\" content=\"it_IT\" \/>\n<meta property=\"og:type\" content=\"article\" \/>\n<meta property=\"og:title\" content=\"Esercitazione Sea Shield 2025 - Radio Romania Internazionale\" \/>\n<meta property=\"og:description\" content=\"Sea Shield 25 \u00e8 volta principalmente ad aumentare il livello di interoperabilit\u00e0 tra le forze navali degli stati alleati e partner, nonch\u00e9 ad ottimizzare gli sforzi delle istituzioni del sistema di difesa, ordine pubblico e sicurezza nazionale. Partecipano militari romeni e di stati partner e sono coinvolte decine di navi. Durante le quasi due settimane [&hellip;]\" \/>\n<meta property=\"og:url\" content=\"https:\/\/www.rri.ro\/it\/news\/attualita\/esercitazione-sea-shield-2025-id877020.html\" \/>\n<meta property=\"og:site_name\" content=\"Radio Romania Internazionale\" \/>\n<meta property=\"article:published_time\" content=\"2025-04-01T08:02:44+00:00\" \/>\n<meta property=\"og:image\" content=\"https:\/\/www.rri.ro\/wp-content\/uploads\/2025\/04\/exercitiu-militar-Sea-Shield-foto-fortele-navale-romane.jpg\" \/>\n\t<meta property=\"og:image:width\" content=\"1200\" \/>\n\t<meta property=\"og:image:height\" content=\"801\" \/>\n\t<meta property=\"og:image:type\" content=\"image\/jpeg\" \/>\n<meta name=\"author\" content=\"Mihai Pelin\" \/>\n<meta name=\"twitter:card\" content=\"summary_large_image\" \/>\n<meta name=\"twitter:label1\" content=\"Scritto da\" \/>\n\t<meta name=\"twitter:data1\" content=\"Mihai Pelin\" \/>\n\t<meta name=\"twitter:label2\" content=\"Tempo di lettura stimato\" \/>\n\t<meta name=\"twitter:data2\" content=\"2 minuti\" \/>\n<script type=\"application\/ld+json\" class=\"yoast-schema-graph\">{\"@context\":\"https:\\\/\\\/schema.org\",\"@graph\":[{\"@type\":\"Article\",\"@id\":\"https:\\\/\\\/www.rri.ro\\\/it\\\/news\\\/attualita\\\/esercitazione-sea-shield-2025-id877020.html#article\",\"isPartOf\":{\"@id\":\"https:\\\/\\\/www.rri.ro\\\/it\\\/news\\\/attualita\\\/esercitazione-sea-shield-2025-id877020.html\"},\"author\":{\"name\":\"Mihai Pelin\",\"@id\":\"https:\\\/\\\/www.rri.ro\\\/#\\\/schema\\\/person\\\/c6036c822534c855dc3aad41a484f05d\"},\"headline\":\"Esercitazione Sea Shield 2025\",\"datePublished\":\"2025-04-01T08:02:44+00:00\",\"mainEntityOfPage\":{\"@id\":\"https:\\\/\\\/www.rri.ro\\\/it\\\/news\\\/attualita\\\/esercitazione-sea-shield-2025-id877020.html\"},\"wordCount\":437,\"image\":{\"@id\":\"https:\\\/\\\/www.rri.ro\\\/it\\\/news\\\/attualita\\\/esercitazione-sea-shield-2025-id877020.html#primaryimage\"},\"thumbnailUrl\":\"https:\\\/\\\/www.rri.ro\\\/wp-content\\\/uploads\\\/2025\\\/04\\\/exercitiu-militar-Sea-Shield-foto-fortele-navale-romane.jpg\",\"keywords\":[\"esercitazione\",\"Forze Navali Romene\",\"NATO\",\"Sea Shield 25\"],\"articleSection\":[\"Attualit\u00e0\"],\"inLanguage\":\"it-IT\"},{\"@type\":\"WebPage\",\"@id\":\"https:\\\/\\\/www.rri.ro\\\/it\\\/news\\\/attualita\\\/esercitazione-sea-shield-2025-id877020.html\",\"url\":\"https:\\\/\\\/www.rri.ro\\\/it\\\/news\\\/attualita\\\/esercitazione-sea-shield-2025-id877020.html\",\"name\":\"Esercitazione Sea Shield 2025 - Radio Romania Internazionale\",\"isPartOf\":{\"@id\":\"https:\\\/\\\/www.rri.ro\\\/#website\"},\"primaryImageOfPage\":{\"@id\":\"https:\\\/\\\/www.rri.ro\\\/it\\\/news\\\/attualita\\\/esercitazione-sea-shield-2025-id877020.html#primaryimage\"},\"image\":{\"@id\":\"https:\\\/\\\/www.rri.ro\\\/it\\\/news\\\/attualita\\\/esercitazione-sea-shield-2025-id877020.html#primaryimage\"},\"thumbnailUrl\":\"https:\\\/\\\/www.rri.ro\\\/wp-content\\\/uploads\\\/2025\\\/04\\\/exercitiu-militar-Sea-Shield-foto-fortele-navale-romane.jpg\",\"datePublished\":\"2025-04-01T08:02:44+00:00\",\"author\":{\"@id\":\"https:\\\/\\\/www.rri.ro\\\/#\\\/schema\\\/person\\\/c6036c822534c855dc3aad41a484f05d\"},\"breadcrumb\":{\"@id\":\"https:\\\/\\\/www.rri.ro\\\/it\\\/news\\\/attualita\\\/esercitazione-sea-shield-2025-id877020.html#breadcrumb\"},\"inLanguage\":\"it-IT\",\"potentialAction\":[{\"@type\":\"ReadAction\",\"target\":[\"https:\\\/\\\/www.rri.ro\\\/it\\\/news\\\/attualita\\\/esercitazione-sea-shield-2025-id877020.html\"]}]},{\"@type\":\"ImageObject\",\"inLanguage\":\"it-IT\",\"@id\":\"https:\\\/\\\/www.rri.ro\\\/it\\\/news\\\/attualita\\\/esercitazione-sea-shield-2025-id877020.html#primaryimage\",\"url\":\"https:\\\/\\\/www.rri.ro\\\/wp-content\\\/uploads\\\/2025\\\/04\\\/exercitiu-militar-Sea-Shield-foto-fortele-navale-romane.jpg\",\"contentUrl\":\"https:\\\/\\\/www.rri.ro\\\/wp-content\\\/uploads\\\/2025\\\/04\\\/exercitiu-militar-Sea-Shield-foto-fortele-navale-romane.jpg\",\"width\":1200,\"height\":801,\"caption\":\"SEA SHIELD 25 Multinational Exercise\"},{\"@type\":\"BreadcrumbList\",\"@id\":\"https:\\\/\\\/www.rri.ro\\\/it\\\/news\\\/attualita\\\/esercitazione-sea-shield-2025-id877020.html#breadcrumb\",\"itemListElement\":[{\"@type\":\"ListItem\",\"position\":1,\"name\":\"Pagina iniziale\",\"item\":\"https:\\\/\\\/www.rri.ro\\\/it\"},{\"@type\":\"ListItem\",\"position\":2,\"name\":\"News\",\"item\":\"https:\\\/\\\/www.rri.ro\\\/it\\\/news\"},{\"@type\":\"ListItem\",\"position\":3,\"name\":\"Attualit\u00e0\",\"item\":\"https:\\\/\\\/www.rri.ro\\\/it\\\/news\\\/attualita\"},{\"@type\":\"ListItem\",\"position\":4,\"name\":\"Esercitazione Sea Shield 2025\"}]},{\"@type\":\"WebSite\",\"@id\":\"https:\\\/\\\/www.rri.ro\\\/#website\",\"url\":\"https:\\\/\\\/www.rri.ro\\\/\",\"name\":\"Radio Romania Internazionale\",\"description\":\"Totul despre Rom\u00e2nia \u015fi rom\u00e2ni, \u00een 13 limbi\\\/dialecte!\",\"inLanguage\":\"it-IT\"},{\"@type\":\"Person\",\"@id\":\"https:\\\/\\\/www.rri.ro\\\/#\\\/schema\\\/person\\\/c6036c822534c855dc3aad41a484f05d\",\"name\":\"Mihai Pelin\",\"url\":\"https:\\\/\\\/www.rri.ro\\\/it\\\/author\\\/mihai-pelin\"}]}<\/script>\n<!-- \/ Yoast SEO plugin. -->","yoast_head_json":{"title":"Esercitazione Sea Shield 2025 - Radio Romania Internazionale","robots":{"index":"index","follow":"follow","max-snippet":"max-snippet:-1","max-image-preview":"max-image-preview:large","max-video-preview":"max-video-preview:-1"},"canonical":"https:\/\/www.rri.ro\/it\/news\/attualita\/esercitazione-sea-shield-2025-id877020.html","og_locale":"it_IT","og_type":"article","og_title":"Esercitazione Sea Shield 2025 - Radio Romania Internazionale","og_description":"Sea Shield 25 \u00e8 volta principalmente ad aumentare il livello di interoperabilit\u00e0 tra le forze navali degli stati alleati e partner, nonch\u00e9 ad ottimizzare gli sforzi delle istituzioni del sistema di difesa, ordine pubblico e sicurezza nazionale. Partecipano militari romeni e di stati partner e sono coinvolte decine di navi. Durante le quasi due settimane [&hellip;]","og_url":"https:\/\/www.rri.ro\/it\/news\/attualita\/esercitazione-sea-shield-2025-id877020.html","og_site_name":"Radio Romania Internazionale","article_published_time":"2025-04-01T08:02:44+00:00","og_image":[{"width":1200,"height":801,"url":"https:\/\/www.rri.ro\/wp-content\/uploads\/2025\/04\/exercitiu-militar-Sea-Shield-foto-fortele-navale-romane.jpg","type":"image\/jpeg"}],"author":"Mihai Pelin","twitter_card":"summary_large_image","twitter_misc":{"Scritto da":"Mihai Pelin","Tempo di lettura stimato":"2 minuti"},"schema":{"@context":"https:\/\/schema.org","@graph":[{"@type":"Article","@id":"https:\/\/www.rri.ro\/it\/news\/attualita\/esercitazione-sea-shield-2025-id877020.html#article","isPartOf":{"@id":"https:\/\/www.rri.ro\/it\/news\/attualita\/esercitazione-sea-shield-2025-id877020.html"},"author":{"name":"Mihai Pelin","@id":"https:\/\/www.rri.ro\/#\/schema\/person\/c6036c822534c855dc3aad41a484f05d"},"headline":"Esercitazione Sea Shield 2025","datePublished":"2025-04-01T08:02:44+00:00","mainEntityOfPage":{"@id":"https:\/\/www.rri.ro\/it\/news\/attualita\/esercitazione-sea-shield-2025-id877020.html"},"wordCount":437,"image":{"@id":"https:\/\/www.rri.ro\/it\/news\/attualita\/esercitazione-sea-shield-2025-id877020.html#primaryimage"},"thumbnailUrl":"https:\/\/www.rri.ro\/wp-content\/uploads\/2025\/04\/exercitiu-militar-Sea-Shield-foto-fortele-navale-romane.jpg","keywords":["esercitazione","Forze Navali Romene","NATO","Sea Shield 25"],"articleSection":["Attualit\u00e0"],"inLanguage":"it-IT"},{"@type":"WebPage","@id":"https:\/\/www.rri.ro\/it\/news\/attualita\/esercitazione-sea-shield-2025-id877020.html","url":"https:\/\/www.rri.ro\/it\/news\/attualita\/esercitazione-sea-shield-2025-id877020.html","name":"Esercitazione Sea Shield 2025 - Radio Romania Internazionale","isPartOf":{"@id":"https:\/\/www.rri.ro\/#website"},"primaryImageOfPage":{"@id":"https:\/\/www.rri.ro\/it\/news\/attualita\/esercitazione-sea-shield-2025-id877020.html#primaryimage"},"image":{"@id":"https:\/\/www.rri.ro\/it\/news\/attualita\/esercitazione-sea-shield-2025-id877020.html#primaryimage"},"thumbnailUrl":"https:\/\/www.rri.ro\/wp-content\/uploads\/2025\/04\/exercitiu-militar-Sea-Shield-foto-fortele-navale-romane.jpg","datePublished":"2025-04-01T08:02:44+00:00","author":{"@id":"https:\/\/www.rri.ro\/#\/schema\/person\/c6036c822534c855dc3aad41a484f05d"},"breadcrumb":{"@id":"https:\/\/www.rri.ro\/it\/news\/attualita\/esercitazione-sea-shield-2025-id877020.html#breadcrumb"},"inLanguage":"it-IT","potentialAction":[{"@type":"ReadAction","target":["https:\/\/www.rri.ro\/it\/news\/attualita\/esercitazione-sea-shield-2025-id877020.html"]}]},{"@type":"ImageObject","inLanguage":"it-IT","@id":"https:\/\/www.rri.ro\/it\/news\/attualita\/esercitazione-sea-shield-2025-id877020.html#primaryimage","url":"https:\/\/www.rri.ro\/wp-content\/uploads\/2025\/04\/exercitiu-militar-Sea-Shield-foto-fortele-navale-romane.jpg","contentUrl":"https:\/\/www.rri.ro\/wp-content\/uploads\/2025\/04\/exercitiu-militar-Sea-Shield-foto-fortele-navale-romane.jpg","width":1200,"height":801,"caption":"SEA SHIELD 25 Multinational Exercise"},{"@type":"BreadcrumbList","@id":"https:\/\/www.rri.ro\/it\/news\/attualita\/esercitazione-sea-shield-2025-id877020.html#breadcrumb","itemListElement":[{"@type":"ListItem","position":1,"name":"Pagina iniziale","item":"https:\/\/www.rri.ro\/it"},{"@type":"ListItem","position":2,"name":"News","item":"https:\/\/www.rri.ro\/it\/news"},{"@type":"ListItem","position":3,"name":"Attualit\u00e0","item":"https:\/\/www.rri.ro\/it\/news\/attualita"},{"@type":"ListItem","position":4,"name":"Esercitazione Sea Shield 2025"}]},{"@type":"WebSite","@id":"https:\/\/www.rri.ro\/#website","url":"https:\/\/www.rri.ro\/","name":"Radio Romania Internazionale","description":"Totul despre Rom\u00e2nia \u015fi rom\u00e2ni, \u00een 13 limbi\/dialecte!","inLanguage":"it-IT"},{"@type":"Person","@id":"https:\/\/www.rri.ro\/#\/schema\/person\/c6036c822534c855dc3aad41a484f05d","name":"Mihai Pelin","url":"https:\/\/www.rri.ro\/it\/author\/mihai-pelin"}]}},"_links":{"self":[{"href":"https:\/\/www.rri.ro\/it\/wp-json\/wp\/v2\/posts\/877020","targetHints":{"allow":["GET"]}}],"collection":[{"href":"https:\/\/www.rri.ro\/it\/wp-json\/wp\/v2\/posts"}],"about":[{"href":"https:\/\/www.rri.ro\/it\/wp-json\/wp\/v2\/types\/post"}],"author":[{"embeddable":true,"href":"https:\/\/www.rri.ro\/it\/wp-json\/wp\/v2\/users\/106"}],"replies":[{"embeddable":true,"href":"https:\/\/www.rri.ro\/it\/wp-json\/wp\/v2\/comments?post=877020"}],"version-history":[{"count":0,"href":"https:\/\/www.rri.ro\/it\/wp-json\/wp\/v2\/posts\/877020\/revisions"}],"wp:featuredmedia":[{"embeddable":true,"href":"https:\/\/www.rri.ro\/it\/wp-json\/wp\/v2\/media\/876968"}],"wp:attachment":[{"href":"https:\/\/www.rri.ro\/it\/wp-json\/wp\/v2\/media?parent=877020"}],"wp:term":[{"taxonomy":"category","embeddable":true,"href":"https:\/\/www.rri.ro\/it\/wp-json\/wp\/v2\/categories?post=877020"},{"taxonomy":"post_tag","embeddable":true,"href":"https:\/\/www.rri.ro\/it\/wp-json\/wp\/v2\/tags?post=877020"},{"taxonomy":"author","embeddable":true,"href":"https:\/\/www.rri.ro\/it\/wp-json\/wp\/v2\/coauthors?post=877020"}],"curies":[{"name":"wp","href":"https:\/\/api.w.org\/{rel}","templated":true}]}}