{"id":890113,"date":"2025-05-22T11:51:55","date_gmt":"2025-05-22T08:51:55","guid":{"rendered":"https:\/\/www.rri.ro\/?p=890113"},"modified":"2025-05-22T11:51:55","modified_gmt":"2025-05-22T08:51:55","slug":"bilancio-del-presidente-ad-interim-della-romania","status":"publish","type":"post","link":"https:\/\/www.rri.ro\/it\/news\/in-primo-piano\/bilancio-del-presidente-ad-interim-della-romania-id890113.html","title":{"rendered":"Bilancio del presidente ad interim della Romania"},"content":{"rendered":"<p>Il presidente ad interim della Romania, Ilie Bolojan, ha presentato il bilancio dei 100 giorni trascorsi dall\u2019inizio del suo mandato, spiegando che \u00e8 stato incentrato sulla stabilit\u00e0 del paese e sull\u2019organizzazione delle elezioni presidenziali. &#8220;Ritengo che abbiamo avuto elezioni svoltesi in buone condizioni, in condizioni di dibattito politico, libert\u00e0, normalit\u00e0 e che i romeni hanno espresso il loro punto di vista&#8221;, ha dichiarato Ilie Bolojan, con apprezzamenti per l&#8217;elevata affluenza dei romeni alle urne e ringraziando quanti si sono impegnati nell&#8217;organizzazione delle elezioni.<\/p>\n<p>Un&#8217;altra priorit\u00e0 \u00e8 stata quella di garantire la stabilit\u00e0 interna in un contesto di elevato deficit di bilancio, ha sottolineato Ilie Bolojan. Il presidente ad interim ha spiegato che ha assunto il mandato in condizioni difficili su piano interno e in un contesto internazionale turbolento, segnato dalla guerra in Ucraina e dal dialogo incostante tra gli Stati Uniti d&#8217;America e l&#8217;Unione Europea. D&#8217;altro canto, altri due settori importanti sono stati la politica estera e la difesa, ha precisato Ilie Bolojan.<\/p>\n<p>&#8220;Il pilastro della nostra appartenenza all&#8217;Unione Europea, che per noi significa condizioni di prosperit\u00e0, significa valori, significa fondi europei, significa sviluppo. Il secondo pilastro \u00e8 stato l&#8217;appartenenza alla NATO e il rapporto con gli Stati Uniti d&#8217;America, perch\u00e9 la NATO \u00e8 un&#8217;entit\u00e0 efficiente e rispettata, quanto tempo la principale forza militare, che garantisce il funzionamento della NATO e la capacit\u00e0 di risposta, \u00e8 presente e mantiene tutti i suoi impegni. Pertanto, il consolidamento delle relazioni con gli Stati Uniti e il partenariato strategico sono stati il secondo pilastro importante&#8221;, ha dichiarato Ilie Bolojan.<\/p>\n<p>Il presidente ad interim ha inoltre precisato che in questi mesi si sono svolte importanti discussioni legate al settore della difesa, che hanno mirato il consolidamento del fianco orientale nella NATO, il rafforzamento dell&#8217;industria della difesa nazionale, la sua integrazione nelle catene del valore dell&#8217;industria militare europea, ma anche l&#8217;accesso ai fondi europei. Il presidente ad interim ha aggiunto che la Romania ha avuto posizioni chiare e costanti riguardo alla guerra in Ucraina e che Bucarest sostiene una pace giusta e il rispetto del diritto internazionale.<\/p>\n<p>Ilie Bolojan ha sottolineato di aver costantemente sostenuto il partenariato con la Repubblica di Moldova, sorella della Romania, e ha fatto tutto il possibile per rafforzare i rapporti di collaborazione, sotto tutti i profili. &#8220;Inoltre, le posizioni della Romania all&#8217;interno dell&#8217;UE, del Consiglio Europeo sono state prevedibili, convergenti con il Governo della Romania, e in questo modo credo di aver contribuito, in questo breve periodo, al consolidamento dell&#8217;immagine di uno stato e di un paese su cui si pu\u00f2 contare, un paese prevedibile e sicuro&#8221;, ha detto ancora Ilie Bolojan.<\/p>\n","protected":false},"excerpt":{"rendered":"<p>Il presidente ad interim della Romania, Ilie Bolojan, ha presentato il bilancio dei 100 giorni trascorsi dall\u2019inizio del suo mandato, spiegando che \u00e8 stato incentrato sulla stabilit\u00e0 del paese e sull\u2019organizzazione delle elezioni presidenziali. &#8220;Ritengo che abbiamo avuto elezioni svoltesi in buone condizioni, in condizioni di dibattito politico, libert\u00e0, normalit\u00e0 e che i romeni hanno [&hellip;]<\/p>\n","protected":false},"author":46,"featured_media":876397,"comment_status":"closed","ping_status":"closed","sticky":false,"template":"","format":"standard","meta":{"_acf_changed":false,"footnotes":""},"categories":[99264],"tags":[170493,148881,163505,137197,148493,148609],"coauthors":[115852],"class_list":["post-890113","post","type-post","status-publish","format-standard","has-post-thumbnail","hentry","category-in-primo-piano","tag-bilancio-mandato","tag-nato-it","tag-presidente-ad-interim-ilie-bolojan","tag-romania-it","tag-ue-it","tag-usa-it"],"acf":[],"yoast_head":"<!-- This site is optimized with the Yoast SEO plugin v27.3 - https:\/\/yoast.com\/product\/yoast-seo-wordpress\/ -->\n<title>Bilancio del presidente ad interim della Romania - Radio Romania Internazionale<\/title>\n<meta name=\"robots\" content=\"index, follow, max-snippet:-1, max-image-preview:large, max-video-preview:-1\" \/>\n<link rel=\"canonical\" href=\"https:\/\/www.rri.ro\/it\/news\/in-primo-piano\/bilancio-del-presidente-ad-interim-della-romania-id890113.html\" \/>\n<meta property=\"og:locale\" content=\"it_IT\" \/>\n<meta property=\"og:type\" content=\"article\" \/>\n<meta property=\"og:title\" content=\"Bilancio del presidente ad interim della Romania - Radio Romania Internazionale\" \/>\n<meta property=\"og:description\" content=\"Il presidente ad interim della Romania, Ilie Bolojan, ha presentato il bilancio dei 100 giorni trascorsi dall\u2019inizio del suo mandato, spiegando che \u00e8 stato incentrato sulla stabilit\u00e0 del paese e sull\u2019organizzazione delle elezioni presidenziali. &#8220;Ritengo che abbiamo avuto elezioni svoltesi in buone condizioni, in condizioni di dibattito politico, libert\u00e0, normalit\u00e0 e che i romeni hanno [&hellip;]\" \/>\n<meta property=\"og:url\" content=\"https:\/\/www.rri.ro\/it\/news\/in-primo-piano\/bilancio-del-presidente-ad-interim-della-romania-id890113.html\" \/>\n<meta property=\"og:site_name\" content=\"Radio Romania Internazionale\" \/>\n<meta property=\"article:published_time\" content=\"2025-05-22T08:51:55+00:00\" \/>\n<meta property=\"og:image\" content=\"https:\/\/www.rri.ro\/wp-content\/uploads\/2025\/03\/Ilie-Bolojan-foto-presidency.ro_.jpg\" \/>\n\t<meta property=\"og:image:width\" content=\"997\" \/>\n\t<meta property=\"og:image:height\" content=\"501\" \/>\n\t<meta property=\"og:image:type\" content=\"image\/jpeg\" \/>\n<meta name=\"author\" content=\"Leyla Cheamil\" \/>\n<meta name=\"twitter:card\" content=\"summary_large_image\" \/>\n<meta name=\"twitter:label1\" content=\"Scritto da\" \/>\n\t<meta name=\"twitter:data1\" content=\"Leyla Cheamil\" \/>\n\t<meta name=\"twitter:label2\" content=\"Tempo di lettura stimato\" \/>\n\t<meta name=\"twitter:data2\" content=\"2 minuti\" \/>\n<script type=\"application\/ld+json\" class=\"yoast-schema-graph\">{\"@context\":\"https:\\\/\\\/schema.org\",\"@graph\":[{\"@type\":\"Article\",\"@id\":\"https:\\\/\\\/www.rri.ro\\\/it\\\/news\\\/in-primo-piano\\\/bilancio-del-presidente-ad-interim-della-romania-id890113.html#article\",\"isPartOf\":{\"@id\":\"https:\\\/\\\/www.rri.ro\\\/it\\\/news\\\/in-primo-piano\\\/bilancio-del-presidente-ad-interim-della-romania-id890113.html\"},\"author\":{\"name\":\"Leyla Cheamil\",\"@id\":\"https:\\\/\\\/www.rri.ro\\\/#\\\/schema\\\/person\\\/e6364ed2d4b6af207a82ca66000d07e0\"},\"headline\":\"Bilancio del presidente ad interim della Romania\",\"datePublished\":\"2025-05-22T08:51:55+00:00\",\"mainEntityOfPage\":{\"@id\":\"https:\\\/\\\/www.rri.ro\\\/it\\\/news\\\/in-primo-piano\\\/bilancio-del-presidente-ad-interim-della-romania-id890113.html\"},\"wordCount\":451,\"image\":{\"@id\":\"https:\\\/\\\/www.rri.ro\\\/it\\\/news\\\/in-primo-piano\\\/bilancio-del-presidente-ad-interim-della-romania-id890113.html#primaryimage\"},\"thumbnailUrl\":\"https:\\\/\\\/www.rri.ro\\\/wp-content\\\/uploads\\\/2025\\\/03\\\/Ilie-Bolojan-foto-presidency.ro_.jpg\",\"keywords\":[\"bilancio mandato\",\"NATO\",\"presidente ad interim Ilie Bolojan\",\"Romania\",\"UE\",\"usa\"],\"articleSection\":[\"In primo piano\"],\"inLanguage\":\"it-IT\"},{\"@type\":\"WebPage\",\"@id\":\"https:\\\/\\\/www.rri.ro\\\/it\\\/news\\\/in-primo-piano\\\/bilancio-del-presidente-ad-interim-della-romania-id890113.html\",\"url\":\"https:\\\/\\\/www.rri.ro\\\/it\\\/news\\\/in-primo-piano\\\/bilancio-del-presidente-ad-interim-della-romania-id890113.html\",\"name\":\"Bilancio del presidente ad interim della Romania - Radio Romania Internazionale\",\"isPartOf\":{\"@id\":\"https:\\\/\\\/www.rri.ro\\\/#website\"},\"primaryImageOfPage\":{\"@id\":\"https:\\\/\\\/www.rri.ro\\\/it\\\/news\\\/in-primo-piano\\\/bilancio-del-presidente-ad-interim-della-romania-id890113.html#primaryimage\"},\"image\":{\"@id\":\"https:\\\/\\\/www.rri.ro\\\/it\\\/news\\\/in-primo-piano\\\/bilancio-del-presidente-ad-interim-della-romania-id890113.html#primaryimage\"},\"thumbnailUrl\":\"https:\\\/\\\/www.rri.ro\\\/wp-content\\\/uploads\\\/2025\\\/03\\\/Ilie-Bolojan-foto-presidency.ro_.jpg\",\"datePublished\":\"2025-05-22T08:51:55+00:00\",\"author\":{\"@id\":\"https:\\\/\\\/www.rri.ro\\\/#\\\/schema\\\/person\\\/e6364ed2d4b6af207a82ca66000d07e0\"},\"breadcrumb\":{\"@id\":\"https:\\\/\\\/www.rri.ro\\\/it\\\/news\\\/in-primo-piano\\\/bilancio-del-presidente-ad-interim-della-romania-id890113.html#breadcrumb\"},\"inLanguage\":\"it-IT\",\"potentialAction\":[{\"@type\":\"ReadAction\",\"target\":[\"https:\\\/\\\/www.rri.ro\\\/it\\\/news\\\/in-primo-piano\\\/bilancio-del-presidente-ad-interim-della-romania-id890113.html\"]}]},{\"@type\":\"ImageObject\",\"inLanguage\":\"it-IT\",\"@id\":\"https:\\\/\\\/www.rri.ro\\\/it\\\/news\\\/in-primo-piano\\\/bilancio-del-presidente-ad-interim-della-romania-id890113.html#primaryimage\",\"url\":\"https:\\\/\\\/www.rri.ro\\\/wp-content\\\/uploads\\\/2025\\\/03\\\/Ilie-Bolojan-foto-presidency.ro_.jpg\",\"contentUrl\":\"https:\\\/\\\/www.rri.ro\\\/wp-content\\\/uploads\\\/2025\\\/03\\\/Ilie-Bolojan-foto-presidency.ro_.jpg\",\"width\":997,\"height\":501,\"caption\":\"Ilie Bolojan (foto: presidency.ro)\"},{\"@type\":\"BreadcrumbList\",\"@id\":\"https:\\\/\\\/www.rri.ro\\\/it\\\/news\\\/in-primo-piano\\\/bilancio-del-presidente-ad-interim-della-romania-id890113.html#breadcrumb\",\"itemListElement\":[{\"@type\":\"ListItem\",\"position\":1,\"name\":\"Pagina iniziale\",\"item\":\"https:\\\/\\\/www.rri.ro\\\/it\"},{\"@type\":\"ListItem\",\"position\":2,\"name\":\"News\",\"item\":\"https:\\\/\\\/www.rri.ro\\\/it\\\/news\"},{\"@type\":\"ListItem\",\"position\":3,\"name\":\"In primo piano\",\"item\":\"https:\\\/\\\/www.rri.ro\\\/it\\\/news\\\/in-primo-piano\"},{\"@type\":\"ListItem\",\"position\":4,\"name\":\"Bilancio del presidente ad interim della Romania\"}]},{\"@type\":\"WebSite\",\"@id\":\"https:\\\/\\\/www.rri.ro\\\/#website\",\"url\":\"https:\\\/\\\/www.rri.ro\\\/\",\"name\":\"Radio Romania Internazionale\",\"description\":\"Totul despre Rom\u00e2nia \u015fi rom\u00e2ni, \u00een 13 limbi\\\/dialecte!\",\"inLanguage\":\"it-IT\"},{\"@type\":\"Person\",\"@id\":\"https:\\\/\\\/www.rri.ro\\\/#\\\/schema\\\/person\\\/e6364ed2d4b6af207a82ca66000d07e0\",\"name\":\"Leyla Cheamil\",\"url\":\"https:\\\/\\\/www.rri.ro\\\/it\\\/author\\\/leyla-cheamil\"}]}<\/script>\n<!-- \/ Yoast SEO plugin. -->","yoast_head_json":{"title":"Bilancio del presidente ad interim della Romania - Radio Romania Internazionale","robots":{"index":"index","follow":"follow","max-snippet":"max-snippet:-1","max-image-preview":"max-image-preview:large","max-video-preview":"max-video-preview:-1"},"canonical":"https:\/\/www.rri.ro\/it\/news\/in-primo-piano\/bilancio-del-presidente-ad-interim-della-romania-id890113.html","og_locale":"it_IT","og_type":"article","og_title":"Bilancio del presidente ad interim della Romania - Radio Romania Internazionale","og_description":"Il presidente ad interim della Romania, Ilie Bolojan, ha presentato il bilancio dei 100 giorni trascorsi dall\u2019inizio del suo mandato, spiegando che \u00e8 stato incentrato sulla stabilit\u00e0 del paese e sull\u2019organizzazione delle elezioni presidenziali. &#8220;Ritengo che abbiamo avuto elezioni svoltesi in buone condizioni, in condizioni di dibattito politico, libert\u00e0, normalit\u00e0 e che i romeni hanno [&hellip;]","og_url":"https:\/\/www.rri.ro\/it\/news\/in-primo-piano\/bilancio-del-presidente-ad-interim-della-romania-id890113.html","og_site_name":"Radio Romania Internazionale","article_published_time":"2025-05-22T08:51:55+00:00","og_image":[{"width":997,"height":501,"url":"https:\/\/www.rri.ro\/wp-content\/uploads\/2025\/03\/Ilie-Bolojan-foto-presidency.ro_.jpg","type":"image\/jpeg"}],"author":"Leyla Cheamil","twitter_card":"summary_large_image","twitter_misc":{"Scritto da":"Leyla Cheamil","Tempo di lettura stimato":"2 minuti"},"schema":{"@context":"https:\/\/schema.org","@graph":[{"@type":"Article","@id":"https:\/\/www.rri.ro\/it\/news\/in-primo-piano\/bilancio-del-presidente-ad-interim-della-romania-id890113.html#article","isPartOf":{"@id":"https:\/\/www.rri.ro\/it\/news\/in-primo-piano\/bilancio-del-presidente-ad-interim-della-romania-id890113.html"},"author":{"name":"Leyla Cheamil","@id":"https:\/\/www.rri.ro\/#\/schema\/person\/e6364ed2d4b6af207a82ca66000d07e0"},"headline":"Bilancio del presidente ad interim della Romania","datePublished":"2025-05-22T08:51:55+00:00","mainEntityOfPage":{"@id":"https:\/\/www.rri.ro\/it\/news\/in-primo-piano\/bilancio-del-presidente-ad-interim-della-romania-id890113.html"},"wordCount":451,"image":{"@id":"https:\/\/www.rri.ro\/it\/news\/in-primo-piano\/bilancio-del-presidente-ad-interim-della-romania-id890113.html#primaryimage"},"thumbnailUrl":"https:\/\/www.rri.ro\/wp-content\/uploads\/2025\/03\/Ilie-Bolojan-foto-presidency.ro_.jpg","keywords":["bilancio mandato","NATO","presidente ad interim Ilie Bolojan","Romania","UE","usa"],"articleSection":["In primo piano"],"inLanguage":"it-IT"},{"@type":"WebPage","@id":"https:\/\/www.rri.ro\/it\/news\/in-primo-piano\/bilancio-del-presidente-ad-interim-della-romania-id890113.html","url":"https:\/\/www.rri.ro\/it\/news\/in-primo-piano\/bilancio-del-presidente-ad-interim-della-romania-id890113.html","name":"Bilancio del presidente ad interim della Romania - Radio Romania Internazionale","isPartOf":{"@id":"https:\/\/www.rri.ro\/#website"},"primaryImageOfPage":{"@id":"https:\/\/www.rri.ro\/it\/news\/in-primo-piano\/bilancio-del-presidente-ad-interim-della-romania-id890113.html#primaryimage"},"image":{"@id":"https:\/\/www.rri.ro\/it\/news\/in-primo-piano\/bilancio-del-presidente-ad-interim-della-romania-id890113.html#primaryimage"},"thumbnailUrl":"https:\/\/www.rri.ro\/wp-content\/uploads\/2025\/03\/Ilie-Bolojan-foto-presidency.ro_.jpg","datePublished":"2025-05-22T08:51:55+00:00","author":{"@id":"https:\/\/www.rri.ro\/#\/schema\/person\/e6364ed2d4b6af207a82ca66000d07e0"},"breadcrumb":{"@id":"https:\/\/www.rri.ro\/it\/news\/in-primo-piano\/bilancio-del-presidente-ad-interim-della-romania-id890113.html#breadcrumb"},"inLanguage":"it-IT","potentialAction":[{"@type":"ReadAction","target":["https:\/\/www.rri.ro\/it\/news\/in-primo-piano\/bilancio-del-presidente-ad-interim-della-romania-id890113.html"]}]},{"@type":"ImageObject","inLanguage":"it-IT","@id":"https:\/\/www.rri.ro\/it\/news\/in-primo-piano\/bilancio-del-presidente-ad-interim-della-romania-id890113.html#primaryimage","url":"https:\/\/www.rri.ro\/wp-content\/uploads\/2025\/03\/Ilie-Bolojan-foto-presidency.ro_.jpg","contentUrl":"https:\/\/www.rri.ro\/wp-content\/uploads\/2025\/03\/Ilie-Bolojan-foto-presidency.ro_.jpg","width":997,"height":501,"caption":"Ilie Bolojan (foto: presidency.ro)"},{"@type":"BreadcrumbList","@id":"https:\/\/www.rri.ro\/it\/news\/in-primo-piano\/bilancio-del-presidente-ad-interim-della-romania-id890113.html#breadcrumb","itemListElement":[{"@type":"ListItem","position":1,"name":"Pagina iniziale","item":"https:\/\/www.rri.ro\/it"},{"@type":"ListItem","position":2,"name":"News","item":"https:\/\/www.rri.ro\/it\/news"},{"@type":"ListItem","position":3,"name":"In primo piano","item":"https:\/\/www.rri.ro\/it\/news\/in-primo-piano"},{"@type":"ListItem","position":4,"name":"Bilancio del presidente ad interim della Romania"}]},{"@type":"WebSite","@id":"https:\/\/www.rri.ro\/#website","url":"https:\/\/www.rri.ro\/","name":"Radio Romania Internazionale","description":"Totul despre Rom\u00e2nia \u015fi rom\u00e2ni, \u00een 13 limbi\/dialecte!","inLanguage":"it-IT"},{"@type":"Person","@id":"https:\/\/www.rri.ro\/#\/schema\/person\/e6364ed2d4b6af207a82ca66000d07e0","name":"Leyla Cheamil","url":"https:\/\/www.rri.ro\/it\/author\/leyla-cheamil"}]}},"_links":{"self":[{"href":"https:\/\/www.rri.ro\/it\/wp-json\/wp\/v2\/posts\/890113","targetHints":{"allow":["GET"]}}],"collection":[{"href":"https:\/\/www.rri.ro\/it\/wp-json\/wp\/v2\/posts"}],"about":[{"href":"https:\/\/www.rri.ro\/it\/wp-json\/wp\/v2\/types\/post"}],"author":[{"embeddable":true,"href":"https:\/\/www.rri.ro\/it\/wp-json\/wp\/v2\/users\/46"}],"replies":[{"embeddable":true,"href":"https:\/\/www.rri.ro\/it\/wp-json\/wp\/v2\/comments?post=890113"}],"version-history":[{"count":0,"href":"https:\/\/www.rri.ro\/it\/wp-json\/wp\/v2\/posts\/890113\/revisions"}],"wp:featuredmedia":[{"embeddable":true,"href":"https:\/\/www.rri.ro\/it\/wp-json\/wp\/v2\/media\/876397"}],"wp:attachment":[{"href":"https:\/\/www.rri.ro\/it\/wp-json\/wp\/v2\/media?parent=890113"}],"wp:term":[{"taxonomy":"category","embeddable":true,"href":"https:\/\/www.rri.ro\/it\/wp-json\/wp\/v2\/categories?post=890113"},{"taxonomy":"post_tag","embeddable":true,"href":"https:\/\/www.rri.ro\/it\/wp-json\/wp\/v2\/tags?post=890113"},{"taxonomy":"author","embeddable":true,"href":"https:\/\/www.rri.ro\/it\/wp-json\/wp\/v2\/coauthors?post=890113"}],"curies":[{"name":"wp","href":"https:\/\/api.w.org\/{rel}","templated":true}]}}