{"id":894844,"date":"2025-06-03T11:34:47","date_gmt":"2025-06-03T08:34:47","guid":{"rendered":"https:\/\/www.rri.ro\/?p=894844"},"modified":"2025-06-03T11:34:47","modified_gmt":"2025-06-03T08:34:47","slug":"conclusioni-del-vertice-b9-paesi-nordici","status":"publish","type":"post","link":"https:\/\/www.rri.ro\/it\/news\/in-primo-piano\/conclusioni-del-vertice-b9-paesi-nordici-id894844.html","title":{"rendered":"Conclusioni del Vertice B9 \u2013 Paesi Nordici"},"content":{"rendered":"<p>Riuniti luned\u00ec a Vilnius, in Lituania, i leader degli stati del Fianco orientale della NATO e dei paesi nordici hanno ribadito il loro sostegno politico, militare, economico e umanitario all&#8217;Ucraina nella guerra con la Russia. Hanno annunciato l&#8217;intenzione di raggiungere almeno il 5% del PIL per la difesa e gli investimenti nel settore, al fine di essere all&#8217;altezza delle attuali sfide. Si tratta dei rappresentanti dei paesi del Gruppo Bucharest 9 &#8211; Bulgaria, Repubblica Ceca, Estonia, Ungheria, Lettonia, Lituania, Polonia, Romania e Slovacchia &#8211; nonch\u00e9 di tutti i paesi nordici &#8211; Danimarca, Norvegia, Finlandia, Svezia e Islanda.<\/p>\n<p>Presente all&#8217;incontro di Vilnius, il segretario generale della NATO, Mark Rutte, ha valutato che \u00e8 chiaro che l&#8217;impegno per la difesa collettiva \u00e8 forte, perch\u00e9, ha affermato, ci troviamo di fronte al contesto di sicurezza pi\u00f9 pericoloso degli ultimi decenni. &#8220;Non siamo in guerra, ma non siamo nemmeno in pace&#8221;, ha detto Mark Rutte. Il segretario generale della NATO ha negato qualsiasi allusione che gli Stati Uniti rivedessero la propria presenza militare in Europa, affermando, al contrario, che Washington manterr\u00e0 &#8220;un dispiegamento convenzionale molto forte&#8221; sul continente. Allo stesso tempo, i partecipanti alla riunione hanno riconfermato il loro sostegno alla Repubblica di Moldova e hanno annunciato che il prossimo Vertice B9 si terr\u00e0 in Romania l&#8217;anno prossimo.<\/p>\n<p>Presente a Vilnius, il presidente Nicu\u015for Dan, nel suo primo viaggio all&#8217;estero dall&#8217;insediamento, ha dichiarato che la Romania \u00e8 preoccupata per la sicurezza del Mar Nero e della confinante Repubblica di Moldova, motivo per cui ha accolto con favore l&#8217;accordo dei partecipanti di continuare a sostenere l&#8217;Ucraina. La Romania continuer\u00e0 a sostenere l&#8217;Ucraina, perch\u00e9 si tratta della nostra sicurezza, ha aggiunto il presidente Dan.<\/p>\n<p>A margine del vertice, ha avuto incontri bilaterali, tra cui quelli con il segretario generale della NATO, Mark Rutte, e con il presidente ucraino, Volodymyr Zelensky, che lo ha ringraziato per &#8220;la garanzia che l&#8217;Ucraina pu\u00f2 contare sul continuo sostegno della Romania&#8221;. D&#8217;altro canto, riferendosi ai colloqui svoltisi durante la riunione ospitata dalla Lituania, incentrati sulla preparazione del Vertice NATO che si terr\u00e0 all&#8217;Aia a fine mese, il capo dello stato romeno ha affermato che una posta in gioco importante sar\u00e0 l&#8217;impegno dei paesi membri ad aumentare la spesa militare: il 3,5% del PIL, pi\u00f9 l&#8217;1,5% del PIL per le spese correlate.<\/p>\n<p>Nella conferenza stampa che ha concluso la riunione, Nicu\u0219or Dan ha dichiarato che queste spese per la difesa dovranno aumentare, sottolineando al contempo l&#8217;importanza della presenza americana sul Fianco Orientale della NATO. \u201cLa presenza degli Stati Uniti d&#8217;America sul Fianco Orientale della NATO \u00e8 estremamente importante per tutti noi. Dobbiamo rafforzare i legami transatlantici e, da questo punto di vista, il nostro impegno del 3,5%, pi\u00f9 l&#8217;1,5%, \u00e8 molto importante. E spero che prenderemo questa decisione all&#8217;Aia\u201d, ha detto Nicu\u0219or Dan.<\/p>\n<p>Il Formato Bucharest 9 \u00e8 nato su iniziativa della Romania e della Polonia nel 2015, dopo l&#8217;annessione della Crimea da parte della Russia, per consentire agli stati del Fianco Orientale della NATO di consultarsi e cooperare nel campo della sicurezza.<\/p>\n","protected":false},"excerpt":{"rendered":"<p>Riuniti luned\u00ec a Vilnius, in Lituania, i leader degli stati del Fianco orientale della NATO e dei paesi nordici hanno ribadito il loro sostegno politico, militare, economico e umanitario all&#8217;Ucraina nella guerra con la Russia. Hanno annunciato l&#8217;intenzione di raggiungere almeno il 5% del PIL per la difesa e gli investimenti nel settore, al fine [&hellip;]<\/p>\n","protected":false},"author":107,"featured_media":894630,"comment_status":"closed","ping_status":"closed","sticky":false,"template":"","format":"standard","meta":{"_acf_changed":false,"footnotes":""},"categories":[99264],"tags":[148881,170754,137197,171231,171232],"coauthors":[113282],"class_list":["post-894844","post","type-post","status-publish","format-standard","has-post-thumbnail","hentry","category-in-primo-piano","tag-nato-it","tag-presidente-nicusor-dan","tag-romania-it","tag-vertice-bucharest-9-paesi-nordici","tag-vilnius-it"],"acf":[],"yoast_head":"<!-- This site is optimized with the Yoast SEO plugin v27.3 - https:\/\/yoast.com\/product\/yoast-seo-wordpress\/ -->\n<title>Conclusioni del Vertice B9 \u2013 Paesi Nordici - Radio Romania Internazionale<\/title>\n<meta name=\"robots\" content=\"index, follow, max-snippet:-1, max-image-preview:large, max-video-preview:-1\" \/>\n<link rel=\"canonical\" href=\"https:\/\/www.rri.ro\/it\/news\/in-primo-piano\/conclusioni-del-vertice-b9-paesi-nordici-id894844.html\" \/>\n<meta property=\"og:locale\" content=\"it_IT\" \/>\n<meta property=\"og:type\" content=\"article\" \/>\n<meta property=\"og:title\" content=\"Conclusioni del Vertice B9 \u2013 Paesi Nordici - Radio Romania Internazionale\" \/>\n<meta property=\"og:description\" content=\"Riuniti luned\u00ec a Vilnius, in Lituania, i leader degli stati del Fianco orientale della NATO e dei paesi nordici hanno ribadito il loro sostegno politico, militare, economico e umanitario all&#8217;Ucraina nella guerra con la Russia. Hanno annunciato l&#8217;intenzione di raggiungere almeno il 5% del PIL per la difesa e gli investimenti nel settore, al fine [&hellip;]\" \/>\n<meta property=\"og:url\" content=\"https:\/\/www.rri.ro\/it\/news\/in-primo-piano\/conclusioni-del-vertice-b9-paesi-nordici-id894844.html\" \/>\n<meta property=\"og:site_name\" content=\"Radio Romania Internazionale\" \/>\n<meta property=\"article:published_time\" content=\"2025-06-03T08:34:47+00:00\" \/>\n<meta property=\"og:image\" content=\"https:\/\/www.rri.ro\/wp-content\/uploads\/2025\/06\/Nicusor-Dan-la-summitul-de-la-Vilnius.jpg\" \/>\n\t<meta property=\"og:image:width\" content=\"812\" \/>\n\t<meta property=\"og:image:height\" content=\"539\" \/>\n\t<meta property=\"og:image:type\" content=\"image\/jpeg\" \/>\n<meta name=\"author\" content=\"Daniela Budu\" \/>\n<meta name=\"twitter:card\" content=\"summary_large_image\" \/>\n<meta name=\"twitter:label1\" content=\"Scritto da\" \/>\n\t<meta name=\"twitter:data1\" content=\"Daniela Budu\" \/>\n\t<meta name=\"twitter:label2\" content=\"Tempo di lettura stimato\" \/>\n\t<meta name=\"twitter:data2\" content=\"2 minuti\" \/>\n<script type=\"application\/ld+json\" class=\"yoast-schema-graph\">{\"@context\":\"https:\\\/\\\/schema.org\",\"@graph\":[{\"@type\":\"Article\",\"@id\":\"https:\\\/\\\/www.rri.ro\\\/it\\\/news\\\/in-primo-piano\\\/conclusioni-del-vertice-b9-paesi-nordici-id894844.html#article\",\"isPartOf\":{\"@id\":\"https:\\\/\\\/www.rri.ro\\\/it\\\/news\\\/in-primo-piano\\\/conclusioni-del-vertice-b9-paesi-nordici-id894844.html\"},\"author\":{\"name\":\"Daniela Budu\",\"@id\":\"https:\\\/\\\/www.rri.ro\\\/#\\\/schema\\\/person\\\/b46b8f80d7d6e4b5ac9f14f0acbad0c4\"},\"headline\":\"Conclusioni del Vertice B9 \u2013 Paesi Nordici\",\"datePublished\":\"2025-06-03T08:34:47+00:00\",\"mainEntityOfPage\":{\"@id\":\"https:\\\/\\\/www.rri.ro\\\/it\\\/news\\\/in-primo-piano\\\/conclusioni-del-vertice-b9-paesi-nordici-id894844.html\"},\"wordCount\":517,\"image\":{\"@id\":\"https:\\\/\\\/www.rri.ro\\\/it\\\/news\\\/in-primo-piano\\\/conclusioni-del-vertice-b9-paesi-nordici-id894844.html#primaryimage\"},\"thumbnailUrl\":\"https:\\\/\\\/www.rri.ro\\\/wp-content\\\/uploads\\\/2025\\\/06\\\/Nicusor-Dan-la-summitul-de-la-Vilnius.jpg\",\"keywords\":[\"NATO\",\"presidente Nicusor Dan\",\"Romania\",\"Vertice Bucharest 9 Paesi Nordici\",\"Vilnius\"],\"articleSection\":[\"In primo piano\"],\"inLanguage\":\"it-IT\"},{\"@type\":\"WebPage\",\"@id\":\"https:\\\/\\\/www.rri.ro\\\/it\\\/news\\\/in-primo-piano\\\/conclusioni-del-vertice-b9-paesi-nordici-id894844.html\",\"url\":\"https:\\\/\\\/www.rri.ro\\\/it\\\/news\\\/in-primo-piano\\\/conclusioni-del-vertice-b9-paesi-nordici-id894844.html\",\"name\":\"Conclusioni del Vertice B9 \u2013 Paesi Nordici - Radio Romania Internazionale\",\"isPartOf\":{\"@id\":\"https:\\\/\\\/www.rri.ro\\\/#website\"},\"primaryImageOfPage\":{\"@id\":\"https:\\\/\\\/www.rri.ro\\\/it\\\/news\\\/in-primo-piano\\\/conclusioni-del-vertice-b9-paesi-nordici-id894844.html#primaryimage\"},\"image\":{\"@id\":\"https:\\\/\\\/www.rri.ro\\\/it\\\/news\\\/in-primo-piano\\\/conclusioni-del-vertice-b9-paesi-nordici-id894844.html#primaryimage\"},\"thumbnailUrl\":\"https:\\\/\\\/www.rri.ro\\\/wp-content\\\/uploads\\\/2025\\\/06\\\/Nicusor-Dan-la-summitul-de-la-Vilnius.jpg\",\"datePublished\":\"2025-06-03T08:34:47+00:00\",\"author\":{\"@id\":\"https:\\\/\\\/www.rri.ro\\\/#\\\/schema\\\/person\\\/b46b8f80d7d6e4b5ac9f14f0acbad0c4\"},\"breadcrumb\":{\"@id\":\"https:\\\/\\\/www.rri.ro\\\/it\\\/news\\\/in-primo-piano\\\/conclusioni-del-vertice-b9-paesi-nordici-id894844.html#breadcrumb\"},\"inLanguage\":\"it-IT\",\"potentialAction\":[{\"@type\":\"ReadAction\",\"target\":[\"https:\\\/\\\/www.rri.ro\\\/it\\\/news\\\/in-primo-piano\\\/conclusioni-del-vertice-b9-paesi-nordici-id894844.html\"]}]},{\"@type\":\"ImageObject\",\"inLanguage\":\"it-IT\",\"@id\":\"https:\\\/\\\/www.rri.ro\\\/it\\\/news\\\/in-primo-piano\\\/conclusioni-del-vertice-b9-paesi-nordici-id894844.html#primaryimage\",\"url\":\"https:\\\/\\\/www.rri.ro\\\/wp-content\\\/uploads\\\/2025\\\/06\\\/Nicusor-Dan-la-summitul-de-la-Vilnius.jpg\",\"contentUrl\":\"https:\\\/\\\/www.rri.ro\\\/wp-content\\\/uploads\\\/2025\\\/06\\\/Nicusor-Dan-la-summitul-de-la-Vilnius.jpg\",\"width\":812,\"height\":539,\"caption\":\"\u041f\u0440\u0435\u0437\u0438\u0434\u0435\u043d\u0442 \u041d\u0456\u043a\u0443\u0448\u043e\u0440 \u0414\u0430\u043d \u043d\u0430 \u0441\u0430\u043c\u0456\u0442\u0456 \u0443 \u0412\u0406\u043b\u044c\u043d\u044e\u0441\u0456,\"},{\"@type\":\"BreadcrumbList\",\"@id\":\"https:\\\/\\\/www.rri.ro\\\/it\\\/news\\\/in-primo-piano\\\/conclusioni-del-vertice-b9-paesi-nordici-id894844.html#breadcrumb\",\"itemListElement\":[{\"@type\":\"ListItem\",\"position\":1,\"name\":\"Pagina iniziale\",\"item\":\"https:\\\/\\\/www.rri.ro\\\/it\"},{\"@type\":\"ListItem\",\"position\":2,\"name\":\"News\",\"item\":\"https:\\\/\\\/www.rri.ro\\\/it\\\/news\"},{\"@type\":\"ListItem\",\"position\":3,\"name\":\"In primo piano\",\"item\":\"https:\\\/\\\/www.rri.ro\\\/it\\\/news\\\/in-primo-piano\"},{\"@type\":\"ListItem\",\"position\":4,\"name\":\"Conclusioni del Vertice B9 \u2013 Paesi Nordici\"}]},{\"@type\":\"WebSite\",\"@id\":\"https:\\\/\\\/www.rri.ro\\\/#website\",\"url\":\"https:\\\/\\\/www.rri.ro\\\/\",\"name\":\"Radio Romania Internazionale\",\"description\":\"Totul despre Rom\u00e2nia \u015fi rom\u00e2ni, \u00een 13 limbi\\\/dialecte!\",\"inLanguage\":\"it-IT\"},{\"@type\":\"Person\",\"@id\":\"https:\\\/\\\/www.rri.ro\\\/#\\\/schema\\\/person\\\/b46b8f80d7d6e4b5ac9f14f0acbad0c4\",\"name\":\"Daniela Budu\",\"url\":\"https:\\\/\\\/www.rri.ro\\\/it\\\/author\\\/daniela-budu\"}]}<\/script>\n<!-- \/ Yoast SEO plugin. -->","yoast_head_json":{"title":"Conclusioni del Vertice B9 \u2013 Paesi Nordici - Radio Romania Internazionale","robots":{"index":"index","follow":"follow","max-snippet":"max-snippet:-1","max-image-preview":"max-image-preview:large","max-video-preview":"max-video-preview:-1"},"canonical":"https:\/\/www.rri.ro\/it\/news\/in-primo-piano\/conclusioni-del-vertice-b9-paesi-nordici-id894844.html","og_locale":"it_IT","og_type":"article","og_title":"Conclusioni del Vertice B9 \u2013 Paesi Nordici - Radio Romania Internazionale","og_description":"Riuniti luned\u00ec a Vilnius, in Lituania, i leader degli stati del Fianco orientale della NATO e dei paesi nordici hanno ribadito il loro sostegno politico, militare, economico e umanitario all&#8217;Ucraina nella guerra con la Russia. Hanno annunciato l&#8217;intenzione di raggiungere almeno il 5% del PIL per la difesa e gli investimenti nel settore, al fine [&hellip;]","og_url":"https:\/\/www.rri.ro\/it\/news\/in-primo-piano\/conclusioni-del-vertice-b9-paesi-nordici-id894844.html","og_site_name":"Radio Romania Internazionale","article_published_time":"2025-06-03T08:34:47+00:00","og_image":[{"width":812,"height":539,"url":"https:\/\/www.rri.ro\/wp-content\/uploads\/2025\/06\/Nicusor-Dan-la-summitul-de-la-Vilnius.jpg","type":"image\/jpeg"}],"author":"Daniela Budu","twitter_card":"summary_large_image","twitter_misc":{"Scritto da":"Daniela Budu","Tempo di lettura stimato":"2 minuti"},"schema":{"@context":"https:\/\/schema.org","@graph":[{"@type":"Article","@id":"https:\/\/www.rri.ro\/it\/news\/in-primo-piano\/conclusioni-del-vertice-b9-paesi-nordici-id894844.html#article","isPartOf":{"@id":"https:\/\/www.rri.ro\/it\/news\/in-primo-piano\/conclusioni-del-vertice-b9-paesi-nordici-id894844.html"},"author":{"name":"Daniela Budu","@id":"https:\/\/www.rri.ro\/#\/schema\/person\/b46b8f80d7d6e4b5ac9f14f0acbad0c4"},"headline":"Conclusioni del Vertice B9 \u2013 Paesi Nordici","datePublished":"2025-06-03T08:34:47+00:00","mainEntityOfPage":{"@id":"https:\/\/www.rri.ro\/it\/news\/in-primo-piano\/conclusioni-del-vertice-b9-paesi-nordici-id894844.html"},"wordCount":517,"image":{"@id":"https:\/\/www.rri.ro\/it\/news\/in-primo-piano\/conclusioni-del-vertice-b9-paesi-nordici-id894844.html#primaryimage"},"thumbnailUrl":"https:\/\/www.rri.ro\/wp-content\/uploads\/2025\/06\/Nicusor-Dan-la-summitul-de-la-Vilnius.jpg","keywords":["NATO","presidente Nicusor Dan","Romania","Vertice Bucharest 9 Paesi Nordici","Vilnius"],"articleSection":["In primo piano"],"inLanguage":"it-IT"},{"@type":"WebPage","@id":"https:\/\/www.rri.ro\/it\/news\/in-primo-piano\/conclusioni-del-vertice-b9-paesi-nordici-id894844.html","url":"https:\/\/www.rri.ro\/it\/news\/in-primo-piano\/conclusioni-del-vertice-b9-paesi-nordici-id894844.html","name":"Conclusioni del Vertice B9 \u2013 Paesi Nordici - Radio Romania Internazionale","isPartOf":{"@id":"https:\/\/www.rri.ro\/#website"},"primaryImageOfPage":{"@id":"https:\/\/www.rri.ro\/it\/news\/in-primo-piano\/conclusioni-del-vertice-b9-paesi-nordici-id894844.html#primaryimage"},"image":{"@id":"https:\/\/www.rri.ro\/it\/news\/in-primo-piano\/conclusioni-del-vertice-b9-paesi-nordici-id894844.html#primaryimage"},"thumbnailUrl":"https:\/\/www.rri.ro\/wp-content\/uploads\/2025\/06\/Nicusor-Dan-la-summitul-de-la-Vilnius.jpg","datePublished":"2025-06-03T08:34:47+00:00","author":{"@id":"https:\/\/www.rri.ro\/#\/schema\/person\/b46b8f80d7d6e4b5ac9f14f0acbad0c4"},"breadcrumb":{"@id":"https:\/\/www.rri.ro\/it\/news\/in-primo-piano\/conclusioni-del-vertice-b9-paesi-nordici-id894844.html#breadcrumb"},"inLanguage":"it-IT","potentialAction":[{"@type":"ReadAction","target":["https:\/\/www.rri.ro\/it\/news\/in-primo-piano\/conclusioni-del-vertice-b9-paesi-nordici-id894844.html"]}]},{"@type":"ImageObject","inLanguage":"it-IT","@id":"https:\/\/www.rri.ro\/it\/news\/in-primo-piano\/conclusioni-del-vertice-b9-paesi-nordici-id894844.html#primaryimage","url":"https:\/\/www.rri.ro\/wp-content\/uploads\/2025\/06\/Nicusor-Dan-la-summitul-de-la-Vilnius.jpg","contentUrl":"https:\/\/www.rri.ro\/wp-content\/uploads\/2025\/06\/Nicusor-Dan-la-summitul-de-la-Vilnius.jpg","width":812,"height":539,"caption":"\u041f\u0440\u0435\u0437\u0438\u0434\u0435\u043d\u0442 \u041d\u0456\u043a\u0443\u0448\u043e\u0440 \u0414\u0430\u043d \u043d\u0430 \u0441\u0430\u043c\u0456\u0442\u0456 \u0443 \u0412\u0406\u043b\u044c\u043d\u044e\u0441\u0456,"},{"@type":"BreadcrumbList","@id":"https:\/\/www.rri.ro\/it\/news\/in-primo-piano\/conclusioni-del-vertice-b9-paesi-nordici-id894844.html#breadcrumb","itemListElement":[{"@type":"ListItem","position":1,"name":"Pagina iniziale","item":"https:\/\/www.rri.ro\/it"},{"@type":"ListItem","position":2,"name":"News","item":"https:\/\/www.rri.ro\/it\/news"},{"@type":"ListItem","position":3,"name":"In primo piano","item":"https:\/\/www.rri.ro\/it\/news\/in-primo-piano"},{"@type":"ListItem","position":4,"name":"Conclusioni del Vertice B9 \u2013 Paesi Nordici"}]},{"@type":"WebSite","@id":"https:\/\/www.rri.ro\/#website","url":"https:\/\/www.rri.ro\/","name":"Radio Romania Internazionale","description":"Totul despre Rom\u00e2nia \u015fi rom\u00e2ni, \u00een 13 limbi\/dialecte!","inLanguage":"it-IT"},{"@type":"Person","@id":"https:\/\/www.rri.ro\/#\/schema\/person\/b46b8f80d7d6e4b5ac9f14f0acbad0c4","name":"Daniela Budu","url":"https:\/\/www.rri.ro\/it\/author\/daniela-budu"}]}},"_links":{"self":[{"href":"https:\/\/www.rri.ro\/it\/wp-json\/wp\/v2\/posts\/894844","targetHints":{"allow":["GET"]}}],"collection":[{"href":"https:\/\/www.rri.ro\/it\/wp-json\/wp\/v2\/posts"}],"about":[{"href":"https:\/\/www.rri.ro\/it\/wp-json\/wp\/v2\/types\/post"}],"author":[{"embeddable":true,"href":"https:\/\/www.rri.ro\/it\/wp-json\/wp\/v2\/users\/107"}],"replies":[{"embeddable":true,"href":"https:\/\/www.rri.ro\/it\/wp-json\/wp\/v2\/comments?post=894844"}],"version-history":[{"count":0,"href":"https:\/\/www.rri.ro\/it\/wp-json\/wp\/v2\/posts\/894844\/revisions"}],"wp:featuredmedia":[{"embeddable":true,"href":"https:\/\/www.rri.ro\/it\/wp-json\/wp\/v2\/media\/894630"}],"wp:attachment":[{"href":"https:\/\/www.rri.ro\/it\/wp-json\/wp\/v2\/media?parent=894844"}],"wp:term":[{"taxonomy":"category","embeddable":true,"href":"https:\/\/www.rri.ro\/it\/wp-json\/wp\/v2\/categories?post=894844"},{"taxonomy":"post_tag","embeddable":true,"href":"https:\/\/www.rri.ro\/it\/wp-json\/wp\/v2\/tags?post=894844"},{"taxonomy":"author","embeddable":true,"href":"https:\/\/www.rri.ro\/it\/wp-json\/wp\/v2\/coauthors?post=894844"}],"curies":[{"name":"wp","href":"https:\/\/api.w.org\/{rel}","templated":true}]}}