{"id":921314,"date":"2025-08-27T11:05:01","date_gmt":"2025-08-27T08:05:01","guid":{"rendered":"https:\/\/www.rri.ro\/?p=921314"},"modified":"2025-08-27T13:08:49","modified_gmt":"2025-08-27T10:08:49","slug":"rafforzare-il-ruolo-della-diplomazia","status":"publish","type":"post","link":"https:\/\/www.rri.ro\/it\/news\/in-primo-piano\/rafforzare-il-ruolo-della-diplomazia-id921314.html","title":{"rendered":"Consolidare il ruolo della diplomazia"},"content":{"rendered":"<p>Per la prima volta, marted\u00ec, il nuovo presidente Nicu\u0219or Dan ha ricevuto i capi delle missioni diplomatiche e degli uffici consolari, nonch\u00e9 i direttori degli istituti culturali romeni all\u2019estero. Durante la Riunione Annuale della Diplomazia Romena, il capo dello stato ha affermato che la politica estera deve adattarsi, dato che da alcuni anni il mondo si confronta con molteplici crisi: il conflitto nella confinante Ucraina, invasa dalle truppe russe, una competizione globale focalizzata su economia e risorse, nonch\u00e9 l\u2019assalto ibrido lanciato da regimi dittatoriali contro la democrazia sono altrettante sfide.<\/p>\n<p>In questo caos globale, il presidente Nicu\u0219or Dan afferma che \u201cla nostra politica estera deve rimanere prevedibile e coerente. E qui, l\u2019appartenenza all\u2019Unione Europea, l\u2019appartenenza alla NATO, il Partenariato Strategico con gli Stati Uniti, il rispetto per il diritto internazionale, l\u2019ordine mondiale basato su regole, il dialogo e la cooperazione con i nostri partner internazionali \u2013 sono elementi che non cambieremo. Ci sono tre direzioni che dobbiamo potenziare: la sicurezza, la dimensione economica e i romeni all\u2019estero.\u201d<\/p>\n<p>D\u2019altra parte, l\u2019adesione della Romania all\u2019Organizzazione per la Cooperazione e lo Sviluppo Economico rappresenta un obiettivo strategico di Bucarest e ha come scadenza la fine del 2026 \u2013 ha aggiunto il presidente. Secondo lui, quello sar\u00e0 anche il momento in cui l\u2019economia romena inizier\u00e0 a rilanciarsi.<\/p>\n<p>\u201cAbbiamo bisogno di uno sforzo interno, in cui la Presidenza, il Governo, il Ministero dell\u2019Economia definiscano le priorit\u00e0 strategiche ed economiche della Romania, in un dialogo con le aziende romene \u2013 un dialogo che, per essere onesti, non abbiamo avuto \u2013 e c\u2019\u00e8 bisogno di uno sforzo da parte vostra affinch\u00e9 il settore privato della Romania possa sviluppare partenariati e svilupparsi economicamente nei paesi in cui voi ci rappresentate\u201d, ha aggiunto Nicu\u0219or Dan.<\/p>\n<p>Nel suo discorso, il presidente ha parlato anche delle opportunit\u00e0 offerte dalla posizione geografica della Romania, che pu\u00f2 diventare, a suo avviso, un hub di connettivit\u00e0 tra Europa, Asia e Africa, e ha aggiunto che la strategia per il Mar Nero deve far parte di questo approccio.<\/p>\n<p>Alla stessa riunione, la ministra degli Esteri romena, Oana \u021aoiu (USR), ha dichiarato che la Russia rimane la principale sfida alla sicurezza, indipendentemente dall\u2019esito dei negoziati di pace con l\u2019Ucraina. Alla Riunione Annuale della Diplomazia Romena, il presidente della Camera dei Deputati, il leader del PSD, Sorin Grindeanu, ha affermato che l\u2019unit\u00e0 transatlantica e la solidariet\u00e0 europea restano cruciali per la Romania. A sua volta, il presidente del Senato, il liberale Mircea Abrudean, ha detto che la diplomazia parlamentare \u00e8 una componente essenziale della politica estera romena.<\/p>\n","protected":false},"excerpt":{"rendered":"<p>Per la prima volta, marted\u00ec, il nuovo presidente Nicu\u0219or Dan ha ricevuto i capi delle missioni diplomatiche e degli uffici consolari, nonch\u00e9 i direttori degli istituti culturali romeni all\u2019estero. Durante la Riunione Annuale della Diplomazia Romena, il capo dello stato ha affermato che la politica estera deve adattarsi, dato che da alcuni anni il mondo [&hellip;]<\/p>\n","protected":false},"author":105,"featured_media":921285,"comment_status":"closed","ping_status":"closed","sticky":false,"template":"","format":"standard","meta":{"_acf_changed":false,"footnotes":""},"categories":[99264],"tags":[148881,136800,170754,175450,137197,148493],"coauthors":[113297],"class_list":["post-921314","post","type-post","status-publish","format-standard","has-post-thumbnail","hentry","category-in-primo-piano","tag-nato-it","tag-partenariato-strategico-usa","tag-presidente-nicusor-dan","tag-riunione-annuale-diplomazia-romena","tag-romania-it","tag-ue-it"],"acf":[],"yoast_head":"<!-- This site is optimized with the Yoast SEO plugin v27.3 - https:\/\/yoast.com\/product\/yoast-seo-wordpress\/ -->\n<title>Consolidare il ruolo della diplomazia - Radio Romania Internazionale<\/title>\n<meta name=\"robots\" content=\"index, follow, max-snippet:-1, max-image-preview:large, max-video-preview:-1\" \/>\n<link rel=\"canonical\" href=\"https:\/\/www.rri.ro\/it\/news\/in-primo-piano\/rafforzare-il-ruolo-della-diplomazia-id921314.html\" \/>\n<meta property=\"og:locale\" content=\"it_IT\" \/>\n<meta property=\"og:type\" content=\"article\" \/>\n<meta property=\"og:title\" content=\"Consolidare il ruolo della diplomazia - Radio Romania Internazionale\" \/>\n<meta property=\"og:description\" content=\"Per la prima volta, marted\u00ec, il nuovo presidente Nicu\u0219or Dan ha ricevuto i capi delle missioni diplomatiche e degli uffici consolari, nonch\u00e9 i direttori degli istituti culturali romeni all\u2019estero. Durante la Riunione Annuale della Diplomazia Romena, il capo dello stato ha affermato che la politica estera deve adattarsi, dato che da alcuni anni il mondo [&hellip;]\" \/>\n<meta property=\"og:url\" content=\"https:\/\/www.rri.ro\/it\/news\/in-primo-piano\/rafforzare-il-ruolo-della-diplomazia-id921314.html\" \/>\n<meta property=\"og:site_name\" content=\"Radio Romania Internazionale\" \/>\n<meta property=\"article:published_time\" content=\"2025-08-27T08:05:01+00:00\" \/>\n<meta property=\"article:modified_time\" content=\"2025-08-27T10:08:49+00:00\" \/>\n<meta property=\"og:image\" content=\"https:\/\/www.rri.ro\/wp-content\/uploads\/2025\/08\/nicusor-dan-diplomatie-foto-presidency-ro_16x9.jpg\" \/>\n\t<meta property=\"og:image:width\" content=\"1200\" \/>\n\t<meta property=\"og:image:height\" content=\"675\" \/>\n\t<meta property=\"og:image:type\" content=\"image\/jpeg\" \/>\n<meta name=\"author\" content=\"Bogdan Matei\" \/>\n<meta name=\"twitter:card\" content=\"summary_large_image\" \/>\n<meta name=\"twitter:label1\" content=\"Scritto da\" \/>\n\t<meta name=\"twitter:data1\" content=\"Bogdan Matei\" \/>\n\t<meta name=\"twitter:label2\" content=\"Tempo di lettura stimato\" \/>\n\t<meta name=\"twitter:data2\" content=\"2 minuti\" \/>\n<script type=\"application\/ld+json\" class=\"yoast-schema-graph\">{\"@context\":\"https:\\\/\\\/schema.org\",\"@graph\":[{\"@type\":\"Article\",\"@id\":\"https:\\\/\\\/www.rri.ro\\\/it\\\/news\\\/in-primo-piano\\\/rafforzare-il-ruolo-della-diplomazia-id921314.html#article\",\"isPartOf\":{\"@id\":\"https:\\\/\\\/www.rri.ro\\\/it\\\/news\\\/in-primo-piano\\\/rafforzare-il-ruolo-della-diplomazia-id921314.html\"},\"author\":{\"name\":\"Bogdan Matei\",\"@id\":\"https:\\\/\\\/www.rri.ro\\\/#\\\/schema\\\/person\\\/0ed327d40678578e6dbb840527e3ba32\"},\"headline\":\"Consolidare il ruolo della diplomazia\",\"datePublished\":\"2025-08-27T08:05:01+00:00\",\"dateModified\":\"2025-08-27T10:08:49+00:00\",\"mainEntityOfPage\":{\"@id\":\"https:\\\/\\\/www.rri.ro\\\/it\\\/news\\\/in-primo-piano\\\/rafforzare-il-ruolo-della-diplomazia-id921314.html\"},\"wordCount\":437,\"image\":{\"@id\":\"https:\\\/\\\/www.rri.ro\\\/it\\\/news\\\/in-primo-piano\\\/rafforzare-il-ruolo-della-diplomazia-id921314.html#primaryimage\"},\"thumbnailUrl\":\"https:\\\/\\\/www.rri.ro\\\/wp-content\\\/uploads\\\/2025\\\/08\\\/nicusor-dan-diplomatie-foto-presidency-ro_16x9.jpg\",\"keywords\":[\"NATO\",\"Partenariato strategico USA\",\"presidente Nicusor Dan\",\"Riunione annuale diplomazia romena\",\"Romania\",\"UE\"],\"articleSection\":[\"In primo piano\"],\"inLanguage\":\"it-IT\"},{\"@type\":\"WebPage\",\"@id\":\"https:\\\/\\\/www.rri.ro\\\/it\\\/news\\\/in-primo-piano\\\/rafforzare-il-ruolo-della-diplomazia-id921314.html\",\"url\":\"https:\\\/\\\/www.rri.ro\\\/it\\\/news\\\/in-primo-piano\\\/rafforzare-il-ruolo-della-diplomazia-id921314.html\",\"name\":\"Consolidare il ruolo della diplomazia - Radio Romania Internazionale\",\"isPartOf\":{\"@id\":\"https:\\\/\\\/www.rri.ro\\\/#website\"},\"primaryImageOfPage\":{\"@id\":\"https:\\\/\\\/www.rri.ro\\\/it\\\/news\\\/in-primo-piano\\\/rafforzare-il-ruolo-della-diplomazia-id921314.html#primaryimage\"},\"image\":{\"@id\":\"https:\\\/\\\/www.rri.ro\\\/it\\\/news\\\/in-primo-piano\\\/rafforzare-il-ruolo-della-diplomazia-id921314.html#primaryimage\"},\"thumbnailUrl\":\"https:\\\/\\\/www.rri.ro\\\/wp-content\\\/uploads\\\/2025\\\/08\\\/nicusor-dan-diplomatie-foto-presidency-ro_16x9.jpg\",\"datePublished\":\"2025-08-27T08:05:01+00:00\",\"dateModified\":\"2025-08-27T10:08:49+00:00\",\"author\":{\"@id\":\"https:\\\/\\\/www.rri.ro\\\/#\\\/schema\\\/person\\\/0ed327d40678578e6dbb840527e3ba32\"},\"breadcrumb\":{\"@id\":\"https:\\\/\\\/www.rri.ro\\\/it\\\/news\\\/in-primo-piano\\\/rafforzare-il-ruolo-della-diplomazia-id921314.html#breadcrumb\"},\"inLanguage\":\"it-IT\",\"potentialAction\":[{\"@type\":\"ReadAction\",\"target\":[\"https:\\\/\\\/www.rri.ro\\\/it\\\/news\\\/in-primo-piano\\\/rafforzare-il-ruolo-della-diplomazia-id921314.html\"]}]},{\"@type\":\"ImageObject\",\"inLanguage\":\"it-IT\",\"@id\":\"https:\\\/\\\/www.rri.ro\\\/it\\\/news\\\/in-primo-piano\\\/rafforzare-il-ruolo-della-diplomazia-id921314.html#primaryimage\",\"url\":\"https:\\\/\\\/www.rri.ro\\\/wp-content\\\/uploads\\\/2025\\\/08\\\/nicusor-dan-diplomatie-foto-presidency-ro_16x9.jpg\",\"contentUrl\":\"https:\\\/\\\/www.rri.ro\\\/wp-content\\\/uploads\\\/2025\\\/08\\\/nicusor-dan-diplomatie-foto-presidency-ro_16x9.jpg\",\"width\":1200,\"height\":675,\"caption\":\"Nicu\u015for Dan alla Riunione Annuale della Diplomazia Romena (foto: presidency.ro)\"},{\"@type\":\"BreadcrumbList\",\"@id\":\"https:\\\/\\\/www.rri.ro\\\/it\\\/news\\\/in-primo-piano\\\/rafforzare-il-ruolo-della-diplomazia-id921314.html#breadcrumb\",\"itemListElement\":[{\"@type\":\"ListItem\",\"position\":1,\"name\":\"Pagina iniziale\",\"item\":\"https:\\\/\\\/www.rri.ro\\\/it\"},{\"@type\":\"ListItem\",\"position\":2,\"name\":\"News\",\"item\":\"https:\\\/\\\/www.rri.ro\\\/it\\\/news\"},{\"@type\":\"ListItem\",\"position\":3,\"name\":\"In primo piano\",\"item\":\"https:\\\/\\\/www.rri.ro\\\/it\\\/news\\\/in-primo-piano\"},{\"@type\":\"ListItem\",\"position\":4,\"name\":\"Consolidare il ruolo della diplomazia\"}]},{\"@type\":\"WebSite\",\"@id\":\"https:\\\/\\\/www.rri.ro\\\/#website\",\"url\":\"https:\\\/\\\/www.rri.ro\\\/\",\"name\":\"Radio Romania Internazionale\",\"description\":\"Totul despre Rom\u00e2nia \u015fi rom\u00e2ni, \u00een 13 limbi\\\/dialecte!\",\"inLanguage\":\"it-IT\"},{\"@type\":\"Person\",\"@id\":\"https:\\\/\\\/www.rri.ro\\\/#\\\/schema\\\/person\\\/0ed327d40678578e6dbb840527e3ba32\",\"name\":\"Bogdan Matei\",\"url\":\"https:\\\/\\\/www.rri.ro\\\/it\\\/author\\\/bogdan-matei\"}]}<\/script>\n<!-- \/ Yoast SEO plugin. -->","yoast_head_json":{"title":"Consolidare il ruolo della diplomazia - Radio Romania Internazionale","robots":{"index":"index","follow":"follow","max-snippet":"max-snippet:-1","max-image-preview":"max-image-preview:large","max-video-preview":"max-video-preview:-1"},"canonical":"https:\/\/www.rri.ro\/it\/news\/in-primo-piano\/rafforzare-il-ruolo-della-diplomazia-id921314.html","og_locale":"it_IT","og_type":"article","og_title":"Consolidare il ruolo della diplomazia - Radio Romania Internazionale","og_description":"Per la prima volta, marted\u00ec, il nuovo presidente Nicu\u0219or Dan ha ricevuto i capi delle missioni diplomatiche e degli uffici consolari, nonch\u00e9 i direttori degli istituti culturali romeni all\u2019estero. Durante la Riunione Annuale della Diplomazia Romena, il capo dello stato ha affermato che la politica estera deve adattarsi, dato che da alcuni anni il mondo [&hellip;]","og_url":"https:\/\/www.rri.ro\/it\/news\/in-primo-piano\/rafforzare-il-ruolo-della-diplomazia-id921314.html","og_site_name":"Radio Romania Internazionale","article_published_time":"2025-08-27T08:05:01+00:00","article_modified_time":"2025-08-27T10:08:49+00:00","og_image":[{"width":1200,"height":675,"url":"https:\/\/www.rri.ro\/wp-content\/uploads\/2025\/08\/nicusor-dan-diplomatie-foto-presidency-ro_16x9.jpg","type":"image\/jpeg"}],"author":"Bogdan Matei","twitter_card":"summary_large_image","twitter_misc":{"Scritto da":"Bogdan Matei","Tempo di lettura stimato":"2 minuti"},"schema":{"@context":"https:\/\/schema.org","@graph":[{"@type":"Article","@id":"https:\/\/www.rri.ro\/it\/news\/in-primo-piano\/rafforzare-il-ruolo-della-diplomazia-id921314.html#article","isPartOf":{"@id":"https:\/\/www.rri.ro\/it\/news\/in-primo-piano\/rafforzare-il-ruolo-della-diplomazia-id921314.html"},"author":{"name":"Bogdan Matei","@id":"https:\/\/www.rri.ro\/#\/schema\/person\/0ed327d40678578e6dbb840527e3ba32"},"headline":"Consolidare il ruolo della diplomazia","datePublished":"2025-08-27T08:05:01+00:00","dateModified":"2025-08-27T10:08:49+00:00","mainEntityOfPage":{"@id":"https:\/\/www.rri.ro\/it\/news\/in-primo-piano\/rafforzare-il-ruolo-della-diplomazia-id921314.html"},"wordCount":437,"image":{"@id":"https:\/\/www.rri.ro\/it\/news\/in-primo-piano\/rafforzare-il-ruolo-della-diplomazia-id921314.html#primaryimage"},"thumbnailUrl":"https:\/\/www.rri.ro\/wp-content\/uploads\/2025\/08\/nicusor-dan-diplomatie-foto-presidency-ro_16x9.jpg","keywords":["NATO","Partenariato strategico USA","presidente Nicusor Dan","Riunione annuale diplomazia romena","Romania","UE"],"articleSection":["In primo piano"],"inLanguage":"it-IT"},{"@type":"WebPage","@id":"https:\/\/www.rri.ro\/it\/news\/in-primo-piano\/rafforzare-il-ruolo-della-diplomazia-id921314.html","url":"https:\/\/www.rri.ro\/it\/news\/in-primo-piano\/rafforzare-il-ruolo-della-diplomazia-id921314.html","name":"Consolidare il ruolo della diplomazia - Radio Romania Internazionale","isPartOf":{"@id":"https:\/\/www.rri.ro\/#website"},"primaryImageOfPage":{"@id":"https:\/\/www.rri.ro\/it\/news\/in-primo-piano\/rafforzare-il-ruolo-della-diplomazia-id921314.html#primaryimage"},"image":{"@id":"https:\/\/www.rri.ro\/it\/news\/in-primo-piano\/rafforzare-il-ruolo-della-diplomazia-id921314.html#primaryimage"},"thumbnailUrl":"https:\/\/www.rri.ro\/wp-content\/uploads\/2025\/08\/nicusor-dan-diplomatie-foto-presidency-ro_16x9.jpg","datePublished":"2025-08-27T08:05:01+00:00","dateModified":"2025-08-27T10:08:49+00:00","author":{"@id":"https:\/\/www.rri.ro\/#\/schema\/person\/0ed327d40678578e6dbb840527e3ba32"},"breadcrumb":{"@id":"https:\/\/www.rri.ro\/it\/news\/in-primo-piano\/rafforzare-il-ruolo-della-diplomazia-id921314.html#breadcrumb"},"inLanguage":"it-IT","potentialAction":[{"@type":"ReadAction","target":["https:\/\/www.rri.ro\/it\/news\/in-primo-piano\/rafforzare-il-ruolo-della-diplomazia-id921314.html"]}]},{"@type":"ImageObject","inLanguage":"it-IT","@id":"https:\/\/www.rri.ro\/it\/news\/in-primo-piano\/rafforzare-il-ruolo-della-diplomazia-id921314.html#primaryimage","url":"https:\/\/www.rri.ro\/wp-content\/uploads\/2025\/08\/nicusor-dan-diplomatie-foto-presidency-ro_16x9.jpg","contentUrl":"https:\/\/www.rri.ro\/wp-content\/uploads\/2025\/08\/nicusor-dan-diplomatie-foto-presidency-ro_16x9.jpg","width":1200,"height":675,"caption":"Nicu\u015for Dan alla Riunione Annuale della Diplomazia Romena (foto: presidency.ro)"},{"@type":"BreadcrumbList","@id":"https:\/\/www.rri.ro\/it\/news\/in-primo-piano\/rafforzare-il-ruolo-della-diplomazia-id921314.html#breadcrumb","itemListElement":[{"@type":"ListItem","position":1,"name":"Pagina iniziale","item":"https:\/\/www.rri.ro\/it"},{"@type":"ListItem","position":2,"name":"News","item":"https:\/\/www.rri.ro\/it\/news"},{"@type":"ListItem","position":3,"name":"In primo piano","item":"https:\/\/www.rri.ro\/it\/news\/in-primo-piano"},{"@type":"ListItem","position":4,"name":"Consolidare il ruolo della diplomazia"}]},{"@type":"WebSite","@id":"https:\/\/www.rri.ro\/#website","url":"https:\/\/www.rri.ro\/","name":"Radio Romania Internazionale","description":"Totul despre Rom\u00e2nia \u015fi rom\u00e2ni, \u00een 13 limbi\/dialecte!","inLanguage":"it-IT"},{"@type":"Person","@id":"https:\/\/www.rri.ro\/#\/schema\/person\/0ed327d40678578e6dbb840527e3ba32","name":"Bogdan Matei","url":"https:\/\/www.rri.ro\/it\/author\/bogdan-matei"}]}},"_links":{"self":[{"href":"https:\/\/www.rri.ro\/it\/wp-json\/wp\/v2\/posts\/921314","targetHints":{"allow":["GET"]}}],"collection":[{"href":"https:\/\/www.rri.ro\/it\/wp-json\/wp\/v2\/posts"}],"about":[{"href":"https:\/\/www.rri.ro\/it\/wp-json\/wp\/v2\/types\/post"}],"author":[{"embeddable":true,"href":"https:\/\/www.rri.ro\/it\/wp-json\/wp\/v2\/users\/105"}],"replies":[{"embeddable":true,"href":"https:\/\/www.rri.ro\/it\/wp-json\/wp\/v2\/comments?post=921314"}],"version-history":[{"count":0,"href":"https:\/\/www.rri.ro\/it\/wp-json\/wp\/v2\/posts\/921314\/revisions"}],"wp:featuredmedia":[{"embeddable":true,"href":"https:\/\/www.rri.ro\/it\/wp-json\/wp\/v2\/media\/921285"}],"wp:attachment":[{"href":"https:\/\/www.rri.ro\/it\/wp-json\/wp\/v2\/media?parent=921314"}],"wp:term":[{"taxonomy":"category","embeddable":true,"href":"https:\/\/www.rri.ro\/it\/wp-json\/wp\/v2\/categories?post=921314"},{"taxonomy":"post_tag","embeddable":true,"href":"https:\/\/www.rri.ro\/it\/wp-json\/wp\/v2\/tags?post=921314"},{"taxonomy":"author","embeddable":true,"href":"https:\/\/www.rri.ro\/it\/wp-json\/wp\/v2\/coauthors?post=921314"}],"curies":[{"name":"wp","href":"https:\/\/api.w.org\/{rel}","templated":true}]}}