{"id":940238,"date":"2025-10-16T11:16:04","date_gmt":"2025-10-16T08:16:04","guid":{"rendered":"https:\/\/www.rri.ro\/?p=940238"},"modified":"2025-10-16T13:30:36","modified_gmt":"2025-10-16T10:30:36","slug":"nato-e-i-bilanci-per-la-difesa","status":"publish","type":"post","link":"https:\/\/www.rri.ro\/it\/news\/in-primo-piano\/nato-e-i-bilanci-per-la-difesa-id940238.html","title":{"rendered":"NATO e bilanci per la difesa"},"content":{"rendered":"<p style=\"font-weight: 400;\">La Romania \u00e8 pienamente impegnata nelle azioni alleate per garantire la sicurezza e la stabilit\u00e0 del Fianco Est \u2013 ha detto il ministro della Difesa, Ionu\u021b Mo\u0219teanu, ai suoi omologhi degli altri stati membri della NATO, durante la riunione organizzata presso il Quartier Generale dell&#8217;Alleanza a Bruxelles. \u201cInoltre, considerando che la Romania \u00e8 uno degli stati alleati colpiti da numerosi incidenti di violazione dello spazio aereo con droni, sosteniamo lo sviluppo di ulteriori iniziative a livello NATO per offrire una risposta collettiva a tali minacce. \u00c8 un modo pragmatico di contrastare le minacce emergenti\u201d, ha detto Mo\u0219teanu, secondo un comunicato diffuso ai media dal Ministero della Difesa di Bucarest.<\/p>\n<p style=\"font-weight: 400;\">Secondo la stessa fonte, durante la riunione una particolare attenzione \u00e8 stata prestata all\u2019adempimento dell\u2019impegno alleato di investire nella difesa il 5% del Prodotto Interno Lordo entro il 2035, nonch\u00e9 alle modalit\u00e0 di aumento della capacit\u00e0 produttiva dell\u2019industria della difesa. Nove stati membri della NATO\u00a0hanno annunciato finora la fornitura di equipaggiamenti e personale militare per contribuire alla dotazione dell\u2019operazione \u201cSentinella dell\u2019Est\u201d, volta a proteggere ancora di pi\u00f9 i paesi del fianco orientale, inclusa la Romania, da possibili incidenti con droni o aerei russi.<\/p>\n<p style=\"font-weight: 400;\">Il corrispondente di Radio Romania a Bruxelles riferisce che\u00a0pi\u00f9 della met\u00e0 dei 32 paesi membri\u00a0ha annunciato l\u2019acquisto di equipaggiamento militare americano per sostenere l\u2019Ucraina, invasa dalle truppe russe, tramite il pi\u00f9 recente programma di forniture destinato a Kiev. Il segretario alla Difesa americano,\u00a0Pete Hegseth, ha dichiarato che \u201csi ottiene la pace quando si \u00e8 forti, non quando si usano parole dure o si punta il dito; la si ottiene quando si hanno risorse potenti, rispettate dagli avversari, e credo che questo sia esattamente ci\u00f2 che la NATO sta facendo ora\u201d. Hegseth ha inoltre affermato che gli Stati Uniti e i loro alleati adotteranno le misure necessarie per determinare la Russia a pagare i costi della sua continua aggressione.<\/p>\n<p style=\"font-weight: 400;\">A sua volta, il segretario generale della NATO,\u00a0Mark Rutte, ha insistito sul fatto che l\u2019Alleanza \u00e8 molto pi\u00f9 forte della Russia. In un confronto a livello di bilancio, ha aggiunto, gli stati NATO dispongono di\u00a050 trilioni di dollari, contro i soli\u00a02 trilioni della Russia. Quasi in contemporanea con la riunione di Bruxelles, il governo della\u00a0Lituania\u00a0ha annunciato che nel prossimo anno destiner\u00e0 alla difesa il\u00a05,38% del PIL, pari a quasi\u00a05 miliardi di euro. Si tratta di un\u00a0record per questo paese baltico, ex repubblica sovietica e vicino alla Russia.<\/p>\n<p style=\"font-weight: 400;\">Secondo gli analisti occidentali, l\u2019aumento delle spese militari \u00e8 causato dal peggioramento della situazione della sicurezza nella regione. Dopo l\u2019invasione russa dell\u2019Ucraina nel 2022, i lituani temono di poter diventare uno dei prossimi obiettivi di Mosca. Sempre nella regione del Mar Baltico, l\u2019Estonia ha destinato il 5% del PIL alla difesa, mentre la Lettonia intende assegnare il 4,91%.<\/p>\n","protected":false},"excerpt":{"rendered":"<p>La Romania \u00e8 pienamente impegnata nelle azioni alleate per garantire la sicurezza e la stabilit\u00e0 del Fianco Est \u2013 ha detto il ministro della Difesa, Ionu\u021b Mo\u0219teanu, ai suoi omologhi degli altri stati membri della NATO, durante la riunione organizzata presso il Quartier Generale dell&#8217;Alleanza a Bruxelles. \u201cInoltre, considerando che la Romania \u00e8 uno degli [&hellip;]<\/p>\n","protected":false},"author":105,"featured_media":929804,"comment_status":"closed","ping_status":"closed","sticky":false,"template":"","format":"standard","meta":{"_acf_changed":false,"footnotes":""},"categories":[99264],"tags":[99251,148881,137197],"coauthors":[113297],"class_list":["post-940238","post","type-post","status-publish","format-standard","has-post-thumbnail","hentry","category-in-primo-piano","tag-difesa","tag-nato-it","tag-romania-it"],"acf":[],"yoast_head":"<!-- This site is optimized with the Yoast SEO plugin v27.3 - https:\/\/yoast.com\/product\/yoast-seo-wordpress\/ -->\n<title>NATO e bilanci per la difesa - Radio Romania Internazionale<\/title>\n<meta name=\"robots\" content=\"index, follow, max-snippet:-1, max-image-preview:large, max-video-preview:-1\" \/>\n<link rel=\"canonical\" href=\"https:\/\/www.rri.ro\/it\/news\/in-primo-piano\/nato-e-i-bilanci-per-la-difesa-id940238.html\" \/>\n<meta property=\"og:locale\" content=\"it_IT\" \/>\n<meta property=\"og:type\" content=\"article\" \/>\n<meta property=\"og:title\" content=\"NATO e bilanci per la difesa - Radio Romania Internazionale\" \/>\n<meta property=\"og:description\" content=\"La Romania \u00e8 pienamente impegnata nelle azioni alleate per garantire la sicurezza e la stabilit\u00e0 del Fianco Est \u2013 ha detto il ministro della Difesa, Ionu\u021b Mo\u0219teanu, ai suoi omologhi degli altri stati membri della NATO, durante la riunione organizzata presso il Quartier Generale dell&#8217;Alleanza a Bruxelles. \u201cInoltre, considerando che la Romania \u00e8 uno degli [&hellip;]\" \/>\n<meta property=\"og:url\" content=\"https:\/\/www.rri.ro\/it\/news\/in-primo-piano\/nato-e-i-bilanci-per-la-difesa-id940238.html\" \/>\n<meta property=\"og:site_name\" content=\"Radio Romania Internazionale\" \/>\n<meta property=\"article:published_time\" content=\"2025-10-16T08:16:04+00:00\" \/>\n<meta property=\"article:modified_time\" content=\"2025-10-16T10:30:36+00:00\" \/>\n<meta property=\"og:image\" content=\"https:\/\/www.rri.ro\/wp-content\/uploads\/2025\/09\/forte-NATO-sursa-foto-facebook-com-NATO.jpg\" \/>\n\t<meta property=\"og:image:width\" content=\"1280\" \/>\n\t<meta property=\"og:image:height\" content=\"719\" \/>\n\t<meta property=\"og:image:type\" content=\"image\/jpeg\" \/>\n<meta name=\"author\" content=\"Bogdan Matei\" \/>\n<meta name=\"twitter:card\" content=\"summary_large_image\" \/>\n<meta name=\"twitter:label1\" content=\"Scritto da\" \/>\n\t<meta name=\"twitter:data1\" content=\"Bogdan Matei\" \/>\n\t<meta name=\"twitter:label2\" content=\"Tempo di lettura stimato\" \/>\n\t<meta name=\"twitter:data2\" content=\"2 minuti\" \/>\n<script type=\"application\/ld+json\" class=\"yoast-schema-graph\">{\"@context\":\"https:\\\/\\\/schema.org\",\"@graph\":[{\"@type\":\"Article\",\"@id\":\"https:\\\/\\\/www.rri.ro\\\/it\\\/news\\\/in-primo-piano\\\/nato-e-i-bilanci-per-la-difesa-id940238.html#article\",\"isPartOf\":{\"@id\":\"https:\\\/\\\/www.rri.ro\\\/it\\\/news\\\/in-primo-piano\\\/nato-e-i-bilanci-per-la-difesa-id940238.html\"},\"author\":{\"name\":\"Bogdan Matei\",\"@id\":\"https:\\\/\\\/www.rri.ro\\\/#\\\/schema\\\/person\\\/0ed327d40678578e6dbb840527e3ba32\"},\"headline\":\"NATO e bilanci per la difesa\",\"datePublished\":\"2025-10-16T08:16:04+00:00\",\"dateModified\":\"2025-10-16T10:30:36+00:00\",\"mainEntityOfPage\":{\"@id\":\"https:\\\/\\\/www.rri.ro\\\/it\\\/news\\\/in-primo-piano\\\/nato-e-i-bilanci-per-la-difesa-id940238.html\"},\"wordCount\":470,\"image\":{\"@id\":\"https:\\\/\\\/www.rri.ro\\\/it\\\/news\\\/in-primo-piano\\\/nato-e-i-bilanci-per-la-difesa-id940238.html#primaryimage\"},\"thumbnailUrl\":\"https:\\\/\\\/www.rri.ro\\\/wp-content\\\/uploads\\\/2025\\\/09\\\/forte-NATO-sursa-foto-facebook-com-NATO.jpg\",\"keywords\":[\"difesa\",\"NATO\",\"Romania\"],\"articleSection\":[\"In primo piano\"],\"inLanguage\":\"it-IT\"},{\"@type\":\"WebPage\",\"@id\":\"https:\\\/\\\/www.rri.ro\\\/it\\\/news\\\/in-primo-piano\\\/nato-e-i-bilanci-per-la-difesa-id940238.html\",\"url\":\"https:\\\/\\\/www.rri.ro\\\/it\\\/news\\\/in-primo-piano\\\/nato-e-i-bilanci-per-la-difesa-id940238.html\",\"name\":\"NATO e bilanci per la difesa - Radio Romania Internazionale\",\"isPartOf\":{\"@id\":\"https:\\\/\\\/www.rri.ro\\\/#website\"},\"primaryImageOfPage\":{\"@id\":\"https:\\\/\\\/www.rri.ro\\\/it\\\/news\\\/in-primo-piano\\\/nato-e-i-bilanci-per-la-difesa-id940238.html#primaryimage\"},\"image\":{\"@id\":\"https:\\\/\\\/www.rri.ro\\\/it\\\/news\\\/in-primo-piano\\\/nato-e-i-bilanci-per-la-difesa-id940238.html#primaryimage\"},\"thumbnailUrl\":\"https:\\\/\\\/www.rri.ro\\\/wp-content\\\/uploads\\\/2025\\\/09\\\/forte-NATO-sursa-foto-facebook-com-NATO.jpg\",\"datePublished\":\"2025-10-16T08:16:04+00:00\",\"dateModified\":\"2025-10-16T10:30:36+00:00\",\"author\":{\"@id\":\"https:\\\/\\\/www.rri.ro\\\/#\\\/schema\\\/person\\\/0ed327d40678578e6dbb840527e3ba32\"},\"breadcrumb\":{\"@id\":\"https:\\\/\\\/www.rri.ro\\\/it\\\/news\\\/in-primo-piano\\\/nato-e-i-bilanci-per-la-difesa-id940238.html#breadcrumb\"},\"inLanguage\":\"it-IT\",\"potentialAction\":[{\"@type\":\"ReadAction\",\"target\":[\"https:\\\/\\\/www.rri.ro\\\/it\\\/news\\\/in-primo-piano\\\/nato-e-i-bilanci-per-la-difesa-id940238.html\"]}]},{\"@type\":\"ImageObject\",\"inLanguage\":\"it-IT\",\"@id\":\"https:\\\/\\\/www.rri.ro\\\/it\\\/news\\\/in-primo-piano\\\/nato-e-i-bilanci-per-la-difesa-id940238.html#primaryimage\",\"url\":\"https:\\\/\\\/www.rri.ro\\\/wp-content\\\/uploads\\\/2025\\\/09\\\/forte-NATO-sursa-foto-facebook-com-NATO.jpg\",\"contentUrl\":\"https:\\\/\\\/www.rri.ro\\\/wp-content\\\/uploads\\\/2025\\\/09\\\/forte-NATO-sursa-foto-facebook-com-NATO.jpg\",\"width\":1280,\"height\":719,\"caption\":\"foto: facebook.com\\\/NATO\"},{\"@type\":\"BreadcrumbList\",\"@id\":\"https:\\\/\\\/www.rri.ro\\\/it\\\/news\\\/in-primo-piano\\\/nato-e-i-bilanci-per-la-difesa-id940238.html#breadcrumb\",\"itemListElement\":[{\"@type\":\"ListItem\",\"position\":1,\"name\":\"Pagina iniziale\",\"item\":\"https:\\\/\\\/www.rri.ro\\\/it\"},{\"@type\":\"ListItem\",\"position\":2,\"name\":\"News\",\"item\":\"https:\\\/\\\/www.rri.ro\\\/it\\\/news\"},{\"@type\":\"ListItem\",\"position\":3,\"name\":\"In primo piano\",\"item\":\"https:\\\/\\\/www.rri.ro\\\/it\\\/news\\\/in-primo-piano\"},{\"@type\":\"ListItem\",\"position\":4,\"name\":\"NATO e bilanci per la difesa\"}]},{\"@type\":\"WebSite\",\"@id\":\"https:\\\/\\\/www.rri.ro\\\/#website\",\"url\":\"https:\\\/\\\/www.rri.ro\\\/\",\"name\":\"Radio Romania Internazionale\",\"description\":\"Totul despre Rom\u00e2nia \u015fi rom\u00e2ni, \u00een 13 limbi\\\/dialecte!\",\"inLanguage\":\"it-IT\"},{\"@type\":\"Person\",\"@id\":\"https:\\\/\\\/www.rri.ro\\\/#\\\/schema\\\/person\\\/0ed327d40678578e6dbb840527e3ba32\",\"name\":\"Bogdan Matei\",\"url\":\"https:\\\/\\\/www.rri.ro\\\/it\\\/author\\\/bogdan-matei\"}]}<\/script>\n<!-- \/ Yoast SEO plugin. -->","yoast_head_json":{"title":"NATO e bilanci per la difesa - Radio Romania Internazionale","robots":{"index":"index","follow":"follow","max-snippet":"max-snippet:-1","max-image-preview":"max-image-preview:large","max-video-preview":"max-video-preview:-1"},"canonical":"https:\/\/www.rri.ro\/it\/news\/in-primo-piano\/nato-e-i-bilanci-per-la-difesa-id940238.html","og_locale":"it_IT","og_type":"article","og_title":"NATO e bilanci per la difesa - Radio Romania Internazionale","og_description":"La Romania \u00e8 pienamente impegnata nelle azioni alleate per garantire la sicurezza e la stabilit\u00e0 del Fianco Est \u2013 ha detto il ministro della Difesa, Ionu\u021b Mo\u0219teanu, ai suoi omologhi degli altri stati membri della NATO, durante la riunione organizzata presso il Quartier Generale dell&#8217;Alleanza a Bruxelles. \u201cInoltre, considerando che la Romania \u00e8 uno degli [&hellip;]","og_url":"https:\/\/www.rri.ro\/it\/news\/in-primo-piano\/nato-e-i-bilanci-per-la-difesa-id940238.html","og_site_name":"Radio Romania Internazionale","article_published_time":"2025-10-16T08:16:04+00:00","article_modified_time":"2025-10-16T10:30:36+00:00","og_image":[{"width":1280,"height":719,"url":"https:\/\/www.rri.ro\/wp-content\/uploads\/2025\/09\/forte-NATO-sursa-foto-facebook-com-NATO.jpg","type":"image\/jpeg"}],"author":"Bogdan Matei","twitter_card":"summary_large_image","twitter_misc":{"Scritto da":"Bogdan Matei","Tempo di lettura stimato":"2 minuti"},"schema":{"@context":"https:\/\/schema.org","@graph":[{"@type":"Article","@id":"https:\/\/www.rri.ro\/it\/news\/in-primo-piano\/nato-e-i-bilanci-per-la-difesa-id940238.html#article","isPartOf":{"@id":"https:\/\/www.rri.ro\/it\/news\/in-primo-piano\/nato-e-i-bilanci-per-la-difesa-id940238.html"},"author":{"name":"Bogdan Matei","@id":"https:\/\/www.rri.ro\/#\/schema\/person\/0ed327d40678578e6dbb840527e3ba32"},"headline":"NATO e bilanci per la difesa","datePublished":"2025-10-16T08:16:04+00:00","dateModified":"2025-10-16T10:30:36+00:00","mainEntityOfPage":{"@id":"https:\/\/www.rri.ro\/it\/news\/in-primo-piano\/nato-e-i-bilanci-per-la-difesa-id940238.html"},"wordCount":470,"image":{"@id":"https:\/\/www.rri.ro\/it\/news\/in-primo-piano\/nato-e-i-bilanci-per-la-difesa-id940238.html#primaryimage"},"thumbnailUrl":"https:\/\/www.rri.ro\/wp-content\/uploads\/2025\/09\/forte-NATO-sursa-foto-facebook-com-NATO.jpg","keywords":["difesa","NATO","Romania"],"articleSection":["In primo piano"],"inLanguage":"it-IT"},{"@type":"WebPage","@id":"https:\/\/www.rri.ro\/it\/news\/in-primo-piano\/nato-e-i-bilanci-per-la-difesa-id940238.html","url":"https:\/\/www.rri.ro\/it\/news\/in-primo-piano\/nato-e-i-bilanci-per-la-difesa-id940238.html","name":"NATO e bilanci per la difesa - Radio Romania Internazionale","isPartOf":{"@id":"https:\/\/www.rri.ro\/#website"},"primaryImageOfPage":{"@id":"https:\/\/www.rri.ro\/it\/news\/in-primo-piano\/nato-e-i-bilanci-per-la-difesa-id940238.html#primaryimage"},"image":{"@id":"https:\/\/www.rri.ro\/it\/news\/in-primo-piano\/nato-e-i-bilanci-per-la-difesa-id940238.html#primaryimage"},"thumbnailUrl":"https:\/\/www.rri.ro\/wp-content\/uploads\/2025\/09\/forte-NATO-sursa-foto-facebook-com-NATO.jpg","datePublished":"2025-10-16T08:16:04+00:00","dateModified":"2025-10-16T10:30:36+00:00","author":{"@id":"https:\/\/www.rri.ro\/#\/schema\/person\/0ed327d40678578e6dbb840527e3ba32"},"breadcrumb":{"@id":"https:\/\/www.rri.ro\/it\/news\/in-primo-piano\/nato-e-i-bilanci-per-la-difesa-id940238.html#breadcrumb"},"inLanguage":"it-IT","potentialAction":[{"@type":"ReadAction","target":["https:\/\/www.rri.ro\/it\/news\/in-primo-piano\/nato-e-i-bilanci-per-la-difesa-id940238.html"]}]},{"@type":"ImageObject","inLanguage":"it-IT","@id":"https:\/\/www.rri.ro\/it\/news\/in-primo-piano\/nato-e-i-bilanci-per-la-difesa-id940238.html#primaryimage","url":"https:\/\/www.rri.ro\/wp-content\/uploads\/2025\/09\/forte-NATO-sursa-foto-facebook-com-NATO.jpg","contentUrl":"https:\/\/www.rri.ro\/wp-content\/uploads\/2025\/09\/forte-NATO-sursa-foto-facebook-com-NATO.jpg","width":1280,"height":719,"caption":"foto: facebook.com\/NATO"},{"@type":"BreadcrumbList","@id":"https:\/\/www.rri.ro\/it\/news\/in-primo-piano\/nato-e-i-bilanci-per-la-difesa-id940238.html#breadcrumb","itemListElement":[{"@type":"ListItem","position":1,"name":"Pagina iniziale","item":"https:\/\/www.rri.ro\/it"},{"@type":"ListItem","position":2,"name":"News","item":"https:\/\/www.rri.ro\/it\/news"},{"@type":"ListItem","position":3,"name":"In primo piano","item":"https:\/\/www.rri.ro\/it\/news\/in-primo-piano"},{"@type":"ListItem","position":4,"name":"NATO e bilanci per la difesa"}]},{"@type":"WebSite","@id":"https:\/\/www.rri.ro\/#website","url":"https:\/\/www.rri.ro\/","name":"Radio Romania Internazionale","description":"Totul despre Rom\u00e2nia \u015fi rom\u00e2ni, \u00een 13 limbi\/dialecte!","inLanguage":"it-IT"},{"@type":"Person","@id":"https:\/\/www.rri.ro\/#\/schema\/person\/0ed327d40678578e6dbb840527e3ba32","name":"Bogdan Matei","url":"https:\/\/www.rri.ro\/it\/author\/bogdan-matei"}]}},"_links":{"self":[{"href":"https:\/\/www.rri.ro\/it\/wp-json\/wp\/v2\/posts\/940238","targetHints":{"allow":["GET"]}}],"collection":[{"href":"https:\/\/www.rri.ro\/it\/wp-json\/wp\/v2\/posts"}],"about":[{"href":"https:\/\/www.rri.ro\/it\/wp-json\/wp\/v2\/types\/post"}],"author":[{"embeddable":true,"href":"https:\/\/www.rri.ro\/it\/wp-json\/wp\/v2\/users\/105"}],"replies":[{"embeddable":true,"href":"https:\/\/www.rri.ro\/it\/wp-json\/wp\/v2\/comments?post=940238"}],"version-history":[{"count":0,"href":"https:\/\/www.rri.ro\/it\/wp-json\/wp\/v2\/posts\/940238\/revisions"}],"wp:featuredmedia":[{"embeddable":true,"href":"https:\/\/www.rri.ro\/it\/wp-json\/wp\/v2\/media\/929804"}],"wp:attachment":[{"href":"https:\/\/www.rri.ro\/it\/wp-json\/wp\/v2\/media?parent=940238"}],"wp:term":[{"taxonomy":"category","embeddable":true,"href":"https:\/\/www.rri.ro\/it\/wp-json\/wp\/v2\/categories?post=940238"},{"taxonomy":"post_tag","embeddable":true,"href":"https:\/\/www.rri.ro\/it\/wp-json\/wp\/v2\/tags?post=940238"},{"taxonomy":"author","embeddable":true,"href":"https:\/\/www.rri.ro\/it\/wp-json\/wp\/v2\/coauthors?post=940238"}],"curies":[{"name":"wp","href":"https:\/\/api.w.org\/{rel}","templated":true}]}}