{"id":1055626,"date":"2026-09-01T12:22:22","date_gmt":"2026-09-01T09:22:22","guid":{"rendered":"https:\/\/www.rri.ro\/?p=1055626"},"modified":"2026-09-01T12:48:52","modified_gmt":"2026-09-01T09:48:52","slug":"una-naua-drona-fu-surpata-tu-romanie","status":"publish","type":"post","link":"https:\/\/www.rri.ro\/ro_ar\/actualitati\/una-naua-drona-fu-surpata-tu-romanie-id1055626.html","title":{"rendered":"Un\u00e2 nau\u00e2 dron\u00e2 fu surpat\u00e2 tu Rom\u00e2nie"},"content":{"rendered":"<p>Un\u00e2 dron\u00e2 \u021bi intr\u0103 paranom tu spa\u0163iul aerian rom\u00e2nescu, di c\u00e2t\u00e2 Republica Moldova vi\u021bin\u00e2, fu interceptat\u00e2 \u0219i surpat\u00e2, tu noaptea di s\u00e2mb\u0103t\u00e2 c\u00e2t\u00e2 dum\u00e2nic\u00e2, tu giuude\u021blu Gala\u0163i, dit apirita ali Rom\u00e2nie, di un\u00e2 aeronav\u00e2 F-18 a For\u0163ilor Aeriani \u015fi Spa\u0163iali Spanioli, \u021bi adra misiuni NATO di Poli\u0163ie Aerian\u00e2 \u00c2nv\u00e2rtu\u0219at\u00e2 la Baza Aerian\u00e2 Mihail Kog\u0103lniceanu (not-apirit\u00e2). Ac\u021biunea s-fea\u021bi tu urseari cu aschirladz rom\u00e2n\u2019i dit \u021bentrul di cum\u00e2nd\u00e2seri. Ministerlu ali Ap\u00e2rari Na\u0163ional\u00e2 di Bucure\u0219ti dz\u00e2si c\u0103, dup\u00e2 xit\u00e2xeri, fur\u00e2 aflati fragmenti a rachetilor interceptoari, cari fur\u00e2 asparti tu condi\u0163ii di sigurami, cata cum \u015fi fragmenti ali dron\u00e2 surpat\u00e2 tu un\u00e2 nai iu nu avea oamin\u2019i. Cama multi dz\u00e2si purt\u00e2torlu di zbor a MApN, Daniel Nistor:<\/p>\n<p>\u02baMisiunea di xit\u00e2xeari aerian\u00e2 \u015fi terestr\u00e2 \u021bi s-dizv\u00e2rti aclo, adrat\u00e2 di un\u00e2 echip\u00e2 misticat\u00e2 dit arada a Ministerlui ali Ap\u00e2rari Na\u0163ional\u00e2 \u015fi a Ministerlui a Luc\u00e2rlor di Nuntru tu naia di impactu anamisa di horli B\u0103leni \u015fi Cudalbi dit giude\u0163lu Gala\u0163i, s-bitisi dum\u00e2nic\u00e2, anv\u00e2rliga di s\u00e2hatea 16 \u015fi 20 di minuti. Dup\u00e2 xit\u00e2xeri s-aflar\u00e2 fragmenti a rachet\u00e2l\u2019ei interceptoari, \u021bi fur\u00e2 neutralizati tu condi\u0163ii di sigurami, cata cum \u0219i fragmenti a dron\u00e2l\u2019ei surpat\u00e2 aest\u00e2 tahinim\u00e2, loati di c\u00e2t\u00e2 spe\u021biali\u015f\u021b\u00e2.\u02ba<\/p>\n<p>\u02baRom\u00e2nia \u0219-ap\u0103r\u00e2 spa\u0163iul aerian, iara so\u021bl\u2019i a no\u0219\u021b\u00e2 suntu arada di noi. Vigl\u2019earea, apandisea ntroar\u00e2 \u0219i solidaritatea a so\u021blor, aestea suntu asiguripseri ti securitatea a noast\u00e2. E, Rom\u00e2nia easti tu prota linie di ap\u00e2rari ali Uniuni European\u00e2\u02ba \u2013 cundil\u2019e ministrul interimar ali Ap\u00e2rari, Radu Miru\u0163\u0103. Iara ministrul interimar di Nafoar\u00e2, Oana \u0162oiu, avu un\u00e2 moabeti pi telifoni cu omologlu di Madrid, Josi Manuel Albares, a curi \u00e2l\u2019i h\u00e2ristusi c\u0103 aschirladz spanioli suntu pi teritoriul ali  Rom\u00e2nie tu misiunea di Poli\u0163ie Aerian\u00e2 \u00c2nv\u00e2rtu\u0219at\u00e2. \u201cL\u00e2 deadim tu \u0219teari (\u2026) a t\u00e2t\u00e2lor so\u021blor  ti in\u021bidentili fapti aoa \u0219-p\u021b\u00e2n chiro, \u00e2l\u2019i h\u00e2ristusir\u00e2 ali Rom\u00e2nie ti misiunea h\u00e2irl\u00e2tic\u00e2, ama \u0219-aspusir\u00e2 g\u00e2ilipserli ti incursiun\u2019i \u021bi s-fac dipriun\u00e2 tu spa\u021biul aerian rom\u00e2nescu. Va s-du\u021bem ma largu lucurlu a nostu coordonat.\u02ba \u2013 dz\u00e2si Oana \u0162oiu tu un\u00e2 postari pi Facebook, iu adusi aminti c\u0103 Spania ap\u00e2nd\u00e2si un\u00e2 \u0219-un\u00e2 la c\u00e2ftarea ali Rom\u00e2nie di anv\u00e2rtu\u0219ari chino a Partil\u2019ei dit Apirit\u00e2. <\/p>\n<p>Dup\u00e2 13 ani di la Su\u021bata Strateghic\u00e2 anamisa di Rom\u00e2nie \u015fi Spanie, aesta easti noima a l\u2019ei tu practic\u00e2 \u015fi easti un\u00e2 cu axie ti NATO \u015fi UE \u2013 cundil\u2019e ministrul interimar di Nafoar\u00e2. In\u021bidentul di Gala\u021bi nu easti, nica, singular! Ma multi cum\u0103\u021b di dron\u00e2 fur\u00e2 aflati, dum\u00e2nic\u00e2, tu tutu litorallu  rom\u00e2nescu la Amarea Lai, purtati di d\u0103ldz\u00e2 \u015fi curen\u0163\u00e2l\u2019i v\u00e2rto\u0219i ali amari cu chimati. Tu ni\u021bi un di cazuri nu s-vidzu s-aib\u00e2 b\u00e2ruti.<\/p>\n<p>Autor: Roxana Vasile<br \/>\nApridu\u021bearea: Mirela Biolan<\/p>\n","protected":false},"excerpt":{"rendered":"<p>Un\u00e2 dron\u00e2 \u021bi intr\u0103 paranom tu spa\u0163iul aerian rom\u00e2nescu, di c\u00e2t\u00e2 Republica Moldova vi\u021bin\u00e2, fu interceptat\u00e2 \u0219i surpat\u00e2, tu noaptea di s\u00e2mb\u0103t\u00e2 c\u00e2t\u00e2 dum\u00e2nic\u00e2, tu giuude\u021blu Gala\u0163i, dit apirita ali Rom\u00e2nie, di un\u00e2 aeronav\u00e2 F-18 a For\u0163ilor Aeriani \u015fi Spa\u0163iali Spanioli, \u021bi adra misiuni NATO di Poli\u0163ie Aerian\u00e2 \u00c2nv\u00e2rtu\u0219at\u00e2 la Baza Aerian\u00e2 Mihail Kog\u0103lniceanu (not-apirit\u00e2). [&hellip;]<\/p>\n","protected":false},"author":187,"featured_media":1048960,"comment_status":"closed","ping_status":"closed","sticky":false,"template":"","format":"standard","meta":{"_acf_changed":false,"footnotes":""},"categories":[69],"tags":[133896,47858,48231,147681,46510],"coauthors":[116465],"class_list":["post-1055626","post","type-post","status-publish","format-standard","has-post-thumbnail","hentry","category-actualitati","tag-arusia","tag-drona","tag-polim","tag-romania-ro_ar","tag-ucraina"],"acf":[],"yoast_head":"<!-- This site is optimized with the Yoast SEO plugin v28.2 - https:\/\/yoast.com\/product\/yoast-seo-wordpress\/ -->\n<title>Un\u00e2 nau\u00e2 dron\u00e2 fu surpat\u00e2 tu Rom\u00e2nie - Radio Rom\u00e2nia Interna\u021bional<\/title>\n<meta name=\"robots\" content=\"index, follow, max-snippet:-1, max-image-preview:large, max-video-preview:-1\" \/>\n<link rel=\"canonical\" href=\"https:\/\/www.rri.ro\/ro_ar\/actualitati\/una-naua-drona-fu-surpata-tu-romanie-id1055626.html\" \/>\n<meta property=\"og:locale\" content=\"ro_RO\" \/>\n<meta property=\"og:type\" content=\"article\" \/>\n<meta property=\"og:title\" content=\"Un\u00e2 nau\u00e2 dron\u00e2 fu surpat\u00e2 tu Rom\u00e2nie - Radio Rom\u00e2nia Interna\u021bional\" \/>\n<meta property=\"og:description\" content=\"Un\u00e2 dron\u00e2 \u021bi intr\u0103 paranom tu spa\u0163iul aerian rom\u00e2nescu, di c\u00e2t\u00e2 Republica Moldova vi\u021bin\u00e2, fu interceptat\u00e2 \u0219i surpat\u00e2, tu noaptea di s\u00e2mb\u0103t\u00e2 c\u00e2t\u00e2 dum\u00e2nic\u00e2, tu giuude\u021blu Gala\u0163i, dit apirita ali Rom\u00e2nie, di un\u00e2 aeronav\u00e2 F-18 a For\u0163ilor Aeriani \u015fi Spa\u0163iali Spanioli, \u021bi adra misiuni NATO di Poli\u0163ie Aerian\u00e2 \u00c2nv\u00e2rtu\u0219at\u00e2 la Baza Aerian\u00e2 Mihail Kog\u0103lniceanu (not-apirit\u00e2). [&hellip;]\" \/>\n<meta property=\"og:url\" content=\"https:\/\/www.rri.ro\/ro_ar\/actualitati\/una-naua-drona-fu-surpata-tu-romanie-id1055626.html\" \/>\n<meta property=\"og:site_name\" content=\"Radio Rom\u00e2nia Interna\u021bional\" \/>\n<meta property=\"article:published_time\" content=\"2026-09-01T09:22:22+00:00\" \/>\n<meta property=\"article:modified_time\" content=\"2026-09-01T09:48:52+00:00\" \/>\n<meta property=\"og:image\" content=\"https:\/\/www.rri.ro\/wp-content\/uploads\/2026\/08\/F18-a-Fortelor-Aeriene-si-Spatiale-Spaniole-foto-facebook-mapn-ro.jpg\" \/>\n\t<meta property=\"og:image:width\" content=\"1200\" \/>\n\t<meta property=\"og:image:height\" content=\"800\" \/>\n\t<meta property=\"og:image:type\" content=\"image\/jpeg\" \/>\n<meta name=\"author\" content=\"Ta\u0219cu Lala\" \/>\n<meta name=\"twitter:card\" content=\"summary_large_image\" \/>\n<meta name=\"twitter:label1\" content=\"Written by\" \/>\n\t<meta name=\"twitter:data1\" content=\"Ta\u0219cu Lala\" \/>\n\t<meta name=\"twitter:label2\" content=\"Est. reading time\" \/>\n\t<meta name=\"twitter:data2\" content=\"3 minutes\" \/>\n<script type=\"application\/ld+json\" class=\"yoast-schema-graph\">{\"@context\":\"https:\\\/\\\/schema.org\",\"@graph\":[{\"@type\":\"Article\",\"@id\":\"https:\\\/\\\/www.rri.ro\\\/ro_ar\\\/actualitati\\\/una-naua-drona-fu-surpata-tu-romanie-id1055626.html#article\",\"isPartOf\":{\"@id\":\"https:\\\/\\\/www.rri.ro\\\/ro_ar\\\/actualitati\\\/una-naua-drona-fu-surpata-tu-romanie-id1055626.html\"},\"author\":{\"name\":\"Ta\u0219cu Lala\",\"@id\":\"https:\\\/\\\/www.rri.ro\\\/#\\\/schema\\\/person\\\/0fa1f8943b999abcb99a1b3ef35db4c0\"},\"headline\":\"Un\u00e2 nau\u00e2 dron\u00e2 fu surpat\u00e2 tu Rom\u00e2nie\",\"datePublished\":\"2026-09-01T09:22:22+00:00\",\"dateModified\":\"2026-09-01T09:48:52+00:00\",\"mainEntityOfPage\":{\"@id\":\"https:\\\/\\\/www.rri.ro\\\/ro_ar\\\/actualitati\\\/una-naua-drona-fu-surpata-tu-romanie-id1055626.html\"},\"wordCount\":531,\"image\":{\"@id\":\"https:\\\/\\\/www.rri.ro\\\/ro_ar\\\/actualitati\\\/una-naua-drona-fu-surpata-tu-romanie-id1055626.html#primaryimage\"},\"thumbnailUrl\":\"https:\\\/\\\/www.rri.ro\\\/wp-content\\\/uploads\\\/2026\\\/08\\\/F18-a-Fortelor-Aeriene-si-Spatiale-Spaniole-foto-facebook-mapn-ro.jpg\",\"keywords\":[\"Arusia\",\"drona\",\"polim\",\"Romania\",\"Ucraina\"],\"articleSection\":[\"Actualitati\"],\"inLanguage\":\"ro-AR\"},{\"@type\":\"WebPage\",\"@id\":\"https:\\\/\\\/www.rri.ro\\\/ro_ar\\\/actualitati\\\/una-naua-drona-fu-surpata-tu-romanie-id1055626.html\",\"url\":\"https:\\\/\\\/www.rri.ro\\\/ro_ar\\\/actualitati\\\/una-naua-drona-fu-surpata-tu-romanie-id1055626.html\",\"name\":\"Un\u00e2 nau\u00e2 dron\u00e2 fu surpat\u00e2 tu Rom\u00e2nie - Radio Rom\u00e2nia Interna\u021bional\",\"isPartOf\":{\"@id\":\"https:\\\/\\\/www.rri.ro\\\/#website\"},\"primaryImageOfPage\":{\"@id\":\"https:\\\/\\\/www.rri.ro\\\/ro_ar\\\/actualitati\\\/una-naua-drona-fu-surpata-tu-romanie-id1055626.html#primaryimage\"},\"image\":{\"@id\":\"https:\\\/\\\/www.rri.ro\\\/ro_ar\\\/actualitati\\\/una-naua-drona-fu-surpata-tu-romanie-id1055626.html#primaryimage\"},\"thumbnailUrl\":\"https:\\\/\\\/www.rri.ro\\\/wp-content\\\/uploads\\\/2026\\\/08\\\/F18-a-Fortelor-Aeriene-si-Spatiale-Spaniole-foto-facebook-mapn-ro.jpg\",\"datePublished\":\"2026-09-01T09:22:22+00:00\",\"dateModified\":\"2026-09-01T09:48:52+00:00\",\"author\":{\"@id\":\"https:\\\/\\\/www.rri.ro\\\/#\\\/schema\\\/person\\\/0fa1f8943b999abcb99a1b3ef35db4c0\"},\"breadcrumb\":{\"@id\":\"https:\\\/\\\/www.rri.ro\\\/ro_ar\\\/actualitati\\\/una-naua-drona-fu-surpata-tu-romanie-id1055626.html#breadcrumb\"},\"inLanguage\":\"ro-AR\",\"potentialAction\":[{\"@type\":\"ReadAction\",\"target\":[\"https:\\\/\\\/www.rri.ro\\\/ro_ar\\\/actualitati\\\/una-naua-drona-fu-surpata-tu-romanie-id1055626.html\"]}]},{\"@type\":\"ImageObject\",\"inLanguage\":\"ro-AR\",\"@id\":\"https:\\\/\\\/www.rri.ro\\\/ro_ar\\\/actualitati\\\/una-naua-drona-fu-surpata-tu-romanie-id1055626.html#primaryimage\",\"url\":\"https:\\\/\\\/www.rri.ro\\\/wp-content\\\/uploads\\\/2026\\\/08\\\/F18-a-Fortelor-Aeriene-si-Spatiale-Spaniole-foto-facebook-mapn-ro.jpg\",\"contentUrl\":\"https:\\\/\\\/www.rri.ro\\\/wp-content\\\/uploads\\\/2026\\\/08\\\/F18-a-Fortelor-Aeriene-si-Spatiale-Spaniole-foto-facebook-mapn-ro.jpg\",\"width\":1200,\"height\":800,\"caption\":\"F18 a Fo\"},{\"@type\":\"BreadcrumbList\",\"@id\":\"https:\\\/\\\/www.rri.ro\\\/ro_ar\\\/actualitati\\\/una-naua-drona-fu-surpata-tu-romanie-id1055626.html#breadcrumb\",\"itemListElement\":[{\"@type\":\"ListItem\",\"position\":1,\"name\":\"Prima pagin\u0103\",\"item\":\"https:\\\/\\\/www.rri.ro\\\/ro_ar\"},{\"@type\":\"ListItem\",\"position\":2,\"name\":\"Actualitati\",\"item\":\"https:\\\/\\\/www.rri.ro\\\/actualitati\"},{\"@type\":\"ListItem\",\"position\":3,\"name\":\"Un\u00e2 nau\u00e2 dron\u00e2 fu surpat\u00e2 tu Rom\u00e2nie\"}]},{\"@type\":\"WebSite\",\"@id\":\"https:\\\/\\\/www.rri.ro\\\/#website\",\"url\":\"https:\\\/\\\/www.rri.ro\\\/\",\"name\":\"Radio Rom\u00e2nia Interna\u021bional\",\"description\":\"Totul despre Rom\u00e2nia \u015fi rom\u00e2ni, \u00een 13 limbi\\\/dialecte!\",\"inLanguage\":\"ro-AR\"},{\"@type\":\"Person\",\"@id\":\"https:\\\/\\\/www.rri.ro\\\/#\\\/schema\\\/person\\\/0fa1f8943b999abcb99a1b3ef35db4c0\",\"name\":\"Ta\u0219cu Lala\",\"url\":\"https:\\\/\\\/www.rri.ro\\\/ro_ar\\\/author\\\/taacu-lala\"}]}<\/script>\n<!-- \/ Yoast SEO plugin. -->","yoast_head_json":{"title":"Un\u00e2 nau\u00e2 dron\u00e2 fu surpat\u00e2 tu Rom\u00e2nie - Radio Rom\u00e2nia Interna\u021bional","robots":{"index":"index","follow":"follow","max-snippet":"max-snippet:-1","max-image-preview":"max-image-preview:large","max-video-preview":"max-video-preview:-1"},"canonical":"https:\/\/www.rri.ro\/ro_ar\/actualitati\/una-naua-drona-fu-surpata-tu-romanie-id1055626.html","og_locale":"ro_RO","og_type":"article","og_title":"Un\u00e2 nau\u00e2 dron\u00e2 fu surpat\u00e2 tu Rom\u00e2nie - Radio Rom\u00e2nia Interna\u021bional","og_description":"Un\u00e2 dron\u00e2 \u021bi intr\u0103 paranom tu spa\u0163iul aerian rom\u00e2nescu, di c\u00e2t\u00e2 Republica Moldova vi\u021bin\u00e2, fu interceptat\u00e2 \u0219i surpat\u00e2, tu noaptea di s\u00e2mb\u0103t\u00e2 c\u00e2t\u00e2 dum\u00e2nic\u00e2, tu giuude\u021blu Gala\u0163i, dit apirita ali Rom\u00e2nie, di un\u00e2 aeronav\u00e2 F-18 a For\u0163ilor Aeriani \u015fi Spa\u0163iali Spanioli, \u021bi adra misiuni NATO di Poli\u0163ie Aerian\u00e2 \u00c2nv\u00e2rtu\u0219at\u00e2 la Baza Aerian\u00e2 Mihail Kog\u0103lniceanu (not-apirit\u00e2). [&hellip;]","og_url":"https:\/\/www.rri.ro\/ro_ar\/actualitati\/una-naua-drona-fu-surpata-tu-romanie-id1055626.html","og_site_name":"Radio Rom\u00e2nia Interna\u021bional","article_published_time":"2026-09-01T09:22:22+00:00","article_modified_time":"2026-09-01T09:48:52+00:00","og_image":[{"width":1200,"height":800,"url":"https:\/\/www.rri.ro\/wp-content\/uploads\/2026\/08\/F18-a-Fortelor-Aeriene-si-Spatiale-Spaniole-foto-facebook-mapn-ro.jpg","type":"image\/jpeg"}],"author":"Ta\u0219cu Lala","twitter_card":"summary_large_image","twitter_misc":{"Written by":"Ta\u0219cu Lala","Est. reading time":"3 minutes"},"schema":{"@context":"https:\/\/schema.org","@graph":[{"@type":"Article","@id":"https:\/\/www.rri.ro\/ro_ar\/actualitati\/una-naua-drona-fu-surpata-tu-romanie-id1055626.html#article","isPartOf":{"@id":"https:\/\/www.rri.ro\/ro_ar\/actualitati\/una-naua-drona-fu-surpata-tu-romanie-id1055626.html"},"author":{"name":"Ta\u0219cu Lala","@id":"https:\/\/www.rri.ro\/#\/schema\/person\/0fa1f8943b999abcb99a1b3ef35db4c0"},"headline":"Un\u00e2 nau\u00e2 dron\u00e2 fu surpat\u00e2 tu Rom\u00e2nie","datePublished":"2026-09-01T09:22:22+00:00","dateModified":"2026-09-01T09:48:52+00:00","mainEntityOfPage":{"@id":"https:\/\/www.rri.ro\/ro_ar\/actualitati\/una-naua-drona-fu-surpata-tu-romanie-id1055626.html"},"wordCount":531,"image":{"@id":"https:\/\/www.rri.ro\/ro_ar\/actualitati\/una-naua-drona-fu-surpata-tu-romanie-id1055626.html#primaryimage"},"thumbnailUrl":"https:\/\/www.rri.ro\/wp-content\/uploads\/2026\/08\/F18-a-Fortelor-Aeriene-si-Spatiale-Spaniole-foto-facebook-mapn-ro.jpg","keywords":["Arusia","drona","polim","Romania","Ucraina"],"articleSection":["Actualitati"],"inLanguage":"ro-AR"},{"@type":"WebPage","@id":"https:\/\/www.rri.ro\/ro_ar\/actualitati\/una-naua-drona-fu-surpata-tu-romanie-id1055626.html","url":"https:\/\/www.rri.ro\/ro_ar\/actualitati\/una-naua-drona-fu-surpata-tu-romanie-id1055626.html","name":"Un\u00e2 nau\u00e2 dron\u00e2 fu surpat\u00e2 tu Rom\u00e2nie - Radio Rom\u00e2nia Interna\u021bional","isPartOf":{"@id":"https:\/\/www.rri.ro\/#website"},"primaryImageOfPage":{"@id":"https:\/\/www.rri.ro\/ro_ar\/actualitati\/una-naua-drona-fu-surpata-tu-romanie-id1055626.html#primaryimage"},"image":{"@id":"https:\/\/www.rri.ro\/ro_ar\/actualitati\/una-naua-drona-fu-surpata-tu-romanie-id1055626.html#primaryimage"},"thumbnailUrl":"https:\/\/www.rri.ro\/wp-content\/uploads\/2026\/08\/F18-a-Fortelor-Aeriene-si-Spatiale-Spaniole-foto-facebook-mapn-ro.jpg","datePublished":"2026-09-01T09:22:22+00:00","dateModified":"2026-09-01T09:48:52+00:00","author":{"@id":"https:\/\/www.rri.ro\/#\/schema\/person\/0fa1f8943b999abcb99a1b3ef35db4c0"},"breadcrumb":{"@id":"https:\/\/www.rri.ro\/ro_ar\/actualitati\/una-naua-drona-fu-surpata-tu-romanie-id1055626.html#breadcrumb"},"inLanguage":"ro-AR","potentialAction":[{"@type":"ReadAction","target":["https:\/\/www.rri.ro\/ro_ar\/actualitati\/una-naua-drona-fu-surpata-tu-romanie-id1055626.html"]}]},{"@type":"ImageObject","inLanguage":"ro-AR","@id":"https:\/\/www.rri.ro\/ro_ar\/actualitati\/una-naua-drona-fu-surpata-tu-romanie-id1055626.html#primaryimage","url":"https:\/\/www.rri.ro\/wp-content\/uploads\/2026\/08\/F18-a-Fortelor-Aeriene-si-Spatiale-Spaniole-foto-facebook-mapn-ro.jpg","contentUrl":"https:\/\/www.rri.ro\/wp-content\/uploads\/2026\/08\/F18-a-Fortelor-Aeriene-si-Spatiale-Spaniole-foto-facebook-mapn-ro.jpg","width":1200,"height":800,"caption":"F18 a Fo"},{"@type":"BreadcrumbList","@id":"https:\/\/www.rri.ro\/ro_ar\/actualitati\/una-naua-drona-fu-surpata-tu-romanie-id1055626.html#breadcrumb","itemListElement":[{"@type":"ListItem","position":1,"name":"Prima pagin\u0103","item":"https:\/\/www.rri.ro\/ro_ar"},{"@type":"ListItem","position":2,"name":"Actualitati","item":"https:\/\/www.rri.ro\/actualitati"},{"@type":"ListItem","position":3,"name":"Un\u00e2 nau\u00e2 dron\u00e2 fu surpat\u00e2 tu Rom\u00e2nie"}]},{"@type":"WebSite","@id":"https:\/\/www.rri.ro\/#website","url":"https:\/\/www.rri.ro\/","name":"Radio Rom\u00e2nia Interna\u021bional","description":"Totul despre Rom\u00e2nia \u015fi rom\u00e2ni, \u00een 13 limbi\/dialecte!","inLanguage":"ro-AR"},{"@type":"Person","@id":"https:\/\/www.rri.ro\/#\/schema\/person\/0fa1f8943b999abcb99a1b3ef35db4c0","name":"Ta\u0219cu Lala","url":"https:\/\/www.rri.ro\/ro_ar\/author\/taacu-lala"}]}},"_links":{"self":[{"href":"https:\/\/www.rri.ro\/ro_ar\/wp-json\/wp\/v2\/posts\/1055626","targetHints":{"allow":["GET"]}}],"collection":[{"href":"https:\/\/www.rri.ro\/ro_ar\/wp-json\/wp\/v2\/posts"}],"about":[{"href":"https:\/\/www.rri.ro\/ro_ar\/wp-json\/wp\/v2\/types\/post"}],"author":[{"embeddable":true,"href":"https:\/\/www.rri.ro\/ro_ar\/wp-json\/wp\/v2\/users\/187"}],"replies":[{"embeddable":true,"href":"https:\/\/www.rri.ro\/ro_ar\/wp-json\/wp\/v2\/comments?post=1055626"}],"version-history":[{"count":0,"href":"https:\/\/www.rri.ro\/ro_ar\/wp-json\/wp\/v2\/posts\/1055626\/revisions"}],"wp:featuredmedia":[{"embeddable":true,"href":"https:\/\/www.rri.ro\/ro_ar\/wp-json\/wp\/v2\/media\/1048960"}],"wp:attachment":[{"href":"https:\/\/www.rri.ro\/ro_ar\/wp-json\/wp\/v2\/media?parent=1055626"}],"wp:term":[{"taxonomy":"category","embeddable":true,"href":"https:\/\/www.rri.ro\/ro_ar\/wp-json\/wp\/v2\/categories?post=1055626"},{"taxonomy":"post_tag","embeddable":true,"href":"https:\/\/www.rri.ro\/ro_ar\/wp-json\/wp\/v2\/tags?post=1055626"},{"taxonomy":"author","embeddable":true,"href":"https:\/\/www.rri.ro\/ro_ar\/wp-json\/wp\/v2\/coauthors?post=1055626"}],"curies":[{"name":"wp","href":"https:\/\/api.w.org\/{rel}","templated":true}]}}