{"id":1055627,"date":"2026-09-01T12:24:38","date_gmt":"2026-09-01T09:24:38","guid":{"rendered":"https:\/\/www.rri.ro\/?p=1055627"},"modified":"2026-09-01T12:24:38","modified_gmt":"2026-09-01T09:24:38","slug":"apanadisi-la-un-una-apofasi-ccr","status":"publish","type":"post","link":"https:\/\/www.rri.ro\/ro_ar\/actualitati\/apanadisi-la-un-una-apofasi-ccr-id1055627.html","title":{"rendered":"Apanadisi la un un\u00e2 apofasi CCR"},"content":{"rendered":"<p>Parlamentul di Bucure\u0219ti va s-hib\u00e2 cl\u2019imat dizn\u0103u tu sesiuni extraordinar\u00e2 \u2013 apofasea di luni ali Curti Constitu\u0163ional\u00e2 (CCR) pi n\u0103ulu nom a integritatil\u2019ei, jalon ditu PNRR, l\u00e2 bag\u00e2 zori a alep\u021b\u00e2lor s-al\u00e2xeasc\u00e2 ayon\u2019ia actul normativ ta s-nu chcear\u00e2 Rom\u00e2nia 770 di miliuni di evradz. Nomlu va bitiseari p\u00e2n\u00e2 tu bitisita a meslui.<\/p>\n<p>Giudic\u00e2toril\u2019i constitu\u0163ionali \u0219i-aspusir\u00e2 apofasea ti sesiz\u0103rili b\u00e2gati di prezidentul Nicu\u015for Dan, cata cum \u015fi di PNL \u015fi USR, \u021bi au contestat\u00e2 ad\u00e2vg\u0103rli b\u00e2gati di PSD \u015fi AUR (opozi\u021bia su\u021bial-democrat\u00e2 \u0219-a\u021bea populist\u00e2, ultrana\u021bionalist\u00e2) mutrindalui pidipsearea retroactiv\u00e2 a alep\u021b\u00e2lor locali \u021bi suntu tu incompatibilitati \u015fi tindearea a borgil\u2019ei di scuteari tu migdani a avearil\u2019ei \u015f-a sinferurilor \u015f-ti parteneril\u2019i di ban\u00e2.<\/p>\n<p>Magistra\u0163l\u2019i CCR validar\u00e2 amendamentul \u021bi alas\u00e2 f\u00e2r\u00e2 mandat dimarhil\u2019i spu\u0219i incompatibili, ama nu apruchear\u00e2 borgea ti parteneril\u2019i di ban\u00e2 a demnitarilor ta s\u00e2-\u0219i aspun\u00e2 averli. Nica ma multu, CCR dz\u00e2si nica un\u00e2 oar\u00e2 c\u0103 declara\u0163iili di aveari nu va s-hib\u00e2 scoasi tu padi. Eali arm\u00e2n secreti, la Aghen\u0163ia Na\u0163ional\u00e2 di Integritati. Tu minduita a magistra\u0163ilor, legiuitorul nu poati s-da borgi giuridi\u021bi tu \u021bi mutrea\u0219ti oamin\u2019l\u2019i \u021bi au lig\u00e2turi personali nipricunuscuti giuridic di stat.<\/p>\n<p>Problema ahurhi s-aib\u00e2 un\u00e2 v\u00e2rtoas\u00e2 \u00e2nc\u00e2rcari politic\u00e2, di cara fu ligat\u00e2 di catastisea ali Mirabel\u00e2 Gr\u0103dinaru, partenera di ban\u00e2 a prezidentului Nicu\u0219or Dan. Ea scoasi tu padi declara\u021biili di aveari \u0219-di sinferuri, hiindalui spusu ca un gestu di transparen\u021b\u00e2.<\/p>\n<p>Tu \u021bi mutrea\u0219ti andridzearea a misurilor di pidipseari a ceamaun\u00e2l\u2019ei di sinferuri, ea intr\u00e2 tu marja di luyurseari a legiuitorlui, iara b\u00e2garea a lor di cu chiro tu practichie pritu normi tranzitorii aprucheati s-fea\u021bi cu tin\u2019isearea a Constitu\u0163il\u2019ei, dz\u00e2cu giudic\u00e2toril\u2019i.<\/p>\n<p>Cama di 120 di oamin\u2019i suntu tu piricl\u2019iu s\u00e2-\u0219i chear\u00e2 tesea dup\u00e2 apofasea ali CCR, \u021bi pruveadi chirearea a mandatlui i a tesil\u2019ei, maca ari apofasi definitivi tu instan\u021b\u0103 mutrindalui c\u00e2lcarea a reghimlui a incompatibilit\u0103\u021blor \u0219-a ceamaun\u00e2l\u2019ei di sinferuri. Prit eali ari 47 di demnitari \u021bi au, tora, thesi electivi ic\u0103 publi\u021bi. Cama cunuscuta num\u00e2 easti a\u021bea a dimarhului di Timi\u015foara, Dominic Fritz, \u021bi lo tu meslu ciri\u0219ar un\u00e2 apofasi definitiv\u00e2 la Analta Curti di Casa\u021bie \u0219i Justi\u021bie.<\/p>\n<p>Liderlu USR reac\u0163ion\u0103 cu\u0219ia \u0219i b\u00e2g\u0103 stepsu di un abuz di puteari validatu di magistra\u0163i. El easti nih\u00e2rsitu c\u0103 textul a nomlui s-bag\u00e2 tu practico retroactiv \u015fi deadi tu \u0219teari c\u0103 va s-duc\u00e2 la Curtea European\u00e2 a Ndrepturilor a Omlui.<\/p>\n<p>Adunarea a CCR s-fea\u021bi tu arada a niachic\u00e2serilor ditu spatiul public di la un\u00e2 andamusi fapt\u00e2 aoa \u0219-p\u021b\u00e2n chiro, \u021bi s-fea\u021bi dinapandica, la Senat, anamisa di prezidenta CCR, Simina T\u0103n\u0103sescu, \u015fi premierlu interimar, Ilie Bolojan.<\/p>\n<p>Consiliul Superior ali Magistratur\u00e2, cum\u00e2nd\u00e2serli a instan\u0163ilor \u015fi su\u021batili di magistra\u0163 c\u00e2ftar\u00e2 limbidzeri publi\u021bi di ananghi, luyursindalui c\u0103 un\u00e2 ahtari andamusi informal\u00e2 du\u021bi la seamni di antribari leghitimi \u015fi agudea\u0219ti pistusinea tu impar\u0163ialitatea ali giusti\u0163ie.<\/p>\n<p>Apandisea ali \u015fef\u00e2 a CCR, Simina T\u0103n\u0103sescu, fu c\u0103 ea nu aproachi susto i\u021bi specula\u0163ie, dz\u00e2c\u00e2ndalui c\u0103 maobe\u021bli s-fea\u021bir\u00e2 pi temi administrativi \u015fi institu\u0163ionali, f\u00e2r\u00e2 can\u00e2 lig\u00e2tur\u00e2 cu dosarili \u021bi suntu pi rol.<br \/>\nTutn\u00e2oar\u00e2, prezidenta CCR num\u00e2si altu giudic\u00e2tor \u2013 raportor \u021bi \u00e2l\u2019i lo atribu\u0163iili tu dosarlu mutrindalui Nomlu a Integritatil\u2019ei.<\/p>\n<p>Autor: Mihai Pelin<br \/>\nApridu\u021bearea: Mirela Biolan<\/p>\n","protected":false},"excerpt":{"rendered":"<p>Parlamentul di Bucure\u0219ti va s-hib\u00e2 cl\u2019imat dizn\u0103u tu sesiuni extraordinar\u00e2 \u2013 apofasea di luni ali Curti Constitu\u0163ional\u00e2 (CCR) pi n\u0103ulu nom a integritatil\u2019ei, jalon ditu PNRR, l\u00e2 bag\u00e2 zori a alep\u021b\u00e2lor s-al\u00e2xeasc\u00e2 ayon\u2019ia actul normativ ta s-nu chcear\u00e2 Rom\u00e2nia 770 di miliuni di evradz. Nomlu va bitiseari p\u00e2n\u00e2 tu bitisita a meslui. Giudic\u00e2toril\u2019i constitu\u0163ionali \u0219i-aspusir\u00e2 [&hellip;]<\/p>\n","protected":false},"author":187,"featured_media":870158,"comment_status":"closed","ping_status":"closed","sticky":false,"template":"","format":"standard","meta":{"_acf_changed":false,"footnotes":""},"categories":[69],"tags":[47915,159275,46431,195981,153557],"coauthors":[116465],"class_list":["post-1055627","post","type-post","status-publish","format-standard","has-post-thumbnail","hentry","category-actualitati","tag-ani","tag-ccr-ro_ar","tag-curtea-constitutionala","tag-declaratii-di-aveari","tag-pnrr-ro_ar"],"acf":[],"yoast_head":"<!-- This site is optimized with the Yoast SEO plugin v28.2 - https:\/\/yoast.com\/product\/yoast-seo-wordpress\/ -->\n<title>Apanadisi la un un\u00e2 apofasi CCR - Radio Rom\u00e2nia Interna\u021bional<\/title>\n<meta name=\"robots\" content=\"index, follow, max-snippet:-1, max-image-preview:large, max-video-preview:-1\" \/>\n<link rel=\"canonical\" href=\"https:\/\/www.rri.ro\/ro_ar\/actualitati\/apanadisi-la-un-una-apofasi-ccr-id1055627.html\" \/>\n<meta property=\"og:locale\" content=\"ro_RO\" \/>\n<meta property=\"og:type\" content=\"article\" \/>\n<meta property=\"og:title\" content=\"Apanadisi la un un\u00e2 apofasi CCR - Radio Rom\u00e2nia Interna\u021bional\" \/>\n<meta property=\"og:description\" content=\"Parlamentul di Bucure\u0219ti va s-hib\u00e2 cl\u2019imat dizn\u0103u tu sesiuni extraordinar\u00e2 \u2013 apofasea di luni ali Curti Constitu\u0163ional\u00e2 (CCR) pi n\u0103ulu nom a integritatil\u2019ei, jalon ditu PNRR, l\u00e2 bag\u00e2 zori a alep\u021b\u00e2lor s-al\u00e2xeasc\u00e2 ayon\u2019ia actul normativ ta s-nu chcear\u00e2 Rom\u00e2nia 770 di miliuni di evradz. Nomlu va bitiseari p\u00e2n\u00e2 tu bitisita a meslui. Giudic\u00e2toril\u2019i constitu\u0163ionali \u0219i-aspusir\u00e2 [&hellip;]\" \/>\n<meta property=\"og:url\" content=\"https:\/\/www.rri.ro\/ro_ar\/actualitati\/apanadisi-la-un-una-apofasi-ccr-id1055627.html\" \/>\n<meta property=\"og:site_name\" content=\"Radio Rom\u00e2nia Interna\u021bional\" \/>\n<meta property=\"article:published_time\" content=\"2026-09-01T09:24:38+00:00\" \/>\n<meta property=\"og:image\" content=\"https:\/\/www.rri.ro\/wp-content\/uploads\/2025\/03\/curtea-constitutionala-ccr-justitie-foto-fb-ccr.jpg\" \/>\n\t<meta property=\"og:image:width\" content=\"1200\" \/>\n\t<meta property=\"og:image:height\" content=\"800\" \/>\n\t<meta property=\"og:image:type\" content=\"image\/jpeg\" \/>\n<meta name=\"author\" content=\"Ta\u0219cu Lala\" \/>\n<meta name=\"twitter:card\" content=\"summary_large_image\" \/>\n<meta name=\"twitter:label1\" content=\"Written by\" \/>\n\t<meta name=\"twitter:data1\" content=\"Ta\u0219cu Lala\" \/>\n\t<meta name=\"twitter:label2\" content=\"Est. reading time\" \/>\n\t<meta name=\"twitter:data2\" content=\"3 minutes\" \/>\n<script type=\"application\/ld+json\" class=\"yoast-schema-graph\">{\"@context\":\"https:\\\/\\\/schema.org\",\"@graph\":[{\"@type\":\"Article\",\"@id\":\"https:\\\/\\\/www.rri.ro\\\/ro_ar\\\/actualitati\\\/apanadisi-la-un-una-apofasi-ccr-id1055627.html#article\",\"isPartOf\":{\"@id\":\"https:\\\/\\\/www.rri.ro\\\/ro_ar\\\/actualitati\\\/apanadisi-la-un-una-apofasi-ccr-id1055627.html\"},\"author\":{\"name\":\"Ta\u0219cu Lala\",\"@id\":\"https:\\\/\\\/www.rri.ro\\\/#\\\/schema\\\/person\\\/0fa1f8943b999abcb99a1b3ef35db4c0\"},\"headline\":\"Apanadisi la un un\u00e2 apofasi CCR\",\"datePublished\":\"2026-09-01T09:24:38+00:00\",\"mainEntityOfPage\":{\"@id\":\"https:\\\/\\\/www.rri.ro\\\/ro_ar\\\/actualitati\\\/apanadisi-la-un-una-apofasi-ccr-id1055627.html\"},\"wordCount\":625,\"image\":{\"@id\":\"https:\\\/\\\/www.rri.ro\\\/ro_ar\\\/actualitati\\\/apanadisi-la-un-una-apofasi-ccr-id1055627.html#primaryimage\"},\"thumbnailUrl\":\"https:\\\/\\\/www.rri.ro\\\/wp-content\\\/uploads\\\/2025\\\/03\\\/curtea-constitutionala-ccr-justitie-foto-fb-ccr.jpg\",\"keywords\":[\"ANI\",\"CCR\",\"Curtea Constitu\u0163ional\u00e2\",\"declaratii di aveari\",\"PNRR\"],\"articleSection\":[\"Actualitati\"],\"inLanguage\":\"ro-AR\"},{\"@type\":\"WebPage\",\"@id\":\"https:\\\/\\\/www.rri.ro\\\/ro_ar\\\/actualitati\\\/apanadisi-la-un-una-apofasi-ccr-id1055627.html\",\"url\":\"https:\\\/\\\/www.rri.ro\\\/ro_ar\\\/actualitati\\\/apanadisi-la-un-una-apofasi-ccr-id1055627.html\",\"name\":\"Apanadisi la un un\u00e2 apofasi CCR - Radio Rom\u00e2nia Interna\u021bional\",\"isPartOf\":{\"@id\":\"https:\\\/\\\/www.rri.ro\\\/#website\"},\"primaryImageOfPage\":{\"@id\":\"https:\\\/\\\/www.rri.ro\\\/ro_ar\\\/actualitati\\\/apanadisi-la-un-una-apofasi-ccr-id1055627.html#primaryimage\"},\"image\":{\"@id\":\"https:\\\/\\\/www.rri.ro\\\/ro_ar\\\/actualitati\\\/apanadisi-la-un-una-apofasi-ccr-id1055627.html#primaryimage\"},\"thumbnailUrl\":\"https:\\\/\\\/www.rri.ro\\\/wp-content\\\/uploads\\\/2025\\\/03\\\/curtea-constitutionala-ccr-justitie-foto-fb-ccr.jpg\",\"datePublished\":\"2026-09-01T09:24:38+00:00\",\"author\":{\"@id\":\"https:\\\/\\\/www.rri.ro\\\/#\\\/schema\\\/person\\\/0fa1f8943b999abcb99a1b3ef35db4c0\"},\"breadcrumb\":{\"@id\":\"https:\\\/\\\/www.rri.ro\\\/ro_ar\\\/actualitati\\\/apanadisi-la-un-una-apofasi-ccr-id1055627.html#breadcrumb\"},\"inLanguage\":\"ro-AR\",\"potentialAction\":[{\"@type\":\"ReadAction\",\"target\":[\"https:\\\/\\\/www.rri.ro\\\/ro_ar\\\/actualitati\\\/apanadisi-la-un-una-apofasi-ccr-id1055627.html\"]}]},{\"@type\":\"ImageObject\",\"inLanguage\":\"ro-AR\",\"@id\":\"https:\\\/\\\/www.rri.ro\\\/ro_ar\\\/actualitati\\\/apanadisi-la-un-una-apofasi-ccr-id1055627.html#primaryimage\",\"url\":\"https:\\\/\\\/www.rri.ro\\\/wp-content\\\/uploads\\\/2025\\\/03\\\/curtea-constitutionala-ccr-justitie-foto-fb-ccr.jpg\",\"contentUrl\":\"https:\\\/\\\/www.rri.ro\\\/wp-content\\\/uploads\\\/2025\\\/03\\\/curtea-constitutionala-ccr-justitie-foto-fb-ccr.jpg\",\"width\":1200,\"height\":800,\"caption\":\"Constitutional Court rejects C\u0103lin Georgescu's presidential candidacy (photo: Facebook \\\/ Curtea Constitu\u021bional\u0103 a Rom\u00e2niei)\"},{\"@type\":\"BreadcrumbList\",\"@id\":\"https:\\\/\\\/www.rri.ro\\\/ro_ar\\\/actualitati\\\/apanadisi-la-un-una-apofasi-ccr-id1055627.html#breadcrumb\",\"itemListElement\":[{\"@type\":\"ListItem\",\"position\":1,\"name\":\"Prima pagin\u0103\",\"item\":\"https:\\\/\\\/www.rri.ro\\\/ro_ar\"},{\"@type\":\"ListItem\",\"position\":2,\"name\":\"Actualitati\",\"item\":\"https:\\\/\\\/www.rri.ro\\\/actualitati\"},{\"@type\":\"ListItem\",\"position\":3,\"name\":\"Apanadisi la un un\u00e2 apofasi CCR\"}]},{\"@type\":\"WebSite\",\"@id\":\"https:\\\/\\\/www.rri.ro\\\/#website\",\"url\":\"https:\\\/\\\/www.rri.ro\\\/\",\"name\":\"Radio Rom\u00e2nia Interna\u021bional\",\"description\":\"Totul despre Rom\u00e2nia \u015fi rom\u00e2ni, \u00een 13 limbi\\\/dialecte!\",\"inLanguage\":\"ro-AR\"},{\"@type\":\"Person\",\"@id\":\"https:\\\/\\\/www.rri.ro\\\/#\\\/schema\\\/person\\\/0fa1f8943b999abcb99a1b3ef35db4c0\",\"name\":\"Ta\u0219cu Lala\",\"url\":\"https:\\\/\\\/www.rri.ro\\\/ro_ar\\\/author\\\/taacu-lala\"}]}<\/script>\n<!-- \/ Yoast SEO plugin. -->","yoast_head_json":{"title":"Apanadisi la un un\u00e2 apofasi CCR - Radio Rom\u00e2nia Interna\u021bional","robots":{"index":"index","follow":"follow","max-snippet":"max-snippet:-1","max-image-preview":"max-image-preview:large","max-video-preview":"max-video-preview:-1"},"canonical":"https:\/\/www.rri.ro\/ro_ar\/actualitati\/apanadisi-la-un-una-apofasi-ccr-id1055627.html","og_locale":"ro_RO","og_type":"article","og_title":"Apanadisi la un un\u00e2 apofasi CCR - Radio Rom\u00e2nia Interna\u021bional","og_description":"Parlamentul di Bucure\u0219ti va s-hib\u00e2 cl\u2019imat dizn\u0103u tu sesiuni extraordinar\u00e2 \u2013 apofasea di luni ali Curti Constitu\u0163ional\u00e2 (CCR) pi n\u0103ulu nom a integritatil\u2019ei, jalon ditu PNRR, l\u00e2 bag\u00e2 zori a alep\u021b\u00e2lor s-al\u00e2xeasc\u00e2 ayon\u2019ia actul normativ ta s-nu chcear\u00e2 Rom\u00e2nia 770 di miliuni di evradz. Nomlu va bitiseari p\u00e2n\u00e2 tu bitisita a meslui. Giudic\u00e2toril\u2019i constitu\u0163ionali \u0219i-aspusir\u00e2 [&hellip;]","og_url":"https:\/\/www.rri.ro\/ro_ar\/actualitati\/apanadisi-la-un-una-apofasi-ccr-id1055627.html","og_site_name":"Radio Rom\u00e2nia Interna\u021bional","article_published_time":"2026-09-01T09:24:38+00:00","og_image":[{"width":1200,"height":800,"url":"https:\/\/www.rri.ro\/wp-content\/uploads\/2025\/03\/curtea-constitutionala-ccr-justitie-foto-fb-ccr.jpg","type":"image\/jpeg"}],"author":"Ta\u0219cu Lala","twitter_card":"summary_large_image","twitter_misc":{"Written by":"Ta\u0219cu Lala","Est. reading time":"3 minutes"},"schema":{"@context":"https:\/\/schema.org","@graph":[{"@type":"Article","@id":"https:\/\/www.rri.ro\/ro_ar\/actualitati\/apanadisi-la-un-una-apofasi-ccr-id1055627.html#article","isPartOf":{"@id":"https:\/\/www.rri.ro\/ro_ar\/actualitati\/apanadisi-la-un-una-apofasi-ccr-id1055627.html"},"author":{"name":"Ta\u0219cu Lala","@id":"https:\/\/www.rri.ro\/#\/schema\/person\/0fa1f8943b999abcb99a1b3ef35db4c0"},"headline":"Apanadisi la un un\u00e2 apofasi CCR","datePublished":"2026-09-01T09:24:38+00:00","mainEntityOfPage":{"@id":"https:\/\/www.rri.ro\/ro_ar\/actualitati\/apanadisi-la-un-una-apofasi-ccr-id1055627.html"},"wordCount":625,"image":{"@id":"https:\/\/www.rri.ro\/ro_ar\/actualitati\/apanadisi-la-un-una-apofasi-ccr-id1055627.html#primaryimage"},"thumbnailUrl":"https:\/\/www.rri.ro\/wp-content\/uploads\/2025\/03\/curtea-constitutionala-ccr-justitie-foto-fb-ccr.jpg","keywords":["ANI","CCR","Curtea Constitu\u0163ional\u00e2","declaratii di aveari","PNRR"],"articleSection":["Actualitati"],"inLanguage":"ro-AR"},{"@type":"WebPage","@id":"https:\/\/www.rri.ro\/ro_ar\/actualitati\/apanadisi-la-un-una-apofasi-ccr-id1055627.html","url":"https:\/\/www.rri.ro\/ro_ar\/actualitati\/apanadisi-la-un-una-apofasi-ccr-id1055627.html","name":"Apanadisi la un un\u00e2 apofasi CCR - Radio Rom\u00e2nia Interna\u021bional","isPartOf":{"@id":"https:\/\/www.rri.ro\/#website"},"primaryImageOfPage":{"@id":"https:\/\/www.rri.ro\/ro_ar\/actualitati\/apanadisi-la-un-una-apofasi-ccr-id1055627.html#primaryimage"},"image":{"@id":"https:\/\/www.rri.ro\/ro_ar\/actualitati\/apanadisi-la-un-una-apofasi-ccr-id1055627.html#primaryimage"},"thumbnailUrl":"https:\/\/www.rri.ro\/wp-content\/uploads\/2025\/03\/curtea-constitutionala-ccr-justitie-foto-fb-ccr.jpg","datePublished":"2026-09-01T09:24:38+00:00","author":{"@id":"https:\/\/www.rri.ro\/#\/schema\/person\/0fa1f8943b999abcb99a1b3ef35db4c0"},"breadcrumb":{"@id":"https:\/\/www.rri.ro\/ro_ar\/actualitati\/apanadisi-la-un-una-apofasi-ccr-id1055627.html#breadcrumb"},"inLanguage":"ro-AR","potentialAction":[{"@type":"ReadAction","target":["https:\/\/www.rri.ro\/ro_ar\/actualitati\/apanadisi-la-un-una-apofasi-ccr-id1055627.html"]}]},{"@type":"ImageObject","inLanguage":"ro-AR","@id":"https:\/\/www.rri.ro\/ro_ar\/actualitati\/apanadisi-la-un-una-apofasi-ccr-id1055627.html#primaryimage","url":"https:\/\/www.rri.ro\/wp-content\/uploads\/2025\/03\/curtea-constitutionala-ccr-justitie-foto-fb-ccr.jpg","contentUrl":"https:\/\/www.rri.ro\/wp-content\/uploads\/2025\/03\/curtea-constitutionala-ccr-justitie-foto-fb-ccr.jpg","width":1200,"height":800,"caption":"Constitutional Court rejects C\u0103lin Georgescu's presidential candidacy (photo: Facebook \/ Curtea Constitu\u021bional\u0103 a Rom\u00e2niei)"},{"@type":"BreadcrumbList","@id":"https:\/\/www.rri.ro\/ro_ar\/actualitati\/apanadisi-la-un-una-apofasi-ccr-id1055627.html#breadcrumb","itemListElement":[{"@type":"ListItem","position":1,"name":"Prima pagin\u0103","item":"https:\/\/www.rri.ro\/ro_ar"},{"@type":"ListItem","position":2,"name":"Actualitati","item":"https:\/\/www.rri.ro\/actualitati"},{"@type":"ListItem","position":3,"name":"Apanadisi la un un\u00e2 apofasi CCR"}]},{"@type":"WebSite","@id":"https:\/\/www.rri.ro\/#website","url":"https:\/\/www.rri.ro\/","name":"Radio Rom\u00e2nia Interna\u021bional","description":"Totul despre Rom\u00e2nia \u015fi rom\u00e2ni, \u00een 13 limbi\/dialecte!","inLanguage":"ro-AR"},{"@type":"Person","@id":"https:\/\/www.rri.ro\/#\/schema\/person\/0fa1f8943b999abcb99a1b3ef35db4c0","name":"Ta\u0219cu Lala","url":"https:\/\/www.rri.ro\/ro_ar\/author\/taacu-lala"}]}},"_links":{"self":[{"href":"https:\/\/www.rri.ro\/ro_ar\/wp-json\/wp\/v2\/posts\/1055627","targetHints":{"allow":["GET"]}}],"collection":[{"href":"https:\/\/www.rri.ro\/ro_ar\/wp-json\/wp\/v2\/posts"}],"about":[{"href":"https:\/\/www.rri.ro\/ro_ar\/wp-json\/wp\/v2\/types\/post"}],"author":[{"embeddable":true,"href":"https:\/\/www.rri.ro\/ro_ar\/wp-json\/wp\/v2\/users\/187"}],"replies":[{"embeddable":true,"href":"https:\/\/www.rri.ro\/ro_ar\/wp-json\/wp\/v2\/comments?post=1055627"}],"version-history":[{"count":0,"href":"https:\/\/www.rri.ro\/ro_ar\/wp-json\/wp\/v2\/posts\/1055627\/revisions"}],"wp:featuredmedia":[{"embeddable":true,"href":"https:\/\/www.rri.ro\/ro_ar\/wp-json\/wp\/v2\/media\/870158"}],"wp:attachment":[{"href":"https:\/\/www.rri.ro\/ro_ar\/wp-json\/wp\/v2\/media?parent=1055627"}],"wp:term":[{"taxonomy":"category","embeddable":true,"href":"https:\/\/www.rri.ro\/ro_ar\/wp-json\/wp\/v2\/categories?post=1055627"},{"taxonomy":"post_tag","embeddable":true,"href":"https:\/\/www.rri.ro\/ro_ar\/wp-json\/wp\/v2\/tags?post=1055627"},{"taxonomy":"author","embeddable":true,"href":"https:\/\/www.rri.ro\/ro_ar\/wp-json\/wp\/v2\/coauthors?post=1055627"}],"curies":[{"name":"wp","href":"https:\/\/api.w.org\/{rel}","templated":true}]}}