{"id":1055628,"date":"2026-09-01T12:30:21","date_gmt":"2026-09-01T09:30:21","guid":{"rendered":"https:\/\/www.rri.ro\/?p=1055628"},"modified":"2026-09-01T12:30:21","modified_gmt":"2026-09-01T09:30:21","slug":"piriclul-a-dronilor","status":"publish","type":"post","link":"https:\/\/www.rri.ro\/ro_ar\/actualitati\/piriclul-a-dronilor-id1055628.html","title":{"rendered":"Piricl\u2019ul a dronilor"},"content":{"rendered":"<p>Un\u00e2 dron\u00e2 marin\u00e2 cu b\u00e2ruti, \u021bi fu aflat\u00e2 f\u00e2r\u00e2 direc\u021bie \u0219i sil\u00e2 la ma\u0219i ndau\u00e2 suti di meatri di lucr\u0103rli di la platforma energhetic\u00e2 strateghic\u00e2 Neptun Deep, dusi, gioi, la anchisita ali un\u00e2 di cama susto opera\u021biuni di securitati dizv\u00e2rtiti di Rom\u00e2nie tu Amarea Lai. Dau\u00e2 aeronavi F-16 a For\u021bilor Aeriani Rom\u00e2ni s-mutar\u00e2 di-mpadi, iara un\u00e2 di eali di\u0219cl\u2019isi foclu pi dron\u00e2 \u0219i u agudi. Dapoaia, un\u00e2 echip\u00e2 spe\u021bializat\u00e2 mutri cu meng\u00e2 \u0219i neutraliz\u0103 acutotalui drona. Drona eara tu Zona Economic\u00e2 Exclusiv\u00e2 ali Rom\u00e2nie, la v\u00e2r\u00e2 80 di n\u2019il\u2019i marini apirit\u00e2 di Custan\u021ba (Constan\u021ba), \u0219i nu eara ucrainean\u00e2 \u2013 h\u00e2b\u0103ri loati pritu canallu di comunicari ndreptu cu Kievul. In\u021bidentul easti cu ah\u00e2t ma lai cu c\u00e2t Neptun Deep nu easti ma\u0219i un\u00e2 platform\u00e2 di extrac\u021bie a gazelor, ama \u0219-un proiectu cu umuti mari ti securitatea energhetic\u00e2 ali Rom\u00e2nie \u0219-ali reghiuni. A\u0219i, i\u021bi fuvirseari \u021bi \u00e2l\u2019i si fa\u021bi, ari, tutn\u00e2oar\u00e2, un\u00e2 dimensiuni strateghic\u00e2.<\/p>\n<p>Prezidentul Nicu\u0219or Dan ghinui opera\u021biunea \u0219i l\u00e2 deadi hiritimati a aschirladzlor rom\u00e2n\u2019i, a pilo\u021blor a\u021bilor dau\u00e2 aeronavi F-16 \u0219i a Gard\u00e2l\u2019ei di Coast\u00e2, \u021bi \u00e2l\u2019i b\u00e2g\u0103 oar\u00e2 a dron\u00e2l\u2019ei. \u0218eflu a statlui cundil\u2019e c\u0103 lucurlu di prota thesi fu afirearea a oamin\u2019ilor di pi platform\u00e2 \u0219i \u021b\u00e2nearea a infrastructuril\u2019ei critic\u00e2 nafoar\u00e2 di i\u021bido piricl\u2019u. Tu idyiul mesaj, Nicu\u0219or Dan c\u00e2t\u00e2yursi susto a\u021bea \u021bi u num\u00e2si cri\u0219tearea a nis\u00e2ntor \u201cin\u021bidenti niminduiti\u201d ditu partea ali Federa\u021bie Aruseasc\u00e2 \u0219i dz\u00e2si c\u0103 Rom\u00e2nia arm\u00e2ni di\u0219teapt\u00e2, arada di so\u021bl\u2019i NATO, ta s-ap\u0103r\u00e2 \u015fi s-d\u00e2n\u00e2seasc\u00e2 i\u021bi in\u021budentu \u021bi poati s-fac\u00e2 pi loclu na\u0163ional.<\/p>\n<p>\u0218-di Bruxelles vini cu\u0219ia un\u00e2 apandisi. Uniunea Evropean\u00e2 poati s-da apandisi ayon\u2019ia, cu unitati \u015fi apofasi la tuti fuvirserli, deadi asiguripseri prezidenta ali Comisie Evropean\u0103. Ursula von der Leyen dz\u00e2si ti catastisi c\u0103 easti parti dit un\u00e2 \u201ccampanie di fuvirseri \u021bi tutu crescu\u201d, \u021bi ari tu naeti s\u00e2 seamin\u00e2 frixi tu evropean\u2019i \u0219i s-duc\u00e2 la amp\u00e2r\u021bari, nuntru, tu Uniunea Evropean\u00e2. \u201cAestu easti polimlu hibrid\u201d, dz\u00e2si von der Leyen, zbur\u00e2ndalui ti anv\u00e2rtu\u0219area a capa\u021bitatil\u2019ei a evropean\u2019ilor di curmari a c\u00e2nd\u00e2serilor \u0219i a pre\u0219c\u0103vil\u2019ei. NATO easti etim\u00e2 s-ap\u00e2nd\u00e2seasc\u00e2, c\u00e2ndu s-hib\u00e2, la i\u021bido fuvirseari \u021bi poati s-yin\u00e2 \u2013 dz\u00e2si \u0219-tu arda a lui, un ufi\u021bial ali Alian\u0163\u00e2.<\/p>\n<p>Opera\u021biunea ditu 20 di agustu poati s-hib\u00e2 luyursit\u00e2 un suc\u021bes di ascheri: fuvirsearea fu d\u00e2n\u00e2sit\u00e2, platforma nu avu can\u00e2 zn\u2019ie dip, iara oamin\u2019il\u2019i \u021bi eara aclo, fur\u00e2 afiri\u021b. Ama in\u021bidentul easti, tu idyiul chiro, un semnal di alarm\u00e2\/t\u00e2mbihi. El aspuni c\u0103 Rom\u00e2nia lipsea\u0219ti s-hib\u00e2-ndreapt\u00e2, s-pruvead\u00e2 \u0219i s-d\u00e2n\u00e2seasc\u00e2, s-da apandisi tu unu chiro multu \u0219curtu tu catastisi tu cari droni aeriani i maritimi pot s-al\u00e2nceasc\u00e2 aproapea di obiectivili strateghi\u021bi.<\/p>\n<p>Autor: Corina Cristea<br \/>\nApridu\u021bearea: Mirela Biolan<\/p>\n","protected":false},"excerpt":{"rendered":"<p>Un\u00e2 dron\u00e2 marin\u00e2 cu b\u00e2ruti, \u021bi fu aflat\u00e2 f\u00e2r\u00e2 direc\u021bie \u0219i sil\u00e2 la ma\u0219i ndau\u00e2 suti di meatri di lucr\u0103rli di la platforma energhetic\u00e2 strateghic\u00e2 Neptun Deep, dusi, gioi, la anchisita ali un\u00e2 di cama susto opera\u021biuni di securitati dizv\u00e2rtiti di Rom\u00e2nie tu Amarea Lai. Dau\u00e2 aeronavi F-16 a For\u021bilor Aeriani Rom\u00e2ni s-mutar\u00e2 di-mpadi, iara [&hellip;]<\/p>\n","protected":false},"author":187,"featured_media":1048181,"comment_status":"closed","ping_status":"closed","sticky":false,"template":"","format":"standard","meta":{"_acf_changed":false,"footnotes":""},"categories":[69],"tags":[133896,133851,195983,195982,147681,46510,148336],"coauthors":[116465],"class_list":["post-1055628","post","type-post","status-publish","format-standard","has-post-thumbnail","hentry","category-actualitati","tag-arusia","tag-droni","tag-f16-ro_ar","tag-fortili-aeriani-romani","tag-romania-ro_ar","tag-ucraina","tag-ue-ro_ar"],"acf":[],"yoast_head":"<!-- This site is optimized with the Yoast SEO plugin v28.2 - https:\/\/yoast.com\/product\/yoast-seo-wordpress\/ -->\n<title>Piricl\u2019ul a dronilor - Radio Rom\u00e2nia Interna\u021bional<\/title>\n<meta name=\"robots\" content=\"index, follow, max-snippet:-1, max-image-preview:large, max-video-preview:-1\" \/>\n<link rel=\"canonical\" href=\"https:\/\/www.rri.ro\/ro_ar\/actualitati\/piriclul-a-dronilor-id1055628.html\" \/>\n<meta property=\"og:locale\" content=\"ro_RO\" \/>\n<meta property=\"og:type\" content=\"article\" \/>\n<meta property=\"og:title\" content=\"Piricl\u2019ul a dronilor - Radio Rom\u00e2nia Interna\u021bional\" \/>\n<meta property=\"og:description\" content=\"Un\u00e2 dron\u00e2 marin\u00e2 cu b\u00e2ruti, \u021bi fu aflat\u00e2 f\u00e2r\u00e2 direc\u021bie \u0219i sil\u00e2 la ma\u0219i ndau\u00e2 suti di meatri di lucr\u0103rli di la platforma energhetic\u00e2 strateghic\u00e2 Neptun Deep, dusi, gioi, la anchisita ali un\u00e2 di cama susto opera\u021biuni di securitati dizv\u00e2rtiti di Rom\u00e2nie tu Amarea Lai. Dau\u00e2 aeronavi F-16 a For\u021bilor Aeriani Rom\u00e2ni s-mutar\u00e2 di-mpadi, iara [&hellip;]\" \/>\n<meta property=\"og:url\" content=\"https:\/\/www.rri.ro\/ro_ar\/actualitati\/piriclul-a-dronilor-id1055628.html\" \/>\n<meta property=\"og:site_name\" content=\"Radio Rom\u00e2nia Interna\u021bional\" \/>\n<meta property=\"article:published_time\" content=\"2026-09-01T09:30:21+00:00\" \/>\n<meta property=\"og:image\" content=\"https:\/\/www.rri.ro\/wp-content\/uploads\/2026\/08\/F16_drona_AI-generated-16X9.jpg\" \/>\n\t<meta property=\"og:image:width\" content=\"959\" \/>\n\t<meta property=\"og:image:height\" content=\"540\" \/>\n\t<meta property=\"og:image:type\" content=\"image\/jpeg\" \/>\n<meta name=\"author\" content=\"Ta\u0219cu Lala\" \/>\n<meta name=\"twitter:card\" content=\"summary_large_image\" \/>\n<meta name=\"twitter:label1\" content=\"Written by\" \/>\n\t<meta name=\"twitter:data1\" content=\"Ta\u0219cu Lala\" \/>\n\t<meta name=\"twitter:label2\" content=\"Est. reading time\" \/>\n\t<meta name=\"twitter:data2\" content=\"3 minutes\" \/>\n<script type=\"application\/ld+json\" class=\"yoast-schema-graph\">{\"@context\":\"https:\\\/\\\/schema.org\",\"@graph\":[{\"@type\":\"Article\",\"@id\":\"https:\\\/\\\/www.rri.ro\\\/ro_ar\\\/actualitati\\\/piriclul-a-dronilor-id1055628.html#article\",\"isPartOf\":{\"@id\":\"https:\\\/\\\/www.rri.ro\\\/ro_ar\\\/actualitati\\\/piriclul-a-dronilor-id1055628.html\"},\"author\":{\"name\":\"Ta\u0219cu Lala\",\"@id\":\"https:\\\/\\\/www.rri.ro\\\/#\\\/schema\\\/person\\\/0fa1f8943b999abcb99a1b3ef35db4c0\"},\"headline\":\"Piricl\u2019ul a dronilor\",\"datePublished\":\"2026-09-01T09:30:21+00:00\",\"mainEntityOfPage\":{\"@id\":\"https:\\\/\\\/www.rri.ro\\\/ro_ar\\\/actualitati\\\/piriclul-a-dronilor-id1055628.html\"},\"wordCount\":539,\"image\":{\"@id\":\"https:\\\/\\\/www.rri.ro\\\/ro_ar\\\/actualitati\\\/piriclul-a-dronilor-id1055628.html#primaryimage\"},\"thumbnailUrl\":\"https:\\\/\\\/www.rri.ro\\\/wp-content\\\/uploads\\\/2026\\\/08\\\/F16_drona_AI-generated-16X9.jpg\",\"keywords\":[\"Arusia\",\"droni\",\"F16\",\"Fortili Aeriani Romani\",\"Romania\",\"Ucraina\",\"UE\"],\"articleSection\":[\"Actualitati\"],\"inLanguage\":\"ro-AR\"},{\"@type\":\"WebPage\",\"@id\":\"https:\\\/\\\/www.rri.ro\\\/ro_ar\\\/actualitati\\\/piriclul-a-dronilor-id1055628.html\",\"url\":\"https:\\\/\\\/www.rri.ro\\\/ro_ar\\\/actualitati\\\/piriclul-a-dronilor-id1055628.html\",\"name\":\"Piricl\u2019ul a dronilor - Radio Rom\u00e2nia Interna\u021bional\",\"isPartOf\":{\"@id\":\"https:\\\/\\\/www.rri.ro\\\/#website\"},\"primaryImageOfPage\":{\"@id\":\"https:\\\/\\\/www.rri.ro\\\/ro_ar\\\/actualitati\\\/piriclul-a-dronilor-id1055628.html#primaryimage\"},\"image\":{\"@id\":\"https:\\\/\\\/www.rri.ro\\\/ro_ar\\\/actualitati\\\/piriclul-a-dronilor-id1055628.html#primaryimage\"},\"thumbnailUrl\":\"https:\\\/\\\/www.rri.ro\\\/wp-content\\\/uploads\\\/2026\\\/08\\\/F16_drona_AI-generated-16X9.jpg\",\"datePublished\":\"2026-09-01T09:30:21+00:00\",\"author\":{\"@id\":\"https:\\\/\\\/www.rri.ro\\\/#\\\/schema\\\/person\\\/0fa1f8943b999abcb99a1b3ef35db4c0\"},\"breadcrumb\":{\"@id\":\"https:\\\/\\\/www.rri.ro\\\/ro_ar\\\/actualitati\\\/piriclul-a-dronilor-id1055628.html#breadcrumb\"},\"inLanguage\":\"ro-AR\",\"potentialAction\":[{\"@type\":\"ReadAction\",\"target\":[\"https:\\\/\\\/www.rri.ro\\\/ro_ar\\\/actualitati\\\/piriclul-a-dronilor-id1055628.html\"]}]},{\"@type\":\"ImageObject\",\"inLanguage\":\"ro-AR\",\"@id\":\"https:\\\/\\\/www.rri.ro\\\/ro_ar\\\/actualitati\\\/piriclul-a-dronilor-id1055628.html#primaryimage\",\"url\":\"https:\\\/\\\/www.rri.ro\\\/wp-content\\\/uploads\\\/2026\\\/08\\\/F16_drona_AI-generated-16X9.jpg\",\"contentUrl\":\"https:\\\/\\\/www.rri.ro\\\/wp-content\\\/uploads\\\/2026\\\/08\\\/F16_drona_AI-generated-16X9.jpg\",\"width\":959,\"height\":540,\"caption\":\"Avion F-16 \u015fi dron\u0103 generic\u0103 (fotografie generat\u0103 cu IA)\"},{\"@type\":\"BreadcrumbList\",\"@id\":\"https:\\\/\\\/www.rri.ro\\\/ro_ar\\\/actualitati\\\/piriclul-a-dronilor-id1055628.html#breadcrumb\",\"itemListElement\":[{\"@type\":\"ListItem\",\"position\":1,\"name\":\"Prima pagin\u0103\",\"item\":\"https:\\\/\\\/www.rri.ro\\\/ro_ar\"},{\"@type\":\"ListItem\",\"position\":2,\"name\":\"Actualitati\",\"item\":\"https:\\\/\\\/www.rri.ro\\\/actualitati\"},{\"@type\":\"ListItem\",\"position\":3,\"name\":\"Piricl\u2019ul a dronilor\"}]},{\"@type\":\"WebSite\",\"@id\":\"https:\\\/\\\/www.rri.ro\\\/#website\",\"url\":\"https:\\\/\\\/www.rri.ro\\\/\",\"name\":\"Radio Rom\u00e2nia Interna\u021bional\",\"description\":\"Totul despre Rom\u00e2nia \u015fi rom\u00e2ni, \u00een 13 limbi\\\/dialecte!\",\"inLanguage\":\"ro-AR\"},{\"@type\":\"Person\",\"@id\":\"https:\\\/\\\/www.rri.ro\\\/#\\\/schema\\\/person\\\/0fa1f8943b999abcb99a1b3ef35db4c0\",\"name\":\"Ta\u0219cu Lala\",\"url\":\"https:\\\/\\\/www.rri.ro\\\/ro_ar\\\/author\\\/taacu-lala\"}]}<\/script>\n<!-- \/ Yoast SEO plugin. -->","yoast_head_json":{"title":"Piricl\u2019ul a dronilor - Radio Rom\u00e2nia Interna\u021bional","robots":{"index":"index","follow":"follow","max-snippet":"max-snippet:-1","max-image-preview":"max-image-preview:large","max-video-preview":"max-video-preview:-1"},"canonical":"https:\/\/www.rri.ro\/ro_ar\/actualitati\/piriclul-a-dronilor-id1055628.html","og_locale":"ro_RO","og_type":"article","og_title":"Piricl\u2019ul a dronilor - Radio Rom\u00e2nia Interna\u021bional","og_description":"Un\u00e2 dron\u00e2 marin\u00e2 cu b\u00e2ruti, \u021bi fu aflat\u00e2 f\u00e2r\u00e2 direc\u021bie \u0219i sil\u00e2 la ma\u0219i ndau\u00e2 suti di meatri di lucr\u0103rli di la platforma energhetic\u00e2 strateghic\u00e2 Neptun Deep, dusi, gioi, la anchisita ali un\u00e2 di cama susto opera\u021biuni di securitati dizv\u00e2rtiti di Rom\u00e2nie tu Amarea Lai. Dau\u00e2 aeronavi F-16 a For\u021bilor Aeriani Rom\u00e2ni s-mutar\u00e2 di-mpadi, iara [&hellip;]","og_url":"https:\/\/www.rri.ro\/ro_ar\/actualitati\/piriclul-a-dronilor-id1055628.html","og_site_name":"Radio Rom\u00e2nia Interna\u021bional","article_published_time":"2026-09-01T09:30:21+00:00","og_image":[{"width":959,"height":540,"url":"https:\/\/www.rri.ro\/wp-content\/uploads\/2026\/08\/F16_drona_AI-generated-16X9.jpg","type":"image\/jpeg"}],"author":"Ta\u0219cu Lala","twitter_card":"summary_large_image","twitter_misc":{"Written by":"Ta\u0219cu Lala","Est. reading time":"3 minutes"},"schema":{"@context":"https:\/\/schema.org","@graph":[{"@type":"Article","@id":"https:\/\/www.rri.ro\/ro_ar\/actualitati\/piriclul-a-dronilor-id1055628.html#article","isPartOf":{"@id":"https:\/\/www.rri.ro\/ro_ar\/actualitati\/piriclul-a-dronilor-id1055628.html"},"author":{"name":"Ta\u0219cu Lala","@id":"https:\/\/www.rri.ro\/#\/schema\/person\/0fa1f8943b999abcb99a1b3ef35db4c0"},"headline":"Piricl\u2019ul a dronilor","datePublished":"2026-09-01T09:30:21+00:00","mainEntityOfPage":{"@id":"https:\/\/www.rri.ro\/ro_ar\/actualitati\/piriclul-a-dronilor-id1055628.html"},"wordCount":539,"image":{"@id":"https:\/\/www.rri.ro\/ro_ar\/actualitati\/piriclul-a-dronilor-id1055628.html#primaryimage"},"thumbnailUrl":"https:\/\/www.rri.ro\/wp-content\/uploads\/2026\/08\/F16_drona_AI-generated-16X9.jpg","keywords":["Arusia","droni","F16","Fortili Aeriani Romani","Romania","Ucraina","UE"],"articleSection":["Actualitati"],"inLanguage":"ro-AR"},{"@type":"WebPage","@id":"https:\/\/www.rri.ro\/ro_ar\/actualitati\/piriclul-a-dronilor-id1055628.html","url":"https:\/\/www.rri.ro\/ro_ar\/actualitati\/piriclul-a-dronilor-id1055628.html","name":"Piricl\u2019ul a dronilor - Radio Rom\u00e2nia Interna\u021bional","isPartOf":{"@id":"https:\/\/www.rri.ro\/#website"},"primaryImageOfPage":{"@id":"https:\/\/www.rri.ro\/ro_ar\/actualitati\/piriclul-a-dronilor-id1055628.html#primaryimage"},"image":{"@id":"https:\/\/www.rri.ro\/ro_ar\/actualitati\/piriclul-a-dronilor-id1055628.html#primaryimage"},"thumbnailUrl":"https:\/\/www.rri.ro\/wp-content\/uploads\/2026\/08\/F16_drona_AI-generated-16X9.jpg","datePublished":"2026-09-01T09:30:21+00:00","author":{"@id":"https:\/\/www.rri.ro\/#\/schema\/person\/0fa1f8943b999abcb99a1b3ef35db4c0"},"breadcrumb":{"@id":"https:\/\/www.rri.ro\/ro_ar\/actualitati\/piriclul-a-dronilor-id1055628.html#breadcrumb"},"inLanguage":"ro-AR","potentialAction":[{"@type":"ReadAction","target":["https:\/\/www.rri.ro\/ro_ar\/actualitati\/piriclul-a-dronilor-id1055628.html"]}]},{"@type":"ImageObject","inLanguage":"ro-AR","@id":"https:\/\/www.rri.ro\/ro_ar\/actualitati\/piriclul-a-dronilor-id1055628.html#primaryimage","url":"https:\/\/www.rri.ro\/wp-content\/uploads\/2026\/08\/F16_drona_AI-generated-16X9.jpg","contentUrl":"https:\/\/www.rri.ro\/wp-content\/uploads\/2026\/08\/F16_drona_AI-generated-16X9.jpg","width":959,"height":540,"caption":"Avion F-16 \u015fi dron\u0103 generic\u0103 (fotografie generat\u0103 cu IA)"},{"@type":"BreadcrumbList","@id":"https:\/\/www.rri.ro\/ro_ar\/actualitati\/piriclul-a-dronilor-id1055628.html#breadcrumb","itemListElement":[{"@type":"ListItem","position":1,"name":"Prima pagin\u0103","item":"https:\/\/www.rri.ro\/ro_ar"},{"@type":"ListItem","position":2,"name":"Actualitati","item":"https:\/\/www.rri.ro\/actualitati"},{"@type":"ListItem","position":3,"name":"Piricl\u2019ul a dronilor"}]},{"@type":"WebSite","@id":"https:\/\/www.rri.ro\/#website","url":"https:\/\/www.rri.ro\/","name":"Radio Rom\u00e2nia Interna\u021bional","description":"Totul despre Rom\u00e2nia \u015fi rom\u00e2ni, \u00een 13 limbi\/dialecte!","inLanguage":"ro-AR"},{"@type":"Person","@id":"https:\/\/www.rri.ro\/#\/schema\/person\/0fa1f8943b999abcb99a1b3ef35db4c0","name":"Ta\u0219cu Lala","url":"https:\/\/www.rri.ro\/ro_ar\/author\/taacu-lala"}]}},"_links":{"self":[{"href":"https:\/\/www.rri.ro\/ro_ar\/wp-json\/wp\/v2\/posts\/1055628","targetHints":{"allow":["GET"]}}],"collection":[{"href":"https:\/\/www.rri.ro\/ro_ar\/wp-json\/wp\/v2\/posts"}],"about":[{"href":"https:\/\/www.rri.ro\/ro_ar\/wp-json\/wp\/v2\/types\/post"}],"author":[{"embeddable":true,"href":"https:\/\/www.rri.ro\/ro_ar\/wp-json\/wp\/v2\/users\/187"}],"replies":[{"embeddable":true,"href":"https:\/\/www.rri.ro\/ro_ar\/wp-json\/wp\/v2\/comments?post=1055628"}],"version-history":[{"count":0,"href":"https:\/\/www.rri.ro\/ro_ar\/wp-json\/wp\/v2\/posts\/1055628\/revisions"}],"wp:featuredmedia":[{"embeddable":true,"href":"https:\/\/www.rri.ro\/ro_ar\/wp-json\/wp\/v2\/media\/1048181"}],"wp:attachment":[{"href":"https:\/\/www.rri.ro\/ro_ar\/wp-json\/wp\/v2\/media?parent=1055628"}],"wp:term":[{"taxonomy":"category","embeddable":true,"href":"https:\/\/www.rri.ro\/ro_ar\/wp-json\/wp\/v2\/categories?post=1055628"},{"taxonomy":"post_tag","embeddable":true,"href":"https:\/\/www.rri.ro\/ro_ar\/wp-json\/wp\/v2\/tags?post=1055628"},{"taxonomy":"author","embeddable":true,"href":"https:\/\/www.rri.ro\/ro_ar\/wp-json\/wp\/v2\/coauthors?post=1055628"}],"curies":[{"name":"wp","href":"https:\/\/api.w.org\/{rel}","templated":true}]}}