{"id":1055988,"date":"2026-09-02T18:57:03","date_gmt":"2026-09-02T15:57:03","guid":{"rendered":"https:\/\/www.rri.ro\/?p=1055988"},"modified":"2026-09-02T18:57:03","modified_gmt":"2026-09-02T15:57:03","slug":"romania-la-agiocurli-olimpiti-anlu-nadia-comaneci","status":"publish","type":"post","link":"https:\/\/www.rri.ro\/ro_ar\/actualitati\/romania-la-agiocurli-olimpiti-anlu-nadia-comaneci-id1055988.html","title":{"rendered":"Rom\u00e2nia la Agiocurli Olimpi\u0163i \u2013 Anlu Nadia Com\u0103neci"},"content":{"rendered":"<p>Anlu 2026 fu apufusitu ufi\u0163ialu ca hiindalui \u201eAnlu Nadia Com\u0103neci\u201d di autorit\u0103\u021bli rom\u00e2ni, tra s-nsimneadz\u0103 50 di an\u2019i di la prota not\u0103 di 10 ditu gimnastic\u0103, amintat\u0103 la Agiocurli Olimpi\u0163i di Montreal tu 1976.<br \/>\n.<br \/>\nNadia Com\u0103neci easti lugursit\u0103 nai ma marea sportiv\u0103 \u0163i u-avu v\u0103r\u0103oar\u0103 Rom\u00e2nia. Aleapt\u0103, tru 1999, Sportiva Secolui XX la dis\u0163iplini atleti\u0163i, Nadia easti, tr\u0103 multili b\u0103rnuri \u0163i au mirachi ti gimnastic\u0103, nai ma yilipsitorlu simbolu a pirifan\u2019il\u2019ei tru sportu.<\/p>\n<p>S-amint\u0103 tru 12 di brumaru 1961 tru c\u0103s\u0103b\u0103lu One\u0219ti (ditu apirita ali Rom\u00e2nie). La ilichia di 5 an\u2019i, feati protili jgl\u2019ioati tru gimnastic\u0103, hiinda aflat\u0103 tu arada a unlui concursu di selec\u021bie organizatu tru gr\u0103dini\u0163ili ditu c\u0103s\u0103b\u0103. Dup\u0103 ma\u015f un anu di preg\u0103tiri, ahurhi activitatea competi\u021bional\u0103 la categoria cilimean\u2019i. Tru 1971, la prota a l\u2019ei parti\u0163ipari interna\u021bional\u0103, la un concursu tru V\u0103rg\u0103rie, amint\u0103 protlu locu la paraleli \u0219i b\u00e2rn\u0103.<\/p>\n<p>Tru antri\u0163erli interna\u021bionali cari vinir\u0103 deapoa, Nadia agiumsi tru prota arad\u0103 pritu mu\u015futea\u0163a \u015fi pririfan\u2019ia min\u0103rloru, precizia execu\u021biiloru \u0219i sigurl\u0103chea a l\u2019ei. Ea agiumsi tru amprotusa tru majoritatea concursurloru rezervati speran\u021biloru la cari lo parti, cu chipita tru Interna\u021bionalili ali Rom\u00e2nie ditu 1973, c\u00e2ndu amint\u0103 protlu loc la individualu compus \u0219i la tuti a\u0163eali 4 aparati.<\/p>\n<p>Tru antri\u0163erli importanti a seniorloru, Nadia Com\u0103neci debut\u0103 tru 1975, la Europeanili di Skien. Intrarea l\u2019ei tru toplu continental fu yilipsitoari \u0219i, maxusu, multu mediatizat\u0103 di itia c\u0103, maca amint\u0103 4 medalii di mal\u0103m\u0103 \u0219i un\u0103 di asimi, rom\u00e2nca u n\u0103stri\u0163ea categoric pi nai ma buna gimnast\u0103 a lumil\u2019ei tru a\u0163ea oar\u0103, sovietica Ludmila Turi\u0219ceva.<\/p>\n<p>Nadia Com\u0103neci intr\u0103, ama, tru istorie un an ma am\u0103natu. La Agiocurli Olimpi\u0163i di Montreal, amint\u0103 trei medalii di mal\u0103m\u0103, hiinda tru amprotusa la individualu compusu, paraleli \u0219i b\u00e2rn\u0103. Ma multu, amint\u0103 asimea tru concursulu pi na\u021biuni cu pareia ali Rom\u00e2nie \u0219i brondzulu la sol. Performan\u021ba a l\u2019ei di mari vazi fu ama c\u0103ndu amint\u0103 prota not\u0103 di 10 ditu istoria gimnastic\u0103l\u2019ei \u015fi cu aest\u0103 furn\u2019ie s\u2019fea\u0163i prota al\u0103xeari tru regulamentulu di notari.<\/p>\n<p>Chiro di nica 5 ani, Nadia agiumsi tru amprotusa neise tru ierarhia mondial\u0103 a gimnastic\u0103l\u2019ei. Tru 1977 \u0219i 1979 amint\u0103 dizn\u0103u titlulu european la individualu compusu, nica \u015fi alti multi medalii di asimi \u0219i brondzu, la campionatili continentali disv\u0103rtiti Praga \u0219i Copenhaga. Tut tru 1979, la Campionatili a lumil\u2019ei di Fort Worth, spuni giumami cu protlu titlu mondialu tr\u0103 pareia ali Rom\u00e2nie, ama, di itia a un\u0103l\u2019ei accidentari, concureadz\u0103 ma\u015f la exerci\u021biili impusi.<\/p>\n<p>Tru 1980, Nadia confirm\u0103 valoarea la Olimpiada di Moscova, di iu s-turn\u0103 cu dau\u0103 medalii di mal\u0103m\u0103, la b\u00e2rn\u0103 \u0219i sol. Un an ma am\u0103natu, \u015f-bitisea\u015fti cariera, un\u0103 turlie idyealui yilipsitoari, cumu u-avu daima cu a l\u2019ei prezen\u021b\u0103 pi arena competi\u021bional\u0103, di amint\u0103 5 medalii di mal\u0103m\u0103 la a\u0163ea ditu soni a l\u2019ei competi\u021bie ufi\u0163al\u0103, Universiada di Bucure\u0219ti.<\/p>\n<p>Tru 1989, Nadia agiumsi tru menga a lumil\u2019ei pritu un\u0103 apofasi di mari curayiu. Ea fudzi ditu Rom\u00e2nia, neise tricu paranomu sinurlu c\u0103t\u0103 Ungaria \u0219i chinduri tru Statili Unite. Apofasea l\u2019ei fu nai ma marea goad\u0103 mediatic\u0103 \u0163i u deadi ti reghimlu ceau\u0219istu.<\/p>\n<p>&nbsp;<\/p>\n<p>Autor: Florin Orban<br \/>\nArm\u00e2nipsearea: Ta\u015fcu Lala<\/p>\n","protected":false},"excerpt":{"rendered":"<p>Anlu 2026 fu apufusitu ufi\u0163ialu ca hiindalui \u201eAnlu Nadia Com\u0103neci\u201d di autorit\u0103\u021bli rom\u00e2ni, tra s-nsimneadz\u0103 50 di an\u2019i di la prota not\u0103 di 10 ditu gimnastic\u0103, amintat\u0103 la Agiocurli Olimpi\u0163i di Montreal tu 1976. . Nadia Com\u0103neci easti lugursit\u0103 nai ma marea sportiv\u0103 \u0163i u-avu v\u0103r\u0103oar\u0103 Rom\u00e2nia. Aleapt\u0103, tru 1999, Sportiva Secolui XX la dis\u0163iplini [&hellip;]<\/p>\n","protected":false},"author":187,"featured_media":998922,"comment_status":"closed","ping_status":"closed","sticky":false,"template":"","format":"standard","meta":{"_acf_changed":false,"footnotes":""},"categories":[69],"tags":[151842],"coauthors":[116465],"class_list":["post-1055988","post","type-post","status-publish","format-standard","has-post-thumbnail","hentry","category-actualitati","tag-nadia-comaneci-ro_ar"],"acf":[],"yoast_head":"<!-- This site is optimized with the Yoast SEO plugin v28.2 - https:\/\/yoast.com\/product\/yoast-seo-wordpress\/ -->\n<title>Rom\u00e2nia la Agiocurli Olimpi\u0163i \u2013 Anlu Nadia Com\u0103neci - Radio Rom\u00e2nia Interna\u021bional<\/title>\n<meta name=\"robots\" content=\"index, follow, max-snippet:-1, max-image-preview:large, max-video-preview:-1\" \/>\n<link rel=\"canonical\" href=\"https:\/\/www.rri.ro\/ro_ar\/actualitati\/romania-la-agiocurli-olimpiti-anlu-nadia-comaneci-id1055988.html\" \/>\n<meta property=\"og:locale\" content=\"ro_RO\" \/>\n<meta property=\"og:type\" content=\"article\" \/>\n<meta property=\"og:title\" content=\"Rom\u00e2nia la Agiocurli Olimpi\u0163i \u2013 Anlu Nadia Com\u0103neci - Radio Rom\u00e2nia Interna\u021bional\" \/>\n<meta property=\"og:description\" content=\"Anlu 2026 fu apufusitu ufi\u0163ialu ca hiindalui \u201eAnlu Nadia Com\u0103neci\u201d di autorit\u0103\u021bli rom\u00e2ni, tra s-nsimneadz\u0103 50 di an\u2019i di la prota not\u0103 di 10 ditu gimnastic\u0103, amintat\u0103 la Agiocurli Olimpi\u0163i di Montreal tu 1976. . Nadia Com\u0103neci easti lugursit\u0103 nai ma marea sportiv\u0103 \u0163i u-avu v\u0103r\u0103oar\u0103 Rom\u00e2nia. Aleapt\u0103, tru 1999, Sportiva Secolui XX la dis\u0163iplini [&hellip;]\" \/>\n<meta property=\"og:url\" content=\"https:\/\/www.rri.ro\/ro_ar\/actualitati\/romania-la-agiocurli-olimpiti-anlu-nadia-comaneci-id1055988.html\" \/>\n<meta property=\"og:site_name\" content=\"Radio Rom\u00e2nia Interna\u021bional\" \/>\n<meta property=\"article:published_time\" content=\"2026-09-02T15:57:03+00:00\" \/>\n<meta property=\"og:image\" content=\"https:\/\/www.rri.ro\/wp-content\/uploads\/2026\/03\/nadia-comaneci-sursa-foto-cosr_16x9.jpg\" \/>\n\t<meta property=\"og:image:width\" content=\"960\" \/>\n\t<meta property=\"og:image:height\" content=\"540\" \/>\n\t<meta property=\"og:image:type\" content=\"image\/jpeg\" \/>\n<meta name=\"author\" content=\"Ta\u0219cu Lala\" \/>\n<meta name=\"twitter:card\" content=\"summary_large_image\" \/>\n<meta name=\"twitter:label1\" content=\"Written by\" \/>\n\t<meta name=\"twitter:data1\" content=\"Ta\u0219cu Lala\" \/>\n\t<meta name=\"twitter:label2\" content=\"Est. reading time\" \/>\n\t<meta name=\"twitter:data2\" content=\"3 minutes\" \/>\n<script type=\"application\/ld+json\" class=\"yoast-schema-graph\">{\"@context\":\"https:\\\/\\\/schema.org\",\"@graph\":[{\"@type\":\"Article\",\"@id\":\"https:\\\/\\\/www.rri.ro\\\/ro_ar\\\/actualitati\\\/romania-la-agiocurli-olimpiti-anlu-nadia-comaneci-id1055988.html#article\",\"isPartOf\":{\"@id\":\"https:\\\/\\\/www.rri.ro\\\/ro_ar\\\/actualitati\\\/romania-la-agiocurli-olimpiti-anlu-nadia-comaneci-id1055988.html\"},\"author\":{\"name\":\"Ta\u0219cu Lala\",\"@id\":\"https:\\\/\\\/www.rri.ro\\\/#\\\/schema\\\/person\\\/0fa1f8943b999abcb99a1b3ef35db4c0\"},\"headline\":\"Rom\u00e2nia la Agiocurli Olimpi\u0163i \u2013 Anlu Nadia Com\u0103neci\",\"datePublished\":\"2026-09-02T15:57:03+00:00\",\"mainEntityOfPage\":{\"@id\":\"https:\\\/\\\/www.rri.ro\\\/ro_ar\\\/actualitati\\\/romania-la-agiocurli-olimpiti-anlu-nadia-comaneci-id1055988.html\"},\"wordCount\":600,\"image\":{\"@id\":\"https:\\\/\\\/www.rri.ro\\\/ro_ar\\\/actualitati\\\/romania-la-agiocurli-olimpiti-anlu-nadia-comaneci-id1055988.html#primaryimage\"},\"thumbnailUrl\":\"https:\\\/\\\/www.rri.ro\\\/wp-content\\\/uploads\\\/2026\\\/03\\\/nadia-comaneci-sursa-foto-cosr_16x9.jpg\",\"keywords\":[\"Nadia Comaneci\"],\"articleSection\":[\"Actualitati\"],\"inLanguage\":\"ro-AR\"},{\"@type\":\"WebPage\",\"@id\":\"https:\\\/\\\/www.rri.ro\\\/ro_ar\\\/actualitati\\\/romania-la-agiocurli-olimpiti-anlu-nadia-comaneci-id1055988.html\",\"url\":\"https:\\\/\\\/www.rri.ro\\\/ro_ar\\\/actualitati\\\/romania-la-agiocurli-olimpiti-anlu-nadia-comaneci-id1055988.html\",\"name\":\"Rom\u00e2nia la Agiocurli Olimpi\u0163i \u2013 Anlu Nadia Com\u0103neci - Radio Rom\u00e2nia Interna\u021bional\",\"isPartOf\":{\"@id\":\"https:\\\/\\\/www.rri.ro\\\/#website\"},\"primaryImageOfPage\":{\"@id\":\"https:\\\/\\\/www.rri.ro\\\/ro_ar\\\/actualitati\\\/romania-la-agiocurli-olimpiti-anlu-nadia-comaneci-id1055988.html#primaryimage\"},\"image\":{\"@id\":\"https:\\\/\\\/www.rri.ro\\\/ro_ar\\\/actualitati\\\/romania-la-agiocurli-olimpiti-anlu-nadia-comaneci-id1055988.html#primaryimage\"},\"thumbnailUrl\":\"https:\\\/\\\/www.rri.ro\\\/wp-content\\\/uploads\\\/2026\\\/03\\\/nadia-comaneci-sursa-foto-cosr_16x9.jpg\",\"datePublished\":\"2026-09-02T15:57:03+00:00\",\"author\":{\"@id\":\"https:\\\/\\\/www.rri.ro\\\/#\\\/schema\\\/person\\\/0fa1f8943b999abcb99a1b3ef35db4c0\"},\"breadcrumb\":{\"@id\":\"https:\\\/\\\/www.rri.ro\\\/ro_ar\\\/actualitati\\\/romania-la-agiocurli-olimpiti-anlu-nadia-comaneci-id1055988.html#breadcrumb\"},\"inLanguage\":\"ro-AR\",\"potentialAction\":[{\"@type\":\"ReadAction\",\"target\":[\"https:\\\/\\\/www.rri.ro\\\/ro_ar\\\/actualitati\\\/romania-la-agiocurli-olimpiti-anlu-nadia-comaneci-id1055988.html\"]}]},{\"@type\":\"ImageObject\",\"inLanguage\":\"ro-AR\",\"@id\":\"https:\\\/\\\/www.rri.ro\\\/ro_ar\\\/actualitati\\\/romania-la-agiocurli-olimpiti-anlu-nadia-comaneci-id1055988.html#primaryimage\",\"url\":\"https:\\\/\\\/www.rri.ro\\\/wp-content\\\/uploads\\\/2026\\\/03\\\/nadia-comaneci-sursa-foto-cosr_16x9.jpg\",\"contentUrl\":\"https:\\\/\\\/www.rri.ro\\\/wp-content\\\/uploads\\\/2026\\\/03\\\/nadia-comaneci-sursa-foto-cosr_16x9.jpg\",\"width\":960,\"height\":540,\"caption\":\"Nadia Com\u0103neci ai Giochi Olimpici di Montreal (foto:\"},{\"@type\":\"BreadcrumbList\",\"@id\":\"https:\\\/\\\/www.rri.ro\\\/ro_ar\\\/actualitati\\\/romania-la-agiocurli-olimpiti-anlu-nadia-comaneci-id1055988.html#breadcrumb\",\"itemListElement\":[{\"@type\":\"ListItem\",\"position\":1,\"name\":\"Prima pagin\u0103\",\"item\":\"https:\\\/\\\/www.rri.ro\\\/ro_ar\"},{\"@type\":\"ListItem\",\"position\":2,\"name\":\"Actualitati\",\"item\":\"https:\\\/\\\/www.rri.ro\\\/actualitati\"},{\"@type\":\"ListItem\",\"position\":3,\"name\":\"Rom\u00e2nia la Agiocurli Olimpi\u0163i \u2013 Anlu Nadia Com\u0103neci\"}]},{\"@type\":\"WebSite\",\"@id\":\"https:\\\/\\\/www.rri.ro\\\/#website\",\"url\":\"https:\\\/\\\/www.rri.ro\\\/\",\"name\":\"Radio Rom\u00e2nia Interna\u021bional\",\"description\":\"Totul despre Rom\u00e2nia \u015fi rom\u00e2ni, \u00een 13 limbi\\\/dialecte!\",\"inLanguage\":\"ro-AR\"},{\"@type\":\"Person\",\"@id\":\"https:\\\/\\\/www.rri.ro\\\/#\\\/schema\\\/person\\\/0fa1f8943b999abcb99a1b3ef35db4c0\",\"name\":\"Ta\u0219cu Lala\",\"url\":\"https:\\\/\\\/www.rri.ro\\\/ro_ar\\\/author\\\/taacu-lala\"}]}<\/script>\n<!-- \/ Yoast SEO plugin. -->","yoast_head_json":{"title":"Rom\u00e2nia la Agiocurli Olimpi\u0163i \u2013 Anlu Nadia Com\u0103neci - Radio Rom\u00e2nia Interna\u021bional","robots":{"index":"index","follow":"follow","max-snippet":"max-snippet:-1","max-image-preview":"max-image-preview:large","max-video-preview":"max-video-preview:-1"},"canonical":"https:\/\/www.rri.ro\/ro_ar\/actualitati\/romania-la-agiocurli-olimpiti-anlu-nadia-comaneci-id1055988.html","og_locale":"ro_RO","og_type":"article","og_title":"Rom\u00e2nia la Agiocurli Olimpi\u0163i \u2013 Anlu Nadia Com\u0103neci - Radio Rom\u00e2nia Interna\u021bional","og_description":"Anlu 2026 fu apufusitu ufi\u0163ialu ca hiindalui \u201eAnlu Nadia Com\u0103neci\u201d di autorit\u0103\u021bli rom\u00e2ni, tra s-nsimneadz\u0103 50 di an\u2019i di la prota not\u0103 di 10 ditu gimnastic\u0103, amintat\u0103 la Agiocurli Olimpi\u0163i di Montreal tu 1976. . Nadia Com\u0103neci easti lugursit\u0103 nai ma marea sportiv\u0103 \u0163i u-avu v\u0103r\u0103oar\u0103 Rom\u00e2nia. Aleapt\u0103, tru 1999, Sportiva Secolui XX la dis\u0163iplini [&hellip;]","og_url":"https:\/\/www.rri.ro\/ro_ar\/actualitati\/romania-la-agiocurli-olimpiti-anlu-nadia-comaneci-id1055988.html","og_site_name":"Radio Rom\u00e2nia Interna\u021bional","article_published_time":"2026-09-02T15:57:03+00:00","og_image":[{"width":960,"height":540,"url":"https:\/\/www.rri.ro\/wp-content\/uploads\/2026\/03\/nadia-comaneci-sursa-foto-cosr_16x9.jpg","type":"image\/jpeg"}],"author":"Ta\u0219cu Lala","twitter_card":"summary_large_image","twitter_misc":{"Written by":"Ta\u0219cu Lala","Est. reading time":"3 minutes"},"schema":{"@context":"https:\/\/schema.org","@graph":[{"@type":"Article","@id":"https:\/\/www.rri.ro\/ro_ar\/actualitati\/romania-la-agiocurli-olimpiti-anlu-nadia-comaneci-id1055988.html#article","isPartOf":{"@id":"https:\/\/www.rri.ro\/ro_ar\/actualitati\/romania-la-agiocurli-olimpiti-anlu-nadia-comaneci-id1055988.html"},"author":{"name":"Ta\u0219cu Lala","@id":"https:\/\/www.rri.ro\/#\/schema\/person\/0fa1f8943b999abcb99a1b3ef35db4c0"},"headline":"Rom\u00e2nia la Agiocurli Olimpi\u0163i \u2013 Anlu Nadia Com\u0103neci","datePublished":"2026-09-02T15:57:03+00:00","mainEntityOfPage":{"@id":"https:\/\/www.rri.ro\/ro_ar\/actualitati\/romania-la-agiocurli-olimpiti-anlu-nadia-comaneci-id1055988.html"},"wordCount":600,"image":{"@id":"https:\/\/www.rri.ro\/ro_ar\/actualitati\/romania-la-agiocurli-olimpiti-anlu-nadia-comaneci-id1055988.html#primaryimage"},"thumbnailUrl":"https:\/\/www.rri.ro\/wp-content\/uploads\/2026\/03\/nadia-comaneci-sursa-foto-cosr_16x9.jpg","keywords":["Nadia Comaneci"],"articleSection":["Actualitati"],"inLanguage":"ro-AR"},{"@type":"WebPage","@id":"https:\/\/www.rri.ro\/ro_ar\/actualitati\/romania-la-agiocurli-olimpiti-anlu-nadia-comaneci-id1055988.html","url":"https:\/\/www.rri.ro\/ro_ar\/actualitati\/romania-la-agiocurli-olimpiti-anlu-nadia-comaneci-id1055988.html","name":"Rom\u00e2nia la Agiocurli Olimpi\u0163i \u2013 Anlu Nadia Com\u0103neci - Radio Rom\u00e2nia Interna\u021bional","isPartOf":{"@id":"https:\/\/www.rri.ro\/#website"},"primaryImageOfPage":{"@id":"https:\/\/www.rri.ro\/ro_ar\/actualitati\/romania-la-agiocurli-olimpiti-anlu-nadia-comaneci-id1055988.html#primaryimage"},"image":{"@id":"https:\/\/www.rri.ro\/ro_ar\/actualitati\/romania-la-agiocurli-olimpiti-anlu-nadia-comaneci-id1055988.html#primaryimage"},"thumbnailUrl":"https:\/\/www.rri.ro\/wp-content\/uploads\/2026\/03\/nadia-comaneci-sursa-foto-cosr_16x9.jpg","datePublished":"2026-09-02T15:57:03+00:00","author":{"@id":"https:\/\/www.rri.ro\/#\/schema\/person\/0fa1f8943b999abcb99a1b3ef35db4c0"},"breadcrumb":{"@id":"https:\/\/www.rri.ro\/ro_ar\/actualitati\/romania-la-agiocurli-olimpiti-anlu-nadia-comaneci-id1055988.html#breadcrumb"},"inLanguage":"ro-AR","potentialAction":[{"@type":"ReadAction","target":["https:\/\/www.rri.ro\/ro_ar\/actualitati\/romania-la-agiocurli-olimpiti-anlu-nadia-comaneci-id1055988.html"]}]},{"@type":"ImageObject","inLanguage":"ro-AR","@id":"https:\/\/www.rri.ro\/ro_ar\/actualitati\/romania-la-agiocurli-olimpiti-anlu-nadia-comaneci-id1055988.html#primaryimage","url":"https:\/\/www.rri.ro\/wp-content\/uploads\/2026\/03\/nadia-comaneci-sursa-foto-cosr_16x9.jpg","contentUrl":"https:\/\/www.rri.ro\/wp-content\/uploads\/2026\/03\/nadia-comaneci-sursa-foto-cosr_16x9.jpg","width":960,"height":540,"caption":"Nadia Com\u0103neci ai Giochi Olimpici di Montreal (foto:"},{"@type":"BreadcrumbList","@id":"https:\/\/www.rri.ro\/ro_ar\/actualitati\/romania-la-agiocurli-olimpiti-anlu-nadia-comaneci-id1055988.html#breadcrumb","itemListElement":[{"@type":"ListItem","position":1,"name":"Prima pagin\u0103","item":"https:\/\/www.rri.ro\/ro_ar"},{"@type":"ListItem","position":2,"name":"Actualitati","item":"https:\/\/www.rri.ro\/actualitati"},{"@type":"ListItem","position":3,"name":"Rom\u00e2nia la Agiocurli Olimpi\u0163i \u2013 Anlu Nadia Com\u0103neci"}]},{"@type":"WebSite","@id":"https:\/\/www.rri.ro\/#website","url":"https:\/\/www.rri.ro\/","name":"Radio Rom\u00e2nia Interna\u021bional","description":"Totul despre Rom\u00e2nia \u015fi rom\u00e2ni, \u00een 13 limbi\/dialecte!","inLanguage":"ro-AR"},{"@type":"Person","@id":"https:\/\/www.rri.ro\/#\/schema\/person\/0fa1f8943b999abcb99a1b3ef35db4c0","name":"Ta\u0219cu Lala","url":"https:\/\/www.rri.ro\/ro_ar\/author\/taacu-lala"}]}},"_links":{"self":[{"href":"https:\/\/www.rri.ro\/ro_ar\/wp-json\/wp\/v2\/posts\/1055988","targetHints":{"allow":["GET"]}}],"collection":[{"href":"https:\/\/www.rri.ro\/ro_ar\/wp-json\/wp\/v2\/posts"}],"about":[{"href":"https:\/\/www.rri.ro\/ro_ar\/wp-json\/wp\/v2\/types\/post"}],"author":[{"embeddable":true,"href":"https:\/\/www.rri.ro\/ro_ar\/wp-json\/wp\/v2\/users\/187"}],"replies":[{"embeddable":true,"href":"https:\/\/www.rri.ro\/ro_ar\/wp-json\/wp\/v2\/comments?post=1055988"}],"version-history":[{"count":1,"href":"https:\/\/www.rri.ro\/ro_ar\/wp-json\/wp\/v2\/posts\/1055988\/revisions"}],"predecessor-version":[{"id":1055989,"href":"https:\/\/www.rri.ro\/ro_ar\/wp-json\/wp\/v2\/posts\/1055988\/revisions\/1055989"}],"wp:featuredmedia":[{"embeddable":true,"href":"https:\/\/www.rri.ro\/ro_ar\/wp-json\/wp\/v2\/media\/998922"}],"wp:attachment":[{"href":"https:\/\/www.rri.ro\/ro_ar\/wp-json\/wp\/v2\/media?parent=1055988"}],"wp:term":[{"taxonomy":"category","embeddable":true,"href":"https:\/\/www.rri.ro\/ro_ar\/wp-json\/wp\/v2\/categories?post=1055988"},{"taxonomy":"post_tag","embeddable":true,"href":"https:\/\/www.rri.ro\/ro_ar\/wp-json\/wp\/v2\/tags?post=1055988"},{"taxonomy":"author","embeddable":true,"href":"https:\/\/www.rri.ro\/ro_ar\/wp-json\/wp\/v2\/coauthors?post=1055988"}],"curies":[{"name":"wp","href":"https:\/\/api.w.org\/{rel}","templated":true}]}}