{"id":182897,"date":"2016-12-06T12:24:00","date_gmt":"2016-12-06T10:24:00","guid":{"rendered":"http:\/\/devrri.freshlemon.ro\/actualitati\/tra-spitale-si-yiatra-182897.html"},"modified":"2016-12-06T12:24:00","modified_gmt":"2016-12-06T10:24:00","slug":"tra-spitale-si-yiatra","status":"publish","type":"post","link":"https:\/\/www.rri.ro\/ro_ar\/actualitati\/tra-spitale-si-yiatra-id182897.html","title":{"rendered":"Tra spitale \u015fi yiatra"},"content":{"rendered":"<p><strong style=line-height: 1.6em;>Lugursiti <\/strong>tra profesionalismu, ama <strong style=line-height: 1.6em;>niifharistusiti<\/strong> di condi\u0163iile di palteari \u015fi di ateali di lucru, tut ma multi cadri medicali aleg tra s-fug\u0103 dit vasilie. Datili suntu ma mult di gailipseari &#8212; dit anlu 2007, anlu di integrari ali Rom\u00e2nie tru Uniunea European\u0103, cama di 43 di n\u2019il\u2019i di speciali\u015fti caftara documenti cari s-l\u0103 da izini s\u0103-si faca zanatea tru xin\u0103tati, dup\u0103 ti statlu rom\u00e2n hargiui cama di 3 miliardi \u015fi giumitati di lei tra nvitarea a lor. A deapoa exodlu pari s-nu-l\u2019i danaseasc\u0103 &#8211; cara tru un an 3000 di yiatra intr\u0103 tru sistem, 3500 \u015f-dipun actele tra s-fug\u0103 nafoar\u0103. Consecin\u0163a a aistei catastisi-Rom\u00e2nia ari masi giumitati dit yiatarl\u2019i di cari ari ananghi.<\/p>\n<p>&#13;<br \/>\n&#13;<\/p>\n<p>&#13;<br \/>\n&#13;<\/p>\n<p>&#13;<br \/>\n&#13;<\/p>\n<p>Cifrili fura parastisiti di ministurlu Vlad Voiculescu, cari dimanda \u015fi una strategie cari s-l\u0103 da furn\u2019ia a yiatarlor s-arm\u0103n\u0103 tru vasilie. Planlu acata tru isapi meatri tra yinitorl\u2019i patru an\u2019i. Vlad Voiculescu: <strong>Spitalili s-ampulisescu cu una ixichi cabaia mari di personal \u015fi localit\u0103\u0163 multi cari nu au yeatru di familie. Motivarea a personalui medical tra sa-si faca zanatea tru Rom\u00e2nia spuni, tutunaoara tra bagarea tru lucru a nascantor politit di salarizare cari s-aiba la thimel\u2019iu performan\u0163i \u015fi rezultati, darea facilit\u0103\u0163li tra sa-si faca zanatea tru locuri izolate, darea a nascantor stimulente financiare.\u201d<\/strong><\/p>\n<p>&#13;<br \/>\n&#13;<\/p>\n<p>&#13;<br \/>\n&#13;<\/p>\n<p>&#13;<br \/>\n&#13;<\/p>\n<p>Ministurlu Vald Voiculescu nica spusi c\u0103 pana tora s-au fapta jgl\u2019ioati tra una tin\u2019ie di cafi mes ma bun\u0103 a lucratorlor dit s\u0103n\u0103tati, managerl\u2019i a spitalilor suntu evalua\u0163 ma corectu, a deapoa concursurli suntu ma transparente prit tipusearea a tutaloru ipotisilor pi platforma online a guvernului. Planlu, elaborat di Ministerlu a S\u0103n\u0103tatil\u2019ei cu agiutorlu ali Administra\u0163ie Preziden\u0163iala \u015fi a Organiza\u0163iil\u2019ei Mondiala a S\u0103n\u0103tatil\u2019ei, pruveadi bagarea tru lucru a nascantor meatri cari s-duc\u0103 la una tin\u2019ie di cafi mes corespunz\u0103toari a personalui medical, condi\u0163ii buni di lucru \u015fi posibilit\u0103\u0163 di dezvoltari profesional\u0103.<\/p>\n<p>&#13;<br \/>\n&#13;<\/p>\n<p>&#13;<br \/>\n&#13;<\/p>\n<p>&#13;<br \/>\n&#13;<\/p>\n<p>Proiectul ti adrari trei spitale reghionale, un n\u0103u nom a reziden\u0163iatlui, ma mult\u0103 transparen\u0163\u0103 tra organizarea \u015fi acceslu la concursurli dit sistemlu sanitar, deadun cu cri\u015fterli tra tin\u2019iili di cafi mes, s-aradapsescu anamisa di pruviderli ali strateghie. Tamam tru dzua anda fu lansat\u0103 strateghia, guvernul rom\u00e2n simna un acordu cu Banca European\u0103 di Investi\u0163ii, tru valoari di 1 miliuni \u015f-giumitate di euro, paradz cari va s-hiba ufilisi\u0163 tra angajarea a exper\u0163alor cari va s-ndreaga tuti documentili ti suntu ananghi tra finan\u0163area \u015fi construc\u0163ia a treiloru spitale reghionale &#8211; Ia\u015fi, Cluj-Napoca \u015fi Craiova. Ateali 3 unit\u0103\u0163 va s-fac\u0103 parti dit un singir di 8 spitale reghionale, acatati tru isapi tru Strateghia ali Rom\u00e2nie tra sectorlu a s\u0103n\u0103tatil\u2019ei \u015fi tru Programlu Opera\u0163ional Reghional tra perioada 2014-2020.<\/p>\n<p>&#13;<br \/>\n&#13;<\/p>\n<p>&#13;<br \/>\n&#13;<\/p>\n<p>Autor: Corina Cristea<\/p>\n<p>&#13;<br \/>\n&#13;<\/p>\n<p>Armanipsearea: Tascu Lala<\/p>\n<p>&#13;<\/p>\n","protected":false},"excerpt":{"rendered":"<p>Lugursiti tra profesionalismu, ama niifharistusiti di condi\u0163iile di palteari \u015fi di ateali di lucru, tut ma multi cadri medicali aleg tra s-fug\u0103 dit vasilie. Datili suntu ma mult di gailipseari &#8212; dit anlu 2007, anlu di integrari ali Rom\u00e2nie tru Uniunea European\u0103, cama di 43 di n\u2019il\u2019i di speciali\u015fti caftara documenti cari s-l\u0103 da izini [&hellip;]<\/p>\n","protected":false},"author":108,"featured_media":69880,"comment_status":"closed","ping_status":"closed","sticky":false,"template":"","format":"standard","meta":{"_acf_changed":false,"footnotes":""},"categories":[69],"tags":[46833,46830,46832,46831],"coauthors":[],"class_list":["post-182897","post","type-post","status-publish","format-standard","has-post-thumbnail","hentry","category-actualitati","tag-programlu-operational-reghional-tra-perioada-2014-2020","tag-spitali","tag-strateghia-ali-romanie-tra-sanatati","tag-yiatra"],"acf":[],"yoast_head":"<!-- This site is optimized with the Yoast SEO plugin v27.3 - https:\/\/yoast.com\/product\/yoast-seo-wordpress\/ -->\n<title>Tra spitale \u015fi yiatra - Radio Rom\u00e2nia Interna\u021bional<\/title>\n<meta name=\"robots\" content=\"index, follow, max-snippet:-1, max-image-preview:large, max-video-preview:-1\" \/>\n<link rel=\"canonical\" href=\"https:\/\/www.rri.ro\/ro_ar\/actualitati\/tra-spitale-si-yiatra-id182897.html\" \/>\n<meta property=\"og:locale\" content=\"ro_RO\" \/>\n<meta property=\"og:type\" content=\"article\" \/>\n<meta property=\"og:title\" content=\"Tra spitale \u015fi yiatra - Radio Rom\u00e2nia Interna\u021bional\" \/>\n<meta property=\"og:description\" content=\"Lugursiti tra profesionalismu, ama niifharistusiti di condi\u0163iile di palteari \u015fi di ateali di lucru, tut ma multi cadri medicali aleg tra s-fug\u0103 dit vasilie. Datili suntu ma mult di gailipseari &#8212; dit anlu 2007, anlu di integrari ali Rom\u00e2nie tru Uniunea European\u0103, cama di 43 di n\u2019il\u2019i di speciali\u015fti caftara documenti cari s-l\u0103 da izini [&hellip;]\" \/>\n<meta property=\"og:url\" content=\"https:\/\/www.rri.ro\/ro_ar\/actualitati\/tra-spitale-si-yiatra-id182897.html\" \/>\n<meta property=\"og:site_name\" content=\"Radio Rom\u00e2nia Interna\u021bional\" \/>\n<meta property=\"article:published_time\" content=\"2016-12-06T10:24:00+00:00\" \/>\n<meta property=\"og:image\" content=\"https:\/\/www.rri.ro\/wp-content\/uploads\/2023\/10\/vlad-voiculescu-gov.png\" \/>\n\t<meta property=\"og:image:width\" content=\"640\" \/>\n\t<meta property=\"og:image:height\" content=\"480\" \/>\n\t<meta property=\"og:image:type\" content=\"image\/png\" \/>\n<meta name=\"author\" content=\"Corina Cristea\" \/>\n<meta name=\"twitter:card\" content=\"summary_large_image\" \/>\n<meta name=\"twitter:label1\" content=\"Written by\" \/>\n\t<meta name=\"twitter:data1\" content=\"Corina Cristea\" \/>\n\t<meta name=\"twitter:label2\" content=\"Est. reading time\" \/>\n\t<meta name=\"twitter:data2\" content=\"2 minutes\" \/>\n<script type=\"application\/ld+json\" class=\"yoast-schema-graph\">{\"@context\":\"https:\\\/\\\/schema.org\",\"@graph\":[{\"@type\":\"Article\",\"@id\":\"https:\\\/\\\/www.rri.ro\\\/ro_ar\\\/actualitati\\\/tra-spitale-si-yiatra-id182897.html#article\",\"isPartOf\":{\"@id\":\"https:\\\/\\\/www.rri.ro\\\/ro_ar\\\/actualitati\\\/tra-spitale-si-yiatra-id182897.html\"},\"author\":{\"name\":\"Corina Cristea\",\"@id\":\"https:\\\/\\\/www.rri.ro\\\/#\\\/schema\\\/person\\\/f9ab1cb3569dee1b2c033a814bb7f0fc\"},\"headline\":\"Tra spitale \u015fi yiatra\",\"datePublished\":\"2016-12-06T10:24:00+00:00\",\"mainEntityOfPage\":{\"@id\":\"https:\\\/\\\/www.rri.ro\\\/ro_ar\\\/actualitati\\\/tra-spitale-si-yiatra-id182897.html\"},\"wordCount\":475,\"image\":{\"@id\":\"https:\\\/\\\/www.rri.ro\\\/ro_ar\\\/actualitati\\\/tra-spitale-si-yiatra-id182897.html#primaryimage\"},\"thumbnailUrl\":\"https:\\\/\\\/www.rri.ro\\\/wp-content\\\/uploads\\\/2023\\\/10\\\/vlad-voiculescu-gov.png\",\"keywords\":[\"Programlu Opera\u0163ional Reghional tra perioada 2014-2020\",\"Spitali\",\"Strateghia ali Rom\u00e2nie tra s\u0103n\u0103tati\",\"yiatra\"],\"articleSection\":[\"Actualitati\"],\"inLanguage\":\"ro-AR\"},{\"@type\":\"WebPage\",\"@id\":\"https:\\\/\\\/www.rri.ro\\\/ro_ar\\\/actualitati\\\/tra-spitale-si-yiatra-id182897.html\",\"url\":\"https:\\\/\\\/www.rri.ro\\\/ro_ar\\\/actualitati\\\/tra-spitale-si-yiatra-id182897.html\",\"name\":\"Tra spitale \u015fi yiatra - Radio Rom\u00e2nia Interna\u021bional\",\"isPartOf\":{\"@id\":\"https:\\\/\\\/www.rri.ro\\\/#website\"},\"primaryImageOfPage\":{\"@id\":\"https:\\\/\\\/www.rri.ro\\\/ro_ar\\\/actualitati\\\/tra-spitale-si-yiatra-id182897.html#primaryimage\"},\"image\":{\"@id\":\"https:\\\/\\\/www.rri.ro\\\/ro_ar\\\/actualitati\\\/tra-spitale-si-yiatra-id182897.html#primaryimage\"},\"thumbnailUrl\":\"https:\\\/\\\/www.rri.ro\\\/wp-content\\\/uploads\\\/2023\\\/10\\\/vlad-voiculescu-gov.png\",\"datePublished\":\"2016-12-06T10:24:00+00:00\",\"author\":{\"@id\":\"https:\\\/\\\/www.rri.ro\\\/#\\\/schema\\\/person\\\/f9ab1cb3569dee1b2c033a814bb7f0fc\"},\"breadcrumb\":{\"@id\":\"https:\\\/\\\/www.rri.ro\\\/ro_ar\\\/actualitati\\\/tra-spitale-si-yiatra-id182897.html#breadcrumb\"},\"inLanguage\":\"ro-AR\",\"potentialAction\":[{\"@type\":\"ReadAction\",\"target\":[\"https:\\\/\\\/www.rri.ro\\\/ro_ar\\\/actualitati\\\/tra-spitale-si-yiatra-id182897.html\"]}]},{\"@type\":\"ImageObject\",\"inLanguage\":\"ro-AR\",\"@id\":\"https:\\\/\\\/www.rri.ro\\\/ro_ar\\\/actualitati\\\/tra-spitale-si-yiatra-id182897.html#primaryimage\",\"url\":\"https:\\\/\\\/www.rri.ro\\\/wp-content\\\/uploads\\\/2023\\\/10\\\/vlad-voiculescu-gov.png\",\"contentUrl\":\"https:\\\/\\\/www.rri.ro\\\/wp-content\\\/uploads\\\/2023\\\/10\\\/vlad-voiculescu-gov.png\",\"width\":640,\"height\":480},{\"@type\":\"BreadcrumbList\",\"@id\":\"https:\\\/\\\/www.rri.ro\\\/ro_ar\\\/actualitati\\\/tra-spitale-si-yiatra-id182897.html#breadcrumb\",\"itemListElement\":[{\"@type\":\"ListItem\",\"position\":1,\"name\":\"Prima pagin\u0103\",\"item\":\"https:\\\/\\\/www.rri.ro\\\/ro_ar\"},{\"@type\":\"ListItem\",\"position\":2,\"name\":\"Actualitati\",\"item\":\"https:\\\/\\\/www.rri.ro\\\/actualitati\"},{\"@type\":\"ListItem\",\"position\":3,\"name\":\"Tra spitale \u015fi yiatra\"}]},{\"@type\":\"WebSite\",\"@id\":\"https:\\\/\\\/www.rri.ro\\\/#website\",\"url\":\"https:\\\/\\\/www.rri.ro\\\/\",\"name\":\"Radio Rom\u00e2nia Interna\u021bional\",\"description\":\"Totul despre Rom\u00e2nia \u015fi rom\u00e2ni, \u00een 13 limbi\\\/dialecte!\",\"inLanguage\":\"ro-AR\"},{\"@type\":\"Person\",\"@id\":\"https:\\\/\\\/www.rri.ro\\\/#\\\/schema\\\/person\\\/f9ab1cb3569dee1b2c033a814bb7f0fc\",\"name\":\"Corina Cristea\",\"url\":\"https:\\\/\\\/www.rri.ro\\\/ro_ar\\\/author\\\/corina-cristea\"}]}<\/script>\n<!-- \/ Yoast SEO plugin. -->","yoast_head_json":{"title":"Tra spitale \u015fi yiatra - Radio Rom\u00e2nia Interna\u021bional","robots":{"index":"index","follow":"follow","max-snippet":"max-snippet:-1","max-image-preview":"max-image-preview:large","max-video-preview":"max-video-preview:-1"},"canonical":"https:\/\/www.rri.ro\/ro_ar\/actualitati\/tra-spitale-si-yiatra-id182897.html","og_locale":"ro_RO","og_type":"article","og_title":"Tra spitale \u015fi yiatra - Radio Rom\u00e2nia Interna\u021bional","og_description":"Lugursiti tra profesionalismu, ama niifharistusiti di condi\u0163iile di palteari \u015fi di ateali di lucru, tut ma multi cadri medicali aleg tra s-fug\u0103 dit vasilie. Datili suntu ma mult di gailipseari &#8212; dit anlu 2007, anlu di integrari ali Rom\u00e2nie tru Uniunea European\u0103, cama di 43 di n\u2019il\u2019i di speciali\u015fti caftara documenti cari s-l\u0103 da izini [&hellip;]","og_url":"https:\/\/www.rri.ro\/ro_ar\/actualitati\/tra-spitale-si-yiatra-id182897.html","og_site_name":"Radio Rom\u00e2nia Interna\u021bional","article_published_time":"2016-12-06T10:24:00+00:00","og_image":[{"width":640,"height":480,"url":"https:\/\/www.rri.ro\/wp-content\/uploads\/2023\/10\/vlad-voiculescu-gov.png","type":"image\/png"}],"author":"Corina Cristea","twitter_card":"summary_large_image","twitter_misc":{"Written by":"Corina Cristea","Est. reading time":"2 minutes"},"schema":{"@context":"https:\/\/schema.org","@graph":[{"@type":"Article","@id":"https:\/\/www.rri.ro\/ro_ar\/actualitati\/tra-spitale-si-yiatra-id182897.html#article","isPartOf":{"@id":"https:\/\/www.rri.ro\/ro_ar\/actualitati\/tra-spitale-si-yiatra-id182897.html"},"author":{"name":"Corina Cristea","@id":"https:\/\/www.rri.ro\/#\/schema\/person\/f9ab1cb3569dee1b2c033a814bb7f0fc"},"headline":"Tra spitale \u015fi yiatra","datePublished":"2016-12-06T10:24:00+00:00","mainEntityOfPage":{"@id":"https:\/\/www.rri.ro\/ro_ar\/actualitati\/tra-spitale-si-yiatra-id182897.html"},"wordCount":475,"image":{"@id":"https:\/\/www.rri.ro\/ro_ar\/actualitati\/tra-spitale-si-yiatra-id182897.html#primaryimage"},"thumbnailUrl":"https:\/\/www.rri.ro\/wp-content\/uploads\/2023\/10\/vlad-voiculescu-gov.png","keywords":["Programlu Opera\u0163ional Reghional tra perioada 2014-2020","Spitali","Strateghia ali Rom\u00e2nie tra s\u0103n\u0103tati","yiatra"],"articleSection":["Actualitati"],"inLanguage":"ro-AR"},{"@type":"WebPage","@id":"https:\/\/www.rri.ro\/ro_ar\/actualitati\/tra-spitale-si-yiatra-id182897.html","url":"https:\/\/www.rri.ro\/ro_ar\/actualitati\/tra-spitale-si-yiatra-id182897.html","name":"Tra spitale \u015fi yiatra - Radio Rom\u00e2nia Interna\u021bional","isPartOf":{"@id":"https:\/\/www.rri.ro\/#website"},"primaryImageOfPage":{"@id":"https:\/\/www.rri.ro\/ro_ar\/actualitati\/tra-spitale-si-yiatra-id182897.html#primaryimage"},"image":{"@id":"https:\/\/www.rri.ro\/ro_ar\/actualitati\/tra-spitale-si-yiatra-id182897.html#primaryimage"},"thumbnailUrl":"https:\/\/www.rri.ro\/wp-content\/uploads\/2023\/10\/vlad-voiculescu-gov.png","datePublished":"2016-12-06T10:24:00+00:00","author":{"@id":"https:\/\/www.rri.ro\/#\/schema\/person\/f9ab1cb3569dee1b2c033a814bb7f0fc"},"breadcrumb":{"@id":"https:\/\/www.rri.ro\/ro_ar\/actualitati\/tra-spitale-si-yiatra-id182897.html#breadcrumb"},"inLanguage":"ro-AR","potentialAction":[{"@type":"ReadAction","target":["https:\/\/www.rri.ro\/ro_ar\/actualitati\/tra-spitale-si-yiatra-id182897.html"]}]},{"@type":"ImageObject","inLanguage":"ro-AR","@id":"https:\/\/www.rri.ro\/ro_ar\/actualitati\/tra-spitale-si-yiatra-id182897.html#primaryimage","url":"https:\/\/www.rri.ro\/wp-content\/uploads\/2023\/10\/vlad-voiculescu-gov.png","contentUrl":"https:\/\/www.rri.ro\/wp-content\/uploads\/2023\/10\/vlad-voiculescu-gov.png","width":640,"height":480},{"@type":"BreadcrumbList","@id":"https:\/\/www.rri.ro\/ro_ar\/actualitati\/tra-spitale-si-yiatra-id182897.html#breadcrumb","itemListElement":[{"@type":"ListItem","position":1,"name":"Prima pagin\u0103","item":"https:\/\/www.rri.ro\/ro_ar"},{"@type":"ListItem","position":2,"name":"Actualitati","item":"https:\/\/www.rri.ro\/actualitati"},{"@type":"ListItem","position":3,"name":"Tra spitale \u015fi yiatra"}]},{"@type":"WebSite","@id":"https:\/\/www.rri.ro\/#website","url":"https:\/\/www.rri.ro\/","name":"Radio Rom\u00e2nia Interna\u021bional","description":"Totul despre Rom\u00e2nia \u015fi rom\u00e2ni, \u00een 13 limbi\/dialecte!","inLanguage":"ro-AR"},{"@type":"Person","@id":"https:\/\/www.rri.ro\/#\/schema\/person\/f9ab1cb3569dee1b2c033a814bb7f0fc","name":"Corina Cristea","url":"https:\/\/www.rri.ro\/ro_ar\/author\/corina-cristea"}]}},"_links":{"self":[{"href":"https:\/\/www.rri.ro\/ro_ar\/wp-json\/wp\/v2\/posts\/182897","targetHints":{"allow":["GET"]}}],"collection":[{"href":"https:\/\/www.rri.ro\/ro_ar\/wp-json\/wp\/v2\/posts"}],"about":[{"href":"https:\/\/www.rri.ro\/ro_ar\/wp-json\/wp\/v2\/types\/post"}],"author":[{"embeddable":true,"href":"https:\/\/www.rri.ro\/ro_ar\/wp-json\/wp\/v2\/users\/108"}],"replies":[{"embeddable":true,"href":"https:\/\/www.rri.ro\/ro_ar\/wp-json\/wp\/v2\/comments?post=182897"}],"version-history":[{"count":0,"href":"https:\/\/www.rri.ro\/ro_ar\/wp-json\/wp\/v2\/posts\/182897\/revisions"}],"wp:featuredmedia":[{"embeddable":true,"href":"https:\/\/www.rri.ro\/ro_ar\/wp-json\/wp\/v2\/media\/69880"}],"wp:attachment":[{"href":"https:\/\/www.rri.ro\/ro_ar\/wp-json\/wp\/v2\/media?parent=182897"}],"wp:term":[{"taxonomy":"category","embeddable":true,"href":"https:\/\/www.rri.ro\/ro_ar\/wp-json\/wp\/v2\/categories?post=182897"},{"taxonomy":"post_tag","embeddable":true,"href":"https:\/\/www.rri.ro\/ro_ar\/wp-json\/wp\/v2\/tags?post=182897"},{"taxonomy":"author","embeddable":true,"href":"https:\/\/www.rri.ro\/ro_ar\/wp-json\/wp\/v2\/coauthors?post=182897"}],"curies":[{"name":"wp","href":"https:\/\/api.w.org\/{rel}","templated":true}]}}