{"id":184206,"date":"2020-03-12T06:09:00","date_gmt":"2020-03-12T04:09:00","guid":{"rendered":"http:\/\/devrri.freshlemon.ro\/actualitati\/epidemia-di-covid-19-easti-una-pandemie-habarisi-organizatia-mondiala-184206.html"},"modified":"2020-03-12T06:09:00","modified_gmt":"2020-03-12T04:09:00","slug":"epidemia-di-covid-19-easti-una-pandemie-habarisi-organizatia-mondiala","status":"publish","type":"post","link":"https:\/\/www.rri.ro\/ro_ar\/actualitati\/epidemia-di-covid-19-easti-una-pandemie-habarisi-organizatia-mondiala-id184206.html","title":{"rendered":"Epidemia di COVID-19 easti un\u00e2 &#8221;pandemie&#8221;, h\u00e2b\u00e2risi Organiza\u0163ia Mondial\u0103"},"content":{"rendered":"<p>Fucurina global\u00e2 di coronavirus agiumsi tora pi livelu a un\u00e2llei pandemii global\u00e2, spusi directorlu a Organiza\u0163illei Mondial\u00e2 a S\u00e2n\u00e2tatillei, Tedros Adhanom Ghebreyesus.<\/p>\n<p>&#13;<br \/>\n&#13;<\/p>\n<p>&#13;<br \/>\n&#13;<\/p>\n<p>&#8220;OMS fea\u0163i isapi ti aest\u00e2 fucurin\u00e2 24 di s\u00e2h\u00e3\u0163 dit 24 \u015fi multu himu g\u00e2ilipsi\u0163 di livelurli l\u00e2ht\u00e2roasi ti cumu s\u2019ar\u00e2sp\u00e2mdea\u015fti nica \u015f\u2019c\u00e2tu greau\u00e2 easti l\u00e2ngoarea, ama \u015fi di livelurli l\u00e2ht\u00e2roasi di inac\u0163iuni&#8221;, spusi aestu, aleptu di DPA.<br \/>&#13;<br \/>\n<br \/>&#13;\n <\/p>\n<p>&#13;<br \/>\n&#13;<\/p>\n<p>Tru dauli st\u00e2m\u00e2n\u2019i dit soni, numirlu di cazuri di Covid-19 nafoara-a epikentrului epidimiillei tru China criscu di 13 di ori \u015fi numirlu a craturloru aguditi\/ zn\u2019iipsiti agiumsi triplo, spusi c\u00e2pia di la OMS.<br \/>&#13;<br \/>\n<br \/>&#13;\n <\/p>\n<p>&#13;<br \/>\n&#13;<\/p>\n<p>Tutu cu tutu, cazurli agiumsir\u00e2 la 118.000 di sufliti tru 114 di craturi, cu 4.291 di oamini \u0163i murir\u00e2.<br \/>&#13;<br \/>\n<br \/>&#13;\n <\/p>\n<p>&#13;<br \/>\n&#13;<\/p>\n<p>Ac\u00e2 s-agiumsi pi declararea a un\u00e2llei pandemii, cari di arada easti akic\u00e2sit\u00e2 ca un\u00e2 fucurin\u00e2 multu zori s\u2019hib\u00e2 viglleat\u00e2 cari s\u2019ar\u00e2sp\u00e2ndea\u015fti pi plan interna\u0163ional, Tedros cumdilleadz\u00e2 c\u0103 nica ari c\u00e2bili ta s\u2019n\u2019icureadz\u00e2 numirlu di n\u0103i infec\u0163ii ma s\u2019llea meatri v\u00e2rtoasi tu politica di s\u0103n\u0103tati.<br \/>&#13;\n <\/p>\n<p>&#13;<br \/>\n&#13;<\/p>\n<p>Tuti craturli pot s\u2019al\u00e2xeasc\u00e2 imnaticlu a ai\u015ftei pandemii\u201d, ad\u0103vg\u0103 directorlu di la OMS<\/p>\n<p>&#13;<br \/>\n&#13;<\/p>\n<p>&#13;<br \/>\n&#13;<\/p>\n<p><strong>Catastisea cazurloru di coronavirus tru Rom\u00e2nia<\/strong>:<\/p>\n<p>&#13;<br \/>\n&#13;<\/p>\n<p>38 di cazuri confirmati \/ 6 pacien\u0163\u00e2 vindica\u0163 \/  487 di persoani tru carantin\u0103 \/  11.684 persoani izolati.<\/p>\n<p>&#13;<br \/>\n&#13;<\/p>\n<p><strong>Un\u00e2 mlleari pi ilikia di 54 di an\u2019i, di Bucure\u0219ti, contactu directu a \u0163ilui di ma ninti ofi\u0163er MAI internat la Spitalu Gerota, easti a 38-a persoan\u0103 infectat\u0103 cu coronavirus dit Rom\u00e2nia. <\/strong><\/p>\n<p>&#13;<br \/>\n&#13;<\/p>\n<p>&#13;<br \/>\n&#13;<\/p>\n<p><strong>Arm\u00e2nipsearea: Ta\u015fcu Lala<\/strong><\/p>\n<p>&#13;<br \/>\n&#13;<\/p>\n<p>&#13;<br \/>\n&#13;<\/p>\n<p>&#13;<br \/>\n&#13;<\/p>\n<p>&#13;<\/p>\n","protected":false},"excerpt":{"rendered":"<p>Fucurina global\u00e2 di coronavirus agiumsi tora pi livelu a un\u00e2llei pandemii global\u00e2, spusi directorlu a Organiza\u0163illei Mondial\u00e2 a S\u00e2n\u00e2tatillei, Tedros Adhanom Ghebreyesus. &#13; &#13; &#13; &#13; &#8220;OMS fea\u0163i isapi ti aest\u00e2 fucurin\u00e2 24 di s\u00e2h\u00e3\u0163 dit 24 \u015fi multu himu g\u00e2ilipsi\u0163 di livelurli l\u00e2ht\u00e2roasi ti cumu s\u2019ar\u00e2sp\u00e2mdea\u015fti nica \u015f\u2019c\u00e2tu greau\u00e2 easti l\u00e2ngoarea, ama \u015fi di [&hellip;]<\/p>\n","protected":false},"author":187,"featured_media":184207,"comment_status":"closed","ping_status":"closed","sticky":false,"template":"","format":"standard","meta":{"_acf_changed":false,"footnotes":""},"categories":[69],"tags":[35339,35397,47025,47026,19347],"coauthors":[],"class_list":["post-184206","post","type-post","status-publish","format-standard","has-post-thumbnail","hentry","category-actualitati","tag-coronavirus","tag-covid19","tag-oms","tag-pandemie","tag-romania"],"acf":[],"yoast_head":"<!-- This site is optimized with the Yoast SEO plugin v27.3 - https:\/\/yoast.com\/product\/yoast-seo-wordpress\/ -->\n<title>Epidemia di COVID-19 easti un\u00e2 &#039;&#039;pandemie&#039;&#039;, h\u00e2b\u00e2risi Organiza\u0163ia Mondial\u0103 - Radio Rom\u00e2nia Interna\u021bional<\/title>\n<meta name=\"robots\" content=\"index, follow, max-snippet:-1, max-image-preview:large, max-video-preview:-1\" \/>\n<link rel=\"canonical\" href=\"https:\/\/www.rri.ro\/ro_ar\/actualitati\/epidemia-di-covid-19-easti-una-pandemie-habarisi-organizatia-mondiala-id184206.html\" \/>\n<meta property=\"og:locale\" content=\"ro_RO\" \/>\n<meta property=\"og:type\" content=\"article\" \/>\n<meta property=\"og:title\" content=\"Epidemia di COVID-19 easti un\u00e2 &#039;&#039;pandemie&#039;&#039;, h\u00e2b\u00e2risi Organiza\u0163ia Mondial\u0103 - Radio Rom\u00e2nia Interna\u021bional\" \/>\n<meta property=\"og:description\" content=\"Fucurina global\u00e2 di coronavirus agiumsi tora pi livelu a un\u00e2llei pandemii global\u00e2, spusi directorlu a Organiza\u0163illei Mondial\u00e2 a S\u00e2n\u00e2tatillei, Tedros Adhanom Ghebreyesus. &#013; &#013; &#013; &#013; &#8220;OMS fea\u0163i isapi ti aest\u00e2 fucurin\u00e2 24 di s\u00e2h\u00e3\u0163 dit 24 \u015fi multu himu g\u00e2ilipsi\u0163 di livelurli l\u00e2ht\u00e2roasi ti cumu s\u2019ar\u00e2sp\u00e2mdea\u015fti nica \u015f\u2019c\u00e2tu greau\u00e2 easti l\u00e2ngoarea, ama \u015fi di [&hellip;]\" \/>\n<meta property=\"og:url\" content=\"https:\/\/www.rri.ro\/ro_ar\/actualitati\/epidemia-di-covid-19-easti-una-pandemie-habarisi-organizatia-mondiala-id184206.html\" \/>\n<meta property=\"og:site_name\" content=\"Radio Rom\u00e2nia Interna\u021bional\" \/>\n<meta property=\"article:published_time\" content=\"2020-03-12T04:09:00+00:00\" \/>\n<meta property=\"og:image\" content=\"https:\/\/www.rri.ro\/wp-content\/uploads\/2023\/10\/oms-organizatia-mondiala-sanatatii-logo.jpg\" \/>\n\t<meta property=\"og:image:width\" content=\"640\" \/>\n\t<meta property=\"og:image:height\" content=\"422\" \/>\n\t<meta property=\"og:image:type\" content=\"image\/jpeg\" \/>\n<meta name=\"author\" content=\"Ta\u0219cu Lala\" \/>\n<meta name=\"twitter:card\" content=\"summary_large_image\" \/>\n<meta name=\"twitter:label1\" content=\"Written by\" \/>\n\t<meta name=\"twitter:data1\" content=\"Ta\u0219cu Lala\" \/>\n\t<meta name=\"twitter:label2\" content=\"Est. reading time\" \/>\n\t<meta name=\"twitter:data2\" content=\"1 minute\" \/>\n<script type=\"application\/ld+json\" class=\"yoast-schema-graph\">{\"@context\":\"https:\\\/\\\/schema.org\",\"@graph\":[{\"@type\":\"Article\",\"@id\":\"https:\\\/\\\/www.rri.ro\\\/ro_ar\\\/actualitati\\\/epidemia-di-covid-19-easti-una-pandemie-habarisi-organizatia-mondiala-id184206.html#article\",\"isPartOf\":{\"@id\":\"https:\\\/\\\/www.rri.ro\\\/ro_ar\\\/actualitati\\\/epidemia-di-covid-19-easti-una-pandemie-habarisi-organizatia-mondiala-id184206.html\"},\"author\":{\"name\":\"Ta\u0219cu Lala\",\"@id\":\"https:\\\/\\\/www.rri.ro\\\/#\\\/schema\\\/person\\\/0fa1f8943b999abcb99a1b3ef35db4c0\"},\"headline\":\"Epidemia di COVID-19 easti un\u00e2 &#8221;pandemie&#8221;, h\u00e2b\u00e2risi Organiza\u0163ia Mondial\u0103\",\"datePublished\":\"2020-03-12T04:09:00+00:00\",\"mainEntityOfPage\":{\"@id\":\"https:\\\/\\\/www.rri.ro\\\/ro_ar\\\/actualitati\\\/epidemia-di-covid-19-easti-una-pandemie-habarisi-organizatia-mondiala-id184206.html\"},\"wordCount\":277,\"image\":{\"@id\":\"https:\\\/\\\/www.rri.ro\\\/ro_ar\\\/actualitati\\\/epidemia-di-covid-19-easti-una-pandemie-habarisi-organizatia-mondiala-id184206.html#primaryimage\"},\"thumbnailUrl\":\"https:\\\/\\\/www.rri.ro\\\/wp-content\\\/uploads\\\/2023\\\/10\\\/oms-organizatia-mondiala-sanatatii-logo.jpg\",\"keywords\":[\"coronavirus\",\"COVID19\",\"OMS\",\"pandemie\",\"Romania\"],\"articleSection\":[\"Actualitati\"],\"inLanguage\":\"ro-AR\"},{\"@type\":\"WebPage\",\"@id\":\"https:\\\/\\\/www.rri.ro\\\/ro_ar\\\/actualitati\\\/epidemia-di-covid-19-easti-una-pandemie-habarisi-organizatia-mondiala-id184206.html\",\"url\":\"https:\\\/\\\/www.rri.ro\\\/ro_ar\\\/actualitati\\\/epidemia-di-covid-19-easti-una-pandemie-habarisi-organizatia-mondiala-id184206.html\",\"name\":\"Epidemia di COVID-19 easti un\u00e2 ''pandemie'', h\u00e2b\u00e2risi Organiza\u0163ia Mondial\u0103 - Radio Rom\u00e2nia Interna\u021bional\",\"isPartOf\":{\"@id\":\"https:\\\/\\\/www.rri.ro\\\/#website\"},\"primaryImageOfPage\":{\"@id\":\"https:\\\/\\\/www.rri.ro\\\/ro_ar\\\/actualitati\\\/epidemia-di-covid-19-easti-una-pandemie-habarisi-organizatia-mondiala-id184206.html#primaryimage\"},\"image\":{\"@id\":\"https:\\\/\\\/www.rri.ro\\\/ro_ar\\\/actualitati\\\/epidemia-di-covid-19-easti-una-pandemie-habarisi-organizatia-mondiala-id184206.html#primaryimage\"},\"thumbnailUrl\":\"https:\\\/\\\/www.rri.ro\\\/wp-content\\\/uploads\\\/2023\\\/10\\\/oms-organizatia-mondiala-sanatatii-logo.jpg\",\"datePublished\":\"2020-03-12T04:09:00+00:00\",\"author\":{\"@id\":\"https:\\\/\\\/www.rri.ro\\\/#\\\/schema\\\/person\\\/0fa1f8943b999abcb99a1b3ef35db4c0\"},\"breadcrumb\":{\"@id\":\"https:\\\/\\\/www.rri.ro\\\/ro_ar\\\/actualitati\\\/epidemia-di-covid-19-easti-una-pandemie-habarisi-organizatia-mondiala-id184206.html#breadcrumb\"},\"inLanguage\":\"ro-AR\",\"potentialAction\":[{\"@type\":\"ReadAction\",\"target\":[\"https:\\\/\\\/www.rri.ro\\\/ro_ar\\\/actualitati\\\/epidemia-di-covid-19-easti-una-pandemie-habarisi-organizatia-mondiala-id184206.html\"]}]},{\"@type\":\"ImageObject\",\"inLanguage\":\"ro-AR\",\"@id\":\"https:\\\/\\\/www.rri.ro\\\/ro_ar\\\/actualitati\\\/epidemia-di-covid-19-easti-una-pandemie-habarisi-organizatia-mondiala-id184206.html#primaryimage\",\"url\":\"https:\\\/\\\/www.rri.ro\\\/wp-content\\\/uploads\\\/2023\\\/10\\\/oms-organizatia-mondiala-sanatatii-logo.jpg\",\"contentUrl\":\"https:\\\/\\\/www.rri.ro\\\/wp-content\\\/uploads\\\/2023\\\/10\\\/oms-organizatia-mondiala-sanatatii-logo.jpg\",\"width\":640,\"height\":422},{\"@type\":\"BreadcrumbList\",\"@id\":\"https:\\\/\\\/www.rri.ro\\\/ro_ar\\\/actualitati\\\/epidemia-di-covid-19-easti-una-pandemie-habarisi-organizatia-mondiala-id184206.html#breadcrumb\",\"itemListElement\":[{\"@type\":\"ListItem\",\"position\":1,\"name\":\"Prima pagin\u0103\",\"item\":\"https:\\\/\\\/www.rri.ro\\\/ro_ar\"},{\"@type\":\"ListItem\",\"position\":2,\"name\":\"Actualitati\",\"item\":\"https:\\\/\\\/www.rri.ro\\\/actualitati\"},{\"@type\":\"ListItem\",\"position\":3,\"name\":\"Epidemia di COVID-19 easti un\u00e2 &#8221;pandemie&#8221;, h\u00e2b\u00e2risi Organiza\u0163ia Mondial\u0103\"}]},{\"@type\":\"WebSite\",\"@id\":\"https:\\\/\\\/www.rri.ro\\\/#website\",\"url\":\"https:\\\/\\\/www.rri.ro\\\/\",\"name\":\"Radio Rom\u00e2nia Interna\u021bional\",\"description\":\"Totul despre Rom\u00e2nia \u015fi rom\u00e2ni, \u00een 13 limbi\\\/dialecte!\",\"inLanguage\":\"ro-AR\"},{\"@type\":\"Person\",\"@id\":\"https:\\\/\\\/www.rri.ro\\\/#\\\/schema\\\/person\\\/0fa1f8943b999abcb99a1b3ef35db4c0\",\"name\":\"Ta\u0219cu Lala\",\"url\":\"https:\\\/\\\/www.rri.ro\\\/ro_ar\\\/author\\\/taacu-lala\"}]}<\/script>\n<!-- \/ Yoast SEO plugin. -->","yoast_head_json":{"title":"Epidemia di COVID-19 easti un\u00e2 ''pandemie'', h\u00e2b\u00e2risi Organiza\u0163ia Mondial\u0103 - Radio Rom\u00e2nia Interna\u021bional","robots":{"index":"index","follow":"follow","max-snippet":"max-snippet:-1","max-image-preview":"max-image-preview:large","max-video-preview":"max-video-preview:-1"},"canonical":"https:\/\/www.rri.ro\/ro_ar\/actualitati\/epidemia-di-covid-19-easti-una-pandemie-habarisi-organizatia-mondiala-id184206.html","og_locale":"ro_RO","og_type":"article","og_title":"Epidemia di COVID-19 easti un\u00e2 ''pandemie'', h\u00e2b\u00e2risi Organiza\u0163ia Mondial\u0103 - Radio Rom\u00e2nia Interna\u021bional","og_description":"Fucurina global\u00e2 di coronavirus agiumsi tora pi livelu a un\u00e2llei pandemii global\u00e2, spusi directorlu a Organiza\u0163illei Mondial\u00e2 a S\u00e2n\u00e2tatillei, Tedros Adhanom Ghebreyesus. &#13; &#13; &#13; &#13; &#8220;OMS fea\u0163i isapi ti aest\u00e2 fucurin\u00e2 24 di s\u00e2h\u00e3\u0163 dit 24 \u015fi multu himu g\u00e2ilipsi\u0163 di livelurli l\u00e2ht\u00e2roasi ti cumu s\u2019ar\u00e2sp\u00e2mdea\u015fti nica \u015f\u2019c\u00e2tu greau\u00e2 easti l\u00e2ngoarea, ama \u015fi di [&hellip;]","og_url":"https:\/\/www.rri.ro\/ro_ar\/actualitati\/epidemia-di-covid-19-easti-una-pandemie-habarisi-organizatia-mondiala-id184206.html","og_site_name":"Radio Rom\u00e2nia Interna\u021bional","article_published_time":"2020-03-12T04:09:00+00:00","og_image":[{"width":640,"height":422,"url":"https:\/\/www.rri.ro\/wp-content\/uploads\/2023\/10\/oms-organizatia-mondiala-sanatatii-logo.jpg","type":"image\/jpeg"}],"author":"Ta\u0219cu Lala","twitter_card":"summary_large_image","twitter_misc":{"Written by":"Ta\u0219cu Lala","Est. reading time":"1 minute"},"schema":{"@context":"https:\/\/schema.org","@graph":[{"@type":"Article","@id":"https:\/\/www.rri.ro\/ro_ar\/actualitati\/epidemia-di-covid-19-easti-una-pandemie-habarisi-organizatia-mondiala-id184206.html#article","isPartOf":{"@id":"https:\/\/www.rri.ro\/ro_ar\/actualitati\/epidemia-di-covid-19-easti-una-pandemie-habarisi-organizatia-mondiala-id184206.html"},"author":{"name":"Ta\u0219cu Lala","@id":"https:\/\/www.rri.ro\/#\/schema\/person\/0fa1f8943b999abcb99a1b3ef35db4c0"},"headline":"Epidemia di COVID-19 easti un\u00e2 &#8221;pandemie&#8221;, h\u00e2b\u00e2risi Organiza\u0163ia Mondial\u0103","datePublished":"2020-03-12T04:09:00+00:00","mainEntityOfPage":{"@id":"https:\/\/www.rri.ro\/ro_ar\/actualitati\/epidemia-di-covid-19-easti-una-pandemie-habarisi-organizatia-mondiala-id184206.html"},"wordCount":277,"image":{"@id":"https:\/\/www.rri.ro\/ro_ar\/actualitati\/epidemia-di-covid-19-easti-una-pandemie-habarisi-organizatia-mondiala-id184206.html#primaryimage"},"thumbnailUrl":"https:\/\/www.rri.ro\/wp-content\/uploads\/2023\/10\/oms-organizatia-mondiala-sanatatii-logo.jpg","keywords":["coronavirus","COVID19","OMS","pandemie","Romania"],"articleSection":["Actualitati"],"inLanguage":"ro-AR"},{"@type":"WebPage","@id":"https:\/\/www.rri.ro\/ro_ar\/actualitati\/epidemia-di-covid-19-easti-una-pandemie-habarisi-organizatia-mondiala-id184206.html","url":"https:\/\/www.rri.ro\/ro_ar\/actualitati\/epidemia-di-covid-19-easti-una-pandemie-habarisi-organizatia-mondiala-id184206.html","name":"Epidemia di COVID-19 easti un\u00e2 ''pandemie'', h\u00e2b\u00e2risi Organiza\u0163ia Mondial\u0103 - Radio Rom\u00e2nia Interna\u021bional","isPartOf":{"@id":"https:\/\/www.rri.ro\/#website"},"primaryImageOfPage":{"@id":"https:\/\/www.rri.ro\/ro_ar\/actualitati\/epidemia-di-covid-19-easti-una-pandemie-habarisi-organizatia-mondiala-id184206.html#primaryimage"},"image":{"@id":"https:\/\/www.rri.ro\/ro_ar\/actualitati\/epidemia-di-covid-19-easti-una-pandemie-habarisi-organizatia-mondiala-id184206.html#primaryimage"},"thumbnailUrl":"https:\/\/www.rri.ro\/wp-content\/uploads\/2023\/10\/oms-organizatia-mondiala-sanatatii-logo.jpg","datePublished":"2020-03-12T04:09:00+00:00","author":{"@id":"https:\/\/www.rri.ro\/#\/schema\/person\/0fa1f8943b999abcb99a1b3ef35db4c0"},"breadcrumb":{"@id":"https:\/\/www.rri.ro\/ro_ar\/actualitati\/epidemia-di-covid-19-easti-una-pandemie-habarisi-organizatia-mondiala-id184206.html#breadcrumb"},"inLanguage":"ro-AR","potentialAction":[{"@type":"ReadAction","target":["https:\/\/www.rri.ro\/ro_ar\/actualitati\/epidemia-di-covid-19-easti-una-pandemie-habarisi-organizatia-mondiala-id184206.html"]}]},{"@type":"ImageObject","inLanguage":"ro-AR","@id":"https:\/\/www.rri.ro\/ro_ar\/actualitati\/epidemia-di-covid-19-easti-una-pandemie-habarisi-organizatia-mondiala-id184206.html#primaryimage","url":"https:\/\/www.rri.ro\/wp-content\/uploads\/2023\/10\/oms-organizatia-mondiala-sanatatii-logo.jpg","contentUrl":"https:\/\/www.rri.ro\/wp-content\/uploads\/2023\/10\/oms-organizatia-mondiala-sanatatii-logo.jpg","width":640,"height":422},{"@type":"BreadcrumbList","@id":"https:\/\/www.rri.ro\/ro_ar\/actualitati\/epidemia-di-covid-19-easti-una-pandemie-habarisi-organizatia-mondiala-id184206.html#breadcrumb","itemListElement":[{"@type":"ListItem","position":1,"name":"Prima pagin\u0103","item":"https:\/\/www.rri.ro\/ro_ar"},{"@type":"ListItem","position":2,"name":"Actualitati","item":"https:\/\/www.rri.ro\/actualitati"},{"@type":"ListItem","position":3,"name":"Epidemia di COVID-19 easti un\u00e2 &#8221;pandemie&#8221;, h\u00e2b\u00e2risi Organiza\u0163ia Mondial\u0103"}]},{"@type":"WebSite","@id":"https:\/\/www.rri.ro\/#website","url":"https:\/\/www.rri.ro\/","name":"Radio Rom\u00e2nia Interna\u021bional","description":"Totul despre Rom\u00e2nia \u015fi rom\u00e2ni, \u00een 13 limbi\/dialecte!","inLanguage":"ro-AR"},{"@type":"Person","@id":"https:\/\/www.rri.ro\/#\/schema\/person\/0fa1f8943b999abcb99a1b3ef35db4c0","name":"Ta\u0219cu Lala","url":"https:\/\/www.rri.ro\/ro_ar\/author\/taacu-lala"}]}},"_links":{"self":[{"href":"https:\/\/www.rri.ro\/ro_ar\/wp-json\/wp\/v2\/posts\/184206","targetHints":{"allow":["GET"]}}],"collection":[{"href":"https:\/\/www.rri.ro\/ro_ar\/wp-json\/wp\/v2\/posts"}],"about":[{"href":"https:\/\/www.rri.ro\/ro_ar\/wp-json\/wp\/v2\/types\/post"}],"author":[{"embeddable":true,"href":"https:\/\/www.rri.ro\/ro_ar\/wp-json\/wp\/v2\/users\/187"}],"replies":[{"embeddable":true,"href":"https:\/\/www.rri.ro\/ro_ar\/wp-json\/wp\/v2\/comments?post=184206"}],"version-history":[{"count":0,"href":"https:\/\/www.rri.ro\/ro_ar\/wp-json\/wp\/v2\/posts\/184206\/revisions"}],"wp:featuredmedia":[{"embeddable":true,"href":"https:\/\/www.rri.ro\/ro_ar\/wp-json\/wp\/v2\/media\/184207"}],"wp:attachment":[{"href":"https:\/\/www.rri.ro\/ro_ar\/wp-json\/wp\/v2\/media?parent=184206"}],"wp:term":[{"taxonomy":"category","embeddable":true,"href":"https:\/\/www.rri.ro\/ro_ar\/wp-json\/wp\/v2\/categories?post=184206"},{"taxonomy":"post_tag","embeddable":true,"href":"https:\/\/www.rri.ro\/ro_ar\/wp-json\/wp\/v2\/tags?post=184206"},{"taxonomy":"author","embeddable":true,"href":"https:\/\/www.rri.ro\/ro_ar\/wp-json\/wp\/v2\/coauthors?post=184206"}],"curies":[{"name":"wp","href":"https:\/\/api.w.org\/{rel}","templated":true}]}}