{"id":184226,"date":"2020-03-26T19:55:00","date_gmt":"2020-03-26T17:55:00","guid":{"rendered":"http:\/\/devrri.freshlemon.ro\/actualitati\/sistemlu-medical-tru-kiro-di-pandemie-184226.html"},"modified":"2020-03-26T19:55:00","modified_gmt":"2020-03-26T17:55:00","slug":"sistemlu-medical-tru-kiro-di-pandemie","status":"publish","type":"post","link":"https:\/\/www.rri.ro\/ro_ar\/actualitati\/sistemlu-medical-tru-kiro-di-pandemie-id184226.html","title":{"rendered":"Sistemlu medical tru kiro di pandemie"},"content":{"rendered":"<p>Tru iarna-a anlui 2019, Guvernul liberal di Bucure\u0219ti cum\u00e2ndusitu di Ludovic Orban \u0219-loa borgea tr\u00e2 Nomlu a bugetlui di stat ti a\u0163elu anu. Niifharistusearea fu spus\u00e3 cu boa\u0163i  di mult\u00e3 du\u0148eau\u00e3, neise S\u0103n\u0103tatea aprukea, tru 2020, cu aproapea 23% ma p\u021b\u00e2nu andicra di 2019, dimecu aproapea 11,5 miliardi di lei (s\u2019clleam\u00e2 2,4 miliardi di evradz). Un di nai cama \u0148i\u0163 bugeti dit Uniunea European\u0103 ah\u00e2rdziti ti aestu sector! Ma multu, tru meslu \u015fcurtu, idyiulu Guvernu liberal vulusea un\u00e2 ordonan\u021b\u00e2 di ananghi susta c\u00e2tugursit\u00e2 di un\u00e2 parti a su\u0163iitatillei \u0163ivil\u00e2, cari d\u00e2dea cali a pacien\u021b\u00e2lor s\u2019ufiliseasc\u00e2 servi\u0163iili medicali \u0163i eara tu kivernisearea-a furnizorlor priva\u021b tru idyiul regim cu a\u0163elu kivernisitu di unit\u0103\u021bli publi\u0163i.<\/p>\n<p>&#13;<br \/>\n&#13;<\/p>\n<p>&#13;<br \/>\n&#13;<\/p>\n<p>&#13;<br \/>\n&#13;<\/p>\n<p>Cu alti zboar\u00e3, s\u2019apufusea idyiul reghimu di decontari a servi\u0163iilor medicali tr\u00e2 unit\u0103\u021bli publi\u0163i \u0219i privati. Ti s\u2019fea\u0163i deapoa? Epidemia di coronavirus agiumsi \u0219i tru Rom\u00e2nia, l\u00e2ndzidz\u0103rli crescu tu numir dzuu\u00e2 di dzuu\u00e2, a deapoa spitalili privati fea\u0163ir\u00e2 un\u00e2 jgllioat\u00e2 n\u00e3poi, di al\u00e2sar\u00e2 fortuma pi skiniratlu a a\u0163iloru publi\u0163i, subfinan\u021bati. Easti itia tr\u00e2 cari, ma vidzu zori, Executivlu al Ludovic Orban ac\u00e2\u0163\u0103 tu isapi, tora, un\u00e2 rectificari bugetar\u00e2 extraordinar\u00e2, cu arastea-a catandisillei di annghi, tra s\u2019da ma mul\u0163\u00e2 p\u00e2radz ti sistemlu medical. Uidisitu cu spusa-a prezidentului di la Societatea Rom\u00e2n\u00e3 di Microbiologie, Alexandru Rafila, ti dau\u0103-trei st\u00e2m\u00e2\u0148i, vahi \u015f\u2019cama ayo\u0148ea, tu kirolu anda crea\u015fti axizearea di diagnosticu, Rom\u00e2nia va s\u2019agiung\u00e2 s\u2019aib\u00e3 nai p\u0163\u00e2nu 1.000 di cazuri ndzuu\u00e2 di infec\u0163ii cu n\u0103ulu coronavirus. Tru minduita al n\u00e2su, pandemia poati s\u2019\u0163\u00e2n\u00e2 aproapea doi a\u0148i, dimecu p\u00e2n\u00e2 va s\u2019hib\u00e2 adratu un vaccinu, ama p\u00e2n di vear\u00e2 va s\u2019al\u00e2nceasc\u00e2 un\u00e2 yitrie tr\u00e2 yitripsearea-a nau\u00e2llei turlie di coronavirus.<\/p>\n<p>&#13;<br \/>\n&#13;<\/p>\n<p>&#13;<br \/>\n&#13;<\/p>\n<p>&#13;<br \/>\n&#13;<\/p>\n<p>Tru aesti condi\u021bii, meatrili di ti\u0148iseari\/ distan\u0163ari su\u0163ial\u00e2 lipsea\u015fti s\u2019hib\u00e2 ti\u0148isiti p\u00e2n\u00e2 tru oara tru cari va s\u2019apr\u00e2ft\u00e2seasc\u00e2 stabilizarea-a numirlui di cazuri nreghistrati cathi dzuu\u00e2. Isa-isa ad\u00e2vg\u0103m noi &#8211; easti ananghi di mutreari medical\u00e2 di calitati. Em, cadrili medicali dit Rom\u00e2nia suntu, nai ma p\u0163\u00e2nu tu aest\u00e2 oar\u00e2, alargu ta s\u2019li aduc\u00e2 dininti. Yea\u0163\u00e2rlli spunu c\u0103 \u0219\u2019bag\u00e2 bana tu piriclliu dzuu\u00e2 di dzuu\u00e2. Nai ma p\u0163\u00e2nu tru aestu kiro, tru spitalili rom\u00e2ne\u0219ti nu suntu duri h\u00e2l\u0103\u0163li di protec\u021bie, a deapoa a\u0163eali \u0163i suntu, n\u00e2poi, nu suntu duri. Easti ti ciudie cazlu a Spitalui Jude\u021beanu di Suceava (nord-est). Giumitati dit rom\u00e2\u0148illi cari murir\u00e2, p\u00e2n\u0103 gioi tahina, di fur\u0148ia a coronaviruslui eara pacien\u021b\u00e2 interna\u021b tru aestu spital.<\/p>\n<p>&#13;<br \/>\n&#13;<\/p>\n<p>&#13;<br \/>\n&#13;<\/p>\n<p>&#13;<br \/>\n&#13;<\/p>\n<p>Tutun\u00e2oar\u00e2, dit a\u0163eali aproapea 100 di cadri medicale infectati tru tut cratlu, cama di 80 suntu di Suceava &#8211; yea\u0163r\u00e2, asistenti medicali \u0219i infirmieri. Unitatea medical\u0103 fu ncllis\u00e2 tr\u00e2 dezinfectari, managerlu a llei fu scos di pi ipotisi \u0219i s\u2019nkisi un\u00e2 anchet\u00e2 penal\u00e2. Pi lista-a unit\u0103\u0163lor medicali contaminati suntu \u0219i Spitalili Gerota \u0219i Obregia di Bucure\u0219ti, Spitalul Giude\u0163eanu di Gala\u0163i ic\u00e3 Spitalu Giude\u0163eanu di Urgen\u0163\u00e2 di Deva. Nica \u0219\u2019a\u0219i, autorit\u0103\u021bli rom\u00e2ni fac gaere\u0163 ta s\u2019aduc\u00e2 p\u00e2rm\u00e2tii \u0163i suntu ananghi ti combatirea-a epidemiillei di coronavirus. A\u015fi, statlu rom\u00e2n ancup\u00e2r\u0103 100 di \u0148illi di combinezoani di protec\u0163ie prit Oficiul Na\u0163ional di Achizi\u0163ii Centralizati. Aesti eara adusi ditu Coreea di Sud cu un\u00e2 aeronav\u00e2 C-17 Globe Master III di la NATO. Tut ditu Coreea di Sud, Rom\u00e2nia va s\u2019llia, tutu cu tutu, 2 miliu\u0148i di testi ti coronavirus. Nu dipu tu soni, cum clorlu easti nai cama sigura solu\u021bie tr\u00e2 dezinfectari, combinatlu Chimcomplex di R\u00e2mnicu V\u00e2lcea (tu notlu ali Rom\u00e2nie) \u0219\u2019al\u00e2xi liniili di produc\u021bie tra s\u2019poat\u0103 s\u2019adar\u00e2, tru amprotusa, hipocloritu di sodiu.<\/p>\n<p>&#13;<br \/>\n&#13;<\/p>\n<p>&#13;<br \/>\n&#13;<\/p>\n<p>Anyr\u00e2psearea: Roxana Vasile<\/p>\n<p>&#13;<br \/>\n&#13;<\/p>\n<p>Arm\u00e2nipsearea: Ta\u015fcu Lala<\/p>\n<p>&#13;<br \/>\n&#13;<\/p>\n<p>&#13;<\/p>\n","protected":false},"excerpt":{"rendered":"<p>Tru iarna-a anlui 2019, Guvernul liberal di Bucure\u0219ti cum\u00e2ndusitu di Ludovic Orban \u0219-loa borgea tr\u00e2 Nomlu a bugetlui di stat ti a\u0163elu anu. Niifharistusearea fu spus\u00e3 cu boa\u0163i di mult\u00e3 du\u0148eau\u00e3, neise S\u0103n\u0103tatea aprukea, tru 2020, cu aproapea 23% ma p\u021b\u00e2nu andicra di 2019, dimecu aproapea 11,5 miliardi di lei (s\u2019clleam\u00e2 2,4 miliardi di evradz). [&hellip;]<\/p>\n","protected":false},"author":109,"featured_media":78983,"comment_status":"closed","ping_status":"closed","sticky":false,"template":"","format":"standard","meta":{"_acf_changed":false,"footnotes":""},"categories":[69],"tags":[47026,46740,47036],"coauthors":[],"class_list":["post-184226","post","type-post","status-publish","format-standard","has-post-thumbnail","hentry","category-actualitati","tag-pandemie","tag-sistemlu-medical","tag-societatea-romana-di-microbiologie"],"acf":[],"yoast_head":"<!-- This site is optimized with the Yoast SEO plugin v27.3 - https:\/\/yoast.com\/product\/yoast-seo-wordpress\/ -->\n<title>Sistemlu medical tru kiro di pandemie - Radio Rom\u00e2nia Interna\u021bional<\/title>\n<meta name=\"robots\" content=\"index, follow, max-snippet:-1, max-image-preview:large, max-video-preview:-1\" \/>\n<link rel=\"canonical\" href=\"https:\/\/www.rri.ro\/ro_ar\/actualitati\/sistemlu-medical-tru-kiro-di-pandemie-id184226.html\" \/>\n<meta property=\"og:locale\" content=\"ro_RO\" \/>\n<meta property=\"og:type\" content=\"article\" \/>\n<meta property=\"og:title\" content=\"Sistemlu medical tru kiro di pandemie - Radio Rom\u00e2nia Interna\u021bional\" \/>\n<meta property=\"og:description\" content=\"Tru iarna-a anlui 2019, Guvernul liberal di Bucure\u0219ti cum\u00e2ndusitu di Ludovic Orban \u0219-loa borgea tr\u00e2 Nomlu a bugetlui di stat ti a\u0163elu anu. Niifharistusearea fu spus\u00e3 cu boa\u0163i di mult\u00e3 du\u0148eau\u00e3, neise S\u0103n\u0103tatea aprukea, tru 2020, cu aproapea 23% ma p\u021b\u00e2nu andicra di 2019, dimecu aproapea 11,5 miliardi di lei (s\u2019clleam\u00e2 2,4 miliardi di evradz). [&hellip;]\" \/>\n<meta property=\"og:url\" content=\"https:\/\/www.rri.ro\/ro_ar\/actualitati\/sistemlu-medical-tru-kiro-di-pandemie-id184226.html\" \/>\n<meta property=\"og:site_name\" content=\"Radio Rom\u00e2nia Interna\u021bional\" \/>\n<meta property=\"article:published_time\" content=\"2020-03-26T17:55:00+00:00\" \/>\n<meta property=\"og:image\" content=\"https:\/\/www.rri.ro\/wp-content\/uploads\/2023\/10\/statistici-medicale-pixabay-ok.png\" \/>\n\t<meta property=\"og:image:width\" content=\"640\" \/>\n\t<meta property=\"og:image:height\" content=\"427\" \/>\n\t<meta property=\"og:image:type\" content=\"image\/png\" \/>\n<meta name=\"author\" content=\"Roxana Vasile\" \/>\n<meta name=\"twitter:card\" content=\"summary_large_image\" \/>\n<meta name=\"twitter:label1\" content=\"Written by\" \/>\n\t<meta name=\"twitter:data1\" content=\"Roxana Vasile\" \/>\n\t<meta name=\"twitter:label2\" content=\"Est. reading time\" \/>\n\t<meta name=\"twitter:data2\" content=\"3 minutes\" \/>\n<script type=\"application\/ld+json\" class=\"yoast-schema-graph\">{\"@context\":\"https:\\\/\\\/schema.org\",\"@graph\":[{\"@type\":\"Article\",\"@id\":\"https:\\\/\\\/www.rri.ro\\\/ro_ar\\\/actualitati\\\/sistemlu-medical-tru-kiro-di-pandemie-id184226.html#article\",\"isPartOf\":{\"@id\":\"https:\\\/\\\/www.rri.ro\\\/ro_ar\\\/actualitati\\\/sistemlu-medical-tru-kiro-di-pandemie-id184226.html\"},\"author\":{\"name\":\"Roxana Vasile\",\"@id\":\"https:\\\/\\\/www.rri.ro\\\/#\\\/schema\\\/person\\\/0745b519f2d1287783422f162c4112af\"},\"headline\":\"Sistemlu medical tru kiro di pandemie\",\"datePublished\":\"2020-03-26T17:55:00+00:00\",\"mainEntityOfPage\":{\"@id\":\"https:\\\/\\\/www.rri.ro\\\/ro_ar\\\/actualitati\\\/sistemlu-medical-tru-kiro-di-pandemie-id184226.html\"},\"wordCount\":671,\"image\":{\"@id\":\"https:\\\/\\\/www.rri.ro\\\/ro_ar\\\/actualitati\\\/sistemlu-medical-tru-kiro-di-pandemie-id184226.html#primaryimage\"},\"thumbnailUrl\":\"https:\\\/\\\/www.rri.ro\\\/wp-content\\\/uploads\\\/2023\\\/10\\\/statistici-medicale-pixabay-ok.png\",\"keywords\":[\"pandemie\",\"sistemlu medical\",\"Societatea Rom\u00e2n\u00e3 di Microbiologie\"],\"articleSection\":[\"Actualitati\"],\"inLanguage\":\"ro-AR\"},{\"@type\":\"WebPage\",\"@id\":\"https:\\\/\\\/www.rri.ro\\\/ro_ar\\\/actualitati\\\/sistemlu-medical-tru-kiro-di-pandemie-id184226.html\",\"url\":\"https:\\\/\\\/www.rri.ro\\\/ro_ar\\\/actualitati\\\/sistemlu-medical-tru-kiro-di-pandemie-id184226.html\",\"name\":\"Sistemlu medical tru kiro di pandemie - Radio Rom\u00e2nia Interna\u021bional\",\"isPartOf\":{\"@id\":\"https:\\\/\\\/www.rri.ro\\\/#website\"},\"primaryImageOfPage\":{\"@id\":\"https:\\\/\\\/www.rri.ro\\\/ro_ar\\\/actualitati\\\/sistemlu-medical-tru-kiro-di-pandemie-id184226.html#primaryimage\"},\"image\":{\"@id\":\"https:\\\/\\\/www.rri.ro\\\/ro_ar\\\/actualitati\\\/sistemlu-medical-tru-kiro-di-pandemie-id184226.html#primaryimage\"},\"thumbnailUrl\":\"https:\\\/\\\/www.rri.ro\\\/wp-content\\\/uploads\\\/2023\\\/10\\\/statistici-medicale-pixabay-ok.png\",\"datePublished\":\"2020-03-26T17:55:00+00:00\",\"author\":{\"@id\":\"https:\\\/\\\/www.rri.ro\\\/#\\\/schema\\\/person\\\/0745b519f2d1287783422f162c4112af\"},\"breadcrumb\":{\"@id\":\"https:\\\/\\\/www.rri.ro\\\/ro_ar\\\/actualitati\\\/sistemlu-medical-tru-kiro-di-pandemie-id184226.html#breadcrumb\"},\"inLanguage\":\"ro-AR\",\"potentialAction\":[{\"@type\":\"ReadAction\",\"target\":[\"https:\\\/\\\/www.rri.ro\\\/ro_ar\\\/actualitati\\\/sistemlu-medical-tru-kiro-di-pandemie-id184226.html\"]}]},{\"@type\":\"ImageObject\",\"inLanguage\":\"ro-AR\",\"@id\":\"https:\\\/\\\/www.rri.ro\\\/ro_ar\\\/actualitati\\\/sistemlu-medical-tru-kiro-di-pandemie-id184226.html#primaryimage\",\"url\":\"https:\\\/\\\/www.rri.ro\\\/wp-content\\\/uploads\\\/2023\\\/10\\\/statistici-medicale-pixabay-ok.png\",\"contentUrl\":\"https:\\\/\\\/www.rri.ro\\\/wp-content\\\/uploads\\\/2023\\\/10\\\/statistici-medicale-pixabay-ok.png\",\"width\":640,\"height\":427},{\"@type\":\"BreadcrumbList\",\"@id\":\"https:\\\/\\\/www.rri.ro\\\/ro_ar\\\/actualitati\\\/sistemlu-medical-tru-kiro-di-pandemie-id184226.html#breadcrumb\",\"itemListElement\":[{\"@type\":\"ListItem\",\"position\":1,\"name\":\"Prima pagin\u0103\",\"item\":\"https:\\\/\\\/www.rri.ro\\\/ro_ar\"},{\"@type\":\"ListItem\",\"position\":2,\"name\":\"Actualitati\",\"item\":\"https:\\\/\\\/www.rri.ro\\\/actualitati\"},{\"@type\":\"ListItem\",\"position\":3,\"name\":\"Sistemlu medical tru kiro di pandemie\"}]},{\"@type\":\"WebSite\",\"@id\":\"https:\\\/\\\/www.rri.ro\\\/#website\",\"url\":\"https:\\\/\\\/www.rri.ro\\\/\",\"name\":\"Radio Rom\u00e2nia Interna\u021bional\",\"description\":\"Totul despre Rom\u00e2nia \u015fi rom\u00e2ni, \u00een 13 limbi\\\/dialecte!\",\"inLanguage\":\"ro-AR\"},{\"@type\":\"Person\",\"@id\":\"https:\\\/\\\/www.rri.ro\\\/#\\\/schema\\\/person\\\/0745b519f2d1287783422f162c4112af\",\"name\":\"Roxana Vasile\",\"url\":\"https:\\\/\\\/www.rri.ro\\\/ro_ar\\\/author\\\/roxana-vasile\"}]}<\/script>\n<!-- \/ Yoast SEO plugin. -->","yoast_head_json":{"title":"Sistemlu medical tru kiro di pandemie - Radio Rom\u00e2nia Interna\u021bional","robots":{"index":"index","follow":"follow","max-snippet":"max-snippet:-1","max-image-preview":"max-image-preview:large","max-video-preview":"max-video-preview:-1"},"canonical":"https:\/\/www.rri.ro\/ro_ar\/actualitati\/sistemlu-medical-tru-kiro-di-pandemie-id184226.html","og_locale":"ro_RO","og_type":"article","og_title":"Sistemlu medical tru kiro di pandemie - Radio Rom\u00e2nia Interna\u021bional","og_description":"Tru iarna-a anlui 2019, Guvernul liberal di Bucure\u0219ti cum\u00e2ndusitu di Ludovic Orban \u0219-loa borgea tr\u00e2 Nomlu a bugetlui di stat ti a\u0163elu anu. Niifharistusearea fu spus\u00e3 cu boa\u0163i di mult\u00e3 du\u0148eau\u00e3, neise S\u0103n\u0103tatea aprukea, tru 2020, cu aproapea 23% ma p\u021b\u00e2nu andicra di 2019, dimecu aproapea 11,5 miliardi di lei (s\u2019clleam\u00e2 2,4 miliardi di evradz). [&hellip;]","og_url":"https:\/\/www.rri.ro\/ro_ar\/actualitati\/sistemlu-medical-tru-kiro-di-pandemie-id184226.html","og_site_name":"Radio Rom\u00e2nia Interna\u021bional","article_published_time":"2020-03-26T17:55:00+00:00","og_image":[{"width":640,"height":427,"url":"https:\/\/www.rri.ro\/wp-content\/uploads\/2023\/10\/statistici-medicale-pixabay-ok.png","type":"image\/png"}],"author":"Roxana Vasile","twitter_card":"summary_large_image","twitter_misc":{"Written by":"Roxana Vasile","Est. reading time":"3 minutes"},"schema":{"@context":"https:\/\/schema.org","@graph":[{"@type":"Article","@id":"https:\/\/www.rri.ro\/ro_ar\/actualitati\/sistemlu-medical-tru-kiro-di-pandemie-id184226.html#article","isPartOf":{"@id":"https:\/\/www.rri.ro\/ro_ar\/actualitati\/sistemlu-medical-tru-kiro-di-pandemie-id184226.html"},"author":{"name":"Roxana Vasile","@id":"https:\/\/www.rri.ro\/#\/schema\/person\/0745b519f2d1287783422f162c4112af"},"headline":"Sistemlu medical tru kiro di pandemie","datePublished":"2020-03-26T17:55:00+00:00","mainEntityOfPage":{"@id":"https:\/\/www.rri.ro\/ro_ar\/actualitati\/sistemlu-medical-tru-kiro-di-pandemie-id184226.html"},"wordCount":671,"image":{"@id":"https:\/\/www.rri.ro\/ro_ar\/actualitati\/sistemlu-medical-tru-kiro-di-pandemie-id184226.html#primaryimage"},"thumbnailUrl":"https:\/\/www.rri.ro\/wp-content\/uploads\/2023\/10\/statistici-medicale-pixabay-ok.png","keywords":["pandemie","sistemlu medical","Societatea Rom\u00e2n\u00e3 di Microbiologie"],"articleSection":["Actualitati"],"inLanguage":"ro-AR"},{"@type":"WebPage","@id":"https:\/\/www.rri.ro\/ro_ar\/actualitati\/sistemlu-medical-tru-kiro-di-pandemie-id184226.html","url":"https:\/\/www.rri.ro\/ro_ar\/actualitati\/sistemlu-medical-tru-kiro-di-pandemie-id184226.html","name":"Sistemlu medical tru kiro di pandemie - Radio Rom\u00e2nia Interna\u021bional","isPartOf":{"@id":"https:\/\/www.rri.ro\/#website"},"primaryImageOfPage":{"@id":"https:\/\/www.rri.ro\/ro_ar\/actualitati\/sistemlu-medical-tru-kiro-di-pandemie-id184226.html#primaryimage"},"image":{"@id":"https:\/\/www.rri.ro\/ro_ar\/actualitati\/sistemlu-medical-tru-kiro-di-pandemie-id184226.html#primaryimage"},"thumbnailUrl":"https:\/\/www.rri.ro\/wp-content\/uploads\/2023\/10\/statistici-medicale-pixabay-ok.png","datePublished":"2020-03-26T17:55:00+00:00","author":{"@id":"https:\/\/www.rri.ro\/#\/schema\/person\/0745b519f2d1287783422f162c4112af"},"breadcrumb":{"@id":"https:\/\/www.rri.ro\/ro_ar\/actualitati\/sistemlu-medical-tru-kiro-di-pandemie-id184226.html#breadcrumb"},"inLanguage":"ro-AR","potentialAction":[{"@type":"ReadAction","target":["https:\/\/www.rri.ro\/ro_ar\/actualitati\/sistemlu-medical-tru-kiro-di-pandemie-id184226.html"]}]},{"@type":"ImageObject","inLanguage":"ro-AR","@id":"https:\/\/www.rri.ro\/ro_ar\/actualitati\/sistemlu-medical-tru-kiro-di-pandemie-id184226.html#primaryimage","url":"https:\/\/www.rri.ro\/wp-content\/uploads\/2023\/10\/statistici-medicale-pixabay-ok.png","contentUrl":"https:\/\/www.rri.ro\/wp-content\/uploads\/2023\/10\/statistici-medicale-pixabay-ok.png","width":640,"height":427},{"@type":"BreadcrumbList","@id":"https:\/\/www.rri.ro\/ro_ar\/actualitati\/sistemlu-medical-tru-kiro-di-pandemie-id184226.html#breadcrumb","itemListElement":[{"@type":"ListItem","position":1,"name":"Prima pagin\u0103","item":"https:\/\/www.rri.ro\/ro_ar"},{"@type":"ListItem","position":2,"name":"Actualitati","item":"https:\/\/www.rri.ro\/actualitati"},{"@type":"ListItem","position":3,"name":"Sistemlu medical tru kiro di pandemie"}]},{"@type":"WebSite","@id":"https:\/\/www.rri.ro\/#website","url":"https:\/\/www.rri.ro\/","name":"Radio Rom\u00e2nia Interna\u021bional","description":"Totul despre Rom\u00e2nia \u015fi rom\u00e2ni, \u00een 13 limbi\/dialecte!","inLanguage":"ro-AR"},{"@type":"Person","@id":"https:\/\/www.rri.ro\/#\/schema\/person\/0745b519f2d1287783422f162c4112af","name":"Roxana Vasile","url":"https:\/\/www.rri.ro\/ro_ar\/author\/roxana-vasile"}]}},"_links":{"self":[{"href":"https:\/\/www.rri.ro\/ro_ar\/wp-json\/wp\/v2\/posts\/184226","targetHints":{"allow":["GET"]}}],"collection":[{"href":"https:\/\/www.rri.ro\/ro_ar\/wp-json\/wp\/v2\/posts"}],"about":[{"href":"https:\/\/www.rri.ro\/ro_ar\/wp-json\/wp\/v2\/types\/post"}],"author":[{"embeddable":true,"href":"https:\/\/www.rri.ro\/ro_ar\/wp-json\/wp\/v2\/users\/109"}],"replies":[{"embeddable":true,"href":"https:\/\/www.rri.ro\/ro_ar\/wp-json\/wp\/v2\/comments?post=184226"}],"version-history":[{"count":0,"href":"https:\/\/www.rri.ro\/ro_ar\/wp-json\/wp\/v2\/posts\/184226\/revisions"}],"wp:featuredmedia":[{"embeddable":true,"href":"https:\/\/www.rri.ro\/ro_ar\/wp-json\/wp\/v2\/media\/78983"}],"wp:attachment":[{"href":"https:\/\/www.rri.ro\/ro_ar\/wp-json\/wp\/v2\/media?parent=184226"}],"wp:term":[{"taxonomy":"category","embeddable":true,"href":"https:\/\/www.rri.ro\/ro_ar\/wp-json\/wp\/v2\/categories?post=184226"},{"taxonomy":"post_tag","embeddable":true,"href":"https:\/\/www.rri.ro\/ro_ar\/wp-json\/wp\/v2\/tags?post=184226"},{"taxonomy":"author","embeddable":true,"href":"https:\/\/www.rri.ro\/ro_ar\/wp-json\/wp\/v2\/coauthors?post=184226"}],"curies":[{"name":"wp","href":"https:\/\/api.w.org\/{rel}","templated":true}]}}