{"id":184586,"date":"2021-09-21T20:00:00","date_gmt":"2021-09-21T17:00:00","guid":{"rendered":"http:\/\/devrri.freshlemon.ro\/actualitati\/creasti-zorea-ti-sbaga-pi-spitali-184586.html"},"modified":"2021-09-21T20:00:00","modified_gmt":"2021-09-21T17:00:00","slug":"creasti-zorea-ti-sbaga-pi-spitali","status":"publish","type":"post","link":"https:\/\/www.rri.ro\/ro_ar\/actualitati\/creasti-zorea-ti-sbaga-pi-spitali-id184586.html","title":{"rendered":"Crea\u015fti zorea \u0163i s\u2019bag\u0103 pi spitali"},"content":{"rendered":"<p>Crea\u015fti, dizn\u0103u, zorea \u0163i s\u2019bag\u0103 pi spitalili ditu Rom\u00e2nia, maxusu pi sec\u021biile di terapie intensiv\u0103 distinati ti pacien\u0163\u0103lli cu Covid-19, iu naima p\u0163\u0103nu cama di un\u0103 \u00f1ille di locuri disponibili suntu aproapea acutotalui ac\u0103\u0163ati. Autorit\u0103\u021bli facu timbihi c\u0103 suntu tut ma multi persoani infectati cu coronavirusu cari au ananghi di spitalizari. Numirlu alu\u015ftoru crea\u015fti, cathi dzuu\u0103, cu ndau\u0103 suti, iara spitalili agiungu s\u2019hib\u0103 parac\u0103lb\u0103l\u0103ki. Situa\u0163ia easti ndilicat\u0103 \u015fi di al\u0103ncearea a n\u0103sc\u0103ntoru fucurini di coronavirus tru spitali i sec\u0163ii non-COVID, cum easti, cazlu tru ma multi zoni a v\u0103siliillei. Him tu mplin\u0103 dalg\u0103 patru a pandemiillei, iara Rom\u00e2nia nregistreadz\u0103 \u00f1illi di cazuri di infectari tru cathi dzuua, nai ma multi Bucure\u0219ti. Ma multu, luni eara cama di 200 di localit\u0103\u021b tru tut\u0103 v\u0103silia iu inciden\u021ba a cazurlor di COVID-19 ditu aesti ditu soni 14 di dz\u0103li n\u0103stri\u0163ea 3 cazuri la \u00f1illea di b\u0103n\u0103tori. Uidisitu cu datili oficiale, aproapea 16 di persoane ditu un\u0103 sut\u0103 testati au rezultatu podzitivu. Yea\u0163\u0103rlli suntu g\u0103ilipsi\u0163 di evolu\u0163ia a pandemiillei \u015fi di turlia tru cari va s\u2019\u0163\u0103n\u0103 cheptu sistemlu sanitaru multu stuhinatu \u015fi tru d\u0103ldz\u0103li di ma ninti. Directorlu medicalu a Institutului Matei Bal\u015f ditu Capital\u0103 sumlinie, la Radio Rom\u00e2nia, c\u0103 giumitate ditu rom\u00e2ni nu au ni\u0163i un\u0103 turlie di protec\u0163ie dinintea a SARS-CoV-2, nu suntu vaccina\u0163 \u015fi ni\u0163i nu tricur\u0103 pritu l\u0103ngoari.<\/p>\n<p>&#13;<br \/>\n&#13;<\/p>\n<p>&#13;<br \/>\n&#13;<\/p>\n<p>Adrian Marinescu exighisea\u015fti cari easti situa\u021bia, tora, tru spitali: &#8220;<em>Tru gheneralu, tru prima parti a dzuu\u0103lei, locurli pi cari apr\u0103ft\u0103simu s\u2019li eliber\u0103m pritu pacien\u0163\u0103lli cari s\u2019externeadz\u0103 suntu un\u0103 \u015f\u2019un\u0103 ac\u0103\u0163ati di al\u0163\u0103 pacien\u0163\u0103 cari a\u015fteapt\u0103 dupu evaluarea fapt\u0103 tru Camera di gard\u0103 \u015fi suntu, tutun\u0103oar\u0103, interna\u0163. Aestu lucru s\u2019fa\u0163i cata di un\u0103 st\u0103m\u0103n\u0103. N\u0103 minduimu \u0163i va s\u2019fac\u0103 tru st\u0103m\u00e2\u00f1ili \u0163i va s\u2019yin\u0103. Easti limbidu c\u0103 tuti spitalili va s\u2019lipseasc\u0103 s\u2019agiut\u0103 cu apaturi, \u015fi nu spunu ma\u015f ti ateali di la ATI, apaturli, nghenearalu, ti pacien\u0163ii cu COVID&#8221;<\/em>. Yeaturlu \u0219i spusi g\u0103ilipsearea c\u0103 sezonlu ara\u0163i va s\u2019bag\u0103 problemi tru atea \u0163i mutrea\u015fti ar\u0103sp\u00e2ndearea a variant\u0103llei Delta, ma contagioas\u0103, cari z\u00f1iipsea\u015fti \u015fi a cilimea\u00f1iloru. <\/p>\n<p>&#13;<br \/>\n&#13;<\/p>\n<p>&#13;\n <\/p>\n<p>&#13;<br \/>\n&#13;<\/p>\n<p>Spiciali\u015ftilli scot tru migdani un\u0103 turlie constantu importan\u0163a ti ti\u00f1isearea meatrili di protec\u0163ie sanitar\u0103 \u015fi ti vaccinari. Dup\u0103 unu kiro lungu tru cari ritmolu di administrari a vaccinurloru fu multu sc\u0103dzut, tru dz\u0103lili ditu soni s\u2019nregistreaz\u0103 un\u0103 li\u015foar\u0103 crea\u015ftire. Datili a autorit\u0103\u0163ilor spunu c\u0103 evolu\u0163ia a campaniillei di vaccinare s\u2019fa\u0163i tu h\u0103vaia a unui ritmu multu ma alertu di crea\u015ftiri a numirlui di noi infect\u0103ri cu coronavirus, cari luni fu cu 80% ma mari andicra di aoa \u015fi un\u0103 st\u0103m\u00e2n\u0103. Cifrele ofi\u0163iale spunu, tutun\u0103oar\u0103, c\u0103 aproapea tuti decesili nregistrate di itia a infectarillei s-fea\u0163i la persoani nivaccinate i cu schem\u0103 incomplet\u0103 di vaccinare. Ditu ahurhita-a campaniillei di imunizari tru Rom\u00e2nia, tru 27 di andreu 2020, aproapea 5,3 miliu\u00f1i di persoani s-vaccinar\u0103 cu schema complet\u0103, multu sumu scupolu pripusu di autorit\u0103\u021b ti meslu yism\u0103ciuni, cari eara di cama di dza\u0163i miliu\u00f1i di persoani. <\/p>\n<p>&#13;<br \/>\n&#13;<\/p>\n<p>Autoru: Daniela Budu<\/p>\n<p>&#13;<br \/>\n&#13;<\/p>\n<p>Arm\u00e2nipsearea: Ta\u015fcu Lala<\/p>\n<p>&#13;<br \/>\n&#13;<\/p>\n<p>&#13;<br \/>\n&#13;<\/p>\n<div style=margin-left:22.5pt;>&#13;<br \/>\n &#13;\n<\/div>\n<p>&#13;<\/p>\n","protected":false},"excerpt":{"rendered":"<p>Crea\u015fti, dizn\u0103u, zorea \u0163i s\u2019bag\u0103 pi spitalili ditu Rom\u00e2nia, maxusu pi sec\u021biile di terapie intensiv\u0103 distinati ti pacien\u0163\u0103lli cu Covid-19, iu naima p\u0163\u0103nu cama di un\u0103 \u00f1ille di locuri disponibili suntu aproapea acutotalui ac\u0103\u0163ati. Autorit\u0103\u021bli facu timbihi c\u0103 suntu tut ma multi persoani infectati cu coronavirusu cari au ananghi di spitalizari. Numirlu alu\u015ftoru crea\u015fti, cathi [&hellip;]<\/p>\n","protected":false},"author":107,"featured_media":90066,"comment_status":"closed","ping_status":"closed","sticky":false,"template":"","format":"standard","meta":{"_acf_changed":false,"footnotes":""},"categories":[69],"tags":[40082,47262,47263,47026,19347,46830],"coauthors":[],"class_list":["post-184586","post","type-post","status-publish","format-standard","has-post-thumbnail","hentry","category-actualitati","tag-adrian-marinescu","tag-covidu","tag-dalga-4","tag-pandemie","tag-romania","tag-spitali"],"acf":[],"yoast_head":"<!-- This site is optimized with the Yoast SEO plugin v27.3 - https:\/\/yoast.com\/product\/yoast-seo-wordpress\/ -->\n<title>Crea\u015fti zorea \u0163i s\u2019bag\u0103 pi spitali - Radio Rom\u00e2nia Interna\u021bional<\/title>\n<meta name=\"robots\" content=\"index, follow, max-snippet:-1, max-image-preview:large, max-video-preview:-1\" \/>\n<link rel=\"canonical\" href=\"https:\/\/www.rri.ro\/ro_ar\/actualitati\/creasti-zorea-ti-sbaga-pi-spitali-id184586.html\" \/>\n<meta property=\"og:locale\" content=\"ro_RO\" \/>\n<meta property=\"og:type\" content=\"article\" \/>\n<meta property=\"og:title\" content=\"Crea\u015fti zorea \u0163i s\u2019bag\u0103 pi spitali - Radio Rom\u00e2nia Interna\u021bional\" \/>\n<meta property=\"og:description\" content=\"Crea\u015fti, dizn\u0103u, zorea \u0163i s\u2019bag\u0103 pi spitalili ditu Rom\u00e2nia, maxusu pi sec\u021biile di terapie intensiv\u0103 distinati ti pacien\u0163\u0103lli cu Covid-19, iu naima p\u0163\u0103nu cama di un\u0103 \u00f1ille di locuri disponibili suntu aproapea acutotalui ac\u0103\u0163ati. Autorit\u0103\u021bli facu timbihi c\u0103 suntu tut ma multi persoani infectati cu coronavirusu cari au ananghi di spitalizari. Numirlu alu\u015ftoru crea\u015fti, cathi [&hellip;]\" \/>\n<meta property=\"og:url\" content=\"https:\/\/www.rri.ro\/ro_ar\/actualitati\/creasti-zorea-ti-sbaga-pi-spitali-id184586.html\" \/>\n<meta property=\"og:site_name\" content=\"Radio Rom\u00e2nia Interna\u021bional\" \/>\n<meta property=\"article:published_time\" content=\"2021-09-21T17:00:00+00:00\" \/>\n<meta property=\"og:image\" content=\"https:\/\/www.rri.ro\/wp-content\/uploads\/2023\/10\/spital-ati-pacient-foto-pixabay.png\" \/>\n\t<meta property=\"og:image:width\" content=\"640\" \/>\n\t<meta property=\"og:image:height\" content=\"426\" \/>\n\t<meta property=\"og:image:type\" content=\"image\/png\" \/>\n<meta name=\"author\" content=\"Daniela Budu\" \/>\n<meta name=\"twitter:card\" content=\"summary_large_image\" \/>\n<meta name=\"twitter:label1\" content=\"Written by\" \/>\n\t<meta name=\"twitter:data1\" content=\"Daniela Budu\" \/>\n\t<meta name=\"twitter:label2\" content=\"Est. reading time\" \/>\n\t<meta name=\"twitter:data2\" content=\"3 minutes\" \/>\n<script type=\"application\/ld+json\" class=\"yoast-schema-graph\">{\"@context\":\"https:\\\/\\\/schema.org\",\"@graph\":[{\"@type\":\"Article\",\"@id\":\"https:\\\/\\\/www.rri.ro\\\/ro_ar\\\/actualitati\\\/creasti-zorea-ti-sbaga-pi-spitali-id184586.html#article\",\"isPartOf\":{\"@id\":\"https:\\\/\\\/www.rri.ro\\\/ro_ar\\\/actualitati\\\/creasti-zorea-ti-sbaga-pi-spitali-id184586.html\"},\"author\":{\"name\":\"Daniela Budu\",\"@id\":\"https:\\\/\\\/www.rri.ro\\\/#\\\/schema\\\/person\\\/b46b8f80d7d6e4b5ac9f14f0acbad0c4\"},\"headline\":\"Crea\u015fti zorea \u0163i s\u2019bag\u0103 pi spitali\",\"datePublished\":\"2021-09-21T17:00:00+00:00\",\"mainEntityOfPage\":{\"@id\":\"https:\\\/\\\/www.rri.ro\\\/ro_ar\\\/actualitati\\\/creasti-zorea-ti-sbaga-pi-spitali-id184586.html\"},\"wordCount\":582,\"image\":{\"@id\":\"https:\\\/\\\/www.rri.ro\\\/ro_ar\\\/actualitati\\\/creasti-zorea-ti-sbaga-pi-spitali-id184586.html#primaryimage\"},\"thumbnailUrl\":\"https:\\\/\\\/www.rri.ro\\\/wp-content\\\/uploads\\\/2023\\\/10\\\/spital-ati-pacient-foto-pixabay.png\",\"keywords\":[\"Adrian Marinescu\",\"covidu\",\"dalga 4\",\"pandemie\",\"Romania\",\"Spitali\"],\"articleSection\":[\"Actualitati\"],\"inLanguage\":\"ro-AR\"},{\"@type\":\"WebPage\",\"@id\":\"https:\\\/\\\/www.rri.ro\\\/ro_ar\\\/actualitati\\\/creasti-zorea-ti-sbaga-pi-spitali-id184586.html\",\"url\":\"https:\\\/\\\/www.rri.ro\\\/ro_ar\\\/actualitati\\\/creasti-zorea-ti-sbaga-pi-spitali-id184586.html\",\"name\":\"Crea\u015fti zorea \u0163i s\u2019bag\u0103 pi spitali - Radio Rom\u00e2nia Interna\u021bional\",\"isPartOf\":{\"@id\":\"https:\\\/\\\/www.rri.ro\\\/#website\"},\"primaryImageOfPage\":{\"@id\":\"https:\\\/\\\/www.rri.ro\\\/ro_ar\\\/actualitati\\\/creasti-zorea-ti-sbaga-pi-spitali-id184586.html#primaryimage\"},\"image\":{\"@id\":\"https:\\\/\\\/www.rri.ro\\\/ro_ar\\\/actualitati\\\/creasti-zorea-ti-sbaga-pi-spitali-id184586.html#primaryimage\"},\"thumbnailUrl\":\"https:\\\/\\\/www.rri.ro\\\/wp-content\\\/uploads\\\/2023\\\/10\\\/spital-ati-pacient-foto-pixabay.png\",\"datePublished\":\"2021-09-21T17:00:00+00:00\",\"author\":{\"@id\":\"https:\\\/\\\/www.rri.ro\\\/#\\\/schema\\\/person\\\/b46b8f80d7d6e4b5ac9f14f0acbad0c4\"},\"breadcrumb\":{\"@id\":\"https:\\\/\\\/www.rri.ro\\\/ro_ar\\\/actualitati\\\/creasti-zorea-ti-sbaga-pi-spitali-id184586.html#breadcrumb\"},\"inLanguage\":\"ro-AR\",\"potentialAction\":[{\"@type\":\"ReadAction\",\"target\":[\"https:\\\/\\\/www.rri.ro\\\/ro_ar\\\/actualitati\\\/creasti-zorea-ti-sbaga-pi-spitali-id184586.html\"]}]},{\"@type\":\"ImageObject\",\"inLanguage\":\"ro-AR\",\"@id\":\"https:\\\/\\\/www.rri.ro\\\/ro_ar\\\/actualitati\\\/creasti-zorea-ti-sbaga-pi-spitali-id184586.html#primaryimage\",\"url\":\"https:\\\/\\\/www.rri.ro\\\/wp-content\\\/uploads\\\/2023\\\/10\\\/spital-ati-pacient-foto-pixabay.png\",\"contentUrl\":\"https:\\\/\\\/www.rri.ro\\\/wp-content\\\/uploads\\\/2023\\\/10\\\/spital-ati-pacient-foto-pixabay.png\",\"width\":640,\"height\":426},{\"@type\":\"BreadcrumbList\",\"@id\":\"https:\\\/\\\/www.rri.ro\\\/ro_ar\\\/actualitati\\\/creasti-zorea-ti-sbaga-pi-spitali-id184586.html#breadcrumb\",\"itemListElement\":[{\"@type\":\"ListItem\",\"position\":1,\"name\":\"Prima pagin\u0103\",\"item\":\"https:\\\/\\\/www.rri.ro\\\/ro_ar\"},{\"@type\":\"ListItem\",\"position\":2,\"name\":\"Actualitati\",\"item\":\"https:\\\/\\\/www.rri.ro\\\/actualitati\"},{\"@type\":\"ListItem\",\"position\":3,\"name\":\"Crea\u015fti zorea \u0163i s\u2019bag\u0103 pi spitali\"}]},{\"@type\":\"WebSite\",\"@id\":\"https:\\\/\\\/www.rri.ro\\\/#website\",\"url\":\"https:\\\/\\\/www.rri.ro\\\/\",\"name\":\"Radio Rom\u00e2nia Interna\u021bional\",\"description\":\"Totul despre Rom\u00e2nia \u015fi rom\u00e2ni, \u00een 13 limbi\\\/dialecte!\",\"inLanguage\":\"ro-AR\"},{\"@type\":\"Person\",\"@id\":\"https:\\\/\\\/www.rri.ro\\\/#\\\/schema\\\/person\\\/b46b8f80d7d6e4b5ac9f14f0acbad0c4\",\"name\":\"Daniela Budu\",\"url\":\"https:\\\/\\\/www.rri.ro\\\/ro_ar\\\/author\\\/daniela-budu\"}]}<\/script>\n<!-- \/ Yoast SEO plugin. -->","yoast_head_json":{"title":"Crea\u015fti zorea \u0163i s\u2019bag\u0103 pi spitali - Radio Rom\u00e2nia Interna\u021bional","robots":{"index":"index","follow":"follow","max-snippet":"max-snippet:-1","max-image-preview":"max-image-preview:large","max-video-preview":"max-video-preview:-1"},"canonical":"https:\/\/www.rri.ro\/ro_ar\/actualitati\/creasti-zorea-ti-sbaga-pi-spitali-id184586.html","og_locale":"ro_RO","og_type":"article","og_title":"Crea\u015fti zorea \u0163i s\u2019bag\u0103 pi spitali - Radio Rom\u00e2nia Interna\u021bional","og_description":"Crea\u015fti, dizn\u0103u, zorea \u0163i s\u2019bag\u0103 pi spitalili ditu Rom\u00e2nia, maxusu pi sec\u021biile di terapie intensiv\u0103 distinati ti pacien\u0163\u0103lli cu Covid-19, iu naima p\u0163\u0103nu cama di un\u0103 \u00f1ille di locuri disponibili suntu aproapea acutotalui ac\u0103\u0163ati. Autorit\u0103\u021bli facu timbihi c\u0103 suntu tut ma multi persoani infectati cu coronavirusu cari au ananghi di spitalizari. Numirlu alu\u015ftoru crea\u015fti, cathi [&hellip;]","og_url":"https:\/\/www.rri.ro\/ro_ar\/actualitati\/creasti-zorea-ti-sbaga-pi-spitali-id184586.html","og_site_name":"Radio Rom\u00e2nia Interna\u021bional","article_published_time":"2021-09-21T17:00:00+00:00","og_image":[{"width":640,"height":426,"url":"https:\/\/www.rri.ro\/wp-content\/uploads\/2023\/10\/spital-ati-pacient-foto-pixabay.png","type":"image\/png"}],"author":"Daniela Budu","twitter_card":"summary_large_image","twitter_misc":{"Written by":"Daniela Budu","Est. reading time":"3 minutes"},"schema":{"@context":"https:\/\/schema.org","@graph":[{"@type":"Article","@id":"https:\/\/www.rri.ro\/ro_ar\/actualitati\/creasti-zorea-ti-sbaga-pi-spitali-id184586.html#article","isPartOf":{"@id":"https:\/\/www.rri.ro\/ro_ar\/actualitati\/creasti-zorea-ti-sbaga-pi-spitali-id184586.html"},"author":{"name":"Daniela Budu","@id":"https:\/\/www.rri.ro\/#\/schema\/person\/b46b8f80d7d6e4b5ac9f14f0acbad0c4"},"headline":"Crea\u015fti zorea \u0163i s\u2019bag\u0103 pi spitali","datePublished":"2021-09-21T17:00:00+00:00","mainEntityOfPage":{"@id":"https:\/\/www.rri.ro\/ro_ar\/actualitati\/creasti-zorea-ti-sbaga-pi-spitali-id184586.html"},"wordCount":582,"image":{"@id":"https:\/\/www.rri.ro\/ro_ar\/actualitati\/creasti-zorea-ti-sbaga-pi-spitali-id184586.html#primaryimage"},"thumbnailUrl":"https:\/\/www.rri.ro\/wp-content\/uploads\/2023\/10\/spital-ati-pacient-foto-pixabay.png","keywords":["Adrian Marinescu","covidu","dalga 4","pandemie","Romania","Spitali"],"articleSection":["Actualitati"],"inLanguage":"ro-AR"},{"@type":"WebPage","@id":"https:\/\/www.rri.ro\/ro_ar\/actualitati\/creasti-zorea-ti-sbaga-pi-spitali-id184586.html","url":"https:\/\/www.rri.ro\/ro_ar\/actualitati\/creasti-zorea-ti-sbaga-pi-spitali-id184586.html","name":"Crea\u015fti zorea \u0163i s\u2019bag\u0103 pi spitali - Radio Rom\u00e2nia Interna\u021bional","isPartOf":{"@id":"https:\/\/www.rri.ro\/#website"},"primaryImageOfPage":{"@id":"https:\/\/www.rri.ro\/ro_ar\/actualitati\/creasti-zorea-ti-sbaga-pi-spitali-id184586.html#primaryimage"},"image":{"@id":"https:\/\/www.rri.ro\/ro_ar\/actualitati\/creasti-zorea-ti-sbaga-pi-spitali-id184586.html#primaryimage"},"thumbnailUrl":"https:\/\/www.rri.ro\/wp-content\/uploads\/2023\/10\/spital-ati-pacient-foto-pixabay.png","datePublished":"2021-09-21T17:00:00+00:00","author":{"@id":"https:\/\/www.rri.ro\/#\/schema\/person\/b46b8f80d7d6e4b5ac9f14f0acbad0c4"},"breadcrumb":{"@id":"https:\/\/www.rri.ro\/ro_ar\/actualitati\/creasti-zorea-ti-sbaga-pi-spitali-id184586.html#breadcrumb"},"inLanguage":"ro-AR","potentialAction":[{"@type":"ReadAction","target":["https:\/\/www.rri.ro\/ro_ar\/actualitati\/creasti-zorea-ti-sbaga-pi-spitali-id184586.html"]}]},{"@type":"ImageObject","inLanguage":"ro-AR","@id":"https:\/\/www.rri.ro\/ro_ar\/actualitati\/creasti-zorea-ti-sbaga-pi-spitali-id184586.html#primaryimage","url":"https:\/\/www.rri.ro\/wp-content\/uploads\/2023\/10\/spital-ati-pacient-foto-pixabay.png","contentUrl":"https:\/\/www.rri.ro\/wp-content\/uploads\/2023\/10\/spital-ati-pacient-foto-pixabay.png","width":640,"height":426},{"@type":"BreadcrumbList","@id":"https:\/\/www.rri.ro\/ro_ar\/actualitati\/creasti-zorea-ti-sbaga-pi-spitali-id184586.html#breadcrumb","itemListElement":[{"@type":"ListItem","position":1,"name":"Prima pagin\u0103","item":"https:\/\/www.rri.ro\/ro_ar"},{"@type":"ListItem","position":2,"name":"Actualitati","item":"https:\/\/www.rri.ro\/actualitati"},{"@type":"ListItem","position":3,"name":"Crea\u015fti zorea \u0163i s\u2019bag\u0103 pi spitali"}]},{"@type":"WebSite","@id":"https:\/\/www.rri.ro\/#website","url":"https:\/\/www.rri.ro\/","name":"Radio Rom\u00e2nia Interna\u021bional","description":"Totul despre Rom\u00e2nia \u015fi rom\u00e2ni, \u00een 13 limbi\/dialecte!","inLanguage":"ro-AR"},{"@type":"Person","@id":"https:\/\/www.rri.ro\/#\/schema\/person\/b46b8f80d7d6e4b5ac9f14f0acbad0c4","name":"Daniela Budu","url":"https:\/\/www.rri.ro\/ro_ar\/author\/daniela-budu"}]}},"_links":{"self":[{"href":"https:\/\/www.rri.ro\/ro_ar\/wp-json\/wp\/v2\/posts\/184586","targetHints":{"allow":["GET"]}}],"collection":[{"href":"https:\/\/www.rri.ro\/ro_ar\/wp-json\/wp\/v2\/posts"}],"about":[{"href":"https:\/\/www.rri.ro\/ro_ar\/wp-json\/wp\/v2\/types\/post"}],"author":[{"embeddable":true,"href":"https:\/\/www.rri.ro\/ro_ar\/wp-json\/wp\/v2\/users\/107"}],"replies":[{"embeddable":true,"href":"https:\/\/www.rri.ro\/ro_ar\/wp-json\/wp\/v2\/comments?post=184586"}],"version-history":[{"count":0,"href":"https:\/\/www.rri.ro\/ro_ar\/wp-json\/wp\/v2\/posts\/184586\/revisions"}],"wp:featuredmedia":[{"embeddable":true,"href":"https:\/\/www.rri.ro\/ro_ar\/wp-json\/wp\/v2\/media\/90066"}],"wp:attachment":[{"href":"https:\/\/www.rri.ro\/ro_ar\/wp-json\/wp\/v2\/media?parent=184586"}],"wp:term":[{"taxonomy":"category","embeddable":true,"href":"https:\/\/www.rri.ro\/ro_ar\/wp-json\/wp\/v2\/categories?post=184586"},{"taxonomy":"post_tag","embeddable":true,"href":"https:\/\/www.rri.ro\/ro_ar\/wp-json\/wp\/v2\/tags?post=184586"},{"taxonomy":"author","embeddable":true,"href":"https:\/\/www.rri.ro\/ro_ar\/wp-json\/wp\/v2\/coauthors?post=184586"}],"curies":[{"name":"wp","href":"https:\/\/api.w.org\/{rel}","templated":true}]}}