{"id":184597,"date":"2021-10-20T12:06:00","date_gmt":"2021-10-20T09:06:00","guid":{"rendered":"http:\/\/devrri.freshlemon.ro\/actualitati\/isaki-mutrinda-vaccinarea-184597.html"},"modified":"2021-10-20T12:06:00","modified_gmt":"2021-10-20T09:06:00","slug":"isaki-mutrinda-vaccinarea","status":"publish","type":"post","link":"https:\/\/www.rri.ro\/ro_ar\/actualitati\/isaki-mutrinda-vaccinarea-id184597.html","title":{"rendered":"Is\u0103ki mutrinda vaccinarea"},"content":{"rendered":"<p>Rom\u00e2nia \u0219-pripusi n\u0103i \u021binte mutrinda vaccinarea anti-coronavirus, dup\u0103 \u0163i n\u0103sc\u0103nti di ma ninti fur\u0103 ratate di itia-a reticen\u021b\u0103llei di partea a b\u0103n\u0103torloru. Comitetlu Na\u0163ional di Coordonare a Activit\u0103\u0163lor mutrinda Vaccinarea spuni tora c\u0103 ari ca obiectiv imunizarea cu prima doz\u0103 a 2 miliu\u00f1i di oami\u00f1i p\u00e2n\u0103 tu bitisita-a alu\u015ftui an (tra s\u2019agiung\u0103 la 45% ditu popula\u0163ie), a diapoa 70% ditu popula\u0163ie s\u2019hib\u0103 vaccinat\u0103 p\u00e2n\u0103 tru primlu trimestru a anlui 2022. Diclara\u021biile yin dup\u0103 muabe\u0163 anamisa di speciali\u0219ti rom\u00e2ni \u0219i ali Organiza\u021bie Mondial\u0103 a S\u0103n\u0103tatillei, cu scupolu ta s\u2019afl\u0103 cearei tra s\u2019d\u0103n\u0103sesc\u0103 cri\u015ftearea cabaia multu a cazurlor severe \u015fi a mor\u021b\u0103lor di COVID-19 ditu Rom\u00e2nia. N\u0103ulu optimism a autorit\u0103\u021blor sanitare di Bucure\u0219ti easte temperatu ama di OMS, cari estimeadz\u0103 c\u0103, ma s\u2019hib\u0103 \u0163\u0103nutu ritmolu di vaccinare ditu aesti 6 st\u0103m\u00e2\u00f1i ditu soni \u015fi strategiile di vaccinare ditu aestu kiro tu practico, Rom\u00e2nia va s\u2019agiung\u0103 t\u0103\u015f tru aproximativ 7 me\u015fi la un\u0103 anv\u0103leari vaccinal\u0103 di 40% ama tr\u0103 popula\u0163ia total\u0103 \u015fi tru aproximativ 31 di me\u015fi la un\u0103 anv\u0103leari di 70%. Cu tuti aestea, OMS veadi un\u0103 crea\u015ftire constant\u0103 tru treillli st\u0103m\u0103\u00f1i ditu soni tu a\u0163ea \u0163i mutrea\u015fti vaccinarea, maxusu tu arada a persoanilor sumu 50 di a\u00f1i. <\/p>\n<p>&#13;<br \/>\n&#13;<\/p>\n<p>&#13;<br \/>\n&#13;<\/p>\n<p>Uidisitu cu unu comunicat, 92% ditu decesile ditu Rom\u00e2nia au fur\u0103 nregistrate la persoanele nevaccinate. Nai ma multi ditu aestea avur\u0103 si alti l\u0103ngori, ama fur\u0103 nregistrate decese \u015fi tru arada-a tinirloru, cilimea\u00f1iloru \u015fi ali popula\u0163ie active. Rom\u00e2nia easti pi penultimlu loc tru Uniunea European\u0103 tru a\u0163ea \u0163i mutrea\u015fti rata di imunizare (anv\u0103rliga di 30 %) \u0219i multu sumu rata medie mondial\u0103. V\u0103silia s\u2019ampulisea\u015fti cu patra dalg\u0103 a pandemiillei multu ma fuviroas\u0103, di  itia a variant\u0103llei Delta a coronavirusului. S\u2019dukescu \u0219i adgheafuri mari di la un giude\u0163u la alantu, zonili ditu nord-est \u015fi sud av\u00e2nda un\u0103 anv\u0103leari vaccinal\u0103 ma \u00f1ic\u0103. Pi grupi di ilikie, is\u0103kili spunu un\u0103 imunizari di aproximativ 50% la persoanili cu ilikiili anamisa di 50 \u015fi 69 di ani, ama ma\u015f anv\u0103rliga di 20% la persoanili cu ilikia di pisti 80 di a\u00f1i. Ari, tutun\u0103oar\u0103 unu declaju di gen, mllerli hiinda semnificativ ma pu\u0103nu vaccinati andicra di b\u0103rba\u0163, cu unu adgheafuru di aproapea 20% la persoanele di pisti 60 di ani. <\/p>\n<p>&#13;<br \/>\n&#13;<\/p>\n<p>&#13;<br \/>\n&#13;<\/p>\n<p>Comitetlu Na\u0163ional di Coordonare a Activit\u0103\u0163ilor mutrinda Vaccinarea pricunoa\u0219te c\u0103 imunizarea tru popula\u0163ia general\u0103 easte sc\u0103dzut\u0103 \u015fi d\u0103n\u0103sea\u015fti, hiinda sumu media regional\u0103, ama nu spuni \u0219i cum \u0219\u2019pripuni s\u2019al\u0103xeasc\u0103 situa\u021bia. OMS dim\u0103nd\u0103 c\u0103 easte importantu ca Rom\u00e2nia s\u2019aib\u0103 tu prota thesi furnizarea-a vaccinurilor cari ascap\u0103 bana a a\u0163iloru cari au nai cama marli riscu di decesu \u015fi turlii greali a l\u0103ngoarillei, cum suntu tricu\u0163lli, persoanili cu l\u0103ngori croni\u0163i \u015fi alte categorii la riscu &#8211; persoanili gravidi \u0219i personalu cari activeadz\u0103 tru dumenii esen\u0163iali.<\/p>\n<p>&#13;<br \/>\n&#13;<br \/>\n &#13;<br \/>\n&#13;<\/p>\n<p>Autoru: Eugen Coroianu<\/p>\n<p>&#13;<br \/>\n&#13;<\/p>\n<p>Arm\u00e2nipsearea: Ta\u015fcu Lala<\/p>\n<p>&#13;<br \/>\n&#13;<\/p>\n<p>&#13;<br \/>\n&#13;<\/p>\n<div style=margin-left:22.5pt;>&#13;<br \/>\n &#13;\n<\/div>\n<p>&#13;<\/p>\n","protected":false},"excerpt":{"rendered":"<p>Rom\u00e2nia \u0219-pripusi n\u0103i \u021binte mutrinda vaccinarea anti-coronavirus, dup\u0103 \u0163i n\u0103sc\u0103nti di ma ninti fur\u0103 ratate di itia-a reticen\u021b\u0103llei di partea a b\u0103n\u0103torloru. Comitetlu Na\u0163ional di Coordonare a Activit\u0103\u0163lor mutrinda Vaccinarea spuni tora c\u0103 ari ca obiectiv imunizarea cu prima doz\u0103 a 2 miliu\u00f1i di oami\u00f1i p\u00e2n\u0103 tu bitisita-a alu\u015ftui an (tra s\u2019agiung\u0103 la 45% ditu [&hellip;]<\/p>\n","protected":false},"author":104,"featured_media":90130,"comment_status":"closed","ping_status":"closed","sticky":false,"template":"","format":"standard","meta":{"_acf_changed":false,"footnotes":""},"categories":[69],"tags":[47262,47025,147681,47282,47148],"coauthors":[],"class_list":["post-184597","post","type-post","status-publish","format-standard","has-post-thumbnail","hentry","category-actualitati","tag-covidu","tag-oms","tag-romania-ro_ar","tag-spitalu","tag-vaccinari"],"acf":[],"yoast_head":"<!-- This site is optimized with the Yoast SEO plugin v27.3 - https:\/\/yoast.com\/product\/yoast-seo-wordpress\/ -->\n<title>Is\u0103ki mutrinda vaccinarea - Radio Rom\u00e2nia Interna\u021bional<\/title>\n<meta name=\"robots\" content=\"index, follow, max-snippet:-1, max-image-preview:large, max-video-preview:-1\" \/>\n<link rel=\"canonical\" href=\"https:\/\/www.rri.ro\/ro_ar\/actualitati\/isaki-mutrinda-vaccinarea-id184597.html\" \/>\n<meta property=\"og:locale\" content=\"ro_RO\" \/>\n<meta property=\"og:type\" content=\"article\" \/>\n<meta property=\"og:title\" content=\"Is\u0103ki mutrinda vaccinarea - Radio Rom\u00e2nia Interna\u021bional\" \/>\n<meta property=\"og:description\" content=\"Rom\u00e2nia \u0219-pripusi n\u0103i \u021binte mutrinda vaccinarea anti-coronavirus, dup\u0103 \u0163i n\u0103sc\u0103nti di ma ninti fur\u0103 ratate di itia-a reticen\u021b\u0103llei di partea a b\u0103n\u0103torloru. Comitetlu Na\u0163ional di Coordonare a Activit\u0103\u0163lor mutrinda Vaccinarea spuni tora c\u0103 ari ca obiectiv imunizarea cu prima doz\u0103 a 2 miliu\u00f1i di oami\u00f1i p\u00e2n\u0103 tu bitisita-a alu\u015ftui an (tra s\u2019agiung\u0103 la 45% ditu [&hellip;]\" \/>\n<meta property=\"og:url\" content=\"https:\/\/www.rri.ro\/ro_ar\/actualitati\/isaki-mutrinda-vaccinarea-id184597.html\" \/>\n<meta property=\"og:site_name\" content=\"Radio Rom\u00e2nia Interna\u021bional\" \/>\n<meta property=\"article:published_time\" content=\"2021-10-20T09:06:00+00:00\" \/>\n<meta property=\"og:image\" content=\"https:\/\/www.rri.ro\/wp-content\/uploads\/2023\/10\/vaccin-doza-covid-virus-foto-pixabay.png\" \/>\n\t<meta property=\"og:image:width\" content=\"640\" \/>\n\t<meta property=\"og:image:height\" content=\"426\" \/>\n\t<meta property=\"og:image:type\" content=\"image\/png\" \/>\n<meta name=\"author\" content=\"Eugen Coroianu\" \/>\n<meta name=\"twitter:card\" content=\"summary_large_image\" \/>\n<meta name=\"twitter:label1\" content=\"Written by\" \/>\n\t<meta name=\"twitter:data1\" content=\"Eugen Coroianu\" \/>\n\t<meta name=\"twitter:label2\" content=\"Est. reading time\" \/>\n\t<meta name=\"twitter:data2\" content=\"3 minutes\" \/>\n<script type=\"application\/ld+json\" class=\"yoast-schema-graph\">{\"@context\":\"https:\\\/\\\/schema.org\",\"@graph\":[{\"@type\":\"Article\",\"@id\":\"https:\\\/\\\/www.rri.ro\\\/ro_ar\\\/actualitati\\\/isaki-mutrinda-vaccinarea-id184597.html#article\",\"isPartOf\":{\"@id\":\"https:\\\/\\\/www.rri.ro\\\/ro_ar\\\/actualitati\\\/isaki-mutrinda-vaccinarea-id184597.html\"},\"author\":{\"name\":\"Eugen Coroianu\",\"@id\":\"https:\\\/\\\/www.rri.ro\\\/#\\\/schema\\\/person\\\/5d5d5bd8eec0e962a50aaf3b0f6919c4\"},\"headline\":\"Is\u0103ki mutrinda vaccinarea\",\"datePublished\":\"2021-10-20T09:06:00+00:00\",\"mainEntityOfPage\":{\"@id\":\"https:\\\/\\\/www.rri.ro\\\/ro_ar\\\/actualitati\\\/isaki-mutrinda-vaccinarea-id184597.html\"},\"wordCount\":527,\"image\":{\"@id\":\"https:\\\/\\\/www.rri.ro\\\/ro_ar\\\/actualitati\\\/isaki-mutrinda-vaccinarea-id184597.html#primaryimage\"},\"thumbnailUrl\":\"https:\\\/\\\/www.rri.ro\\\/wp-content\\\/uploads\\\/2023\\\/10\\\/vaccin-doza-covid-virus-foto-pixabay.png\",\"keywords\":[\"covidu\",\"OMS\",\"Romania\",\"spitalu\",\"vaccinari\"],\"articleSection\":[\"Actualitati\"],\"inLanguage\":\"ro-AR\"},{\"@type\":\"WebPage\",\"@id\":\"https:\\\/\\\/www.rri.ro\\\/ro_ar\\\/actualitati\\\/isaki-mutrinda-vaccinarea-id184597.html\",\"url\":\"https:\\\/\\\/www.rri.ro\\\/ro_ar\\\/actualitati\\\/isaki-mutrinda-vaccinarea-id184597.html\",\"name\":\"Is\u0103ki mutrinda vaccinarea - Radio Rom\u00e2nia Interna\u021bional\",\"isPartOf\":{\"@id\":\"https:\\\/\\\/www.rri.ro\\\/#website\"},\"primaryImageOfPage\":{\"@id\":\"https:\\\/\\\/www.rri.ro\\\/ro_ar\\\/actualitati\\\/isaki-mutrinda-vaccinarea-id184597.html#primaryimage\"},\"image\":{\"@id\":\"https:\\\/\\\/www.rri.ro\\\/ro_ar\\\/actualitati\\\/isaki-mutrinda-vaccinarea-id184597.html#primaryimage\"},\"thumbnailUrl\":\"https:\\\/\\\/www.rri.ro\\\/wp-content\\\/uploads\\\/2023\\\/10\\\/vaccin-doza-covid-virus-foto-pixabay.png\",\"datePublished\":\"2021-10-20T09:06:00+00:00\",\"author\":{\"@id\":\"https:\\\/\\\/www.rri.ro\\\/#\\\/schema\\\/person\\\/5d5d5bd8eec0e962a50aaf3b0f6919c4\"},\"breadcrumb\":{\"@id\":\"https:\\\/\\\/www.rri.ro\\\/ro_ar\\\/actualitati\\\/isaki-mutrinda-vaccinarea-id184597.html#breadcrumb\"},\"inLanguage\":\"ro-AR\",\"potentialAction\":[{\"@type\":\"ReadAction\",\"target\":[\"https:\\\/\\\/www.rri.ro\\\/ro_ar\\\/actualitati\\\/isaki-mutrinda-vaccinarea-id184597.html\"]}]},{\"@type\":\"ImageObject\",\"inLanguage\":\"ro-AR\",\"@id\":\"https:\\\/\\\/www.rri.ro\\\/ro_ar\\\/actualitati\\\/isaki-mutrinda-vaccinarea-id184597.html#primaryimage\",\"url\":\"https:\\\/\\\/www.rri.ro\\\/wp-content\\\/uploads\\\/2023\\\/10\\\/vaccin-doza-covid-virus-foto-pixabay.png\",\"contentUrl\":\"https:\\\/\\\/www.rri.ro\\\/wp-content\\\/uploads\\\/2023\\\/10\\\/vaccin-doza-covid-virus-foto-pixabay.png\",\"width\":640,\"height\":426},{\"@type\":\"BreadcrumbList\",\"@id\":\"https:\\\/\\\/www.rri.ro\\\/ro_ar\\\/actualitati\\\/isaki-mutrinda-vaccinarea-id184597.html#breadcrumb\",\"itemListElement\":[{\"@type\":\"ListItem\",\"position\":1,\"name\":\"Prima pagin\u0103\",\"item\":\"https:\\\/\\\/www.rri.ro\\\/ro_ar\"},{\"@type\":\"ListItem\",\"position\":2,\"name\":\"Actualitati\",\"item\":\"https:\\\/\\\/www.rri.ro\\\/actualitati\"},{\"@type\":\"ListItem\",\"position\":3,\"name\":\"Is\u0103ki mutrinda vaccinarea\"}]},{\"@type\":\"WebSite\",\"@id\":\"https:\\\/\\\/www.rri.ro\\\/#website\",\"url\":\"https:\\\/\\\/www.rri.ro\\\/\",\"name\":\"Radio Rom\u00e2nia Interna\u021bional\",\"description\":\"Totul despre Rom\u00e2nia \u015fi rom\u00e2ni, \u00een 13 limbi\\\/dialecte!\",\"inLanguage\":\"ro-AR\"},{\"@type\":\"Person\",\"@id\":\"https:\\\/\\\/www.rri.ro\\\/#\\\/schema\\\/person\\\/5d5d5bd8eec0e962a50aaf3b0f6919c4\",\"name\":\"Eugen Coroianu\",\"url\":\"https:\\\/\\\/www.rri.ro\\\/ro_ar\\\/author\\\/eugen-coroianu\"}]}<\/script>\n<!-- \/ Yoast SEO plugin. -->","yoast_head_json":{"title":"Is\u0103ki mutrinda vaccinarea - Radio Rom\u00e2nia Interna\u021bional","robots":{"index":"index","follow":"follow","max-snippet":"max-snippet:-1","max-image-preview":"max-image-preview:large","max-video-preview":"max-video-preview:-1"},"canonical":"https:\/\/www.rri.ro\/ro_ar\/actualitati\/isaki-mutrinda-vaccinarea-id184597.html","og_locale":"ro_RO","og_type":"article","og_title":"Is\u0103ki mutrinda vaccinarea - Radio Rom\u00e2nia Interna\u021bional","og_description":"Rom\u00e2nia \u0219-pripusi n\u0103i \u021binte mutrinda vaccinarea anti-coronavirus, dup\u0103 \u0163i n\u0103sc\u0103nti di ma ninti fur\u0103 ratate di itia-a reticen\u021b\u0103llei di partea a b\u0103n\u0103torloru. Comitetlu Na\u0163ional di Coordonare a Activit\u0103\u0163lor mutrinda Vaccinarea spuni tora c\u0103 ari ca obiectiv imunizarea cu prima doz\u0103 a 2 miliu\u00f1i di oami\u00f1i p\u00e2n\u0103 tu bitisita-a alu\u015ftui an (tra s\u2019agiung\u0103 la 45% ditu [&hellip;]","og_url":"https:\/\/www.rri.ro\/ro_ar\/actualitati\/isaki-mutrinda-vaccinarea-id184597.html","og_site_name":"Radio Rom\u00e2nia Interna\u021bional","article_published_time":"2021-10-20T09:06:00+00:00","og_image":[{"width":640,"height":426,"url":"https:\/\/www.rri.ro\/wp-content\/uploads\/2023\/10\/vaccin-doza-covid-virus-foto-pixabay.png","type":"image\/png"}],"author":"Eugen Coroianu","twitter_card":"summary_large_image","twitter_misc":{"Written by":"Eugen Coroianu","Est. reading time":"3 minutes"},"schema":{"@context":"https:\/\/schema.org","@graph":[{"@type":"Article","@id":"https:\/\/www.rri.ro\/ro_ar\/actualitati\/isaki-mutrinda-vaccinarea-id184597.html#article","isPartOf":{"@id":"https:\/\/www.rri.ro\/ro_ar\/actualitati\/isaki-mutrinda-vaccinarea-id184597.html"},"author":{"name":"Eugen Coroianu","@id":"https:\/\/www.rri.ro\/#\/schema\/person\/5d5d5bd8eec0e962a50aaf3b0f6919c4"},"headline":"Is\u0103ki mutrinda vaccinarea","datePublished":"2021-10-20T09:06:00+00:00","mainEntityOfPage":{"@id":"https:\/\/www.rri.ro\/ro_ar\/actualitati\/isaki-mutrinda-vaccinarea-id184597.html"},"wordCount":527,"image":{"@id":"https:\/\/www.rri.ro\/ro_ar\/actualitati\/isaki-mutrinda-vaccinarea-id184597.html#primaryimage"},"thumbnailUrl":"https:\/\/www.rri.ro\/wp-content\/uploads\/2023\/10\/vaccin-doza-covid-virus-foto-pixabay.png","keywords":["covidu","OMS","Romania","spitalu","vaccinari"],"articleSection":["Actualitati"],"inLanguage":"ro-AR"},{"@type":"WebPage","@id":"https:\/\/www.rri.ro\/ro_ar\/actualitati\/isaki-mutrinda-vaccinarea-id184597.html","url":"https:\/\/www.rri.ro\/ro_ar\/actualitati\/isaki-mutrinda-vaccinarea-id184597.html","name":"Is\u0103ki mutrinda vaccinarea - Radio Rom\u00e2nia Interna\u021bional","isPartOf":{"@id":"https:\/\/www.rri.ro\/#website"},"primaryImageOfPage":{"@id":"https:\/\/www.rri.ro\/ro_ar\/actualitati\/isaki-mutrinda-vaccinarea-id184597.html#primaryimage"},"image":{"@id":"https:\/\/www.rri.ro\/ro_ar\/actualitati\/isaki-mutrinda-vaccinarea-id184597.html#primaryimage"},"thumbnailUrl":"https:\/\/www.rri.ro\/wp-content\/uploads\/2023\/10\/vaccin-doza-covid-virus-foto-pixabay.png","datePublished":"2021-10-20T09:06:00+00:00","author":{"@id":"https:\/\/www.rri.ro\/#\/schema\/person\/5d5d5bd8eec0e962a50aaf3b0f6919c4"},"breadcrumb":{"@id":"https:\/\/www.rri.ro\/ro_ar\/actualitati\/isaki-mutrinda-vaccinarea-id184597.html#breadcrumb"},"inLanguage":"ro-AR","potentialAction":[{"@type":"ReadAction","target":["https:\/\/www.rri.ro\/ro_ar\/actualitati\/isaki-mutrinda-vaccinarea-id184597.html"]}]},{"@type":"ImageObject","inLanguage":"ro-AR","@id":"https:\/\/www.rri.ro\/ro_ar\/actualitati\/isaki-mutrinda-vaccinarea-id184597.html#primaryimage","url":"https:\/\/www.rri.ro\/wp-content\/uploads\/2023\/10\/vaccin-doza-covid-virus-foto-pixabay.png","contentUrl":"https:\/\/www.rri.ro\/wp-content\/uploads\/2023\/10\/vaccin-doza-covid-virus-foto-pixabay.png","width":640,"height":426},{"@type":"BreadcrumbList","@id":"https:\/\/www.rri.ro\/ro_ar\/actualitati\/isaki-mutrinda-vaccinarea-id184597.html#breadcrumb","itemListElement":[{"@type":"ListItem","position":1,"name":"Prima pagin\u0103","item":"https:\/\/www.rri.ro\/ro_ar"},{"@type":"ListItem","position":2,"name":"Actualitati","item":"https:\/\/www.rri.ro\/actualitati"},{"@type":"ListItem","position":3,"name":"Is\u0103ki mutrinda vaccinarea"}]},{"@type":"WebSite","@id":"https:\/\/www.rri.ro\/#website","url":"https:\/\/www.rri.ro\/","name":"Radio Rom\u00e2nia Interna\u021bional","description":"Totul despre Rom\u00e2nia \u015fi rom\u00e2ni, \u00een 13 limbi\/dialecte!","inLanguage":"ro-AR"},{"@type":"Person","@id":"https:\/\/www.rri.ro\/#\/schema\/person\/5d5d5bd8eec0e962a50aaf3b0f6919c4","name":"Eugen Coroianu","url":"https:\/\/www.rri.ro\/ro_ar\/author\/eugen-coroianu"}]}},"_links":{"self":[{"href":"https:\/\/www.rri.ro\/ro_ar\/wp-json\/wp\/v2\/posts\/184597","targetHints":{"allow":["GET"]}}],"collection":[{"href":"https:\/\/www.rri.ro\/ro_ar\/wp-json\/wp\/v2\/posts"}],"about":[{"href":"https:\/\/www.rri.ro\/ro_ar\/wp-json\/wp\/v2\/types\/post"}],"author":[{"embeddable":true,"href":"https:\/\/www.rri.ro\/ro_ar\/wp-json\/wp\/v2\/users\/104"}],"replies":[{"embeddable":true,"href":"https:\/\/www.rri.ro\/ro_ar\/wp-json\/wp\/v2\/comments?post=184597"}],"version-history":[{"count":0,"href":"https:\/\/www.rri.ro\/ro_ar\/wp-json\/wp\/v2\/posts\/184597\/revisions"}],"wp:featuredmedia":[{"embeddable":true,"href":"https:\/\/www.rri.ro\/ro_ar\/wp-json\/wp\/v2\/media\/90130"}],"wp:attachment":[{"href":"https:\/\/www.rri.ro\/ro_ar\/wp-json\/wp\/v2\/media?parent=184597"}],"wp:term":[{"taxonomy":"category","embeddable":true,"href":"https:\/\/www.rri.ro\/ro_ar\/wp-json\/wp\/v2\/categories?post=184597"},{"taxonomy":"post_tag","embeddable":true,"href":"https:\/\/www.rri.ro\/ro_ar\/wp-json\/wp\/v2\/tags?post=184597"},{"taxonomy":"author","embeddable":true,"href":"https:\/\/www.rri.ro\/ro_ar\/wp-json\/wp\/v2\/coauthors?post=184597"}],"curies":[{"name":"wp","href":"https:\/\/api.w.org\/{rel}","templated":true}]}}