{"id":184721,"date":"2022-01-04T12:33:00","date_gmt":"2022-01-04T10:33:00","guid":{"rendered":"http:\/\/devrri.freshlemon.ro\/actualitati\/ndridzeri-tra-dalga-5-a-pandemiillei-184721.html"},"modified":"2022-01-04T12:33:00","modified_gmt":"2022-01-04T10:33:00","slug":"ndridzeri-tra-dalga-5-a-pandemiillei","status":"publish","type":"post","link":"https:\/\/www.rri.ro\/ro_ar\/actualitati\/ndridzeri-tra-dalga-5-a-pandemiillei-id184721.html","title":{"rendered":"Ndridzeri tr\u0103 dalga 5 a pandemiillei"},"content":{"rendered":"<p>Dalga \u0163in\u0163i a pandemiillei, \u0163i u adu\u0163i varianta Omicron, cari arnea\u015fti Europa \u0219i alti regiuni a lumillei, pari s\u2019ahib\u0103 agiumt\u0103 \u0219i tru Rom\u00e2nia, iu numirlu di cazuri \u0163i eara aflati ahurhi dizn\u0103u s\u2019creasc\u0103. Autorit\u0103\u021bli zbur\u0103scu, di aest\u0103 itie, pi livel medical ama \u0219i politic, ti meatrili \u0163i suntu ananghi a\u0163ea turlie c\u0103\u0163e s\u2019nu s\u2019fac\u0103 dizn\u0103u catandisea epidimiologic\u0103 greau\u0103 ditu dalga anterioar\u0103. Un\u0103 di asparizmi spuni ti sistemlu sanitar rom\u00e2nesc, n\u0103stricutu acutotalui ast\u0103 toamna di numirlu cabaia mari di l\u0103ndzidz\u0103ri di Covid-19.<\/p>\n<p>&#13;<br \/>\n&#13;<\/p>\n<p>&#13;<br \/>\n&#13;<\/p>\n<p>Premierlu Nicolae Ciuc\u0103 avu luni un\u0103 andamasi di lucru cu responsabili tru kivernisearea a pandemiillei, tru cadrul a curi fu prezentat\u0103 evolu\u0163ia a cazurilor tru v\u0103silie \u015fi la nivelu a Uniunillei Europeani. Scupolu &#8211;  vigllearea a popula\u0163iillei \u015fi ma largu func\u0163ionarea a sculiiloru \u015fi a sectoarelor economi\u0163i. Loar\u0103 parti reprezentan\u0163\u0103lli a ministerelor S\u0103n\u0103tatillei, Finan\u0163ilor, Justi\u0163iillei, Educa\u0163iillei, Lucurlui \u015fi Solidaritatillei Su\u0163iali, cum \u015fi \u015feflu a Departamentului tr\u0103 Situa\u0163ii di Urgen\u0163\u0103.<\/p>\n<p>&#13;<br \/>\n&#13;<\/p>\n<p>&#13;<br \/>\n&#13;<\/p>\n<p>Du\u0163earea ma largu a vaccinarillei fu cundilleat\u0103 ca hiinda nai ma sigur\u0103 cearei di viglleari a ban\u0103llei \u015fi a s\u0103n\u0103tatillei a cetate\u00f1ilor andicra di turliili greali di l\u0103ndzidzari \u0163i li adu\u0163i SARS-CoV-2. Problema easti c\u0103 imunizarea agiumsi dizn\u0103u la unu nivel cabaia sc\u0103dzut, numirlu a vaccin\u0103rlor ndzuu\u0103 cu prima doz\u0103 hiinda ma\u015f di ordinlu a \u00f1iilor.<\/p>\n<p>&#13;<br \/>\n&#13;<\/p>\n<p>&#13;<br \/>\n&#13;<\/p>\n<p>Ma\u015f niheam\u0103 pisti 40% ditu rom\u00e2ni suntu vaccina\u021b, v\u0103silia hiinda a daua ditu coad\u0103 tru Uniunea European\u0103 la aestu capitol, ac\u0103 ari, duri doze ditu tuti serurle aprobate la nivel comunitar. Teoriile conspirative, nipistipsearea tru sistemlu medical \u0219i autorit\u0103\u021b, ezit\u0103rli a politicienilor \u0219i campaniile fapti cu zorea contra a vaccinarillei \u0219i a meatriloru di viglleari s\u2019ar\u0103d\u0103psescu anamisa di itiili cari pot s\u2019exighiseasc\u0103 catandisea.<\/p>\n<p>&#13;<br \/>\n&#13;<\/p>\n<p>&#13;<br \/>\n&#13;<\/p>\n<p>Alt\u0103 cearei aflat\u0103 la andamasea di lucru a guvernului ca hiinda multu h\u0103irl\u0103ti\u0163i \u0219i cari ar poati s\u2019hib\u0103 genearalizat\u0103 la nivelul a v\u0103siliillei easti purtarea corect\u0103 a prusupid\u0103llei chirurgical\u0103 ic\u0103 alanti turlii di prusupidi cari s\u2019ti\u00f1iseasc\u0103 standardile FFP2. Tru cadrul ali andamasi s-analiz\u0103 \u0219i h\u0103irl\u0103tica a programelor di testare a elevilor \u015fi c\u0103bilea ta s\u2019da prusupidi f\u0103r\u0103 p\u0103radz ti cilimea\u00f1illi cari au ananghi. Tr\u0103 dutearea ninti tru buni condi\u0163ii em a func\u0163ionarillei serviciili publi\u0163i, emu a activit\u0103\u0163lor economiti, eara prezentate ca cearei alternan\u0163a a programlui di lucru, respectiv \u015fomajlu tehnic.<\/p>\n<p>&#13;<br \/>\n&#13;<\/p>\n<p>&#13;<br \/>\n&#13;<\/p>\n<p>Tru aest\u0103 noim\u0103, Ministerlu a Luc\u0103rlui \u015fi Ministerlu a Finan\u0163elor lipsea\u015fti s\u2019ndreag\u0103 resursili financiare an\u0103nghisiti. Cu scupolu ti asiguripsearea a unui nivel c\u00e2t ma analtu di informari corect\u0103 a popula\u0163iillei, va s\u2019hib\u0103 dizv\u0103rtiti activit\u0103\u0163 di comunicari \u015fi informari, deadunu cu demersuri di comb\u0103teare a dizinformarilleii, precizeadz\u0103 Guvernul di Bucuresti tru un comunicat. Documentul nu spuni ici \u0163iva  ti un\u0103 eventual\u0103 b\u0103gari tu lucru a certificatlui veardi la loclu di lucru, dicizia politic\u0103 tru aest\u0103 noim\u0103 arm\u00e2ni tru a\u0219tiptari.<\/p>\n<p>&#13;<br \/>\n&#13;<\/p>\n<p>Autor: Eugen Coroianu<\/p>\n<p>&#13;<br \/>\n&#13;<\/p>\n<p>Arm\u00e2nipsearia: Ta\u015fcu Lala<\/p>\n<p>&#13;<br \/>\n&#13;<\/p>\n<p>&#13;<br \/>\n&#13;<\/p>\n<div style=margin-left:22.5pt;> <\/div>\n<p>&#13;<br \/>\n&#13;<\/p>\n<p>&#13;<br \/>\n&#13;<\/p>\n<p>&#13;<br \/>\n&#13;<\/p>\n<p>&#13;<br \/>\n&#13;<\/p>\n<p>&#13;<br \/>\n&#13;<\/p>\n<p>&#13;<br \/>\n&#13;<\/p>\n<p>&#13;<br \/>\n&#13;<\/p>\n<p>&#13;<br \/>\n&#13;<\/p>\n<p>&#13;<br \/>\n&#13;<\/p>\n<p>&#13;<\/p>\n","protected":false},"excerpt":{"rendered":"<p>Dalga \u0163in\u0163i a pandemiillei, \u0163i u adu\u0163i varianta Omicron, cari arnea\u015fti Europa \u0219i alti regiuni a lumillei, pari s\u2019ahib\u0103 agiumt\u0103 \u0219i tru Rom\u00e2nia, iu numirlu di cazuri \u0163i eara aflati ahurhi dizn\u0103u s\u2019creasc\u0103. Autorit\u0103\u021bli zbur\u0103scu, di aest\u0103 itie, pi livel medical ama \u0219i politic, ti meatrili \u0163i suntu ananghi a\u0163ea turlie c\u0103\u0163e s\u2019nu s\u2019fac\u0103 dizn\u0103u [&hellip;]<\/p>\n","protected":false},"author":104,"featured_media":90788,"comment_status":"closed","ping_status":"closed","sticky":false,"template":"","format":"standard","meta":{"_acf_changed":false,"footnotes":""},"categories":[69],"tags":[47351,47368,36442],"coauthors":[],"class_list":["post-184721","post","type-post","status-publish","format-standard","has-post-thumbnail","hentry","category-actualitati","tag-guvernul-ciuca","tag-meatri-pandemie","tag-omicron"],"acf":[],"yoast_head":"<!-- This site is optimized with the Yoast SEO plugin v27.3 - https:\/\/yoast.com\/product\/yoast-seo-wordpress\/ -->\n<title>Ndridzeri tr\u0103 dalga 5 a pandemiillei - Radio Rom\u00e2nia Interna\u021bional<\/title>\n<meta name=\"robots\" content=\"index, follow, max-snippet:-1, max-image-preview:large, max-video-preview:-1\" \/>\n<link rel=\"canonical\" href=\"https:\/\/www.rri.ro\/ro_ar\/actualitati\/ndridzeri-tra-dalga-5-a-pandemiillei-id184721.html\" \/>\n<meta property=\"og:locale\" content=\"ro_RO\" \/>\n<meta property=\"og:type\" content=\"article\" \/>\n<meta property=\"og:title\" content=\"Ndridzeri tr\u0103 dalga 5 a pandemiillei - Radio Rom\u00e2nia Interna\u021bional\" \/>\n<meta property=\"og:description\" content=\"Dalga \u0163in\u0163i a pandemiillei, \u0163i u adu\u0163i varianta Omicron, cari arnea\u015fti Europa \u0219i alti regiuni a lumillei, pari s\u2019ahib\u0103 agiumt\u0103 \u0219i tru Rom\u00e2nia, iu numirlu di cazuri \u0163i eara aflati ahurhi dizn\u0103u s\u2019creasc\u0103. Autorit\u0103\u021bli zbur\u0103scu, di aest\u0103 itie, pi livel medical ama \u0219i politic, ti meatrili \u0163i suntu ananghi a\u0163ea turlie c\u0103\u0163e s\u2019nu s\u2019fac\u0103 dizn\u0103u [&hellip;]\" \/>\n<meta property=\"og:url\" content=\"https:\/\/www.rri.ro\/ro_ar\/actualitati\/ndridzeri-tra-dalga-5-a-pandemiillei-id184721.html\" \/>\n<meta property=\"og:site_name\" content=\"Radio Rom\u00e2nia Interna\u021bional\" \/>\n<meta property=\"article:published_time\" content=\"2022-01-04T10:33:00+00:00\" \/>\n<meta property=\"og:image\" content=\"https:\/\/www.rri.ro\/wp-content\/uploads\/2023\/10\/sedinta-guvern-val5-gov-ro.jpg\" \/>\n\t<meta property=\"og:image:width\" content=\"640\" \/>\n\t<meta property=\"og:image:height\" content=\"427\" \/>\n\t<meta property=\"og:image:type\" content=\"image\/jpeg\" \/>\n<meta name=\"author\" content=\"Eugen Coroianu\" \/>\n<meta name=\"twitter:card\" content=\"summary_large_image\" \/>\n<meta name=\"twitter:label1\" content=\"Written by\" \/>\n\t<meta name=\"twitter:data1\" content=\"Eugen Coroianu\" \/>\n\t<meta name=\"twitter:label2\" content=\"Est. reading time\" \/>\n\t<meta name=\"twitter:data2\" content=\"3 minutes\" \/>\n<script type=\"application\/ld+json\" class=\"yoast-schema-graph\">{\"@context\":\"https:\\\/\\\/schema.org\",\"@graph\":[{\"@type\":\"Article\",\"@id\":\"https:\\\/\\\/www.rri.ro\\\/ro_ar\\\/actualitati\\\/ndridzeri-tra-dalga-5-a-pandemiillei-id184721.html#article\",\"isPartOf\":{\"@id\":\"https:\\\/\\\/www.rri.ro\\\/ro_ar\\\/actualitati\\\/ndridzeri-tra-dalga-5-a-pandemiillei-id184721.html\"},\"author\":{\"name\":\"Eugen Coroianu\",\"@id\":\"https:\\\/\\\/www.rri.ro\\\/#\\\/schema\\\/person\\\/5d5d5bd8eec0e962a50aaf3b0f6919c4\"},\"headline\":\"Ndridzeri tr\u0103 dalga 5 a pandemiillei\",\"datePublished\":\"2022-01-04T10:33:00+00:00\",\"mainEntityOfPage\":{\"@id\":\"https:\\\/\\\/www.rri.ro\\\/ro_ar\\\/actualitati\\\/ndridzeri-tra-dalga-5-a-pandemiillei-id184721.html\"},\"wordCount\":530,\"image\":{\"@id\":\"https:\\\/\\\/www.rri.ro\\\/ro_ar\\\/actualitati\\\/ndridzeri-tra-dalga-5-a-pandemiillei-id184721.html#primaryimage\"},\"thumbnailUrl\":\"https:\\\/\\\/www.rri.ro\\\/wp-content\\\/uploads\\\/2023\\\/10\\\/sedinta-guvern-val5-gov-ro.jpg\",\"keywords\":[\"guvernul Ciuca\",\"meatri pandemie\",\"Omicron\"],\"articleSection\":[\"Actualitati\"],\"inLanguage\":\"ro-AR\"},{\"@type\":\"WebPage\",\"@id\":\"https:\\\/\\\/www.rri.ro\\\/ro_ar\\\/actualitati\\\/ndridzeri-tra-dalga-5-a-pandemiillei-id184721.html\",\"url\":\"https:\\\/\\\/www.rri.ro\\\/ro_ar\\\/actualitati\\\/ndridzeri-tra-dalga-5-a-pandemiillei-id184721.html\",\"name\":\"Ndridzeri tr\u0103 dalga 5 a pandemiillei - Radio Rom\u00e2nia Interna\u021bional\",\"isPartOf\":{\"@id\":\"https:\\\/\\\/www.rri.ro\\\/#website\"},\"primaryImageOfPage\":{\"@id\":\"https:\\\/\\\/www.rri.ro\\\/ro_ar\\\/actualitati\\\/ndridzeri-tra-dalga-5-a-pandemiillei-id184721.html#primaryimage\"},\"image\":{\"@id\":\"https:\\\/\\\/www.rri.ro\\\/ro_ar\\\/actualitati\\\/ndridzeri-tra-dalga-5-a-pandemiillei-id184721.html#primaryimage\"},\"thumbnailUrl\":\"https:\\\/\\\/www.rri.ro\\\/wp-content\\\/uploads\\\/2023\\\/10\\\/sedinta-guvern-val5-gov-ro.jpg\",\"datePublished\":\"2022-01-04T10:33:00+00:00\",\"author\":{\"@id\":\"https:\\\/\\\/www.rri.ro\\\/#\\\/schema\\\/person\\\/5d5d5bd8eec0e962a50aaf3b0f6919c4\"},\"breadcrumb\":{\"@id\":\"https:\\\/\\\/www.rri.ro\\\/ro_ar\\\/actualitati\\\/ndridzeri-tra-dalga-5-a-pandemiillei-id184721.html#breadcrumb\"},\"inLanguage\":\"ro-AR\",\"potentialAction\":[{\"@type\":\"ReadAction\",\"target\":[\"https:\\\/\\\/www.rri.ro\\\/ro_ar\\\/actualitati\\\/ndridzeri-tra-dalga-5-a-pandemiillei-id184721.html\"]}]},{\"@type\":\"ImageObject\",\"inLanguage\":\"ro-AR\",\"@id\":\"https:\\\/\\\/www.rri.ro\\\/ro_ar\\\/actualitati\\\/ndridzeri-tra-dalga-5-a-pandemiillei-id184721.html#primaryimage\",\"url\":\"https:\\\/\\\/www.rri.ro\\\/wp-content\\\/uploads\\\/2023\\\/10\\\/sedinta-guvern-val5-gov-ro.jpg\",\"contentUrl\":\"https:\\\/\\\/www.rri.ro\\\/wp-content\\\/uploads\\\/2023\\\/10\\\/sedinta-guvern-val5-gov-ro.jpg\",\"width\":640,\"height\":427},{\"@type\":\"BreadcrumbList\",\"@id\":\"https:\\\/\\\/www.rri.ro\\\/ro_ar\\\/actualitati\\\/ndridzeri-tra-dalga-5-a-pandemiillei-id184721.html#breadcrumb\",\"itemListElement\":[{\"@type\":\"ListItem\",\"position\":1,\"name\":\"Prima pagin\u0103\",\"item\":\"https:\\\/\\\/www.rri.ro\\\/ro_ar\"},{\"@type\":\"ListItem\",\"position\":2,\"name\":\"Actualitati\",\"item\":\"https:\\\/\\\/www.rri.ro\\\/actualitati\"},{\"@type\":\"ListItem\",\"position\":3,\"name\":\"Ndridzeri tr\u0103 dalga 5 a pandemiillei\"}]},{\"@type\":\"WebSite\",\"@id\":\"https:\\\/\\\/www.rri.ro\\\/#website\",\"url\":\"https:\\\/\\\/www.rri.ro\\\/\",\"name\":\"Radio Rom\u00e2nia Interna\u021bional\",\"description\":\"Totul despre Rom\u00e2nia \u015fi rom\u00e2ni, \u00een 13 limbi\\\/dialecte!\",\"inLanguage\":\"ro-AR\"},{\"@type\":\"Person\",\"@id\":\"https:\\\/\\\/www.rri.ro\\\/#\\\/schema\\\/person\\\/5d5d5bd8eec0e962a50aaf3b0f6919c4\",\"name\":\"Eugen Coroianu\",\"url\":\"https:\\\/\\\/www.rri.ro\\\/ro_ar\\\/author\\\/eugen-coroianu\"}]}<\/script>\n<!-- \/ Yoast SEO plugin. -->","yoast_head_json":{"title":"Ndridzeri tr\u0103 dalga 5 a pandemiillei - Radio Rom\u00e2nia Interna\u021bional","robots":{"index":"index","follow":"follow","max-snippet":"max-snippet:-1","max-image-preview":"max-image-preview:large","max-video-preview":"max-video-preview:-1"},"canonical":"https:\/\/www.rri.ro\/ro_ar\/actualitati\/ndridzeri-tra-dalga-5-a-pandemiillei-id184721.html","og_locale":"ro_RO","og_type":"article","og_title":"Ndridzeri tr\u0103 dalga 5 a pandemiillei - Radio Rom\u00e2nia Interna\u021bional","og_description":"Dalga \u0163in\u0163i a pandemiillei, \u0163i u adu\u0163i varianta Omicron, cari arnea\u015fti Europa \u0219i alti regiuni a lumillei, pari s\u2019ahib\u0103 agiumt\u0103 \u0219i tru Rom\u00e2nia, iu numirlu di cazuri \u0163i eara aflati ahurhi dizn\u0103u s\u2019creasc\u0103. Autorit\u0103\u021bli zbur\u0103scu, di aest\u0103 itie, pi livel medical ama \u0219i politic, ti meatrili \u0163i suntu ananghi a\u0163ea turlie c\u0103\u0163e s\u2019nu s\u2019fac\u0103 dizn\u0103u [&hellip;]","og_url":"https:\/\/www.rri.ro\/ro_ar\/actualitati\/ndridzeri-tra-dalga-5-a-pandemiillei-id184721.html","og_site_name":"Radio Rom\u00e2nia Interna\u021bional","article_published_time":"2022-01-04T10:33:00+00:00","og_image":[{"width":640,"height":427,"url":"https:\/\/www.rri.ro\/wp-content\/uploads\/2023\/10\/sedinta-guvern-val5-gov-ro.jpg","type":"image\/jpeg"}],"author":"Eugen Coroianu","twitter_card":"summary_large_image","twitter_misc":{"Written by":"Eugen Coroianu","Est. reading time":"3 minutes"},"schema":{"@context":"https:\/\/schema.org","@graph":[{"@type":"Article","@id":"https:\/\/www.rri.ro\/ro_ar\/actualitati\/ndridzeri-tra-dalga-5-a-pandemiillei-id184721.html#article","isPartOf":{"@id":"https:\/\/www.rri.ro\/ro_ar\/actualitati\/ndridzeri-tra-dalga-5-a-pandemiillei-id184721.html"},"author":{"name":"Eugen Coroianu","@id":"https:\/\/www.rri.ro\/#\/schema\/person\/5d5d5bd8eec0e962a50aaf3b0f6919c4"},"headline":"Ndridzeri tr\u0103 dalga 5 a pandemiillei","datePublished":"2022-01-04T10:33:00+00:00","mainEntityOfPage":{"@id":"https:\/\/www.rri.ro\/ro_ar\/actualitati\/ndridzeri-tra-dalga-5-a-pandemiillei-id184721.html"},"wordCount":530,"image":{"@id":"https:\/\/www.rri.ro\/ro_ar\/actualitati\/ndridzeri-tra-dalga-5-a-pandemiillei-id184721.html#primaryimage"},"thumbnailUrl":"https:\/\/www.rri.ro\/wp-content\/uploads\/2023\/10\/sedinta-guvern-val5-gov-ro.jpg","keywords":["guvernul Ciuca","meatri pandemie","Omicron"],"articleSection":["Actualitati"],"inLanguage":"ro-AR"},{"@type":"WebPage","@id":"https:\/\/www.rri.ro\/ro_ar\/actualitati\/ndridzeri-tra-dalga-5-a-pandemiillei-id184721.html","url":"https:\/\/www.rri.ro\/ro_ar\/actualitati\/ndridzeri-tra-dalga-5-a-pandemiillei-id184721.html","name":"Ndridzeri tr\u0103 dalga 5 a pandemiillei - Radio Rom\u00e2nia Interna\u021bional","isPartOf":{"@id":"https:\/\/www.rri.ro\/#website"},"primaryImageOfPage":{"@id":"https:\/\/www.rri.ro\/ro_ar\/actualitati\/ndridzeri-tra-dalga-5-a-pandemiillei-id184721.html#primaryimage"},"image":{"@id":"https:\/\/www.rri.ro\/ro_ar\/actualitati\/ndridzeri-tra-dalga-5-a-pandemiillei-id184721.html#primaryimage"},"thumbnailUrl":"https:\/\/www.rri.ro\/wp-content\/uploads\/2023\/10\/sedinta-guvern-val5-gov-ro.jpg","datePublished":"2022-01-04T10:33:00+00:00","author":{"@id":"https:\/\/www.rri.ro\/#\/schema\/person\/5d5d5bd8eec0e962a50aaf3b0f6919c4"},"breadcrumb":{"@id":"https:\/\/www.rri.ro\/ro_ar\/actualitati\/ndridzeri-tra-dalga-5-a-pandemiillei-id184721.html#breadcrumb"},"inLanguage":"ro-AR","potentialAction":[{"@type":"ReadAction","target":["https:\/\/www.rri.ro\/ro_ar\/actualitati\/ndridzeri-tra-dalga-5-a-pandemiillei-id184721.html"]}]},{"@type":"ImageObject","inLanguage":"ro-AR","@id":"https:\/\/www.rri.ro\/ro_ar\/actualitati\/ndridzeri-tra-dalga-5-a-pandemiillei-id184721.html#primaryimage","url":"https:\/\/www.rri.ro\/wp-content\/uploads\/2023\/10\/sedinta-guvern-val5-gov-ro.jpg","contentUrl":"https:\/\/www.rri.ro\/wp-content\/uploads\/2023\/10\/sedinta-guvern-val5-gov-ro.jpg","width":640,"height":427},{"@type":"BreadcrumbList","@id":"https:\/\/www.rri.ro\/ro_ar\/actualitati\/ndridzeri-tra-dalga-5-a-pandemiillei-id184721.html#breadcrumb","itemListElement":[{"@type":"ListItem","position":1,"name":"Prima pagin\u0103","item":"https:\/\/www.rri.ro\/ro_ar"},{"@type":"ListItem","position":2,"name":"Actualitati","item":"https:\/\/www.rri.ro\/actualitati"},{"@type":"ListItem","position":3,"name":"Ndridzeri tr\u0103 dalga 5 a pandemiillei"}]},{"@type":"WebSite","@id":"https:\/\/www.rri.ro\/#website","url":"https:\/\/www.rri.ro\/","name":"Radio Rom\u00e2nia Interna\u021bional","description":"Totul despre Rom\u00e2nia \u015fi rom\u00e2ni, \u00een 13 limbi\/dialecte!","inLanguage":"ro-AR"},{"@type":"Person","@id":"https:\/\/www.rri.ro\/#\/schema\/person\/5d5d5bd8eec0e962a50aaf3b0f6919c4","name":"Eugen Coroianu","url":"https:\/\/www.rri.ro\/ro_ar\/author\/eugen-coroianu"}]}},"_links":{"self":[{"href":"https:\/\/www.rri.ro\/ro_ar\/wp-json\/wp\/v2\/posts\/184721","targetHints":{"allow":["GET"]}}],"collection":[{"href":"https:\/\/www.rri.ro\/ro_ar\/wp-json\/wp\/v2\/posts"}],"about":[{"href":"https:\/\/www.rri.ro\/ro_ar\/wp-json\/wp\/v2\/types\/post"}],"author":[{"embeddable":true,"href":"https:\/\/www.rri.ro\/ro_ar\/wp-json\/wp\/v2\/users\/104"}],"replies":[{"embeddable":true,"href":"https:\/\/www.rri.ro\/ro_ar\/wp-json\/wp\/v2\/comments?post=184721"}],"version-history":[{"count":0,"href":"https:\/\/www.rri.ro\/ro_ar\/wp-json\/wp\/v2\/posts\/184721\/revisions"}],"wp:featuredmedia":[{"embeddable":true,"href":"https:\/\/www.rri.ro\/ro_ar\/wp-json\/wp\/v2\/media\/90788"}],"wp:attachment":[{"href":"https:\/\/www.rri.ro\/ro_ar\/wp-json\/wp\/v2\/media?parent=184721"}],"wp:term":[{"taxonomy":"category","embeddable":true,"href":"https:\/\/www.rri.ro\/ro_ar\/wp-json\/wp\/v2\/categories?post=184721"},{"taxonomy":"post_tag","embeddable":true,"href":"https:\/\/www.rri.ro\/ro_ar\/wp-json\/wp\/v2\/tags?post=184721"},{"taxonomy":"author","embeddable":true,"href":"https:\/\/www.rri.ro\/ro_ar\/wp-json\/wp\/v2\/coauthors?post=184721"}],"curies":[{"name":"wp","href":"https:\/\/api.w.org\/{rel}","templated":true}]}}