{"id":184776,"date":"2022-02-16T14:40:00","date_gmt":"2022-02-16T12:40:00","guid":{"rendered":"http:\/\/devrri.freshlemon.ro\/actualitati\/apofasi-mutrinda-purtarea-prusupidallei-de-protectie-184776.html"},"modified":"2022-02-16T14:40:00","modified_gmt":"2022-02-16T12:40:00","slug":"apofasi-mutrinda-purtarea-prusupidallei-de-protectie","status":"publish","type":"post","link":"https:\/\/www.rri.ro\/ro_ar\/actualitati\/apofasi-mutrinda-purtarea-prusupidallei-de-protectie-id184776.html","title":{"rendered":"Apofasi mutrinda purtarea prusupid\u0103llei de protec\u0163ie"},"content":{"rendered":"<p>Curtea Constitu\u0163ional\u0103 a Rom\u00e2niillei apufusi c\u0103 ordonan\u0163a de urgen\u0163\u0103 adoptat\u0103 tru brumaru 2020, prit cari agiundzea obligatorie purtarea prusupid\u0103llei de protec\u0163ie tru spa\u0163iile publice exterioare, easti niconstitu\u0163ional\u0103. Ordonan\u0163a nu avu avizul a Consiliului legislativ, organ consultativ a Parlamentului, exighisi Curtea. Apofasea-a CCR va s\u2019bag\u0103 tu lucru ma\u015f dup\u0103 publicarea a llei tru Monitorul Oficial. Executivul pusi c\u0103 va s\u2019llia un\u0103 apofasi tru simfunie, un\u0103 \u015f-un\u0103 \u0163i va s\u2019al\u0103nceasc\u0103 apofasea a CCR. Aesta yinoi tru un moment tru cari s\u0103 zbura\u015fti ti relaxarea, I nica \u015fi tr\u0103 eliminarea cvasitotal\u0103 a restric\u0163iilor. Speciali\u015ftilli lugursescu, di alt\u0103 parte, c\u0103 purtarea prusupidallei nu reprezent\u0103 o restric\u0163ie, c\u0103 ma\u015f un\u0103 cale, vahi nai ma h\u0103irl\u0103tic\u0103, ti preveniri infectarea. Directorul medical a Institutului Matei Bal\u015f ditu capital\u0103, Adrian Marinescu: <\/p>\n<p>&#13;<br \/>\n&#13;<\/p>\n<p>&#8220;<em>Ditu misurli cari prevenir\u0103 infectarea &#8211; eu nu li spunu ca m\u0103suri restrictive &#8212; tu kirolu a pandemiei, easti limbidu c\u0103 prusupida fu atea nai ma h\u0103irl\u0103tic\u0103; c\u0103 zbur\u0103mu ti prusupid\u0103 la interior prota ti prota, c\u0103 zbur\u0103mu ti prusupid\u0103 la interior atum\u0163ea c\u00e2nd sunt zone cu c\u0103lb\u0103l\u0103ki, c\u00e2ndu oami\u00f1illi interfer\u0103, easti limbidu c\u0103 prusupida fea\u0163i dgheafuraua, ah\u00e2t c\u00e2t putu su fac\u0103, ici \u0163iuva nu easti sut\u0103 la sut\u0103. \u015ei atum\u0163ea, ma s\u2019n\u0103 minduimu ditu videala medical\u0103 la \u0163i va s\u2019hib\u0103, dealihea v\u0103r\u0103 turlie logicu, va s\u2019tr\u0103dzemu m\u0103n\u0103 prota \u015f\u2019prota ti exterior, deapoa va s\u2019agindzemu s\u2019nu mata ufilisimu prusupida ici \u015fi ni\u0163i alanti reguli. Ama minduescu c\u0103 lipsea\u015fti s\u2019n\u0103 minduimu \u015fi, s\u2019hib\u0103 limbidu, avumu ananghi tu pandemie, avumu ananghi p\u0103n\u0103 tora \u015fi, ma s\u2019nu aveamu aesti misuri de preven\u0163ie, explozia de cazuri vrea s\u2019hib\u0103 limbidu ma mari \u015fi atum\u0163ea vrea s\u2019aveamu ma mul\u0163\u0103 oami\u00f1i kiru\u0163&#8221;<\/em>. <\/p>\n<p>&#13;<br \/>\n&#13;<\/p>\n<p>&#13;<br \/>\n&#13;<\/p>\n<p>Ministrul a S\u0103n\u0103ttatillii, Alexandru Rafila, spusi c\u0103 ufilisirea a prusupidallei ari scupolu ti protec\u0163ia a popula\u0163iillei tru una perioad\u0103 c\u00e2nd ari un\u0103 transmitere intens\u0103 a viruslui. Tru \u0163i mutrea\u015fti multu a\u015ftiptata relaxare, pe cari el i\u015fi\u015fi u adusi aminti, Rafila c\u0103nd\u0103sea\u015fti s\u2019avrmu ng\u0103tanu. El spune c\u0103 nu vini nica oara, c\u0103\u0163e ari zone dinamice economic iu transmiterea easti favorizat\u0103. Alexandru Rafila: <\/p>\n<p>&#13;<br \/>\n&#13;<\/p>\n<p>&#8220;<em>Bucure\u015fti, Cluj, Timi\u015foara, dimi aoa fu \u015fi inciden\u0163a nai ma mare. Normal, p\u00e2n\u0103 tu soni, s\u2019hib\u0103 a\u015fi di itia tr\u0103 c\u0103 sunt zone cu c\u0103lb\u0103l\u0103ki, cu mult\u0103 urdinari mobilitate \u015fi lucrul aestu favorizeadz\u0103 transmiterea multu ma multu, de exemplu, andicra di un c\u0103s\u0103b\u0103 \u00f1icu di un\u0103 zon\u0103 rural\u0103 \u015fi presiunea pe sistemul de s\u0103n\u0103tate easti idyea mari tru aesti localit\u0103\u0163i \u015fi ti atea lipsea\u015fti s\u2019avemu ng\u0103tanu; dealihea tut\u0163 vremu \u015fi tru st\u0103m\u00e2nile yinitoari va s\u2019trag\u0103 m\u0103n\u0103 di la un\u0103 parte ditu restric\u0163ii, deapoia vahi va s\u2019trag\u0103 m\u0103n\u0103 \u015fi di la starea de alert\u0103, ama lucrul aestu lipseasti adrari etapizat, andicra di turlia tru cari sistemul de s\u0103n\u0103tate easti sumu presiune. Nu putem s\u2019lom misuri cari s\u2019bag\u0103 tu piriclliu bana a oami\u00f1iloru.&#8221;<\/em> Ministrul a S\u0103n\u0103tatillei minduea\u015fti c\u0103 p\u00e2n\u0103 ti s\u0103rb\u0103torli di Pa\u015fte poati s\u0103 s\u2019agiung\u0103 la normalitatea \u0163i eara ninti di pandemie.  <\/p>\n<p>&#13;<br \/>\n&#13;<br \/>\n &#13;<br \/>\n&#13;<\/p>\n<p>Autor: Stefan Stoica<\/p>\n<p>&#13;<br \/>\n&#13;<\/p>\n<p>Arm\u00e2nipsearia: Ta\u015fcu Lala<\/p>\n<p>&#13;<br \/>\n&#13;<\/p>\n<p>&#13;<br \/>\n&#13;<\/p>\n<p>&#13;<br \/>\n&#13;<\/p>\n<div style=margin-left:22.5pt;>&#13;<br \/>\n &#13;\n<\/div>\n<p>&#13;<br \/>\n&#13;<\/p>\n<p>&#13;<br \/>\n&#13;<\/p>\n<p>&#13;<br \/>\n&#13;<\/p>\n<p>&#13;<br \/>\n&#13;<\/p>\n<p>&#13;<br \/>\n&#13;<\/p>\n<p>&#13;<br \/>\n&#13;<\/p>\n<p>&#13;<br \/>\n&#13;<\/p>\n<p>&#13;<br \/>\n&#13;<\/p>\n<p>&#13;<br \/>\n&#13;<\/p>\n<p>&#13;<br \/>\n&#13;<\/p>\n<p>&#13;<br \/>\n&#13;<\/p>\n<p>&#13;<br \/>\n&#13;<\/p>\n<p>&#13;<br \/>\n&#13;<\/p>\n<p>&#13;<br \/>\n&#13;<\/p>\n<p>&#13;<br \/>\n&#13;<\/p>\n<p>&#13;<br \/>\n&#13;<\/p>\n<p>&#13;<br \/>\n&#13;<\/p>\n<p>&#13;<br \/>\n&#13;<\/p>\n<p>&#13;<br \/>\n&#13;<\/p>\n<p>&#13;<br \/>\n&#13;<\/p>\n<p>&#13;<br \/>\n&#13;<\/p>\n<p>&#13;<br \/>\n&#13;<\/p>\n<p>&#13;<br \/>\n&#13;<\/p>\n<p>&#13;<br \/>\n&#13;<\/p>\n<p>&#13;<br \/>\n&#13;<\/p>\n<p>&#13;<br \/>\n&#13;<\/p>\n<p>&#13;<br \/>\n&#13;<\/p>\n<p>&#13;<br \/>\n&#13;<\/p>\n<p>&#13;<br \/>\n&#13;<\/p>\n<p>&#13;<br \/>\n&#13;<\/p>\n<p>&#13;<br \/>\n&#13;<\/p>\n<p>&#13;<br \/>\n&#13;<\/p>\n<p>&#13;<br \/>\n&#13;<\/p>\n<p>&#13;<br \/>\n&#13;<\/p>\n<p>&#13;<br \/>\n&#13;<\/p>\n<p>&#13;<br \/>\n&#13;<\/p>\n<p>&#13;<br \/>\n&#13;<\/p>\n<p>&#13;<br \/>\n&#13;<\/p>\n<p>&#13;<br \/>\n&#13;<\/p>\n<p>&#13;<br \/>\n&#13;<\/p>\n<p>&#13;<br \/>\n&#13;<\/p>\n<p>&#13;<br \/>\n&#13;<\/p>\n<p>&#13;<br \/>\n&#13;<\/p>\n<p>&#13;<br \/>\n&#13;<\/p>\n<p>&#13;<br \/>\n&#13;<\/p>\n<p>&#13;<br \/>\n&#13;<\/p>\n<p>&#13;<br \/>\n&#13;<br \/>\n &#13;<br \/>\n&#13;<br \/>\n &#13;<br \/>\n&#13;<br \/>\n &#13;<br \/>\n&#13;<br \/>\n &#13;<\/p>\n","protected":false},"excerpt":{"rendered":"<p>Curtea Constitu\u0163ional\u0103 a Rom\u00e2niillei apufusi c\u0103 ordonan\u0163a de urgen\u0163\u0103 adoptat\u0103 tru brumaru 2020, prit cari agiundzea obligatorie purtarea prusupid\u0103llei de protec\u0163ie tru spa\u0163iile publice exterioare, easti niconstitu\u0163ional\u0103. Ordonan\u0163a nu avu avizul a Consiliului legislativ, organ consultativ a Parlamentului, exighisi Curtea. Apofasea-a CCR va s\u2019bag\u0103 tu lucru ma\u015f dup\u0103 publicarea a llei tru Monitorul Oficial. Executivul [&hellip;]<\/p>\n","protected":false},"author":110,"featured_media":94906,"comment_status":"closed","ping_status":"closed","sticky":false,"template":"","format":"standard","meta":{"_acf_changed":false,"footnotes":""},"categories":[69],"tags":[40082,36541,159275,35386,47374,47424],"coauthors":[],"class_list":["post-184776","post","type-post","status-publish","format-standard","has-post-thumbnail","hentry","category-actualitati","tag-adrian-marinescu","tag-alexandru-rafila","tag-ccr-ro_ar","tag-covid","tag-prusupida-di-protectie","tag-relaxare-restrictii"],"acf":[],"yoast_head":"<!-- This site is optimized with the Yoast SEO plugin v27.3 - https:\/\/yoast.com\/product\/yoast-seo-wordpress\/ -->\n<title>Apofasi mutrinda purtarea prusupid\u0103llei de protec\u0163ie - Radio Rom\u00e2nia Interna\u021bional<\/title>\n<meta name=\"robots\" content=\"index, follow, max-snippet:-1, max-image-preview:large, max-video-preview:-1\" \/>\n<link rel=\"canonical\" href=\"https:\/\/www.rri.ro\/ro_ar\/actualitati\/apofasi-mutrinda-purtarea-prusupidallei-de-protectie-id184776.html\" \/>\n<meta property=\"og:locale\" content=\"ro_RO\" \/>\n<meta property=\"og:type\" content=\"article\" \/>\n<meta property=\"og:title\" content=\"Apofasi mutrinda purtarea prusupid\u0103llei de protec\u0163ie - Radio Rom\u00e2nia Interna\u021bional\" \/>\n<meta property=\"og:description\" content=\"Curtea Constitu\u0163ional\u0103 a Rom\u00e2niillei apufusi c\u0103 ordonan\u0163a de urgen\u0163\u0103 adoptat\u0103 tru brumaru 2020, prit cari agiundzea obligatorie purtarea prusupid\u0103llei de protec\u0163ie tru spa\u0163iile publice exterioare, easti niconstitu\u0163ional\u0103. Ordonan\u0163a nu avu avizul a Consiliului legislativ, organ consultativ a Parlamentului, exighisi Curtea. Apofasea-a CCR va s\u2019bag\u0103 tu lucru ma\u015f dup\u0103 publicarea a llei tru Monitorul Oficial. Executivul [&hellip;]\" \/>\n<meta property=\"og:url\" content=\"https:\/\/www.rri.ro\/ro_ar\/actualitati\/apofasi-mutrinda-purtarea-prusupidallei-de-protectie-id184776.html\" \/>\n<meta property=\"og:site_name\" content=\"Radio Rom\u00e2nia Interna\u021bional\" \/>\n<meta property=\"article:published_time\" content=\"2022-02-16T12:40:00+00:00\" \/>\n<meta property=\"og:image\" content=\"https:\/\/www.rri.ro\/wp-content\/uploads\/2023\/10\/covid19-coronavirus-test-foto-pixabay.png\" \/>\n\t<meta property=\"og:image:width\" content=\"640\" \/>\n\t<meta property=\"og:image:height\" content=\"427\" \/>\n\t<meta property=\"og:image:type\" content=\"image\/png\" \/>\n<meta name=\"author\" content=\"\u015etefan Stoica\" \/>\n<meta name=\"twitter:card\" content=\"summary_large_image\" \/>\n<meta name=\"twitter:label1\" content=\"Written by\" \/>\n\t<meta name=\"twitter:data1\" content=\"\u015etefan Stoica\" \/>\n\t<meta name=\"twitter:label2\" content=\"Est. reading time\" \/>\n\t<meta name=\"twitter:data2\" content=\"3 minutes\" \/>\n<script type=\"application\/ld+json\" class=\"yoast-schema-graph\">{\"@context\":\"https:\\\/\\\/schema.org\",\"@graph\":[{\"@type\":\"Article\",\"@id\":\"https:\\\/\\\/www.rri.ro\\\/ro_ar\\\/actualitati\\\/apofasi-mutrinda-purtarea-prusupidallei-de-protectie-id184776.html#article\",\"isPartOf\":{\"@id\":\"https:\\\/\\\/www.rri.ro\\\/ro_ar\\\/actualitati\\\/apofasi-mutrinda-purtarea-prusupidallei-de-protectie-id184776.html\"},\"author\":{\"name\":\"\u015etefan Stoica\",\"@id\":\"https:\\\/\\\/www.rri.ro\\\/#\\\/schema\\\/person\\\/2d81d5dc94d44190d13245f64551d334\"},\"headline\":\"Apofasi mutrinda purtarea prusupid\u0103llei de protec\u0163ie\",\"datePublished\":\"2022-02-16T12:40:00+00:00\",\"mainEntityOfPage\":{\"@id\":\"https:\\\/\\\/www.rri.ro\\\/ro_ar\\\/actualitati\\\/apofasi-mutrinda-purtarea-prusupidallei-de-protectie-id184776.html\"},\"wordCount\":590,\"image\":{\"@id\":\"https:\\\/\\\/www.rri.ro\\\/ro_ar\\\/actualitati\\\/apofasi-mutrinda-purtarea-prusupidallei-de-protectie-id184776.html#primaryimage\"},\"thumbnailUrl\":\"https:\\\/\\\/www.rri.ro\\\/wp-content\\\/uploads\\\/2023\\\/10\\\/covid19-coronavirus-test-foto-pixabay.png\",\"keywords\":[\"Adrian Marinescu\",\"Alexandru Rafila\",\"CCR\",\"COVID\",\"prusupida di protectie\",\"relaxare restrictii\"],\"articleSection\":[\"Actualitati\"],\"inLanguage\":\"ro-AR\"},{\"@type\":\"WebPage\",\"@id\":\"https:\\\/\\\/www.rri.ro\\\/ro_ar\\\/actualitati\\\/apofasi-mutrinda-purtarea-prusupidallei-de-protectie-id184776.html\",\"url\":\"https:\\\/\\\/www.rri.ro\\\/ro_ar\\\/actualitati\\\/apofasi-mutrinda-purtarea-prusupidallei-de-protectie-id184776.html\",\"name\":\"Apofasi mutrinda purtarea prusupid\u0103llei de protec\u0163ie - Radio Rom\u00e2nia Interna\u021bional\",\"isPartOf\":{\"@id\":\"https:\\\/\\\/www.rri.ro\\\/#website\"},\"primaryImageOfPage\":{\"@id\":\"https:\\\/\\\/www.rri.ro\\\/ro_ar\\\/actualitati\\\/apofasi-mutrinda-purtarea-prusupidallei-de-protectie-id184776.html#primaryimage\"},\"image\":{\"@id\":\"https:\\\/\\\/www.rri.ro\\\/ro_ar\\\/actualitati\\\/apofasi-mutrinda-purtarea-prusupidallei-de-protectie-id184776.html#primaryimage\"},\"thumbnailUrl\":\"https:\\\/\\\/www.rri.ro\\\/wp-content\\\/uploads\\\/2023\\\/10\\\/covid19-coronavirus-test-foto-pixabay.png\",\"datePublished\":\"2022-02-16T12:40:00+00:00\",\"author\":{\"@id\":\"https:\\\/\\\/www.rri.ro\\\/#\\\/schema\\\/person\\\/2d81d5dc94d44190d13245f64551d334\"},\"breadcrumb\":{\"@id\":\"https:\\\/\\\/www.rri.ro\\\/ro_ar\\\/actualitati\\\/apofasi-mutrinda-purtarea-prusupidallei-de-protectie-id184776.html#breadcrumb\"},\"inLanguage\":\"ro-AR\",\"potentialAction\":[{\"@type\":\"ReadAction\",\"target\":[\"https:\\\/\\\/www.rri.ro\\\/ro_ar\\\/actualitati\\\/apofasi-mutrinda-purtarea-prusupidallei-de-protectie-id184776.html\"]}]},{\"@type\":\"ImageObject\",\"inLanguage\":\"ro-AR\",\"@id\":\"https:\\\/\\\/www.rri.ro\\\/ro_ar\\\/actualitati\\\/apofasi-mutrinda-purtarea-prusupidallei-de-protectie-id184776.html#primaryimage\",\"url\":\"https:\\\/\\\/www.rri.ro\\\/wp-content\\\/uploads\\\/2023\\\/10\\\/covid19-coronavirus-test-foto-pixabay.png\",\"contentUrl\":\"https:\\\/\\\/www.rri.ro\\\/wp-content\\\/uploads\\\/2023\\\/10\\\/covid19-coronavirus-test-foto-pixabay.png\",\"width\":640,\"height\":427},{\"@type\":\"BreadcrumbList\",\"@id\":\"https:\\\/\\\/www.rri.ro\\\/ro_ar\\\/actualitati\\\/apofasi-mutrinda-purtarea-prusupidallei-de-protectie-id184776.html#breadcrumb\",\"itemListElement\":[{\"@type\":\"ListItem\",\"position\":1,\"name\":\"Prima pagin\u0103\",\"item\":\"https:\\\/\\\/www.rri.ro\\\/ro_ar\"},{\"@type\":\"ListItem\",\"position\":2,\"name\":\"Actualitati\",\"item\":\"https:\\\/\\\/www.rri.ro\\\/actualitati\"},{\"@type\":\"ListItem\",\"position\":3,\"name\":\"Apofasi mutrinda purtarea prusupid\u0103llei de protec\u0163ie\"}]},{\"@type\":\"WebSite\",\"@id\":\"https:\\\/\\\/www.rri.ro\\\/#website\",\"url\":\"https:\\\/\\\/www.rri.ro\\\/\",\"name\":\"Radio Rom\u00e2nia Interna\u021bional\",\"description\":\"Totul despre Rom\u00e2nia \u015fi rom\u00e2ni, \u00een 13 limbi\\\/dialecte!\",\"inLanguage\":\"ro-AR\"},{\"@type\":\"Person\",\"@id\":\"https:\\\/\\\/www.rri.ro\\\/#\\\/schema\\\/person\\\/2d81d5dc94d44190d13245f64551d334\",\"name\":\"\u015etefan Stoica\",\"url\":\"https:\\\/\\\/www.rri.ro\\\/ro_ar\\\/author\\\/stefan-stoica\"}]}<\/script>\n<!-- \/ Yoast SEO plugin. -->","yoast_head_json":{"title":"Apofasi mutrinda purtarea prusupid\u0103llei de protec\u0163ie - Radio Rom\u00e2nia Interna\u021bional","robots":{"index":"index","follow":"follow","max-snippet":"max-snippet:-1","max-image-preview":"max-image-preview:large","max-video-preview":"max-video-preview:-1"},"canonical":"https:\/\/www.rri.ro\/ro_ar\/actualitati\/apofasi-mutrinda-purtarea-prusupidallei-de-protectie-id184776.html","og_locale":"ro_RO","og_type":"article","og_title":"Apofasi mutrinda purtarea prusupid\u0103llei de protec\u0163ie - Radio Rom\u00e2nia Interna\u021bional","og_description":"Curtea Constitu\u0163ional\u0103 a Rom\u00e2niillei apufusi c\u0103 ordonan\u0163a de urgen\u0163\u0103 adoptat\u0103 tru brumaru 2020, prit cari agiundzea obligatorie purtarea prusupid\u0103llei de protec\u0163ie tru spa\u0163iile publice exterioare, easti niconstitu\u0163ional\u0103. Ordonan\u0163a nu avu avizul a Consiliului legislativ, organ consultativ a Parlamentului, exighisi Curtea. Apofasea-a CCR va s\u2019bag\u0103 tu lucru ma\u015f dup\u0103 publicarea a llei tru Monitorul Oficial. Executivul [&hellip;]","og_url":"https:\/\/www.rri.ro\/ro_ar\/actualitati\/apofasi-mutrinda-purtarea-prusupidallei-de-protectie-id184776.html","og_site_name":"Radio Rom\u00e2nia Interna\u021bional","article_published_time":"2022-02-16T12:40:00+00:00","og_image":[{"width":640,"height":427,"url":"https:\/\/www.rri.ro\/wp-content\/uploads\/2023\/10\/covid19-coronavirus-test-foto-pixabay.png","type":"image\/png"}],"author":"\u015etefan Stoica","twitter_card":"summary_large_image","twitter_misc":{"Written by":"\u015etefan Stoica","Est. reading time":"3 minutes"},"schema":{"@context":"https:\/\/schema.org","@graph":[{"@type":"Article","@id":"https:\/\/www.rri.ro\/ro_ar\/actualitati\/apofasi-mutrinda-purtarea-prusupidallei-de-protectie-id184776.html#article","isPartOf":{"@id":"https:\/\/www.rri.ro\/ro_ar\/actualitati\/apofasi-mutrinda-purtarea-prusupidallei-de-protectie-id184776.html"},"author":{"name":"\u015etefan Stoica","@id":"https:\/\/www.rri.ro\/#\/schema\/person\/2d81d5dc94d44190d13245f64551d334"},"headline":"Apofasi mutrinda purtarea prusupid\u0103llei de protec\u0163ie","datePublished":"2022-02-16T12:40:00+00:00","mainEntityOfPage":{"@id":"https:\/\/www.rri.ro\/ro_ar\/actualitati\/apofasi-mutrinda-purtarea-prusupidallei-de-protectie-id184776.html"},"wordCount":590,"image":{"@id":"https:\/\/www.rri.ro\/ro_ar\/actualitati\/apofasi-mutrinda-purtarea-prusupidallei-de-protectie-id184776.html#primaryimage"},"thumbnailUrl":"https:\/\/www.rri.ro\/wp-content\/uploads\/2023\/10\/covid19-coronavirus-test-foto-pixabay.png","keywords":["Adrian Marinescu","Alexandru Rafila","CCR","COVID","prusupida di protectie","relaxare restrictii"],"articleSection":["Actualitati"],"inLanguage":"ro-AR"},{"@type":"WebPage","@id":"https:\/\/www.rri.ro\/ro_ar\/actualitati\/apofasi-mutrinda-purtarea-prusupidallei-de-protectie-id184776.html","url":"https:\/\/www.rri.ro\/ro_ar\/actualitati\/apofasi-mutrinda-purtarea-prusupidallei-de-protectie-id184776.html","name":"Apofasi mutrinda purtarea prusupid\u0103llei de protec\u0163ie - Radio Rom\u00e2nia Interna\u021bional","isPartOf":{"@id":"https:\/\/www.rri.ro\/#website"},"primaryImageOfPage":{"@id":"https:\/\/www.rri.ro\/ro_ar\/actualitati\/apofasi-mutrinda-purtarea-prusupidallei-de-protectie-id184776.html#primaryimage"},"image":{"@id":"https:\/\/www.rri.ro\/ro_ar\/actualitati\/apofasi-mutrinda-purtarea-prusupidallei-de-protectie-id184776.html#primaryimage"},"thumbnailUrl":"https:\/\/www.rri.ro\/wp-content\/uploads\/2023\/10\/covid19-coronavirus-test-foto-pixabay.png","datePublished":"2022-02-16T12:40:00+00:00","author":{"@id":"https:\/\/www.rri.ro\/#\/schema\/person\/2d81d5dc94d44190d13245f64551d334"},"breadcrumb":{"@id":"https:\/\/www.rri.ro\/ro_ar\/actualitati\/apofasi-mutrinda-purtarea-prusupidallei-de-protectie-id184776.html#breadcrumb"},"inLanguage":"ro-AR","potentialAction":[{"@type":"ReadAction","target":["https:\/\/www.rri.ro\/ro_ar\/actualitati\/apofasi-mutrinda-purtarea-prusupidallei-de-protectie-id184776.html"]}]},{"@type":"ImageObject","inLanguage":"ro-AR","@id":"https:\/\/www.rri.ro\/ro_ar\/actualitati\/apofasi-mutrinda-purtarea-prusupidallei-de-protectie-id184776.html#primaryimage","url":"https:\/\/www.rri.ro\/wp-content\/uploads\/2023\/10\/covid19-coronavirus-test-foto-pixabay.png","contentUrl":"https:\/\/www.rri.ro\/wp-content\/uploads\/2023\/10\/covid19-coronavirus-test-foto-pixabay.png","width":640,"height":427},{"@type":"BreadcrumbList","@id":"https:\/\/www.rri.ro\/ro_ar\/actualitati\/apofasi-mutrinda-purtarea-prusupidallei-de-protectie-id184776.html#breadcrumb","itemListElement":[{"@type":"ListItem","position":1,"name":"Prima pagin\u0103","item":"https:\/\/www.rri.ro\/ro_ar"},{"@type":"ListItem","position":2,"name":"Actualitati","item":"https:\/\/www.rri.ro\/actualitati"},{"@type":"ListItem","position":3,"name":"Apofasi mutrinda purtarea prusupid\u0103llei de protec\u0163ie"}]},{"@type":"WebSite","@id":"https:\/\/www.rri.ro\/#website","url":"https:\/\/www.rri.ro\/","name":"Radio Rom\u00e2nia Interna\u021bional","description":"Totul despre Rom\u00e2nia \u015fi rom\u00e2ni, \u00een 13 limbi\/dialecte!","inLanguage":"ro-AR"},{"@type":"Person","@id":"https:\/\/www.rri.ro\/#\/schema\/person\/2d81d5dc94d44190d13245f64551d334","name":"\u015etefan Stoica","url":"https:\/\/www.rri.ro\/ro_ar\/author\/stefan-stoica"}]}},"_links":{"self":[{"href":"https:\/\/www.rri.ro\/ro_ar\/wp-json\/wp\/v2\/posts\/184776","targetHints":{"allow":["GET"]}}],"collection":[{"href":"https:\/\/www.rri.ro\/ro_ar\/wp-json\/wp\/v2\/posts"}],"about":[{"href":"https:\/\/www.rri.ro\/ro_ar\/wp-json\/wp\/v2\/types\/post"}],"author":[{"embeddable":true,"href":"https:\/\/www.rri.ro\/ro_ar\/wp-json\/wp\/v2\/users\/110"}],"replies":[{"embeddable":true,"href":"https:\/\/www.rri.ro\/ro_ar\/wp-json\/wp\/v2\/comments?post=184776"}],"version-history":[{"count":0,"href":"https:\/\/www.rri.ro\/ro_ar\/wp-json\/wp\/v2\/posts\/184776\/revisions"}],"wp:featuredmedia":[{"embeddable":true,"href":"https:\/\/www.rri.ro\/ro_ar\/wp-json\/wp\/v2\/media\/94906"}],"wp:attachment":[{"href":"https:\/\/www.rri.ro\/ro_ar\/wp-json\/wp\/v2\/media?parent=184776"}],"wp:term":[{"taxonomy":"category","embeddable":true,"href":"https:\/\/www.rri.ro\/ro_ar\/wp-json\/wp\/v2\/categories?post=184776"},{"taxonomy":"post_tag","embeddable":true,"href":"https:\/\/www.rri.ro\/ro_ar\/wp-json\/wp\/v2\/tags?post=184776"},{"taxonomy":"author","embeddable":true,"href":"https:\/\/www.rri.ro\/ro_ar\/wp-json\/wp\/v2\/coauthors?post=184776"}],"curies":[{"name":"wp","href":"https:\/\/api.w.org\/{rel}","templated":true}]}}