{"id":185293,"date":"2022-01-04T18:52:00","date_gmt":"2022-01-04T16:52:00","guid":{"rendered":"http:\/\/devrri.freshlemon.ro\/actualitati\/habari-ditu-bana-romaneasca-si-internationala-91-185293.html"},"modified":"2022-01-04T18:52:00","modified_gmt":"2022-01-04T16:52:00","slug":"habari-ditu-bana-romaneasca-si-internationala-91","status":"publish","type":"post","link":"https:\/\/www.rri.ro\/ro_ar\/actualitati\/habarli\/habari-ditu-bana-romaneasca-si-internationala-91-id185293.html","title":{"rendered":"H\u0103b\u0103ri ditu bana rom\u00e2neasc\u0103 \u015fi interna\u0163ional\u0103"},"content":{"rendered":"<p><strong>CORONAVIRUS<\/strong> &#8212; Aproapea 4.000 di n\u0103i infec\u021bii cu Covid-19 fur\u0103 raportate adz\u0103 tru Rom\u00e2nia, ma multu andicra di dublul a tifr\u0103llei di luni. Tutun\u0103oar\u0103, fur\u0103 raportate 52 di decese asociate, ditu cari 5 di la un\u0103 dat\u0103 anterioar\u0103. Ministrul a S\u0103n\u0103tatillei, Alexandru Rafila, spune c\u0103 numirlu a infec\u021biilor ditu aest\u0103 a 5-a dalg\u0103 a pandemiillei easti di a\u0219teptat s\u2019hib\u0103 diplo andicra di a\u0163elu ditu 4-a dalg\u0103, c\u00e2ndu fur\u0103 400.000 di cazuri confirmate. Di la debutlu a pandemiillei, pisti 1,8 milioane di oameni ditu Rom\u00e2nia fur\u0103 infecta\u021bi \u0219i aproapea 60 di \u00f1illi murir\u0103. V\u0103silia ari a daua nai ma sc\u0103dzut\u0103 rat\u0103 di imunizare ditu UE, dup\u0103 Bulgaria. Ma pu\u021b\u0103n di 7,9 milioane di rom\u00e2ni fur\u0103 vaccina\u021b integral, a\u0163ea \u0163i reprezint\u0103 pu\u021b\u0103n pisti 40% ditu popula\u021bia eligibil\u0103. Aproapea 2 milioane ditu elli fea\u0163ir\u0103, tutun\u0103oar\u0103, booster jab.<\/p>\n<p>&#13;<br \/>\n&#13;<\/p>\n<p>&#13;<br \/>\n&#13;<\/p>\n<p><strong>ENERGIE <\/strong>&#8211; Premierlu rom\u00e2n Nicolae Ciuc\u0103 avu adz\u0103 un\u0103 andamasi di lucru cu membrilli a cabinetului a lui \u0219i reprezentan\u021b\u0103lli a companiilor Transelectrica, Transgaz \u0219i Romgaz, tr\u0103 s\u2019fac\u0103 isapi catandisea a preg\u0103tirilor tr\u0103 sezonlu di iarn\u0103, ditu videala-a sectorului energetic. Uidisitu cu biroulu di pres\u0103 a Guvernului, concluzia andamasillei di lucru fu atea c\u0103 furnizarea di energie electric\u0103 easti asiguripsit\u0103 tr\u0103 serviciile esen\u021biale, consumatorlli casni\u0163 \u0219i tr\u0103 alti categorii di consumatori. Tutun\u0103oar\u0103, ari duri stocuri di gaze naturale tra s\u2019anv\u0103leasc\u0103 c\u0103ftarea.<\/p>\n<p>&#13;<br \/>\n&#13;<\/p>\n<p>&#13;<br \/>\n&#13;<\/p>\n<p><strong>COLECTIV<\/strong> &#8211; Curtea di Apel Bucure\u0219ti am\u00e2n\u0103 luni cu doi me\u015fi, p\u00e2n\u0103 tu 3 di mar\u0163u, pronun\u021barea definitiv\u0103 tru dosarlu a a\u0163iloru stipsi\u0163 di tragedia ditu 30 di sumedru 2015, la Bucure\u0219ti, c\u00e2ndu 65 di persoane murir\u0103 tru marli focu \u0163 s\u2019fea\u0163i tru kirolu a unui concert tru Clubul Colectiv. Tru andreu 2019, Tribunalu Bucure\u0219ti, prima instan\u021b\u0103, pronun\u021b\u0103 pideapsi di p\u00e2n\u0103 la 13 di ani di h\u0103psani \u0219i p\u0103ltearea a n\u0103sc\u0103ntoru z\u00f1ii totali di pisti 50 di milioane di lei (10 milioane di euro) a familiilor victimilor.<\/p>\n<p>&#13;<br \/>\n&#13;<\/p>\n<p>&#13;<br \/>\n&#13;<\/p>\n<p><strong>TURISM<\/strong> &#8211; Turi\u015ftilli rom\u00e2ni h\u0103rgiuir\u0103 cu ucazea a Anlui N\u0103u aproapea 45 di milioane di euro pi distina\u0163ii di c\u0103l\u0103torie xeani \u015fi 30 di milioane di euro pi destina\u0163ii interne, uidisitu cu un raportu a Asocia\u0163iilei Na\u0163ionale a Agen\u0163iilor di Turism. Tru Rom\u00e2nia, sejurlu di mesi fu di 2 p\u00e2n\u0103 la 3 nop\u021b\u0103, iara destina\u021biile prefearate a turi\u0219tilor earau sta\u021biu\u00f1ile di munti \u0219i loc\u0103rli di pritu hori. Destina\u021biile preferate di c\u0103l\u0103torii ditu xeani fur\u0103 Egipt, Dubai, Zanzibar, Republica Dominican\u0103, Maldive, Sri Lanka, Kenya \u0219i America Latin\u0103. Aproapea 10 \u00f1illi di rom\u00e2ni fudzir\u0103 tru city-break-uri tru Europa, maxusu tru c\u0103s\u0103badz cata cumu Atena, Paris, Praga, Roma ic\u0103 Barcelona.<\/p>\n<p>&#13;<br \/>\n&#13;<\/p>\n<p>&#13;<br \/>\n&#13;<\/p>\n<p>Autoru: Ud\u0103lu a h\u0103b\u0103rlor<\/p>\n<p>&#13;<br \/>\n&#13;<\/p>\n<p>Arm\u00e2nipsearia: Ta\u015fcu Lala<\/p>\n<p>&#13;<br \/>\n&#13;<\/p>\n<p>&#13;<br \/>\n&#13;<\/p>\n<p>&#13;<br \/>\n&#13;<\/p>\n<p>&#13;<br \/>\n&#13;<\/p>\n<p>&#13;<\/p>\n","protected":false},"excerpt":{"rendered":"<p>CORONAVIRUS &#8212; Aproapea 4.000 di n\u0103i infec\u021bii cu Covid-19 fur\u0103 raportate adz\u0103 tru Rom\u00e2nia, ma multu andicra di dublul a tifr\u0103llei di luni. Tutun\u0103oar\u0103, fur\u0103 raportate 52 di decese asociate, ditu cari 5 di la un\u0103 dat\u0103 anterioar\u0103. Ministrul a S\u0103n\u0103tatillei, Alexandru Rafila, spune c\u0103 numirlu a infec\u021biilor ditu aest\u0103 a 5-a dalg\u0103 a pandemiillei [&hellip;]<\/p>\n","protected":false},"author":113,"featured_media":185125,"comment_status":"closed","ping_status":"closed","sticky":false,"template":"","format":"standard","meta":{"_acf_changed":false,"footnotes":""},"categories":[46387],"tags":[35471,35339,47342,172541,47690],"coauthors":[],"class_list":["post-185293","post","type-post","status-publish","format-standard","has-post-thumbnail","hentry","category-habarli","tag-ciuca","tag-coronavirus","tag-energie","tag-guvern-ro_ar","tag-turism"],"acf":[],"yoast_head":"<!-- This site is optimized with the Yoast SEO plugin v27.3 - https:\/\/yoast.com\/product\/yoast-seo-wordpress\/ -->\n<title>H\u0103b\u0103ri ditu bana rom\u00e2neasc\u0103 \u015fi interna\u0163ional\u0103 - Radio Rom\u00e2nia Interna\u021bional<\/title>\n<meta name=\"robots\" content=\"index, follow, max-snippet:-1, max-image-preview:large, max-video-preview:-1\" \/>\n<link rel=\"canonical\" href=\"https:\/\/www.rri.ro\/ro_ar\/actualitati\/habarli\/habari-ditu-bana-romaneasca-si-internationala-91-id185293.html\" \/>\n<meta property=\"og:locale\" content=\"ro_RO\" \/>\n<meta property=\"og:type\" content=\"article\" \/>\n<meta property=\"og:title\" content=\"H\u0103b\u0103ri ditu bana rom\u00e2neasc\u0103 \u015fi interna\u0163ional\u0103 - Radio Rom\u00e2nia Interna\u021bional\" \/>\n<meta property=\"og:description\" content=\"CORONAVIRUS &#8212; Aproapea 4.000 di n\u0103i infec\u021bii cu Covid-19 fur\u0103 raportate adz\u0103 tru Rom\u00e2nia, ma multu andicra di dublul a tifr\u0103llei di luni. Tutun\u0103oar\u0103, fur\u0103 raportate 52 di decese asociate, ditu cari 5 di la un\u0103 dat\u0103 anterioar\u0103. Ministrul a S\u0103n\u0103tatillei, Alexandru Rafila, spune c\u0103 numirlu a infec\u021biilor ditu aest\u0103 a 5-a dalg\u0103 a pandemiillei [&hellip;]\" \/>\n<meta property=\"og:url\" content=\"https:\/\/www.rri.ro\/ro_ar\/actualitati\/habarli\/habari-ditu-bana-romaneasca-si-internationala-91-id185293.html\" \/>\n<meta property=\"og:site_name\" content=\"Radio Rom\u00e2nia Interna\u021bional\" \/>\n<meta property=\"article:published_time\" content=\"2022-01-04T16:52:00+00:00\" \/>\n<meta property=\"og:image\" content=\"https:\/\/www.rri.ro\/wp-content\/uploads\/2023\/10\/stiri-aromana-bleu.png\" \/>\n\t<meta property=\"og:image:width\" content=\"640\" \/>\n\t<meta property=\"og:image:height\" content=\"480\" \/>\n\t<meta property=\"og:image:type\" content=\"image\/png\" \/>\n<meta name=\"author\" content=\"Newsroom\" \/>\n<meta name=\"twitter:card\" content=\"summary_large_image\" \/>\n<meta name=\"twitter:label1\" content=\"Written by\" \/>\n\t<meta name=\"twitter:data1\" content=\"Newsroom\" \/>\n\t<meta name=\"twitter:label2\" content=\"Est. reading time\" \/>\n\t<meta name=\"twitter:data2\" content=\"2 minutes\" \/>\n<script type=\"application\/ld+json\" class=\"yoast-schema-graph\">{\"@context\":\"https:\\\/\\\/schema.org\",\"@graph\":[{\"@type\":\"Article\",\"@id\":\"https:\\\/\\\/www.rri.ro\\\/ro_ar\\\/actualitati\\\/habarli\\\/habari-ditu-bana-romaneasca-si-internationala-91-id185293.html#article\",\"isPartOf\":{\"@id\":\"https:\\\/\\\/www.rri.ro\\\/ro_ar\\\/actualitati\\\/habarli\\\/habari-ditu-bana-romaneasca-si-internationala-91-id185293.html\"},\"author\":{\"name\":\"Newsroom\",\"@id\":\"https:\\\/\\\/www.rri.ro\\\/#\\\/schema\\\/person\\\/4a479940371b9fdefd194f561e8a7f88\"},\"headline\":\"H\u0103b\u0103ri ditu bana rom\u00e2neasc\u0103 \u015fi interna\u0163ional\u0103\",\"datePublished\":\"2022-01-04T16:52:00+00:00\",\"mainEntityOfPage\":{\"@id\":\"https:\\\/\\\/www.rri.ro\\\/ro_ar\\\/actualitati\\\/habarli\\\/habari-ditu-bana-romaneasca-si-internationala-91-id185293.html\"},\"wordCount\":482,\"image\":{\"@id\":\"https:\\\/\\\/www.rri.ro\\\/ro_ar\\\/actualitati\\\/habarli\\\/habari-ditu-bana-romaneasca-si-internationala-91-id185293.html#primaryimage\"},\"thumbnailUrl\":\"https:\\\/\\\/www.rri.ro\\\/wp-content\\\/uploads\\\/2023\\\/10\\\/stiri-aromana-bleu.png\",\"keywords\":[\"Ciuca\",\"coronavirus\",\"energie\",\"guvern\",\"turism&#013; &#013;\"],\"articleSection\":[\"H\u0103b\u0103rli\"],\"inLanguage\":\"ro-AR\"},{\"@type\":\"WebPage\",\"@id\":\"https:\\\/\\\/www.rri.ro\\\/ro_ar\\\/actualitati\\\/habarli\\\/habari-ditu-bana-romaneasca-si-internationala-91-id185293.html\",\"url\":\"https:\\\/\\\/www.rri.ro\\\/ro_ar\\\/actualitati\\\/habarli\\\/habari-ditu-bana-romaneasca-si-internationala-91-id185293.html\",\"name\":\"H\u0103b\u0103ri ditu bana rom\u00e2neasc\u0103 \u015fi interna\u0163ional\u0103 - Radio Rom\u00e2nia Interna\u021bional\",\"isPartOf\":{\"@id\":\"https:\\\/\\\/www.rri.ro\\\/#website\"},\"primaryImageOfPage\":{\"@id\":\"https:\\\/\\\/www.rri.ro\\\/ro_ar\\\/actualitati\\\/habarli\\\/habari-ditu-bana-romaneasca-si-internationala-91-id185293.html#primaryimage\"},\"image\":{\"@id\":\"https:\\\/\\\/www.rri.ro\\\/ro_ar\\\/actualitati\\\/habarli\\\/habari-ditu-bana-romaneasca-si-internationala-91-id185293.html#primaryimage\"},\"thumbnailUrl\":\"https:\\\/\\\/www.rri.ro\\\/wp-content\\\/uploads\\\/2023\\\/10\\\/stiri-aromana-bleu.png\",\"datePublished\":\"2022-01-04T16:52:00+00:00\",\"author\":{\"@id\":\"https:\\\/\\\/www.rri.ro\\\/#\\\/schema\\\/person\\\/4a479940371b9fdefd194f561e8a7f88\"},\"breadcrumb\":{\"@id\":\"https:\\\/\\\/www.rri.ro\\\/ro_ar\\\/actualitati\\\/habarli\\\/habari-ditu-bana-romaneasca-si-internationala-91-id185293.html#breadcrumb\"},\"inLanguage\":\"ro-AR\",\"potentialAction\":[{\"@type\":\"ReadAction\",\"target\":[\"https:\\\/\\\/www.rri.ro\\\/ro_ar\\\/actualitati\\\/habarli\\\/habari-ditu-bana-romaneasca-si-internationala-91-id185293.html\"]}]},{\"@type\":\"ImageObject\",\"inLanguage\":\"ro-AR\",\"@id\":\"https:\\\/\\\/www.rri.ro\\\/ro_ar\\\/actualitati\\\/habarli\\\/habari-ditu-bana-romaneasca-si-internationala-91-id185293.html#primaryimage\",\"url\":\"https:\\\/\\\/www.rri.ro\\\/wp-content\\\/uploads\\\/2023\\\/10\\\/stiri-aromana-bleu.png\",\"contentUrl\":\"https:\\\/\\\/www.rri.ro\\\/wp-content\\\/uploads\\\/2023\\\/10\\\/stiri-aromana-bleu.png\",\"width\":640,\"height\":480},{\"@type\":\"BreadcrumbList\",\"@id\":\"https:\\\/\\\/www.rri.ro\\\/ro_ar\\\/actualitati\\\/habarli\\\/habari-ditu-bana-romaneasca-si-internationala-91-id185293.html#breadcrumb\",\"itemListElement\":[{\"@type\":\"ListItem\",\"position\":1,\"name\":\"Prima pagin\u0103\",\"item\":\"https:\\\/\\\/www.rri.ro\\\/ro_ar\"},{\"@type\":\"ListItem\",\"position\":2,\"name\":\"Actualitati\",\"item\":\"https:\\\/\\\/www.rri.ro\\\/actualitati\"},{\"@type\":\"ListItem\",\"position\":3,\"name\":\"H\u0103b\u0103rli\",\"item\":\"https:\\\/\\\/www.rri.ro\\\/actualitati\\\/habarli\"},{\"@type\":\"ListItem\",\"position\":4,\"name\":\"H\u0103b\u0103ri ditu bana rom\u00e2neasc\u0103 \u015fi interna\u0163ional\u0103\"}]},{\"@type\":\"WebSite\",\"@id\":\"https:\\\/\\\/www.rri.ro\\\/#website\",\"url\":\"https:\\\/\\\/www.rri.ro\\\/\",\"name\":\"Radio Rom\u00e2nia Interna\u021bional\",\"description\":\"Totul despre Rom\u00e2nia \u015fi rom\u00e2ni, \u00een 13 limbi\\\/dialecte!\",\"inLanguage\":\"ro-AR\"},{\"@type\":\"Person\",\"@id\":\"https:\\\/\\\/www.rri.ro\\\/#\\\/schema\\\/person\\\/4a479940371b9fdefd194f561e8a7f88\",\"name\":\"Newsroom\",\"url\":\"https:\\\/\\\/www.rri.ro\\\/ro_ar\\\/author\\\/newsroom\"}]}<\/script>\n<!-- \/ Yoast SEO plugin. -->","yoast_head_json":{"title":"H\u0103b\u0103ri ditu bana rom\u00e2neasc\u0103 \u015fi interna\u0163ional\u0103 - Radio Rom\u00e2nia Interna\u021bional","robots":{"index":"index","follow":"follow","max-snippet":"max-snippet:-1","max-image-preview":"max-image-preview:large","max-video-preview":"max-video-preview:-1"},"canonical":"https:\/\/www.rri.ro\/ro_ar\/actualitati\/habarli\/habari-ditu-bana-romaneasca-si-internationala-91-id185293.html","og_locale":"ro_RO","og_type":"article","og_title":"H\u0103b\u0103ri ditu bana rom\u00e2neasc\u0103 \u015fi interna\u0163ional\u0103 - Radio Rom\u00e2nia Interna\u021bional","og_description":"CORONAVIRUS &#8212; Aproapea 4.000 di n\u0103i infec\u021bii cu Covid-19 fur\u0103 raportate adz\u0103 tru Rom\u00e2nia, ma multu andicra di dublul a tifr\u0103llei di luni. Tutun\u0103oar\u0103, fur\u0103 raportate 52 di decese asociate, ditu cari 5 di la un\u0103 dat\u0103 anterioar\u0103. Ministrul a S\u0103n\u0103tatillei, Alexandru Rafila, spune c\u0103 numirlu a infec\u021biilor ditu aest\u0103 a 5-a dalg\u0103 a pandemiillei [&hellip;]","og_url":"https:\/\/www.rri.ro\/ro_ar\/actualitati\/habarli\/habari-ditu-bana-romaneasca-si-internationala-91-id185293.html","og_site_name":"Radio Rom\u00e2nia Interna\u021bional","article_published_time":"2022-01-04T16:52:00+00:00","og_image":[{"width":640,"height":480,"url":"https:\/\/www.rri.ro\/wp-content\/uploads\/2023\/10\/stiri-aromana-bleu.png","type":"image\/png"}],"author":"Newsroom","twitter_card":"summary_large_image","twitter_misc":{"Written by":"Newsroom","Est. reading time":"2 minutes"},"schema":{"@context":"https:\/\/schema.org","@graph":[{"@type":"Article","@id":"https:\/\/www.rri.ro\/ro_ar\/actualitati\/habarli\/habari-ditu-bana-romaneasca-si-internationala-91-id185293.html#article","isPartOf":{"@id":"https:\/\/www.rri.ro\/ro_ar\/actualitati\/habarli\/habari-ditu-bana-romaneasca-si-internationala-91-id185293.html"},"author":{"name":"Newsroom","@id":"https:\/\/www.rri.ro\/#\/schema\/person\/4a479940371b9fdefd194f561e8a7f88"},"headline":"H\u0103b\u0103ri ditu bana rom\u00e2neasc\u0103 \u015fi interna\u0163ional\u0103","datePublished":"2022-01-04T16:52:00+00:00","mainEntityOfPage":{"@id":"https:\/\/www.rri.ro\/ro_ar\/actualitati\/habarli\/habari-ditu-bana-romaneasca-si-internationala-91-id185293.html"},"wordCount":482,"image":{"@id":"https:\/\/www.rri.ro\/ro_ar\/actualitati\/habarli\/habari-ditu-bana-romaneasca-si-internationala-91-id185293.html#primaryimage"},"thumbnailUrl":"https:\/\/www.rri.ro\/wp-content\/uploads\/2023\/10\/stiri-aromana-bleu.png","keywords":["Ciuca","coronavirus","energie","guvern","turism&#013; &#013;"],"articleSection":["H\u0103b\u0103rli"],"inLanguage":"ro-AR"},{"@type":"WebPage","@id":"https:\/\/www.rri.ro\/ro_ar\/actualitati\/habarli\/habari-ditu-bana-romaneasca-si-internationala-91-id185293.html","url":"https:\/\/www.rri.ro\/ro_ar\/actualitati\/habarli\/habari-ditu-bana-romaneasca-si-internationala-91-id185293.html","name":"H\u0103b\u0103ri ditu bana rom\u00e2neasc\u0103 \u015fi interna\u0163ional\u0103 - Radio Rom\u00e2nia Interna\u021bional","isPartOf":{"@id":"https:\/\/www.rri.ro\/#website"},"primaryImageOfPage":{"@id":"https:\/\/www.rri.ro\/ro_ar\/actualitati\/habarli\/habari-ditu-bana-romaneasca-si-internationala-91-id185293.html#primaryimage"},"image":{"@id":"https:\/\/www.rri.ro\/ro_ar\/actualitati\/habarli\/habari-ditu-bana-romaneasca-si-internationala-91-id185293.html#primaryimage"},"thumbnailUrl":"https:\/\/www.rri.ro\/wp-content\/uploads\/2023\/10\/stiri-aromana-bleu.png","datePublished":"2022-01-04T16:52:00+00:00","author":{"@id":"https:\/\/www.rri.ro\/#\/schema\/person\/4a479940371b9fdefd194f561e8a7f88"},"breadcrumb":{"@id":"https:\/\/www.rri.ro\/ro_ar\/actualitati\/habarli\/habari-ditu-bana-romaneasca-si-internationala-91-id185293.html#breadcrumb"},"inLanguage":"ro-AR","potentialAction":[{"@type":"ReadAction","target":["https:\/\/www.rri.ro\/ro_ar\/actualitati\/habarli\/habari-ditu-bana-romaneasca-si-internationala-91-id185293.html"]}]},{"@type":"ImageObject","inLanguage":"ro-AR","@id":"https:\/\/www.rri.ro\/ro_ar\/actualitati\/habarli\/habari-ditu-bana-romaneasca-si-internationala-91-id185293.html#primaryimage","url":"https:\/\/www.rri.ro\/wp-content\/uploads\/2023\/10\/stiri-aromana-bleu.png","contentUrl":"https:\/\/www.rri.ro\/wp-content\/uploads\/2023\/10\/stiri-aromana-bleu.png","width":640,"height":480},{"@type":"BreadcrumbList","@id":"https:\/\/www.rri.ro\/ro_ar\/actualitati\/habarli\/habari-ditu-bana-romaneasca-si-internationala-91-id185293.html#breadcrumb","itemListElement":[{"@type":"ListItem","position":1,"name":"Prima pagin\u0103","item":"https:\/\/www.rri.ro\/ro_ar"},{"@type":"ListItem","position":2,"name":"Actualitati","item":"https:\/\/www.rri.ro\/actualitati"},{"@type":"ListItem","position":3,"name":"H\u0103b\u0103rli","item":"https:\/\/www.rri.ro\/actualitati\/habarli"},{"@type":"ListItem","position":4,"name":"H\u0103b\u0103ri ditu bana rom\u00e2neasc\u0103 \u015fi interna\u0163ional\u0103"}]},{"@type":"WebSite","@id":"https:\/\/www.rri.ro\/#website","url":"https:\/\/www.rri.ro\/","name":"Radio Rom\u00e2nia Interna\u021bional","description":"Totul despre Rom\u00e2nia \u015fi rom\u00e2ni, \u00een 13 limbi\/dialecte!","inLanguage":"ro-AR"},{"@type":"Person","@id":"https:\/\/www.rri.ro\/#\/schema\/person\/4a479940371b9fdefd194f561e8a7f88","name":"Newsroom","url":"https:\/\/www.rri.ro\/ro_ar\/author\/newsroom"}]}},"_links":{"self":[{"href":"https:\/\/www.rri.ro\/ro_ar\/wp-json\/wp\/v2\/posts\/185293","targetHints":{"allow":["GET"]}}],"collection":[{"href":"https:\/\/www.rri.ro\/ro_ar\/wp-json\/wp\/v2\/posts"}],"about":[{"href":"https:\/\/www.rri.ro\/ro_ar\/wp-json\/wp\/v2\/types\/post"}],"author":[{"embeddable":true,"href":"https:\/\/www.rri.ro\/ro_ar\/wp-json\/wp\/v2\/users\/113"}],"replies":[{"embeddable":true,"href":"https:\/\/www.rri.ro\/ro_ar\/wp-json\/wp\/v2\/comments?post=185293"}],"version-history":[{"count":0,"href":"https:\/\/www.rri.ro\/ro_ar\/wp-json\/wp\/v2\/posts\/185293\/revisions"}],"wp:featuredmedia":[{"embeddable":true,"href":"https:\/\/www.rri.ro\/ro_ar\/wp-json\/wp\/v2\/media\/185125"}],"wp:attachment":[{"href":"https:\/\/www.rri.ro\/ro_ar\/wp-json\/wp\/v2\/media?parent=185293"}],"wp:term":[{"taxonomy":"category","embeddable":true,"href":"https:\/\/www.rri.ro\/ro_ar\/wp-json\/wp\/v2\/categories?post=185293"},{"taxonomy":"post_tag","embeddable":true,"href":"https:\/\/www.rri.ro\/ro_ar\/wp-json\/wp\/v2\/tags?post=185293"},{"taxonomy":"author","embeddable":true,"href":"https:\/\/www.rri.ro\/ro_ar\/wp-json\/wp\/v2\/coauthors?post=185293"}],"curies":[{"name":"wp","href":"https:\/\/api.w.org\/{rel}","templated":true}]}}