{"id":185430,"date":"2022-08-02T18:37:00","date_gmt":"2022-08-02T15:37:00","guid":{"rendered":"http:\/\/devrri.freshlemon.ro\/actualitati\/habari-ditu-bana-romaneasca-si-internationala-186-185430.html"},"modified":"2022-08-02T18:37:00","modified_gmt":"2022-08-02T15:37:00","slug":"habari-ditu-bana-romaneasca-si-internationala-186","status":"publish","type":"post","link":"https:\/\/www.rri.ro\/ro_ar\/actualitati\/habarli\/habari-ditu-bana-romaneasca-si-internationala-186-id185430.html","title":{"rendered":"H\u0103b\u0103ri ditu bana rom\u00e2neasc\u0103 \u015fi interna\u0163ional\u0103"},"content":{"rendered":"<p><strong>COMEMORARE<\/strong> &#8212; F\u0103\u0163earea ma bunu nivelu di ban\u0103 a cet\u0103\u021benilor rom\u00e2ni care fac parte din minoritatea rom\u0103, bazat\u0103 pe cet\u0103\u021benia activ\u0103 \u0219i incluziunea social\u0103 \u0219i economic\u0103 \u0219i pi valorificarea a clirunumiillei a llei culturale easti un\u0103 prioritate a Guvernului, spusi premierlu Nicolae Ciuc\u0103 tru un mesaj cu fur\u00f1ia a romiloru. Dzua Memorial\u0103 a Holocaustului easti marcat\u0103 tru Rom\u00e2nia. Ministerul di Externe spusi c\u0103 tr\u0103\u00f1ipserli a romilor tru lag\u0103rele di concentrare naziste tru kirolu a Doilui Polimu Mondial armasi, ti am\u0103rtie, necunoscuti a publiclui larg di multu kiro. Ti atea, Ministerul di Externe ndrupa\u015fti ini\u021biativele na\u021bionale \u0219i interna\u021bionale cari promoveadz\u0103 educa\u021bia, cercetarea \u0219i comemorarea ghenochidului contra a romilor. Tu arada a lui, prezidintulu ali Rom\u00e2niei Klaus Iohannis spusi tru un mesaj c\u0103 discriminarea \u0219i stigmatizarea minorit\u0103\u021bilor lipsescu sanc\u021bionate. Aproapea 3000 di romi din lag\u0103rul di concentrare Auschwitz-Birkenau c\u0103dzur\u0103 victimele a regimului nazist la 2 august 1944. Aproapea 500.000 di romi fur\u0103 v\u0103t\u0103ma\u0163 tru Europa tru kirolu a Holocaustului.<\/p>\n<p>&#13;<br \/>\n&#13;<\/p>\n<p>&#13;<br \/>\n&#13;<\/p>\n<p><strong>GAZ NATURAL<\/strong> &#8211; Compania rom\u00e2n\u0103 di stat Romgaz dim\u0103nd\u0103 c\u0103 bitisi achizi\u021bia di ac\u021biuni di la compania american\u0103 ExxonMobil, tru cadrul a proiectului Neptun Diep di exploatare a gazelor naturale tru Amarea Lae. Ministrul Energiei, Virgil Popescu, diclar\u0103 pi un \u015fingiru di socializare c\u0103 bitisearea ali tranzac\u021bie tru valoare di pisti 1 miliard di dolari easti un\u0103 jgllioat\u0103 ninti ti Rom\u00e2nia cu cil\u0103st\u0103searea tra s\u2019agiung\u0103 indipendint\u0103 energetic, tru un moment greu ti tut\u0103 Europ\u0103. Rom\u00e2nia, care easti tru aestu kiro v\u0103silia european\u0103 ma pu\u021b\u0103n dipendint\u0103 di gazlu arusesc, ari ma\u0103ri tru Amarea Lae &#8212; anv\u0103rliga di 200 di miliardi di metri cubi. Nai ma marea parte easti tru perimetrul Neptun Diep, pe care Romgaz va lu lucreadz\u0103 diadunu cu OMV Petrom.<\/p>\n<p>&#13;<br \/>\n&#13;<\/p>\n<p>&#13;<br \/>\n&#13;<\/p>\n<p><strong>AUTOSTRAD\u0102<\/strong> &#8212; Ministerlun a Transporturilor di Bucure\u0219ti simn\u0103 nai ma marli contract ti un segmentu di autostrad\u0103 ditu Rom\u00e2nia &#8212; tronsonlu 3 ali autostrad\u0103 Sibiu &#8211; Pite\u0219ti &#8211; tru valoare di 5,3 miliardi di lei (circa 1 miliardu di euro). Faza di proiectare va s\u2019\u0163\u0103n\u0103 12 di me\u015fi, iara construc\u021bia aproapea patru a\u00f1i. Un\u0103oar\u0103 simnatu aestu contractu, tuti ateali \u0163in\u0163i tronsoane di autostrad\u0103 di pe Valea a Oltului au contractori disemna\u021b, diclar\u0103 ministrul a Transporturilor Sorin Grindianu.<\/p>\n<p>&#13;<br \/>\n&#13;<br \/>\n&#13;<br \/>\n&#13;<br \/>\n &#13;<br \/>\n&#13;<\/p>\n<p><strong>POMPIERLLII<\/strong> &#8211; Pompierllii rom\u00e2ni \u0219\u2019 bitisir\u0103 misiunea tru G\u0103r\u0163ie, hiinda al\u0103xi\u0163 di so\u0163lli a loru ditu alti v\u0103silii europene. Misiunea ali Rom\u00e2nie eara adrat\u0103 ditu 56 di membri care asteasir\u0103 incendiile \u0219i lucrar\u0103 tru dau\u0103 ture consecutive tru parei di 28 di oami\u00f1i. G\u0103r\u0163ia s\u2019ampulisea\u015fti cu sute di incendii di la ahuhrita a vear\u0103llei, diclan\u0219at\u0103 di c\u0103ldura prilundzit\u0103 \u0219i di curen\u021b\u0103llii di aer. Pompierllii ditu V\u0103rg\u0103ria, Fran\u021ba \u0219i Ghirm\u0103nia va \u015f\u2019al\u0103xeasc\u0103, kiro di un mesu, so\u0163lli ditu Rom\u00e2nia, Finlanda \u0219i Norvegia.<\/p>\n<p>&#13;<br \/>\n&#13;<br \/>\n&#13;<br \/>\n&#13;<br \/>\n &#13;<br \/>\n&#13;<\/p>\n<p><strong>Autoru: Ud\u0103lu a h\u0103b\u0103rloru<\/strong><\/p>\n<p>&#13;<br \/>\n&#13;<\/p>\n<p><strong>Arm\u00e2nipsearia: Ta\u015fcu Lala<\/strong><\/p>\n<p>&#13;<\/p>\n","protected":false},"excerpt":{"rendered":"<p>COMEMORARE &#8212; F\u0103\u0163earea ma bunu nivelu di ban\u0103 a cet\u0103\u021benilor rom\u00e2ni care fac parte din minoritatea rom\u0103, bazat\u0103 pe cet\u0103\u021benia activ\u0103 \u0219i incluziunea social\u0103 \u0219i economic\u0103 \u0219i pi valorificarea a clirunumiillei a llei culturale easti un\u0103 prioritate a Guvernului, spusi premierlu Nicolae Ciuc\u0103 tru un mesaj cu fur\u00f1ia a romiloru. Dzua Memorial\u0103 a Holocaustului easti [&hellip;]<\/p>\n","protected":false},"author":113,"featured_media":185125,"comment_status":"closed","ping_status":"closed","sticky":false,"template":"","format":"standard","meta":{"_acf_changed":false,"footnotes":""},"categories":[46387],"tags":[47814,46746,47812,47813],"coauthors":[],"class_list":["post-185430","post","type-post","status-publish","format-standard","has-post-thumbnail","hentry","category-habarli","tag-autostrada","tag-comemorari","tag-gaz-natural","tag-pompierlli"],"acf":[],"yoast_head":"<!-- This site is optimized with the Yoast SEO plugin v27.3 - https:\/\/yoast.com\/product\/yoast-seo-wordpress\/ -->\n<title>H\u0103b\u0103ri ditu bana rom\u00e2neasc\u0103 \u015fi interna\u0163ional\u0103 - Radio Rom\u00e2nia Interna\u021bional<\/title>\n<meta name=\"robots\" content=\"index, follow, max-snippet:-1, max-image-preview:large, max-video-preview:-1\" \/>\n<link rel=\"canonical\" href=\"https:\/\/www.rri.ro\/ro_ar\/actualitati\/habarli\/habari-ditu-bana-romaneasca-si-internationala-186-id185430.html\" \/>\n<meta property=\"og:locale\" content=\"ro_RO\" \/>\n<meta property=\"og:type\" content=\"article\" \/>\n<meta property=\"og:title\" content=\"H\u0103b\u0103ri ditu bana rom\u00e2neasc\u0103 \u015fi interna\u0163ional\u0103 - Radio Rom\u00e2nia Interna\u021bional\" \/>\n<meta property=\"og:description\" content=\"COMEMORARE &#8212; F\u0103\u0163earea ma bunu nivelu di ban\u0103 a cet\u0103\u021benilor rom\u00e2ni care fac parte din minoritatea rom\u0103, bazat\u0103 pe cet\u0103\u021benia activ\u0103 \u0219i incluziunea social\u0103 \u0219i economic\u0103 \u0219i pi valorificarea a clirunumiillei a llei culturale easti un\u0103 prioritate a Guvernului, spusi premierlu Nicolae Ciuc\u0103 tru un mesaj cu fur\u00f1ia a romiloru. Dzua Memorial\u0103 a Holocaustului easti [&hellip;]\" \/>\n<meta property=\"og:url\" content=\"https:\/\/www.rri.ro\/ro_ar\/actualitati\/habarli\/habari-ditu-bana-romaneasca-si-internationala-186-id185430.html\" \/>\n<meta property=\"og:site_name\" content=\"Radio Rom\u00e2nia Interna\u021bional\" \/>\n<meta property=\"article:published_time\" content=\"2022-08-02T15:37:00+00:00\" \/>\n<meta property=\"og:image\" content=\"https:\/\/www.rri.ro\/wp-content\/uploads\/2023\/10\/stiri-aromana-bleu.png\" \/>\n\t<meta property=\"og:image:width\" content=\"640\" \/>\n\t<meta property=\"og:image:height\" content=\"480\" \/>\n\t<meta property=\"og:image:type\" content=\"image\/png\" \/>\n<meta name=\"author\" content=\"Newsroom\" \/>\n<meta name=\"twitter:card\" content=\"summary_large_image\" \/>\n<meta name=\"twitter:label1\" content=\"Written by\" \/>\n\t<meta name=\"twitter:data1\" content=\"Newsroom\" \/>\n\t<meta name=\"twitter:label2\" content=\"Est. reading time\" \/>\n\t<meta name=\"twitter:data2\" content=\"3 minutes\" \/>\n<script type=\"application\/ld+json\" class=\"yoast-schema-graph\">{\"@context\":\"https:\\\/\\\/schema.org\",\"@graph\":[{\"@type\":\"Article\",\"@id\":\"https:\\\/\\\/www.rri.ro\\\/ro_ar\\\/actualitati\\\/habarli\\\/habari-ditu-bana-romaneasca-si-internationala-186-id185430.html#article\",\"isPartOf\":{\"@id\":\"https:\\\/\\\/www.rri.ro\\\/ro_ar\\\/actualitati\\\/habarli\\\/habari-ditu-bana-romaneasca-si-internationala-186-id185430.html\"},\"author\":{\"name\":\"Newsroom\",\"@id\":\"https:\\\/\\\/www.rri.ro\\\/#\\\/schema\\\/person\\\/4a479940371b9fdefd194f561e8a7f88\"},\"headline\":\"H\u0103b\u0103ri ditu bana rom\u00e2neasc\u0103 \u015fi interna\u0163ional\u0103\",\"datePublished\":\"2022-08-02T15:37:00+00:00\",\"mainEntityOfPage\":{\"@id\":\"https:\\\/\\\/www.rri.ro\\\/ro_ar\\\/actualitati\\\/habarli\\\/habari-ditu-bana-romaneasca-si-internationala-186-id185430.html\"},\"wordCount\":512,\"image\":{\"@id\":\"https:\\\/\\\/www.rri.ro\\\/ro_ar\\\/actualitati\\\/habarli\\\/habari-ditu-bana-romaneasca-si-internationala-186-id185430.html#primaryimage\"},\"thumbnailUrl\":\"https:\\\/\\\/www.rri.ro\\\/wp-content\\\/uploads\\\/2023\\\/10\\\/stiri-aromana-bleu.png\",\"keywords\":[\"autostrada\",\"Comemorari\",\"gaz natural\",\"pompierlli\"],\"articleSection\":[\"H\u0103b\u0103rli\"],\"inLanguage\":\"ro-AR\"},{\"@type\":\"WebPage\",\"@id\":\"https:\\\/\\\/www.rri.ro\\\/ro_ar\\\/actualitati\\\/habarli\\\/habari-ditu-bana-romaneasca-si-internationala-186-id185430.html\",\"url\":\"https:\\\/\\\/www.rri.ro\\\/ro_ar\\\/actualitati\\\/habarli\\\/habari-ditu-bana-romaneasca-si-internationala-186-id185430.html\",\"name\":\"H\u0103b\u0103ri ditu bana rom\u00e2neasc\u0103 \u015fi interna\u0163ional\u0103 - Radio Rom\u00e2nia Interna\u021bional\",\"isPartOf\":{\"@id\":\"https:\\\/\\\/www.rri.ro\\\/#website\"},\"primaryImageOfPage\":{\"@id\":\"https:\\\/\\\/www.rri.ro\\\/ro_ar\\\/actualitati\\\/habarli\\\/habari-ditu-bana-romaneasca-si-internationala-186-id185430.html#primaryimage\"},\"image\":{\"@id\":\"https:\\\/\\\/www.rri.ro\\\/ro_ar\\\/actualitati\\\/habarli\\\/habari-ditu-bana-romaneasca-si-internationala-186-id185430.html#primaryimage\"},\"thumbnailUrl\":\"https:\\\/\\\/www.rri.ro\\\/wp-content\\\/uploads\\\/2023\\\/10\\\/stiri-aromana-bleu.png\",\"datePublished\":\"2022-08-02T15:37:00+00:00\",\"author\":{\"@id\":\"https:\\\/\\\/www.rri.ro\\\/#\\\/schema\\\/person\\\/4a479940371b9fdefd194f561e8a7f88\"},\"breadcrumb\":{\"@id\":\"https:\\\/\\\/www.rri.ro\\\/ro_ar\\\/actualitati\\\/habarli\\\/habari-ditu-bana-romaneasca-si-internationala-186-id185430.html#breadcrumb\"},\"inLanguage\":\"ro-AR\",\"potentialAction\":[{\"@type\":\"ReadAction\",\"target\":[\"https:\\\/\\\/www.rri.ro\\\/ro_ar\\\/actualitati\\\/habarli\\\/habari-ditu-bana-romaneasca-si-internationala-186-id185430.html\"]}]},{\"@type\":\"ImageObject\",\"inLanguage\":\"ro-AR\",\"@id\":\"https:\\\/\\\/www.rri.ro\\\/ro_ar\\\/actualitati\\\/habarli\\\/habari-ditu-bana-romaneasca-si-internationala-186-id185430.html#primaryimage\",\"url\":\"https:\\\/\\\/www.rri.ro\\\/wp-content\\\/uploads\\\/2023\\\/10\\\/stiri-aromana-bleu.png\",\"contentUrl\":\"https:\\\/\\\/www.rri.ro\\\/wp-content\\\/uploads\\\/2023\\\/10\\\/stiri-aromana-bleu.png\",\"width\":640,\"height\":480},{\"@type\":\"BreadcrumbList\",\"@id\":\"https:\\\/\\\/www.rri.ro\\\/ro_ar\\\/actualitati\\\/habarli\\\/habari-ditu-bana-romaneasca-si-internationala-186-id185430.html#breadcrumb\",\"itemListElement\":[{\"@type\":\"ListItem\",\"position\":1,\"name\":\"Prima pagin\u0103\",\"item\":\"https:\\\/\\\/www.rri.ro\\\/ro_ar\"},{\"@type\":\"ListItem\",\"position\":2,\"name\":\"Actualitati\",\"item\":\"https:\\\/\\\/www.rri.ro\\\/actualitati\"},{\"@type\":\"ListItem\",\"position\":3,\"name\":\"H\u0103b\u0103rli\",\"item\":\"https:\\\/\\\/www.rri.ro\\\/actualitati\\\/habarli\"},{\"@type\":\"ListItem\",\"position\":4,\"name\":\"H\u0103b\u0103ri ditu bana rom\u00e2neasc\u0103 \u015fi interna\u0163ional\u0103\"}]},{\"@type\":\"WebSite\",\"@id\":\"https:\\\/\\\/www.rri.ro\\\/#website\",\"url\":\"https:\\\/\\\/www.rri.ro\\\/\",\"name\":\"Radio Rom\u00e2nia Interna\u021bional\",\"description\":\"Totul despre Rom\u00e2nia \u015fi rom\u00e2ni, \u00een 13 limbi\\\/dialecte!\",\"inLanguage\":\"ro-AR\"},{\"@type\":\"Person\",\"@id\":\"https:\\\/\\\/www.rri.ro\\\/#\\\/schema\\\/person\\\/4a479940371b9fdefd194f561e8a7f88\",\"name\":\"Newsroom\",\"url\":\"https:\\\/\\\/www.rri.ro\\\/ro_ar\\\/author\\\/newsroom\"}]}<\/script>\n<!-- \/ Yoast SEO plugin. -->","yoast_head_json":{"title":"H\u0103b\u0103ri ditu bana rom\u00e2neasc\u0103 \u015fi interna\u0163ional\u0103 - Radio Rom\u00e2nia Interna\u021bional","robots":{"index":"index","follow":"follow","max-snippet":"max-snippet:-1","max-image-preview":"max-image-preview:large","max-video-preview":"max-video-preview:-1"},"canonical":"https:\/\/www.rri.ro\/ro_ar\/actualitati\/habarli\/habari-ditu-bana-romaneasca-si-internationala-186-id185430.html","og_locale":"ro_RO","og_type":"article","og_title":"H\u0103b\u0103ri ditu bana rom\u00e2neasc\u0103 \u015fi interna\u0163ional\u0103 - Radio Rom\u00e2nia Interna\u021bional","og_description":"COMEMORARE &#8212; F\u0103\u0163earea ma bunu nivelu di ban\u0103 a cet\u0103\u021benilor rom\u00e2ni care fac parte din minoritatea rom\u0103, bazat\u0103 pe cet\u0103\u021benia activ\u0103 \u0219i incluziunea social\u0103 \u0219i economic\u0103 \u0219i pi valorificarea a clirunumiillei a llei culturale easti un\u0103 prioritate a Guvernului, spusi premierlu Nicolae Ciuc\u0103 tru un mesaj cu fur\u00f1ia a romiloru. Dzua Memorial\u0103 a Holocaustului easti [&hellip;]","og_url":"https:\/\/www.rri.ro\/ro_ar\/actualitati\/habarli\/habari-ditu-bana-romaneasca-si-internationala-186-id185430.html","og_site_name":"Radio Rom\u00e2nia Interna\u021bional","article_published_time":"2022-08-02T15:37:00+00:00","og_image":[{"width":640,"height":480,"url":"https:\/\/www.rri.ro\/wp-content\/uploads\/2023\/10\/stiri-aromana-bleu.png","type":"image\/png"}],"author":"Newsroom","twitter_card":"summary_large_image","twitter_misc":{"Written by":"Newsroom","Est. reading time":"3 minutes"},"schema":{"@context":"https:\/\/schema.org","@graph":[{"@type":"Article","@id":"https:\/\/www.rri.ro\/ro_ar\/actualitati\/habarli\/habari-ditu-bana-romaneasca-si-internationala-186-id185430.html#article","isPartOf":{"@id":"https:\/\/www.rri.ro\/ro_ar\/actualitati\/habarli\/habari-ditu-bana-romaneasca-si-internationala-186-id185430.html"},"author":{"name":"Newsroom","@id":"https:\/\/www.rri.ro\/#\/schema\/person\/4a479940371b9fdefd194f561e8a7f88"},"headline":"H\u0103b\u0103ri ditu bana rom\u00e2neasc\u0103 \u015fi interna\u0163ional\u0103","datePublished":"2022-08-02T15:37:00+00:00","mainEntityOfPage":{"@id":"https:\/\/www.rri.ro\/ro_ar\/actualitati\/habarli\/habari-ditu-bana-romaneasca-si-internationala-186-id185430.html"},"wordCount":512,"image":{"@id":"https:\/\/www.rri.ro\/ro_ar\/actualitati\/habarli\/habari-ditu-bana-romaneasca-si-internationala-186-id185430.html#primaryimage"},"thumbnailUrl":"https:\/\/www.rri.ro\/wp-content\/uploads\/2023\/10\/stiri-aromana-bleu.png","keywords":["autostrada","Comemorari","gaz natural","pompierlli"],"articleSection":["H\u0103b\u0103rli"],"inLanguage":"ro-AR"},{"@type":"WebPage","@id":"https:\/\/www.rri.ro\/ro_ar\/actualitati\/habarli\/habari-ditu-bana-romaneasca-si-internationala-186-id185430.html","url":"https:\/\/www.rri.ro\/ro_ar\/actualitati\/habarli\/habari-ditu-bana-romaneasca-si-internationala-186-id185430.html","name":"H\u0103b\u0103ri ditu bana rom\u00e2neasc\u0103 \u015fi interna\u0163ional\u0103 - Radio Rom\u00e2nia Interna\u021bional","isPartOf":{"@id":"https:\/\/www.rri.ro\/#website"},"primaryImageOfPage":{"@id":"https:\/\/www.rri.ro\/ro_ar\/actualitati\/habarli\/habari-ditu-bana-romaneasca-si-internationala-186-id185430.html#primaryimage"},"image":{"@id":"https:\/\/www.rri.ro\/ro_ar\/actualitati\/habarli\/habari-ditu-bana-romaneasca-si-internationala-186-id185430.html#primaryimage"},"thumbnailUrl":"https:\/\/www.rri.ro\/wp-content\/uploads\/2023\/10\/stiri-aromana-bleu.png","datePublished":"2022-08-02T15:37:00+00:00","author":{"@id":"https:\/\/www.rri.ro\/#\/schema\/person\/4a479940371b9fdefd194f561e8a7f88"},"breadcrumb":{"@id":"https:\/\/www.rri.ro\/ro_ar\/actualitati\/habarli\/habari-ditu-bana-romaneasca-si-internationala-186-id185430.html#breadcrumb"},"inLanguage":"ro-AR","potentialAction":[{"@type":"ReadAction","target":["https:\/\/www.rri.ro\/ro_ar\/actualitati\/habarli\/habari-ditu-bana-romaneasca-si-internationala-186-id185430.html"]}]},{"@type":"ImageObject","inLanguage":"ro-AR","@id":"https:\/\/www.rri.ro\/ro_ar\/actualitati\/habarli\/habari-ditu-bana-romaneasca-si-internationala-186-id185430.html#primaryimage","url":"https:\/\/www.rri.ro\/wp-content\/uploads\/2023\/10\/stiri-aromana-bleu.png","contentUrl":"https:\/\/www.rri.ro\/wp-content\/uploads\/2023\/10\/stiri-aromana-bleu.png","width":640,"height":480},{"@type":"BreadcrumbList","@id":"https:\/\/www.rri.ro\/ro_ar\/actualitati\/habarli\/habari-ditu-bana-romaneasca-si-internationala-186-id185430.html#breadcrumb","itemListElement":[{"@type":"ListItem","position":1,"name":"Prima pagin\u0103","item":"https:\/\/www.rri.ro\/ro_ar"},{"@type":"ListItem","position":2,"name":"Actualitati","item":"https:\/\/www.rri.ro\/actualitati"},{"@type":"ListItem","position":3,"name":"H\u0103b\u0103rli","item":"https:\/\/www.rri.ro\/actualitati\/habarli"},{"@type":"ListItem","position":4,"name":"H\u0103b\u0103ri ditu bana rom\u00e2neasc\u0103 \u015fi interna\u0163ional\u0103"}]},{"@type":"WebSite","@id":"https:\/\/www.rri.ro\/#website","url":"https:\/\/www.rri.ro\/","name":"Radio Rom\u00e2nia Interna\u021bional","description":"Totul despre Rom\u00e2nia \u015fi rom\u00e2ni, \u00een 13 limbi\/dialecte!","inLanguage":"ro-AR"},{"@type":"Person","@id":"https:\/\/www.rri.ro\/#\/schema\/person\/4a479940371b9fdefd194f561e8a7f88","name":"Newsroom","url":"https:\/\/www.rri.ro\/ro_ar\/author\/newsroom"}]}},"_links":{"self":[{"href":"https:\/\/www.rri.ro\/ro_ar\/wp-json\/wp\/v2\/posts\/185430","targetHints":{"allow":["GET"]}}],"collection":[{"href":"https:\/\/www.rri.ro\/ro_ar\/wp-json\/wp\/v2\/posts"}],"about":[{"href":"https:\/\/www.rri.ro\/ro_ar\/wp-json\/wp\/v2\/types\/post"}],"author":[{"embeddable":true,"href":"https:\/\/www.rri.ro\/ro_ar\/wp-json\/wp\/v2\/users\/113"}],"replies":[{"embeddable":true,"href":"https:\/\/www.rri.ro\/ro_ar\/wp-json\/wp\/v2\/comments?post=185430"}],"version-history":[{"count":0,"href":"https:\/\/www.rri.ro\/ro_ar\/wp-json\/wp\/v2\/posts\/185430\/revisions"}],"wp:featuredmedia":[{"embeddable":true,"href":"https:\/\/www.rri.ro\/ro_ar\/wp-json\/wp\/v2\/media\/185125"}],"wp:attachment":[{"href":"https:\/\/www.rri.ro\/ro_ar\/wp-json\/wp\/v2\/media?parent=185430"}],"wp:term":[{"taxonomy":"category","embeddable":true,"href":"https:\/\/www.rri.ro\/ro_ar\/wp-json\/wp\/v2\/categories?post=185430"},{"taxonomy":"post_tag","embeddable":true,"href":"https:\/\/www.rri.ro\/ro_ar\/wp-json\/wp\/v2\/tags?post=185430"},{"taxonomy":"author","embeddable":true,"href":"https:\/\/www.rri.ro\/ro_ar\/wp-json\/wp\/v2\/coauthors?post=185430"}],"curies":[{"name":"wp","href":"https:\/\/api.w.org\/{rel}","templated":true}]}}