{"id":185449,"date":"2022-08-26T19:22:00","date_gmt":"2022-08-26T16:22:00","guid":{"rendered":"http:\/\/devrri.freshlemon.ro\/actualitati\/habari-ditu-bana-romaneasca-si-internationala-204-185449.html"},"modified":"2022-08-26T19:22:00","modified_gmt":"2022-08-26T16:22:00","slug":"habari-ditu-bana-romaneasca-si-internationala-204","status":"publish","type":"post","link":"https:\/\/www.rri.ro\/ro_ar\/actualitati\/habarli\/habari-ditu-bana-romaneasca-si-internationala-204-id185449.html","title":{"rendered":"H\u0103b\u0103ri ditu bana rom\u00e2neasc\u0103 \u015fi interna\u0163ional\u0103"},"content":{"rendered":"<p><strong>NOMURI.<\/strong> Proiectili di nomuri mutrinda reforma a sistemlui di truvi\u021b\u0103mintu ditu Rom\u00e2nia pot s\u2019hib\u0103 dipusi la guvern tu ahurhita a meslui yism\u0103ciuni, dim\u0103nd\u0103 ministrul ali Educa\u021bie, Sorin C\u00e2mpeanu. Ministrul spuni c\u0103 la dibaterli publi\u0163i pi mardzina a documentelor, avea aproapea 1500 di amendamente, care va s\u2019hib\u0103 evaluate di c\u0103tre exper\u021bii di la minister. Adu\u0163emu aminti c\u0103 reprezentan\u021b\u0103lli a corpului didactic, elevilor, p\u0103rin\u021b\u0103lor \u0219i societatillei c\u0103ftar\u0103 prilundzirea a perioad\u0103llei di dbateri, ama ministerul nu apruke pripunirea.<\/p>\n<p>&#13;<br \/>\n&#13;<\/p>\n<p>&#13;<br \/>\n&#13;<\/p>\n<p><strong>ANANGHI.<\/strong> Guvernul di Bucure\u0219ti vulusi un\u0103 ordonan\u021b\u0103 di urgen\u021b\u0103 cari pruveadi un\u0103 cri\u015fteari a ti\u00f1iiloru di cafi mesu cu 30 di euro ti lucr\u0103torlli di la stat ahurhinda cu 1 august, ministrul a Lucurlui, Marius Budai, dim\u0103nd\u0103 ad\u0103vg\u00e2nda c\u0103 majorarea easti ma\u015f un\u0103 p\u0103trime ditu nivelu pruvidzutu tru Nomlu 153 tr\u0103 anlu 2022 \u0219i reprezint\u0103 2 miliardi di lei ditu bugetlu di stat. Uidisitu cu spusa al Budai, aproapea un\u0103 miliuni ditu a\u0163elli 1,2 miliu\u00f1i di lucr\u0103tori a statlui va s\u2019aib\u0103 h\u0103iri di naua ordonanta. Personalu medical \u0219i alti ndau\u0103 categorii avur\u0103 h\u0103iri di cri\u0219tearea a ti\u00f1iiloru di cafi mesu adus\u0103 aminti ma ninti.<\/p>\n<p>&#13;<br \/>\n&#13;<\/p>\n<p>&#13;<br \/>\n&#13;<\/p>\n<p><strong>COMERTU. <\/strong>Exporturli di biuturi ali Rom\u00e2niei criscur\u0103 cu 52% tru pro\u0163lli \u0163i\u0163i me\u015fi a anlui 2022 p\u00e2n\u0103 la 108 milioane di euro, spusi Institutul Na\u021bional di Statistic\u0103. Tru perioada yinaru-mai a alustui an, importurile di biuturi ali Rom\u00e2nie criscur\u0103 cu 45% p\u00e2n\u0103 la 251 di miliu\u00f1i di euro, atea \u0163i dusi la un dificit comercial di 143 di milioane di euro. Uidisitu cu jurnalili ditu Bucure\u0219ti, nai ma c\u0103ftat\u0103 biutur\u0103 easti versiunea rom\u00e2neasc\u0103 a coniaclui fr\u0103n\u0163escu. C\u0103ftarea ti aestu produs criscu cabaia multu pi p\u0103z\u0103rli ditu Europa, SUA \u0219i Japonia.<\/p>\n<p>&#13;<br \/>\n&#13;<\/p>\n<p>&#13;<br \/>\n&#13;<\/p>\n<p><strong>FOTBAL<\/strong> Campioana ali Rom\u00e2niei la fotbal, CFR Cluj, s-calific\u0103 tru grupele Europa Conference League, dup\u0103 un\u0103 victorie cu 1-0 pi terenlu a llei, gioi, contra a echip\u0103llei slovene NK Maribor tru play-off. Primlu meci ditu Slovenia s-bitisi la egalitate. FCSB, vicecampionat\u0103 tru campionatlu ali Rom\u00e2nie, s-calific\u0103 \u0219i ea dup\u0103 un\u0103 victorie cu 3-1 tru diplasare contra a adversarlor norvegieni. Un\u0103 alt\u0103 echip\u0103 rom\u00e2neasc\u0103 Universitatea Craiova fu eliminat\u0103 tru play-off di pareia israelian\u0103 Hapoel Beer-Sheva tru kirolu a agudirloru cu topa ti dipartajare. Va s\u2019trag\u0103 \u015fcurtica ti yinitoarea etap\u0103 ali competi\u021bie adz\u0103 la Nyon, Fran\u021ba.<\/p>\n<p>&#13;<br \/>\n&#13;<\/p>\n<p>&#13;<br \/>\n&#13;<\/p>\n<p><strong>TENIS. <\/strong>Agiuc\u0103toarea di tenis rom\u00e2n\u0103, a \u0219aptea cap di serie Simona Halep, va s\u2019alumt\u0103 cu un\u0103 adversar\u0103 ditu turlu di calificare la US Open, atelu ditu soni turneu di Grand Slam a anlui. Halep agiumsi anlu tricutu tru optimile di final\u0103 ali competi\u021bie adus\u0103 aminti ma ndzean\u0103, a diapoa nai ma bun\u0103 performan\u021b\u0103 a llei hiinda tru 2015, c\u00e2ndu agiuc\u0103 tru semifinale. Un\u0103 alt\u0103 agiuc\u0103toare di tenis ditu Rom\u00e2nia, Irina Begu, va s\u2019alumt\u0103 cu Elise Mertens ditu Belgia, cari p\u00e2n\u0103 tora amint\u0103 tuti meciurli cap la cap. Sorana C\u00eerstea, tut ditu Rom\u00e2nia, va s;alumt\u0103 cu ghirmanca Laura Siegemund, kiro tru cari Gabriela Ruse va s\u2019agioac\u0103 cu Daria Saville ditu Australia. Un\u0103 alt\u0103 agiuc\u0103toare rom\u00e2n\u0103, Jaqueline Cristian, va s\u2019alumt\u0103 cu Estonia Anett Kontaveit.<\/p>\n<p>&#13;<br \/>\n&#13;<\/p>\n<p>&#13;<br \/>\n&#13;<\/p>\n<p>Autoru: Ud\u0103lu a h\u0103b\u0103rloru<\/p>\n<p>&#13;<br \/>\n&#13;<\/p>\n<p>Arm\u00e2nipsearea: Ta\u015fcu Lala<\/p>\n<p>&#13;<\/p>\n","protected":false},"excerpt":{"rendered":"<p>NOMURI. Proiectili di nomuri mutrinda reforma a sistemlui di truvi\u021b\u0103mintu ditu Rom\u00e2nia pot s\u2019hib\u0103 dipusi la guvern tu ahurhita a meslui yism\u0103ciuni, dim\u0103nd\u0103 ministrul ali Educa\u021bie, Sorin C\u00e2mpeanu. Ministrul spuni c\u0103 la dibaterli publi\u0163i pi mardzina a documentelor, avea aproapea 1500 di amendamente, care va s\u2019hib\u0103 evaluate di c\u0103tre exper\u021bii di la minister. Adu\u0163emu aminti [&hellip;]<\/p>\n","protected":false},"author":113,"featured_media":185125,"comment_status":"closed","ping_status":"closed","sticky":false,"template":"","format":"standard","meta":{"_acf_changed":false,"footnotes":""},"categories":[46387],"tags":[47835,148760,47834,46498,47361],"coauthors":[],"class_list":["post-185449","post","type-post","status-publish","format-standard","has-post-thumbnail","hentry","category-habarli","tag-comertu","tag-fotbal-ro_ar","tag-nomuri","tag-tenis","tag-tinii-di-cafi-mesu"],"acf":[],"yoast_head":"<!-- This site is optimized with the Yoast SEO plugin v27.3 - https:\/\/yoast.com\/product\/yoast-seo-wordpress\/ -->\n<title>H\u0103b\u0103ri ditu bana rom\u00e2neasc\u0103 \u015fi interna\u0163ional\u0103 - Radio Rom\u00e2nia Interna\u021bional<\/title>\n<meta name=\"robots\" content=\"index, follow, max-snippet:-1, max-image-preview:large, max-video-preview:-1\" \/>\n<link rel=\"canonical\" href=\"https:\/\/www.rri.ro\/ro_ar\/actualitati\/habarli\/habari-ditu-bana-romaneasca-si-internationala-204-id185449.html\" \/>\n<meta property=\"og:locale\" content=\"ro_RO\" \/>\n<meta property=\"og:type\" content=\"article\" \/>\n<meta property=\"og:title\" content=\"H\u0103b\u0103ri ditu bana rom\u00e2neasc\u0103 \u015fi interna\u0163ional\u0103 - Radio Rom\u00e2nia Interna\u021bional\" \/>\n<meta property=\"og:description\" content=\"NOMURI. Proiectili di nomuri mutrinda reforma a sistemlui di truvi\u021b\u0103mintu ditu Rom\u00e2nia pot s\u2019hib\u0103 dipusi la guvern tu ahurhita a meslui yism\u0103ciuni, dim\u0103nd\u0103 ministrul ali Educa\u021bie, Sorin C\u00e2mpeanu. Ministrul spuni c\u0103 la dibaterli publi\u0163i pi mardzina a documentelor, avea aproapea 1500 di amendamente, care va s\u2019hib\u0103 evaluate di c\u0103tre exper\u021bii di la minister. Adu\u0163emu aminti [&hellip;]\" \/>\n<meta property=\"og:url\" content=\"https:\/\/www.rri.ro\/ro_ar\/actualitati\/habarli\/habari-ditu-bana-romaneasca-si-internationala-204-id185449.html\" \/>\n<meta property=\"og:site_name\" content=\"Radio Rom\u00e2nia Interna\u021bional\" \/>\n<meta property=\"article:published_time\" content=\"2022-08-26T16:22:00+00:00\" \/>\n<meta property=\"og:image\" content=\"https:\/\/www.rri.ro\/wp-content\/uploads\/2023\/10\/stiri-aromana-bleu.png\" \/>\n\t<meta property=\"og:image:width\" content=\"640\" \/>\n\t<meta property=\"og:image:height\" content=\"480\" \/>\n\t<meta property=\"og:image:type\" content=\"image\/png\" \/>\n<meta name=\"author\" content=\"Newsroom\" \/>\n<meta name=\"twitter:card\" content=\"summary_large_image\" \/>\n<meta name=\"twitter:label1\" content=\"Written by\" \/>\n\t<meta name=\"twitter:data1\" content=\"Newsroom\" \/>\n\t<meta name=\"twitter:label2\" content=\"Est. reading time\" \/>\n\t<meta name=\"twitter:data2\" content=\"3 minutes\" \/>\n<script type=\"application\/ld+json\" class=\"yoast-schema-graph\">{\"@context\":\"https:\\\/\\\/schema.org\",\"@graph\":[{\"@type\":\"Article\",\"@id\":\"https:\\\/\\\/www.rri.ro\\\/ro_ar\\\/actualitati\\\/habarli\\\/habari-ditu-bana-romaneasca-si-internationala-204-id185449.html#article\",\"isPartOf\":{\"@id\":\"https:\\\/\\\/www.rri.ro\\\/ro_ar\\\/actualitati\\\/habarli\\\/habari-ditu-bana-romaneasca-si-internationala-204-id185449.html\"},\"author\":{\"name\":\"Newsroom\",\"@id\":\"https:\\\/\\\/www.rri.ro\\\/#\\\/schema\\\/person\\\/4a479940371b9fdefd194f561e8a7f88\"},\"headline\":\"H\u0103b\u0103ri ditu bana rom\u00e2neasc\u0103 \u015fi interna\u0163ional\u0103\",\"datePublished\":\"2022-08-26T16:22:00+00:00\",\"mainEntityOfPage\":{\"@id\":\"https:\\\/\\\/www.rri.ro\\\/ro_ar\\\/actualitati\\\/habarli\\\/habari-ditu-bana-romaneasca-si-internationala-204-id185449.html\"},\"wordCount\":566,\"image\":{\"@id\":\"https:\\\/\\\/www.rri.ro\\\/ro_ar\\\/actualitati\\\/habarli\\\/habari-ditu-bana-romaneasca-si-internationala-204-id185449.html#primaryimage\"},\"thumbnailUrl\":\"https:\\\/\\\/www.rri.ro\\\/wp-content\\\/uploads\\\/2023\\\/10\\\/stiri-aromana-bleu.png\",\"keywords\":[\"comertu\",\"fotbal\",\"nomuri\",\"tenis\",\"ti\u00f1ii di cafi mesu\"],\"articleSection\":[\"H\u0103b\u0103rli\"],\"inLanguage\":\"ro-AR\"},{\"@type\":\"WebPage\",\"@id\":\"https:\\\/\\\/www.rri.ro\\\/ro_ar\\\/actualitati\\\/habarli\\\/habari-ditu-bana-romaneasca-si-internationala-204-id185449.html\",\"url\":\"https:\\\/\\\/www.rri.ro\\\/ro_ar\\\/actualitati\\\/habarli\\\/habari-ditu-bana-romaneasca-si-internationala-204-id185449.html\",\"name\":\"H\u0103b\u0103ri ditu bana rom\u00e2neasc\u0103 \u015fi interna\u0163ional\u0103 - Radio Rom\u00e2nia Interna\u021bional\",\"isPartOf\":{\"@id\":\"https:\\\/\\\/www.rri.ro\\\/#website\"},\"primaryImageOfPage\":{\"@id\":\"https:\\\/\\\/www.rri.ro\\\/ro_ar\\\/actualitati\\\/habarli\\\/habari-ditu-bana-romaneasca-si-internationala-204-id185449.html#primaryimage\"},\"image\":{\"@id\":\"https:\\\/\\\/www.rri.ro\\\/ro_ar\\\/actualitati\\\/habarli\\\/habari-ditu-bana-romaneasca-si-internationala-204-id185449.html#primaryimage\"},\"thumbnailUrl\":\"https:\\\/\\\/www.rri.ro\\\/wp-content\\\/uploads\\\/2023\\\/10\\\/stiri-aromana-bleu.png\",\"datePublished\":\"2022-08-26T16:22:00+00:00\",\"author\":{\"@id\":\"https:\\\/\\\/www.rri.ro\\\/#\\\/schema\\\/person\\\/4a479940371b9fdefd194f561e8a7f88\"},\"breadcrumb\":{\"@id\":\"https:\\\/\\\/www.rri.ro\\\/ro_ar\\\/actualitati\\\/habarli\\\/habari-ditu-bana-romaneasca-si-internationala-204-id185449.html#breadcrumb\"},\"inLanguage\":\"ro-AR\",\"potentialAction\":[{\"@type\":\"ReadAction\",\"target\":[\"https:\\\/\\\/www.rri.ro\\\/ro_ar\\\/actualitati\\\/habarli\\\/habari-ditu-bana-romaneasca-si-internationala-204-id185449.html\"]}]},{\"@type\":\"ImageObject\",\"inLanguage\":\"ro-AR\",\"@id\":\"https:\\\/\\\/www.rri.ro\\\/ro_ar\\\/actualitati\\\/habarli\\\/habari-ditu-bana-romaneasca-si-internationala-204-id185449.html#primaryimage\",\"url\":\"https:\\\/\\\/www.rri.ro\\\/wp-content\\\/uploads\\\/2023\\\/10\\\/stiri-aromana-bleu.png\",\"contentUrl\":\"https:\\\/\\\/www.rri.ro\\\/wp-content\\\/uploads\\\/2023\\\/10\\\/stiri-aromana-bleu.png\",\"width\":640,\"height\":480},{\"@type\":\"BreadcrumbList\",\"@id\":\"https:\\\/\\\/www.rri.ro\\\/ro_ar\\\/actualitati\\\/habarli\\\/habari-ditu-bana-romaneasca-si-internationala-204-id185449.html#breadcrumb\",\"itemListElement\":[{\"@type\":\"ListItem\",\"position\":1,\"name\":\"Prima pagin\u0103\",\"item\":\"https:\\\/\\\/www.rri.ro\\\/ro_ar\"},{\"@type\":\"ListItem\",\"position\":2,\"name\":\"Actualitati\",\"item\":\"https:\\\/\\\/www.rri.ro\\\/actualitati\"},{\"@type\":\"ListItem\",\"position\":3,\"name\":\"H\u0103b\u0103rli\",\"item\":\"https:\\\/\\\/www.rri.ro\\\/actualitati\\\/habarli\"},{\"@type\":\"ListItem\",\"position\":4,\"name\":\"H\u0103b\u0103ri ditu bana rom\u00e2neasc\u0103 \u015fi interna\u0163ional\u0103\"}]},{\"@type\":\"WebSite\",\"@id\":\"https:\\\/\\\/www.rri.ro\\\/#website\",\"url\":\"https:\\\/\\\/www.rri.ro\\\/\",\"name\":\"Radio Rom\u00e2nia Interna\u021bional\",\"description\":\"Totul despre Rom\u00e2nia \u015fi rom\u00e2ni, \u00een 13 limbi\\\/dialecte!\",\"inLanguage\":\"ro-AR\"},{\"@type\":\"Person\",\"@id\":\"https:\\\/\\\/www.rri.ro\\\/#\\\/schema\\\/person\\\/4a479940371b9fdefd194f561e8a7f88\",\"name\":\"Newsroom\",\"url\":\"https:\\\/\\\/www.rri.ro\\\/ro_ar\\\/author\\\/newsroom\"}]}<\/script>\n<!-- \/ Yoast SEO plugin. -->","yoast_head_json":{"title":"H\u0103b\u0103ri ditu bana rom\u00e2neasc\u0103 \u015fi interna\u0163ional\u0103 - Radio Rom\u00e2nia Interna\u021bional","robots":{"index":"index","follow":"follow","max-snippet":"max-snippet:-1","max-image-preview":"max-image-preview:large","max-video-preview":"max-video-preview:-1"},"canonical":"https:\/\/www.rri.ro\/ro_ar\/actualitati\/habarli\/habari-ditu-bana-romaneasca-si-internationala-204-id185449.html","og_locale":"ro_RO","og_type":"article","og_title":"H\u0103b\u0103ri ditu bana rom\u00e2neasc\u0103 \u015fi interna\u0163ional\u0103 - Radio Rom\u00e2nia Interna\u021bional","og_description":"NOMURI. Proiectili di nomuri mutrinda reforma a sistemlui di truvi\u021b\u0103mintu ditu Rom\u00e2nia pot s\u2019hib\u0103 dipusi la guvern tu ahurhita a meslui yism\u0103ciuni, dim\u0103nd\u0103 ministrul ali Educa\u021bie, Sorin C\u00e2mpeanu. Ministrul spuni c\u0103 la dibaterli publi\u0163i pi mardzina a documentelor, avea aproapea 1500 di amendamente, care va s\u2019hib\u0103 evaluate di c\u0103tre exper\u021bii di la minister. Adu\u0163emu aminti [&hellip;]","og_url":"https:\/\/www.rri.ro\/ro_ar\/actualitati\/habarli\/habari-ditu-bana-romaneasca-si-internationala-204-id185449.html","og_site_name":"Radio Rom\u00e2nia Interna\u021bional","article_published_time":"2022-08-26T16:22:00+00:00","og_image":[{"width":640,"height":480,"url":"https:\/\/www.rri.ro\/wp-content\/uploads\/2023\/10\/stiri-aromana-bleu.png","type":"image\/png"}],"author":"Newsroom","twitter_card":"summary_large_image","twitter_misc":{"Written by":"Newsroom","Est. reading time":"3 minutes"},"schema":{"@context":"https:\/\/schema.org","@graph":[{"@type":"Article","@id":"https:\/\/www.rri.ro\/ro_ar\/actualitati\/habarli\/habari-ditu-bana-romaneasca-si-internationala-204-id185449.html#article","isPartOf":{"@id":"https:\/\/www.rri.ro\/ro_ar\/actualitati\/habarli\/habari-ditu-bana-romaneasca-si-internationala-204-id185449.html"},"author":{"name":"Newsroom","@id":"https:\/\/www.rri.ro\/#\/schema\/person\/4a479940371b9fdefd194f561e8a7f88"},"headline":"H\u0103b\u0103ri ditu bana rom\u00e2neasc\u0103 \u015fi interna\u0163ional\u0103","datePublished":"2022-08-26T16:22:00+00:00","mainEntityOfPage":{"@id":"https:\/\/www.rri.ro\/ro_ar\/actualitati\/habarli\/habari-ditu-bana-romaneasca-si-internationala-204-id185449.html"},"wordCount":566,"image":{"@id":"https:\/\/www.rri.ro\/ro_ar\/actualitati\/habarli\/habari-ditu-bana-romaneasca-si-internationala-204-id185449.html#primaryimage"},"thumbnailUrl":"https:\/\/www.rri.ro\/wp-content\/uploads\/2023\/10\/stiri-aromana-bleu.png","keywords":["comertu","fotbal","nomuri","tenis","ti\u00f1ii di cafi mesu"],"articleSection":["H\u0103b\u0103rli"],"inLanguage":"ro-AR"},{"@type":"WebPage","@id":"https:\/\/www.rri.ro\/ro_ar\/actualitati\/habarli\/habari-ditu-bana-romaneasca-si-internationala-204-id185449.html","url":"https:\/\/www.rri.ro\/ro_ar\/actualitati\/habarli\/habari-ditu-bana-romaneasca-si-internationala-204-id185449.html","name":"H\u0103b\u0103ri ditu bana rom\u00e2neasc\u0103 \u015fi interna\u0163ional\u0103 - Radio Rom\u00e2nia Interna\u021bional","isPartOf":{"@id":"https:\/\/www.rri.ro\/#website"},"primaryImageOfPage":{"@id":"https:\/\/www.rri.ro\/ro_ar\/actualitati\/habarli\/habari-ditu-bana-romaneasca-si-internationala-204-id185449.html#primaryimage"},"image":{"@id":"https:\/\/www.rri.ro\/ro_ar\/actualitati\/habarli\/habari-ditu-bana-romaneasca-si-internationala-204-id185449.html#primaryimage"},"thumbnailUrl":"https:\/\/www.rri.ro\/wp-content\/uploads\/2023\/10\/stiri-aromana-bleu.png","datePublished":"2022-08-26T16:22:00+00:00","author":{"@id":"https:\/\/www.rri.ro\/#\/schema\/person\/4a479940371b9fdefd194f561e8a7f88"},"breadcrumb":{"@id":"https:\/\/www.rri.ro\/ro_ar\/actualitati\/habarli\/habari-ditu-bana-romaneasca-si-internationala-204-id185449.html#breadcrumb"},"inLanguage":"ro-AR","potentialAction":[{"@type":"ReadAction","target":["https:\/\/www.rri.ro\/ro_ar\/actualitati\/habarli\/habari-ditu-bana-romaneasca-si-internationala-204-id185449.html"]}]},{"@type":"ImageObject","inLanguage":"ro-AR","@id":"https:\/\/www.rri.ro\/ro_ar\/actualitati\/habarli\/habari-ditu-bana-romaneasca-si-internationala-204-id185449.html#primaryimage","url":"https:\/\/www.rri.ro\/wp-content\/uploads\/2023\/10\/stiri-aromana-bleu.png","contentUrl":"https:\/\/www.rri.ro\/wp-content\/uploads\/2023\/10\/stiri-aromana-bleu.png","width":640,"height":480},{"@type":"BreadcrumbList","@id":"https:\/\/www.rri.ro\/ro_ar\/actualitati\/habarli\/habari-ditu-bana-romaneasca-si-internationala-204-id185449.html#breadcrumb","itemListElement":[{"@type":"ListItem","position":1,"name":"Prima pagin\u0103","item":"https:\/\/www.rri.ro\/ro_ar"},{"@type":"ListItem","position":2,"name":"Actualitati","item":"https:\/\/www.rri.ro\/actualitati"},{"@type":"ListItem","position":3,"name":"H\u0103b\u0103rli","item":"https:\/\/www.rri.ro\/actualitati\/habarli"},{"@type":"ListItem","position":4,"name":"H\u0103b\u0103ri ditu bana rom\u00e2neasc\u0103 \u015fi interna\u0163ional\u0103"}]},{"@type":"WebSite","@id":"https:\/\/www.rri.ro\/#website","url":"https:\/\/www.rri.ro\/","name":"Radio Rom\u00e2nia Interna\u021bional","description":"Totul despre Rom\u00e2nia \u015fi rom\u00e2ni, \u00een 13 limbi\/dialecte!","inLanguage":"ro-AR"},{"@type":"Person","@id":"https:\/\/www.rri.ro\/#\/schema\/person\/4a479940371b9fdefd194f561e8a7f88","name":"Newsroom","url":"https:\/\/www.rri.ro\/ro_ar\/author\/newsroom"}]}},"_links":{"self":[{"href":"https:\/\/www.rri.ro\/ro_ar\/wp-json\/wp\/v2\/posts\/185449","targetHints":{"allow":["GET"]}}],"collection":[{"href":"https:\/\/www.rri.ro\/ro_ar\/wp-json\/wp\/v2\/posts"}],"about":[{"href":"https:\/\/www.rri.ro\/ro_ar\/wp-json\/wp\/v2\/types\/post"}],"author":[{"embeddable":true,"href":"https:\/\/www.rri.ro\/ro_ar\/wp-json\/wp\/v2\/users\/113"}],"replies":[{"embeddable":true,"href":"https:\/\/www.rri.ro\/ro_ar\/wp-json\/wp\/v2\/comments?post=185449"}],"version-history":[{"count":0,"href":"https:\/\/www.rri.ro\/ro_ar\/wp-json\/wp\/v2\/posts\/185449\/revisions"}],"wp:featuredmedia":[{"embeddable":true,"href":"https:\/\/www.rri.ro\/ro_ar\/wp-json\/wp\/v2\/media\/185125"}],"wp:attachment":[{"href":"https:\/\/www.rri.ro\/ro_ar\/wp-json\/wp\/v2\/media?parent=185449"}],"wp:term":[{"taxonomy":"category","embeddable":true,"href":"https:\/\/www.rri.ro\/ro_ar\/wp-json\/wp\/v2\/categories?post=185449"},{"taxonomy":"post_tag","embeddable":true,"href":"https:\/\/www.rri.ro\/ro_ar\/wp-json\/wp\/v2\/tags?post=185449"},{"taxonomy":"author","embeddable":true,"href":"https:\/\/www.rri.ro\/ro_ar\/wp-json\/wp\/v2\/coauthors?post=185449"}],"curies":[{"name":"wp","href":"https:\/\/api.w.org\/{rel}","templated":true}]}}