{"id":185900,"date":"2021-09-05T13:54:00","date_gmt":"2021-09-05T10:54:00","guid":{"rendered":"http:\/\/devrri.freshlemon.ro\/actualitati\/ma-marli-evenimenti-a-stamanallei-ti-tricu-29-08-04-09-2021-185900.html"},"modified":"2021-09-05T13:54:00","modified_gmt":"2021-09-05T10:54:00","slug":"ma-marli-evenimenti-a-stamanallei-ti-tricu-29-08-04-09-2021","status":"publish","type":"post","link":"https:\/\/www.rri.ro\/ro_ar\/actualitati\/eveniment-top-ro_ar\/ma-marli-evenimenti-a-stamanallei-ti-tricu-29-08-04-09-2021-id185900.html","title":{"rendered":"Ma m\u0103rli evenimenti a st\u0103m\u0103n\u0103llei \u0163i tricu 29.08. &#8211; 04.09.2021"},"content":{"rendered":"<\/p>\n<p>&#13;<br \/>\n&#13;<\/p>\n<p><strong>Politic\u0103 f\u0103r\u0103 delicatesi. Criz\u0103 tru su\u0163ata di guvernari<\/strong><\/p>\n<p>&#13;<br \/>\n&#13;<\/p>\n<p>Dup\u0103 ma multi ncuntr\u0103ri cu zborlu \u0219i sincopi di func\u0163ionari locali, coali\u0163ia guvernamental\u0103 di \u0163entru-dreapta di Bucure\u015fti agiumsi un\u0103 \u015f-un\u0103, \u00f1iercuri, tru criz\u0103, dup\u0103 demiterea pi napandica, di c\u0103tr\u0103 premierlu liberalu Florin C\u00ee\u0163u, a ministrului USRPLUS ali Justi\u021bie &#8211; Stelian Ion. <\/p>\n<p>&#13;<br \/>\n&#13;<\/p>\n<p>\u015eeflu a guvernului spuni c\u0103 la baza apofasillei seadi niaprukearea ti s\u2019da aviz a unlui l\u0103rguriu program di infrastructur\u0103 &#8211; proiectul &#8220;Anghel Saligny&#8221;, ti cari ministrul revocat spunea, alliumtrea, c\u0103 ari multe probleme di constitu\u0163ionalitate \u015fi nelegalitate. <\/p>\n<p>&#13;<br \/>\n&#13;<\/p>\n<p>Di aest\u0103 itie, USRPLUS dimanda c\u0103 \u015f\u2019tradzi andrupimintulu politic tr\u0103 Florin C\u00ee\u0163u \u015fi dipusi, deadunu cu ultrana\u0163ionali\u015ftilli di la AUR, un\u0103 mo\u021biune di cenzur\u0103 contra a executivului ditu cari fati parte, tra slu scoat\u0103 di pi ipotisi C\u0103\u0163u. A alustui \u0103lli si deadi andrupimintulu politic ditu partea a PNL. UDMR, a treia forma\u021biune a coali\u021biei, spuni ananghea ti implementarea-a proiectului adusu aminti \u015fi c\u0103nd\u0103sea\u015fti ti \u0163\u0103nearea ma largu a ali\u015ftei di tora formul\u0103 politic\u0103 di guvernari. <\/p>\n<p>&#13;<br \/>\n&#13;<\/p>\n<p>Anali\u0219tii \u0219i n\u0103sc\u0103n\u0163\u0103 politicieni bagara tru ecua\u021bia a criz\u0103llei guvernamentale \u0219i alte teme anaparti di proiectul &#8220;Anghel Saligny&#8221;, cum suntu chestiuni legate di reforma ali justi\u021biei \u0219i di cum\u0103ndusearea a n\u0103sc\u0103ntoru importante structuri ali\u015ftei.<br \/>&#13;<br \/>\n<br \/>&#13;<br \/>\nDitu opozi\u021bie, PSD \u0219i AUR spun c\u0103 guvernul C\u00ee\u0163u lipsea\u015fti s\u2019fug\u0103. <\/p>\n<p>&#13;<br \/>\n&#13;<\/p>\n<p>Prezidentulu ali Rom\u00e2nie, Klaus Iohannis, simn\u0103 decretili di revocari a ministurlui ali justi\u021biei \u0219i di num\u0103seari a unlui interimar, tru persoana al Lucian Bodi &#8211; titularli liberal di la Interne.<\/p>\n<p>&#13;<br \/>\n&#13;<\/p>\n<p>&#13;<br \/>\n&#13;<\/p>\n<p><strong>Politic\u0103 di toamn\u0103. Un\u0103 nau\u0103 sesiune parlamentar\u0103 nkisi Bucure\u015fti<\/strong><\/p>\n<p>&#13;<br \/>\n&#13;<\/p>\n<p>Un\u0103oar\u0103 cu prota dzuua di toamn\u0103 calendaristica nkisi si naua sesiune a Parlamentului bicamearalu di Bucure\u015fti. Uidisitu cu liderlli a llei, prioritatea zero a coali\u0163iillei di guvernari, dimandata ninti di ahurhita a criz4llei, easti proiectul a nomlui num\u0103situ consumatorlu vulnerabilu. <\/p>\n<p>&#13;<br \/>\n&#13;<\/p>\n<p>Si c\u0103te fu adoptat di Senat, actul normativ pruveadi posibilitatea ca statlu s\u2019ndrupasc\u0103 familiile cu venituri \u00f1i\u0163 la plata a unei parti ditu facturile di energie electric\u0103 \u015fi gaz, \u0163i fuvirsescu s\u2019pl\u0103sc\u0103neasc\u0103 tru iarn\u0103. La Senat s\u2019a\u015fteapt\u0103 ca lidirii coali\u0163iei s\u2019afl\u0103 una modalitate pritu cari s\u2019ncllida Sec\u0163ia Special\u0103 tr\u0103 Investigaria Infrac\u0163iunilor ditu Justi\u0163ie, un altu meru ali discordiei ditu sinlu a putearillei.<\/p>\n<p>&#13;<br \/>\n&#13;<\/p>\n<p>Tut la Senat, PSD va tora debatlu \u015fi adoptarea di urgen\u0163\u0103 a proiectului di nomu &#8220;S\u2019nu aib\u0103 penali tru func\u0163ii publi\u0163i&#8221; &#8211; tem\u0103 cari, a\u00f1i arada, eara tru discursulu politic a dreapt\u0103llei. Prezidentulu Klaus Iohannis spusi c\u0103 multe reforme nica nu fur\u0103 ahurhiti \u015fi c\u0103 ari restan\u0163e tru Parlament, context tru cari feati apel la parlamentari s\u2019l\u0103 spun\u0103 a rom\u00e2nilor c\u0103 \u00eelli tinisea\u015fti pritu ac\u0163iunile a lor. \u015eeflu a statului spusui c\u0103 pistipsearea-a oamenilor tru Legislativ nu easti la nai ma analti coti, hiinda una problem\u0103 cronic\u0103, acutizat\u0103 pi hiotea a aniloru pi fondul a discrepan\u0163\u0103llei anamisa di t\u0103xerli fapti di politicieni tru campaniile electorale \u015fi rezultatili a lor tu bitisita di mandat. <\/p>\n<p>&#13;<br \/>\n&#13;<\/p>\n<p>Tamamu ti a\u0163ea, turnarea dizn\u0103u la agenda cet\u0103\u0163eanului lipseasti s\u2019hiba linia directoari a activitatillei parlamentari tru aesta sesiune, cundille seful statului. El nica spusi c\u0103 noua sesiune ahurhea\u015fti tu unu context na\u0163ional \u015fi interna\u0163ional ndilicatu, marcat nica di efectele pandimiei di COVID-19.<\/p>\n<p>&#13;<br \/>\n&#13;<\/p>\n<p>&#13;<br \/>\n&#13;<\/p>\n<p><strong>Politic\u0103 \u015fi pandemie. Crea\u015fti numirlu di infect\u0103ri cu n\u0103ulu coronavirus<\/strong><\/p>\n<p>&#13;<br \/>\n&#13;<\/p>\n<p>Cadealihea agiundzi di laiu ma laiu, di la un\u0103 dzuu\u0103 la alanta, un\u0103oar\u0103 cu araspandirea si tru Romania a variantei Delta a coronavirusului, cari easti mult ma contagioasa. Criscu cabaia emu numirlu di internari, emu atelu di decese, dupa un\u0103 veara aproape fara restrictii, ama si fara dipu multi cazuri di Covid 19. Romania intr\u0103 tru dalga patru si s\u2019pari ca p\u0103lteasti tora p\u0103h\u0103lu a reticent\u0103llei populatiillei la vaccinari, hiinda pi penultimlu loc tru Uniunea Europeana la aestu indicator, dupa V\u0103rg\u0103ria vi\u0163in\u0103. Tu un\u0103 gaereti  di imaginatie, cari poati s\u2019hib\u0103 amanata, guvernul dimanda dzalili ti tricur\u0103 primi di 100 di lei tu bonuri di measa tr\u0103 a\u0163elli cari s\u2019vaccineadza cu schema completa si una Tombola a Vaccinari cu premii tu paradz. Sistemul sanitar ahurhi s\u2019hib\u0103 diznau suprasolicitat Tu nisc\u0103nti locuri, iara specialistii fac timbihi ca luc\u0103rli nu au cum s\u2019ndreag\u0103 ti ma bunu pi scurtu kiro.<\/p>\n<p>&#13;<br \/>\n&#13;<\/p>\n<p>&#13;<br \/>\n&#13;<\/p>\n<p><strong>Politic\u0103 \u015fi educa\u0163ie. Fur\u0103 dim\u0103ndati condi\u0163iile di disv\u0103rteari a cursurloru cari hurhescu tru 13 di yism\u0103ciuni<\/strong><\/p>\n<p>&#13;<br \/>\n&#13;<\/p>\n<p>Ditu 13 yism\u0103ciuni s\u2019di\u015fcllidu sculiili, situatie cari, cathi oara, deadi un\u0103 sil\u0103 a pandemiillei. Aest\u0103 arada, politiciea\u00f1illi apufusir\u0103 ca proceslu di invi\u0163\u0103mintu s\u0103 s\u2019dizv\u0103rteasc\u0103 dupa s\u0163enarii cama permisivi: tru localit\u0103\u0163le tru cari inciden\u0163a cumulat\u0103 a cazurilor, tru aesti ditu soni 14 di dz\u0103li, easti mai \u00f1ic\u0103 ica isa cu 6 la \u00f1illea di b\u0103n\u0103tori s\u2019da izini cu prezen\u0163a fizic\u0103 tr\u0103 a\u0163eli cari s\u2019ducu la cre\u015fi, gr\u0103dini\u0163i \u015fi sculii. Dealihea, cu ti\u00f1isearea a regulilor di sigurl\u0103ki sanitara. Ma s\u2019aib\u0103 cama di \u015fasi la \u00f1illi, elevlli ditu clasele I-XII trec tru sistemu online, iara a\u0163elli cari negu la cre\u015fe, gr\u0103dini\u0163e, respectiv, atelli ditu nvi\u0163\u0103mintul special particip\u0103 ma largu fizic la cursuri, p\u00e2n\u0103 la apufusearea a matriloru di carantin\u0103 tru localitatea respectiva &#8212; cara va s\u2019hib\u0103 ananghi ti aesta, dupa cum exighisi seflu a guvernului.<\/p>\n<p>&#13;<br \/>\n&#13;<\/p>\n<p>&#13;<br \/>\n&#13;<\/p>\n<p><strong>Far\u0103 politic\u0103. Festivalu Interna\u0163ional di muzic\u0103 clasic\u0103 George Enescu<\/strong><\/p>\n<p>&#13;<br \/>\n&#13;<\/p>\n<p>Festivalul International di muzica clasica George Enescu debut\u0103 saptamana aesta tru un\u0103 editie cari celebreadz\u0103 140 di ani di la amintarea-a marilui compozitor rom\u00e2n.  Dirijorlu rus Vladimir Jurowski, cari easti \u015fi la aest\u0103 edi\u0163ie director artistic a festivalului, spune c\u0103 vinir\u0103 Bucuresti nai ma importan\u0163i muzicieni a momentului tru lume. 3.500 di arti\u015fti rom\u00e2ni \u015fi xe\u00f1i, 32 di orchestre ditu 14 di v\u0103silii, concerteaza pi s\u0163enili a ma multor c\u0103s\u0103badz ditu Romania, pana tu 26 di yism\u0103ciuni. &#8220;A 25-a edi\u0163ie a Festivalui Interna\u0163ional George Enescu n\u0103 adu\u0163i cu un\u0103 jgllioat\u0103 ma aproapea di societatea cu cari n\u0103 aveamu nvi\u0163at\u0103 \u015fi di cari fumu priva\u0163, una societate a s\u0103lilor di spectacole \u015fi concerte mpline, un\u0103 societate a xanaamintarillei pistipsearea ta s\u2019him deadunu tra s\u2019yiurtusimu calitatea, spuni ministrul a Cultur\u0103llei, Bogdan Gheorghiu.<\/p>\n<p>&#13;<br \/>\n&#13;<br \/>\n &#13;<br \/>\n&#13;<\/p>\n<p>Autoru: Eugen Coroianu<\/p>\n<p>&#13;<br \/>\n&#13;<\/p>\n<p>Arm\u00e2nipsearia: Ta\u015fcu Lala<\/p>\n<p>&#13;<\/p>\n","protected":false},"excerpt":{"rendered":"<p>&#13; &#13; Politic\u0103 f\u0103r\u0103 delicatesi. Criz\u0103 tru su\u0163ata di guvernari &#13; &#13; Dup\u0103 ma multi ncuntr\u0103ri cu zborlu \u0219i sincopi di func\u0163ionari locali, coali\u0163ia guvernamental\u0103 di \u0163entru-dreapta di Bucure\u015fti agiumsi un\u0103 \u015f-un\u0103, \u00f1iercuri, tru criz\u0103, dup\u0103 demiterea pi napandica, di c\u0103tr\u0103 premierlu liberalu Florin C\u00ee\u0163u, a ministrului USRPLUS ali Justi\u021bie &#8211; Stelian Ion. &#13; &#13; [&hellip;]<\/p>\n","protected":false},"author":104,"featured_media":124789,"comment_status":"closed","ping_status":"closed","sticky":false,"template":"","format":"standard","meta":{"_acf_changed":false,"footnotes":""},"categories":[46389],"tags":[48006,48007,48008,47026],"coauthors":[],"class_list":["post-185900","post","type-post","status-publish","format-standard","has-post-thumbnail","hentry","category-eveniment-top-ro_ar","tag-criza-tru-sutata-di-guvernari","tag-discllidearea-a-sculiiloru","tag-festivalu-international-di-muzica-clasica-george-enescu","tag-pandemie"],"acf":[],"yoast_head":"<!-- This site is optimized with the Yoast SEO plugin v27.3 - https:\/\/yoast.com\/product\/yoast-seo-wordpress\/ -->\n<title>Ma m\u0103rli evenimenti a st\u0103m\u0103n\u0103llei \u0163i tricu 29.08. - 04.09.2021 - Radio Rom\u00e2nia Interna\u021bional<\/title>\n<meta name=\"robots\" content=\"index, follow, max-snippet:-1, max-image-preview:large, max-video-preview:-1\" \/>\n<link rel=\"canonical\" href=\"https:\/\/www.rri.ro\/ro_ar\/actualitati\/eveniment-top-ro_ar\/ma-marli-evenimenti-a-stamanallei-ti-tricu-29-08-04-09-2021-id185900.html\" \/>\n<meta property=\"og:locale\" content=\"ro_RO\" \/>\n<meta property=\"og:type\" content=\"article\" \/>\n<meta property=\"og:title\" content=\"Ma m\u0103rli evenimenti a st\u0103m\u0103n\u0103llei \u0163i tricu 29.08. - 04.09.2021 - Radio Rom\u00e2nia Interna\u021bional\" \/>\n<meta property=\"og:description\" content=\"&#013; &#013; Politic\u0103 f\u0103r\u0103 delicatesi. Criz\u0103 tru su\u0163ata di guvernari &#013; &#013; Dup\u0103 ma multi ncuntr\u0103ri cu zborlu \u0219i sincopi di func\u0163ionari locali, coali\u0163ia guvernamental\u0103 di \u0163entru-dreapta di Bucure\u015fti agiumsi un\u0103 \u015f-un\u0103, \u00f1iercuri, tru criz\u0103, dup\u0103 demiterea pi napandica, di c\u0103tr\u0103 premierlu liberalu Florin C\u00ee\u0163u, a ministrului USRPLUS ali Justi\u021bie &#8211; Stelian Ion. &#013; &#013; [&hellip;]\" \/>\n<meta property=\"og:url\" content=\"https:\/\/www.rri.ro\/ro_ar\/actualitati\/eveniment-top-ro_ar\/ma-marli-evenimenti-a-stamanallei-ti-tricu-29-08-04-09-2021-id185900.html\" \/>\n<meta property=\"og:site_name\" content=\"Radio Rom\u00e2nia Interna\u021bional\" \/>\n<meta property=\"article:published_time\" content=\"2021-09-05T10:54:00+00:00\" \/>\n<meta property=\"og:image\" content=\"https:\/\/www.rri.ro\/wp-content\/uploads\/2023\/10\/eveniment-top-2020-2021-cu-nicusor-dan-si-citu-premier.png\" \/>\n\t<meta property=\"og:image:width\" content=\"640\" \/>\n\t<meta property=\"og:image:height\" content=\"480\" \/>\n\t<meta property=\"og:image:type\" content=\"image\/png\" \/>\n<meta name=\"author\" content=\"Eugen Coroianu\" \/>\n<meta name=\"twitter:card\" content=\"summary_large_image\" \/>\n<meta name=\"twitter:label1\" content=\"Written by\" \/>\n\t<meta name=\"twitter:data1\" content=\"Eugen Coroianu\" \/>\n\t<meta name=\"twitter:label2\" content=\"Est. reading time\" \/>\n\t<meta name=\"twitter:data2\" content=\"5 minutes\" \/>\n<script type=\"application\/ld+json\" class=\"yoast-schema-graph\">{\"@context\":\"https:\\\/\\\/schema.org\",\"@graph\":[{\"@type\":\"Article\",\"@id\":\"https:\\\/\\\/www.rri.ro\\\/ro_ar\\\/actualitati\\\/eveniment-top-ro_ar\\\/ma-marli-evenimenti-a-stamanallei-ti-tricu-29-08-04-09-2021-id185900.html#article\",\"isPartOf\":{\"@id\":\"https:\\\/\\\/www.rri.ro\\\/ro_ar\\\/actualitati\\\/eveniment-top-ro_ar\\\/ma-marli-evenimenti-a-stamanallei-ti-tricu-29-08-04-09-2021-id185900.html\"},\"author\":{\"name\":\"Eugen Coroianu\",\"@id\":\"https:\\\/\\\/www.rri.ro\\\/#\\\/schema\\\/person\\\/5d5d5bd8eec0e962a50aaf3b0f6919c4\"},\"headline\":\"Ma m\u0103rli evenimenti a st\u0103m\u0103n\u0103llei \u0163i tricu 29.08. &#8211; 04.09.2021\",\"datePublished\":\"2021-09-05T10:54:00+00:00\",\"mainEntityOfPage\":{\"@id\":\"https:\\\/\\\/www.rri.ro\\\/ro_ar\\\/actualitati\\\/eveniment-top-ro_ar\\\/ma-marli-evenimenti-a-stamanallei-ti-tricu-29-08-04-09-2021-id185900.html\"},\"wordCount\":1107,\"image\":{\"@id\":\"https:\\\/\\\/www.rri.ro\\\/ro_ar\\\/actualitati\\\/eveniment-top-ro_ar\\\/ma-marli-evenimenti-a-stamanallei-ti-tricu-29-08-04-09-2021-id185900.html#primaryimage\"},\"thumbnailUrl\":\"https:\\\/\\\/www.rri.ro\\\/wp-content\\\/uploads\\\/2023\\\/10\\\/eveniment-top-2020-2021-cu-nicusor-dan-si-citu-premier.png\",\"keywords\":[\"Criza tru su\u0163ata di guvernari\",\"di\u015fcllidearea-a sculiiloru\",\"Festivalu International di muzic\u0103 clasic\u0103 George Enescu&#013;\",\"pandemie\"],\"articleSection\":[\"Eveniment Top\"],\"inLanguage\":\"ro-AR\"},{\"@type\":\"WebPage\",\"@id\":\"https:\\\/\\\/www.rri.ro\\\/ro_ar\\\/actualitati\\\/eveniment-top-ro_ar\\\/ma-marli-evenimenti-a-stamanallei-ti-tricu-29-08-04-09-2021-id185900.html\",\"url\":\"https:\\\/\\\/www.rri.ro\\\/ro_ar\\\/actualitati\\\/eveniment-top-ro_ar\\\/ma-marli-evenimenti-a-stamanallei-ti-tricu-29-08-04-09-2021-id185900.html\",\"name\":\"Ma m\u0103rli evenimenti a st\u0103m\u0103n\u0103llei \u0163i tricu 29.08. - 04.09.2021 - Radio Rom\u00e2nia Interna\u021bional\",\"isPartOf\":{\"@id\":\"https:\\\/\\\/www.rri.ro\\\/#website\"},\"primaryImageOfPage\":{\"@id\":\"https:\\\/\\\/www.rri.ro\\\/ro_ar\\\/actualitati\\\/eveniment-top-ro_ar\\\/ma-marli-evenimenti-a-stamanallei-ti-tricu-29-08-04-09-2021-id185900.html#primaryimage\"},\"image\":{\"@id\":\"https:\\\/\\\/www.rri.ro\\\/ro_ar\\\/actualitati\\\/eveniment-top-ro_ar\\\/ma-marli-evenimenti-a-stamanallei-ti-tricu-29-08-04-09-2021-id185900.html#primaryimage\"},\"thumbnailUrl\":\"https:\\\/\\\/www.rri.ro\\\/wp-content\\\/uploads\\\/2023\\\/10\\\/eveniment-top-2020-2021-cu-nicusor-dan-si-citu-premier.png\",\"datePublished\":\"2021-09-05T10:54:00+00:00\",\"author\":{\"@id\":\"https:\\\/\\\/www.rri.ro\\\/#\\\/schema\\\/person\\\/5d5d5bd8eec0e962a50aaf3b0f6919c4\"},\"breadcrumb\":{\"@id\":\"https:\\\/\\\/www.rri.ro\\\/ro_ar\\\/actualitati\\\/eveniment-top-ro_ar\\\/ma-marli-evenimenti-a-stamanallei-ti-tricu-29-08-04-09-2021-id185900.html#breadcrumb\"},\"inLanguage\":\"ro-AR\",\"potentialAction\":[{\"@type\":\"ReadAction\",\"target\":[\"https:\\\/\\\/www.rri.ro\\\/ro_ar\\\/actualitati\\\/eveniment-top-ro_ar\\\/ma-marli-evenimenti-a-stamanallei-ti-tricu-29-08-04-09-2021-id185900.html\"]}]},{\"@type\":\"ImageObject\",\"inLanguage\":\"ro-AR\",\"@id\":\"https:\\\/\\\/www.rri.ro\\\/ro_ar\\\/actualitati\\\/eveniment-top-ro_ar\\\/ma-marli-evenimenti-a-stamanallei-ti-tricu-29-08-04-09-2021-id185900.html#primaryimage\",\"url\":\"https:\\\/\\\/www.rri.ro\\\/wp-content\\\/uploads\\\/2023\\\/10\\\/eveniment-top-2020-2021-cu-nicusor-dan-si-citu-premier.png\",\"contentUrl\":\"https:\\\/\\\/www.rri.ro\\\/wp-content\\\/uploads\\\/2023\\\/10\\\/eveniment-top-2020-2021-cu-nicusor-dan-si-citu-premier.png\",\"width\":640,\"height\":480},{\"@type\":\"BreadcrumbList\",\"@id\":\"https:\\\/\\\/www.rri.ro\\\/ro_ar\\\/actualitati\\\/eveniment-top-ro_ar\\\/ma-marli-evenimenti-a-stamanallei-ti-tricu-29-08-04-09-2021-id185900.html#breadcrumb\",\"itemListElement\":[{\"@type\":\"ListItem\",\"position\":1,\"name\":\"Prima pagin\u0103\",\"item\":\"https:\\\/\\\/www.rri.ro\\\/ro_ar\"},{\"@type\":\"ListItem\",\"position\":2,\"name\":\"Actualitati\",\"item\":\"https:\\\/\\\/www.rri.ro\\\/actualitati\"},{\"@type\":\"ListItem\",\"position\":3,\"name\":\"Eveniment Top\",\"item\":\"https:\\\/\\\/www.rri.ro\\\/actualitati\\\/eveniment-top-ro_ar\"},{\"@type\":\"ListItem\",\"position\":4,\"name\":\"Ma m\u0103rli evenimenti a st\u0103m\u0103n\u0103llei \u0163i tricu 29.08. &#8211; 04.09.2021\"}]},{\"@type\":\"WebSite\",\"@id\":\"https:\\\/\\\/www.rri.ro\\\/#website\",\"url\":\"https:\\\/\\\/www.rri.ro\\\/\",\"name\":\"Radio Rom\u00e2nia Interna\u021bional\",\"description\":\"Totul despre Rom\u00e2nia \u015fi rom\u00e2ni, \u00een 13 limbi\\\/dialecte!\",\"inLanguage\":\"ro-AR\"},{\"@type\":\"Person\",\"@id\":\"https:\\\/\\\/www.rri.ro\\\/#\\\/schema\\\/person\\\/5d5d5bd8eec0e962a50aaf3b0f6919c4\",\"name\":\"Eugen Coroianu\",\"url\":\"https:\\\/\\\/www.rri.ro\\\/ro_ar\\\/author\\\/eugen-coroianu\"}]}<\/script>\n<!-- \/ Yoast SEO plugin. -->","yoast_head_json":{"title":"Ma m\u0103rli evenimenti a st\u0103m\u0103n\u0103llei \u0163i tricu 29.08. - 04.09.2021 - Radio Rom\u00e2nia Interna\u021bional","robots":{"index":"index","follow":"follow","max-snippet":"max-snippet:-1","max-image-preview":"max-image-preview:large","max-video-preview":"max-video-preview:-1"},"canonical":"https:\/\/www.rri.ro\/ro_ar\/actualitati\/eveniment-top-ro_ar\/ma-marli-evenimenti-a-stamanallei-ti-tricu-29-08-04-09-2021-id185900.html","og_locale":"ro_RO","og_type":"article","og_title":"Ma m\u0103rli evenimenti a st\u0103m\u0103n\u0103llei \u0163i tricu 29.08. - 04.09.2021 - Radio Rom\u00e2nia Interna\u021bional","og_description":"&#13; &#13; Politic\u0103 f\u0103r\u0103 delicatesi. Criz\u0103 tru su\u0163ata di guvernari &#13; &#13; Dup\u0103 ma multi ncuntr\u0103ri cu zborlu \u0219i sincopi di func\u0163ionari locali, coali\u0163ia guvernamental\u0103 di \u0163entru-dreapta di Bucure\u015fti agiumsi un\u0103 \u015f-un\u0103, \u00f1iercuri, tru criz\u0103, dup\u0103 demiterea pi napandica, di c\u0103tr\u0103 premierlu liberalu Florin C\u00ee\u0163u, a ministrului USRPLUS ali Justi\u021bie &#8211; Stelian Ion. &#13; &#13; [&hellip;]","og_url":"https:\/\/www.rri.ro\/ro_ar\/actualitati\/eveniment-top-ro_ar\/ma-marli-evenimenti-a-stamanallei-ti-tricu-29-08-04-09-2021-id185900.html","og_site_name":"Radio Rom\u00e2nia Interna\u021bional","article_published_time":"2021-09-05T10:54:00+00:00","og_image":[{"width":640,"height":480,"url":"https:\/\/www.rri.ro\/wp-content\/uploads\/2023\/10\/eveniment-top-2020-2021-cu-nicusor-dan-si-citu-premier.png","type":"image\/png"}],"author":"Eugen Coroianu","twitter_card":"summary_large_image","twitter_misc":{"Written by":"Eugen Coroianu","Est. reading time":"5 minutes"},"schema":{"@context":"https:\/\/schema.org","@graph":[{"@type":"Article","@id":"https:\/\/www.rri.ro\/ro_ar\/actualitati\/eveniment-top-ro_ar\/ma-marli-evenimenti-a-stamanallei-ti-tricu-29-08-04-09-2021-id185900.html#article","isPartOf":{"@id":"https:\/\/www.rri.ro\/ro_ar\/actualitati\/eveniment-top-ro_ar\/ma-marli-evenimenti-a-stamanallei-ti-tricu-29-08-04-09-2021-id185900.html"},"author":{"name":"Eugen Coroianu","@id":"https:\/\/www.rri.ro\/#\/schema\/person\/5d5d5bd8eec0e962a50aaf3b0f6919c4"},"headline":"Ma m\u0103rli evenimenti a st\u0103m\u0103n\u0103llei \u0163i tricu 29.08. &#8211; 04.09.2021","datePublished":"2021-09-05T10:54:00+00:00","mainEntityOfPage":{"@id":"https:\/\/www.rri.ro\/ro_ar\/actualitati\/eveniment-top-ro_ar\/ma-marli-evenimenti-a-stamanallei-ti-tricu-29-08-04-09-2021-id185900.html"},"wordCount":1107,"image":{"@id":"https:\/\/www.rri.ro\/ro_ar\/actualitati\/eveniment-top-ro_ar\/ma-marli-evenimenti-a-stamanallei-ti-tricu-29-08-04-09-2021-id185900.html#primaryimage"},"thumbnailUrl":"https:\/\/www.rri.ro\/wp-content\/uploads\/2023\/10\/eveniment-top-2020-2021-cu-nicusor-dan-si-citu-premier.png","keywords":["Criza tru su\u0163ata di guvernari","di\u015fcllidearea-a sculiiloru","Festivalu International di muzic\u0103 clasic\u0103 George Enescu&#013;","pandemie"],"articleSection":["Eveniment Top"],"inLanguage":"ro-AR"},{"@type":"WebPage","@id":"https:\/\/www.rri.ro\/ro_ar\/actualitati\/eveniment-top-ro_ar\/ma-marli-evenimenti-a-stamanallei-ti-tricu-29-08-04-09-2021-id185900.html","url":"https:\/\/www.rri.ro\/ro_ar\/actualitati\/eveniment-top-ro_ar\/ma-marli-evenimenti-a-stamanallei-ti-tricu-29-08-04-09-2021-id185900.html","name":"Ma m\u0103rli evenimenti a st\u0103m\u0103n\u0103llei \u0163i tricu 29.08. - 04.09.2021 - Radio Rom\u00e2nia Interna\u021bional","isPartOf":{"@id":"https:\/\/www.rri.ro\/#website"},"primaryImageOfPage":{"@id":"https:\/\/www.rri.ro\/ro_ar\/actualitati\/eveniment-top-ro_ar\/ma-marli-evenimenti-a-stamanallei-ti-tricu-29-08-04-09-2021-id185900.html#primaryimage"},"image":{"@id":"https:\/\/www.rri.ro\/ro_ar\/actualitati\/eveniment-top-ro_ar\/ma-marli-evenimenti-a-stamanallei-ti-tricu-29-08-04-09-2021-id185900.html#primaryimage"},"thumbnailUrl":"https:\/\/www.rri.ro\/wp-content\/uploads\/2023\/10\/eveniment-top-2020-2021-cu-nicusor-dan-si-citu-premier.png","datePublished":"2021-09-05T10:54:00+00:00","author":{"@id":"https:\/\/www.rri.ro\/#\/schema\/person\/5d5d5bd8eec0e962a50aaf3b0f6919c4"},"breadcrumb":{"@id":"https:\/\/www.rri.ro\/ro_ar\/actualitati\/eveniment-top-ro_ar\/ma-marli-evenimenti-a-stamanallei-ti-tricu-29-08-04-09-2021-id185900.html#breadcrumb"},"inLanguage":"ro-AR","potentialAction":[{"@type":"ReadAction","target":["https:\/\/www.rri.ro\/ro_ar\/actualitati\/eveniment-top-ro_ar\/ma-marli-evenimenti-a-stamanallei-ti-tricu-29-08-04-09-2021-id185900.html"]}]},{"@type":"ImageObject","inLanguage":"ro-AR","@id":"https:\/\/www.rri.ro\/ro_ar\/actualitati\/eveniment-top-ro_ar\/ma-marli-evenimenti-a-stamanallei-ti-tricu-29-08-04-09-2021-id185900.html#primaryimage","url":"https:\/\/www.rri.ro\/wp-content\/uploads\/2023\/10\/eveniment-top-2020-2021-cu-nicusor-dan-si-citu-premier.png","contentUrl":"https:\/\/www.rri.ro\/wp-content\/uploads\/2023\/10\/eveniment-top-2020-2021-cu-nicusor-dan-si-citu-premier.png","width":640,"height":480},{"@type":"BreadcrumbList","@id":"https:\/\/www.rri.ro\/ro_ar\/actualitati\/eveniment-top-ro_ar\/ma-marli-evenimenti-a-stamanallei-ti-tricu-29-08-04-09-2021-id185900.html#breadcrumb","itemListElement":[{"@type":"ListItem","position":1,"name":"Prima pagin\u0103","item":"https:\/\/www.rri.ro\/ro_ar"},{"@type":"ListItem","position":2,"name":"Actualitati","item":"https:\/\/www.rri.ro\/actualitati"},{"@type":"ListItem","position":3,"name":"Eveniment Top","item":"https:\/\/www.rri.ro\/actualitati\/eveniment-top-ro_ar"},{"@type":"ListItem","position":4,"name":"Ma m\u0103rli evenimenti a st\u0103m\u0103n\u0103llei \u0163i tricu 29.08. &#8211; 04.09.2021"}]},{"@type":"WebSite","@id":"https:\/\/www.rri.ro\/#website","url":"https:\/\/www.rri.ro\/","name":"Radio Rom\u00e2nia Interna\u021bional","description":"Totul despre Rom\u00e2nia \u015fi rom\u00e2ni, \u00een 13 limbi\/dialecte!","inLanguage":"ro-AR"},{"@type":"Person","@id":"https:\/\/www.rri.ro\/#\/schema\/person\/5d5d5bd8eec0e962a50aaf3b0f6919c4","name":"Eugen Coroianu","url":"https:\/\/www.rri.ro\/ro_ar\/author\/eugen-coroianu"}]}},"_links":{"self":[{"href":"https:\/\/www.rri.ro\/ro_ar\/wp-json\/wp\/v2\/posts\/185900","targetHints":{"allow":["GET"]}}],"collection":[{"href":"https:\/\/www.rri.ro\/ro_ar\/wp-json\/wp\/v2\/posts"}],"about":[{"href":"https:\/\/www.rri.ro\/ro_ar\/wp-json\/wp\/v2\/types\/post"}],"author":[{"embeddable":true,"href":"https:\/\/www.rri.ro\/ro_ar\/wp-json\/wp\/v2\/users\/104"}],"replies":[{"embeddable":true,"href":"https:\/\/www.rri.ro\/ro_ar\/wp-json\/wp\/v2\/comments?post=185900"}],"version-history":[{"count":0,"href":"https:\/\/www.rri.ro\/ro_ar\/wp-json\/wp\/v2\/posts\/185900\/revisions"}],"wp:featuredmedia":[{"embeddable":true,"href":"https:\/\/www.rri.ro\/ro_ar\/wp-json\/wp\/v2\/media\/124789"}],"wp:attachment":[{"href":"https:\/\/www.rri.ro\/ro_ar\/wp-json\/wp\/v2\/media?parent=185900"}],"wp:term":[{"taxonomy":"category","embeddable":true,"href":"https:\/\/www.rri.ro\/ro_ar\/wp-json\/wp\/v2\/categories?post=185900"},{"taxonomy":"post_tag","embeddable":true,"href":"https:\/\/www.rri.ro\/ro_ar\/wp-json\/wp\/v2\/tags?post=185900"},{"taxonomy":"author","embeddable":true,"href":"https:\/\/www.rri.ro\/ro_ar\/wp-json\/wp\/v2\/coauthors?post=185900"}],"curies":[{"name":"wp","href":"https:\/\/api.w.org\/{rel}","templated":true}]}}