{"id":185902,"date":"2021-09-20T09:18:00","date_gmt":"2021-09-20T06:18:00","guid":{"rendered":"http:\/\/devrri.freshlemon.ro\/actualitati\/ma-marli-evenimenti-a-stamanallei-ti-tricu-12-09-18-09-2021-185902.html"},"modified":"2021-09-20T09:18:00","modified_gmt":"2021-09-20T06:18:00","slug":"ma-marli-evenimenti-a-stamanallei-ti-tricu-12-09-18-09-2021","status":"publish","type":"post","link":"https:\/\/www.rri.ro\/ro_ar\/actualitati\/eveniment-top-ro_ar\/ma-marli-evenimenti-a-stamanallei-ti-tricu-12-09-18-09-2021-id185902.html","title":{"rendered":"Ma m\u0103rli evenimenti a st\u0103m\u0103n\u0103llei \u0163i tricu 12.09 &#8211; 18.09.2021"},"content":{"rendered":"<p><strong>Cifri l\u0103ht\u0103roasi mutrinda epidemia di coronavirusu tru Rom\u00e2nia<\/strong><\/p>\n<p>&#13;<br \/>\n&#13;<\/p>\n<p>Numirlu a cazurlor di coronavirusu nregistrati tru Rom\u00e2nia criscu l\u0103ht\u0103rosu tru dz\u0103lili ditu soni, di bag\u0103 zori, dizn\u0103u, pi sistemlu medical. Multe sec\u0163ii di tearapie intensiv\u0103 ahardziti ti pacien\u0163\u0103lli infecta\u021bi suntu, mpline, iara numirlu apaturlor easti limitatu. Suntu \u00f1illi di pacien\u021bi infecta\u021bi interna\u021bi, ditu arada alu\u015ftoru ari \u0219i minori, ndoi di elli cu forme serti. Ahurhir\u0103 s\u2019ias\u0103 ti migdani \u0219i fucurini di coronavirus, iar tru multi localit\u0103\u021bi fur\u0103 loati apofasi suplimentare di protec\u021bie. Uidisitu cu statisti\u0163li, tru aestu moment, unu di doi rom\u00e2ni nu easti protejat ni\u0163i n\u0103 turlie dinintea a COVID-19 tr\u0103 atea c\u0103 ic\u0103 nu easti vaccinat, i nu tricu pritu l\u0103ngoari. Autorit\u0103\u021bli n\u0103poi aducu aminti c\u0103 vaccinarea, purtarea a prusupid\u0103llei \u015fi evitarea a locurloru cu c\u0103lb\u0103l\u0103ki arm\u00e2n, ma largu, c\u0103lliurli di viglleari contra a l\u0103ngoarillei. Ritmolu a campaniei di imunizare tru Rom\u00e2nia Armani tu idyea scara, dimi, ay\u0103lisitu, cu tuti apelurli repetate a speciali\u015ftilor. P\u00e2n\u0103 tora, niheama pisti 5,2 milioane di rom\u00e2ni s-vaccinar\u0103 anti-COVID cu schema complet\u0103, atea \u0163i reprezint\u0103 aproapea unu cirecu dit popula\u021bia eligibil\u0103. Premierlu Florin C\u00ee\u021bu dim\u0103nd\u0103 c\u0103 nu va s\u2019li ncllid\u0103 activit\u0103\u0163li economice tru cazul tru cari rata di inciden\u0163\u0103 a cazurilor di COVID easti di cama di trei la \u00f1ille. Ti a\u0163ea, autorit\u0103\u0163ile llia n\u0103i misuri ti ng\u0103rdeari araspandearea a coronaviruslui, inclusiv obligativitatea ti certificatlu veardi tr\u0103 intrarea tru restaurante, s\u0103li di sport i piscine, ama \u015fi tra participarea la evenimente publice \u015fi private aclo iu rata di infectare nastrea\u0163i trei cazuri la \u00f1illea di b\u0103n\u0103tori.  <\/p>\n<p>&#13;<br \/>\n&#13;<\/p>\n<p>&#13;<br \/>\n&#13;<\/p>\n<p><strong>Tru Rom\u00e2nia, ahurhi doilu an \u0219colar tru condi\u021bii di pandemie<\/strong><\/p>\n<p>&#13;<br \/>\n&#13;<\/p>\n<p>Noul an \u015fcolar ahurhi, luni, cu prezen\u0163\u0103 fizic\u0103 la cursuri tru nai ma marea parti a unit\u0103\u0163ilor di nvi\u0163\u0103m\u00e2ntu ditu Rom\u00e2nia, misuri di protec\u0163ie sanitar\u0103. Easti doilu an tru cari cilimea\u00f1illi \u015fi adolescen\u0163ii ahurhescu \u0219coala tru condi\u0163ii di pandimie, iara autorit\u0103\u021bli spun c\u0103 \u0219collurli va s\u2019lucreadz\u0103 cu prezen\u0163\u0103 fizic\u0103 ah\u00e2t kiro c\u00e2t nu easti agiumt\u0103 rata di infectare di 6 la \u00f1illa di banatori tru localitate. Tru idyiulu kiro, autorit\u0103\u021bile \u015fi spusir\u0103 n\u0103dia c\u0103 va s\u2019hib\u0103 nregistrate progrese importante tru vaccinarea elevilor, tru condi\u0163iile tru cari ari disponibilitate ta s\u2019ndreag\u0103 parei mobile cari s\u2019duc\u0103 imunizarea mi aproape di unit\u0103\u0163ile di nv\u0103\u0163\u0103m\u00e2ntu. Dit atelli cama di 300.000 di lucr\u0103tori ditu sistemlu di educa\u0163ie, p\u021b\u0103nu pisti 60% s-vaccinar\u0103 anti-COVID, kiro tru cari procentul a a\u0163iloru imuniza\u021b tru arada a elevilor di pisti 12 ani easti di 15%.<\/p>\n<p>&#13;<br \/>\n&#13;<\/p>\n<p>&#13;<br \/>\n&#13;<\/p>\n<p><strong>Agiutoru ti consumatorllii z\u00f1iipsi\u0163 di cri\u015ftearea-a p\u0103hadzloru la energie<\/strong><\/p>\n<p>&#13;<br \/>\n&#13;<\/p>\n<p>Cota\u021biile a gazelor naturale \u0219i p\u0103hadzlli a certificatelor verdz\u0103 deadir\u0103 sil\u0103 la cri\u0219tearea a p\u0103hadzloru la energie pe pia\u021ba continental\u0103. Tru aesti condi\u021bii, aapufusitorlli di Bucure\u0219ti inten\u0163ioneadz\u0103 s\u0103-lli agiut\u0103 consumatorii casni\u0163 s\u0103-\u015fi pl\u0103teasc\u0103 facturile la energia electric\u0103 \u015fi la gazele naturale. Di un\u0103 parti, prezidentulu a v\u0103siliillei, Klaus Iohannis, promulgga, gioi, Legea consumatorlui vulnearabil, adoptat\u0103 ma ninti di Parlament, pritu cari, tru aest\u0103 iarn\u0103, cama 500.000 di familii oarfani s\u2019aib\u0103 agiutor di la stat tra ng\u0103lzdari \u015fi curent electric. \u015ei Bucure\u015fti, executivlu ari naeti s\u0103-lli agiut\u0103 consumatorllii casni\u0163 s\u0103-\u015fi p\u0103lteasc\u0103 facturile la energhia electric\u0103 \u015fi la gazili naturale. Uidisitu cu proiectulu a unei ordonan\u0163i di urgen\u0163\u0103 analizati, \u00f1iercuri, tru prot\u0103 ghiv\u0103seari, a deapoa statlu lipsea\u015fti s\u2019compenseadz\u0103 p\u0103h\u0103lu la energia electric\u0103 cu 18 di bani (3,6 eurocenti) la un KWh \u015fi cu 25% factura la gazi naturale. Va s\u2019hib\u0103 agiuta\u0163, pritu p\u0103ltearea a un\u0103llei parti ditu facturili la utilit\u0103\u0163, nicukiratili cari consum\u0103 tru mesu anamisa di 30 \u015fi 200 KW energhie electric\u0103 \u015fi tru anu anamisa di 100 \u015fi 1.200 di mc di gazi naturale. Tr\u0103 energhia electric\u0103 s\u2019fa\u0163i isapi ti unu p\u0103h\u0103 di mesi di 82 di bani (16 eurocenti) tr\u0103 KW \u015fi la cathi un\u0103 sut\u0103 di KW factura va s\u2019iftineasc\u0103 cu 18 lei (aproapea 3,6 euro). Ditu opozi\u021bie, PSD cutugursi guvernul di centru-dreapta, afirm\u00e2nda c\u0103 libearaliz\u0103 p\u0103zarea-a energiillei tru nai ma pseftulu momentu.<\/p>\n<p>&#13;<br \/>\n&#13;<\/p>\n<p>&#13;<br \/>\n&#13;<\/p>\n<p><strong>Rom\u00e2nia &#8212; SUA, 10 a\u00f1i di parteneriatu strategicu tr\u0103 secolu XXI<\/strong><\/p>\n<p>&#13;<br \/>\n&#13;<\/p>\n<p>Rom\u00e2nia \u015fi Statele Unite ale Americii va s\u2019hib\u0103 ma largu, avanposturi a valorlor euroatlanti\u0163i \u015fi va li a\u015fteapt\u0103 provoc\u0103rli a yinitorlui deadunu, ca so\u0163 \u015fi alia\u0163, cundilleadz\u0103 un\u0103 declara\u0163ie comun\u0103 di pres\u0103 a Ministerlui rom\u00e2n a Afacerlor Externe \u015fi a Departamentului di Stat al SUA. Documentul fu datu tru \u015fteari cu itia a yiurtusearillei, tu 13 di yism\u0103ciuni, 10 a\u00f1i di la adoptarea Declara\u0163illiei Comune mutrinda Parteneriatlu Strategic tr\u0103 Secolul XXI anamisa di Rom\u00e2nia \u015fi SUA \u015fi di la simnarea-a Acordului anamisa di Bucure\u015fti \u015fi Washington mutrinda b\u0103garea tru lucru a Sistemlui di Ap\u0103rare contra-a Rachetilor Balisti\u0163i di Deveselu (sudlu ali Rom\u00e2nie). Ministerlu di Externe cundilleadz\u0103 c\u0103 Acordul demonstreadz\u0103 angajamentul a Statelor Unite andicra di securitatea european\u0103 \u015fi easti un\u0103 contribu\u0163ie comun\u0103 a Rom\u00e2niei \u015fi a Statelor Unite la ap\u0103rarea colectiv\u0103, tru cadrul NATO. Sistemlu di ap\u0103rare antirachet\u0103 easti exclusiv defensiv \u015fi mutrea\u015fti ma\u015f fuvirseri di nafoara a spa\u0163iului euroatlantic. <\/p>\n<p>&#13;<br \/>\n&#13;<\/p>\n<p>&#13;<br \/>\n&#13;<\/p>\n<p><strong>20 a\u00f1i di la atentatili di la 11 di yism\u0103ciuni<\/strong><\/p>\n<p>&#13;<br \/>\n&#13;<\/p>\n<p>Ateali aproapea trei \u00f1illi di victime a atentatelor teroriste ditu SUA di aoa \u015fi 20 a\u00f1i, ntr\u0103 cari eara \u0219i rom\u00e2ni, fu\u0103 comemorate tu 11 di yism\u0103ciuni. Lideri politici ditu multi v\u0103silii pitricur\u0103 mesaje di solidaritate \u015fi compasiune c\u0103tre familiile a a\u0163iloru \u0163i chirur\u0103, n\u0103poi spun\u0103nda apofasea ti s\u2019ap\u0103r\u0103 libirtatea \u015fi s\u2019alumt\u0103 contra a fuvirserloru teroriste. Prezidentulu Klaus Iohannis pitricu un\u0103 carti a omologlui a lui american, Joe Biden, tru cari cundille c\u0103 Rom\u00e2nia easti dedunu cu populu american, ascumbusit\u0103 tru lumta contra a terorismului \u015fi tru anv\u0103rtu\u015fearea-a valorlor comune: democra\u0163ie, ndrepturli a omlui, libertatea di exprimare \u015fi statlu di drept. Ministrul rom\u00e2n di Externe, Bogdan Aurescu, pitricu un\u0103 carti a secretarlui di stat a SUA, Antony Blinken, tru cari scoasi tu videal\u0103 angajamentul susto \u015fi pi lungu kiro a Bucure\u0219tiului ta s\u2019llia parti la gaere\u0163li deadunu ti alumta contra a terorismului \u015fi a extremismului pre\u015fcavu. Tutu di Bucure\u0219ti, guvernul \u0219i solidaritatea p\u0103nu di mardzin\u0103 cu populu american, iara Washington, Ambasada Rom\u00e2niei adusi un\u0103 ti\u00f1ie ti atelli \u0163i kirur\u0103. \u201cAtaca ditu 11 di yism\u0103ciuni nu fu ma\u015f contra a Statelor Unite, c\u0103 fu un\u0103 atac\u0103 contra a tut\u0103loru\u201d, ngr\u0103psi pi Facebook \u0219i secretarlu geneaal adjunctu al NATO, rom\u00e2nlu Mircea Geoan\u0103.<\/p>\n<p>&#13;<br \/>\n&#13;<\/p>\n<p>Autoru: Corina Cristea<\/p>\n<p>&#13;<br \/>\n&#13;<\/p>\n<p>Arm\u00e2nipsearea: Ta\u015fcu Lala<\/p>\n<p>&#13;<\/p>\n","protected":false},"excerpt":{"rendered":"<p>Cifri l\u0103ht\u0103roasi mutrinda epidemia di coronavirusu tru Rom\u00e2nia &#13; &#13; Numirlu a cazurlor di coronavirusu nregistrati tru Rom\u00e2nia criscu l\u0103ht\u0103rosu tru dz\u0103lili ditu soni, di bag\u0103 zori, dizn\u0103u, pi sistemlu medical. Multe sec\u0163ii di tearapie intensiv\u0103 ahardziti ti pacien\u0163\u0103lli infecta\u021bi suntu, mpline, iara numirlu apaturlor easti limitatu. Suntu \u00f1illi di pacien\u021bi infecta\u021bi interna\u021bi, ditu arada [&hellip;]<\/p>\n","protected":false},"author":108,"featured_media":124836,"comment_status":"closed","ping_status":"closed","sticky":false,"template":"","format":"standard","meta":{"_acf_changed":false,"footnotes":""},"categories":[46389],"tags":[48011,48013,35386,47117,48012,47026],"coauthors":[],"class_list":["post-185902","post","type-post","status-publish","format-standard","has-post-thumbnail","hentry","category-eveniment-top-ro_ar","tag-anlu-scolaru","tag-atentati-11-yismaciuni","tag-covid","tag-elevi","tag-ligaturi-romania-sua","tag-pandemie"],"acf":[],"yoast_head":"<!-- This site is optimized with the Yoast SEO plugin v27.3 - https:\/\/yoast.com\/product\/yoast-seo-wordpress\/ -->\n<title>Ma m\u0103rli evenimenti a st\u0103m\u0103n\u0103llei \u0163i tricu 12.09 - 18.09.2021 - Radio Rom\u00e2nia Interna\u021bional<\/title>\n<meta name=\"robots\" content=\"index, follow, max-snippet:-1, max-image-preview:large, max-video-preview:-1\" \/>\n<link rel=\"canonical\" href=\"https:\/\/www.rri.ro\/ro_ar\/actualitati\/eveniment-top-ro_ar\/ma-marli-evenimenti-a-stamanallei-ti-tricu-12-09-18-09-2021-id185902.html\" \/>\n<meta property=\"og:locale\" content=\"ro_RO\" \/>\n<meta property=\"og:type\" content=\"article\" \/>\n<meta property=\"og:title\" content=\"Ma m\u0103rli evenimenti a st\u0103m\u0103n\u0103llei \u0163i tricu 12.09 - 18.09.2021 - Radio Rom\u00e2nia Interna\u021bional\" \/>\n<meta property=\"og:description\" content=\"Cifri l\u0103ht\u0103roasi mutrinda epidemia di coronavirusu tru Rom\u00e2nia &#013; &#013; Numirlu a cazurlor di coronavirusu nregistrati tru Rom\u00e2nia criscu l\u0103ht\u0103rosu tru dz\u0103lili ditu soni, di bag\u0103 zori, dizn\u0103u, pi sistemlu medical. Multe sec\u0163ii di tearapie intensiv\u0103 ahardziti ti pacien\u0163\u0103lli infecta\u021bi suntu, mpline, iara numirlu apaturlor easti limitatu. Suntu \u00f1illi di pacien\u021bi infecta\u021bi interna\u021bi, ditu arada [&hellip;]\" \/>\n<meta property=\"og:url\" content=\"https:\/\/www.rri.ro\/ro_ar\/actualitati\/eveniment-top-ro_ar\/ma-marli-evenimenti-a-stamanallei-ti-tricu-12-09-18-09-2021-id185902.html\" \/>\n<meta property=\"og:site_name\" content=\"Radio Rom\u00e2nia Interna\u021bional\" \/>\n<meta property=\"article:published_time\" content=\"2021-09-20T06:18:00+00:00\" \/>\n<meta property=\"og:image\" content=\"https:\/\/www.rri.ro\/wp-content\/uploads\/2023\/10\/eveniment-top.png\" \/>\n\t<meta property=\"og:image:width\" content=\"640\" \/>\n\t<meta property=\"og:image:height\" content=\"480\" \/>\n\t<meta property=\"og:image:type\" content=\"image\/png\" \/>\n<meta name=\"author\" content=\"Corina Cristea\" \/>\n<meta name=\"twitter:card\" content=\"summary_large_image\" \/>\n<meta name=\"twitter:label1\" content=\"Written by\" \/>\n\t<meta name=\"twitter:data1\" content=\"Corina Cristea\" \/>\n\t<meta name=\"twitter:label2\" content=\"Est. reading time\" \/>\n\t<meta name=\"twitter:data2\" content=\"6 minutes\" \/>\n<script type=\"application\/ld+json\" class=\"yoast-schema-graph\">{\"@context\":\"https:\\\/\\\/schema.org\",\"@graph\":[{\"@type\":\"Article\",\"@id\":\"https:\\\/\\\/www.rri.ro\\\/ro_ar\\\/actualitati\\\/eveniment-top-ro_ar\\\/ma-marli-evenimenti-a-stamanallei-ti-tricu-12-09-18-09-2021-id185902.html#article\",\"isPartOf\":{\"@id\":\"https:\\\/\\\/www.rri.ro\\\/ro_ar\\\/actualitati\\\/eveniment-top-ro_ar\\\/ma-marli-evenimenti-a-stamanallei-ti-tricu-12-09-18-09-2021-id185902.html\"},\"author\":{\"name\":\"Corina Cristea\",\"@id\":\"https:\\\/\\\/www.rri.ro\\\/#\\\/schema\\\/person\\\/f9ab1cb3569dee1b2c033a814bb7f0fc\"},\"headline\":\"Ma m\u0103rli evenimenti a st\u0103m\u0103n\u0103llei \u0163i tricu 12.09 &#8211; 18.09.2021\",\"datePublished\":\"2021-09-20T06:18:00+00:00\",\"mainEntityOfPage\":{\"@id\":\"https:\\\/\\\/www.rri.ro\\\/ro_ar\\\/actualitati\\\/eveniment-top-ro_ar\\\/ma-marli-evenimenti-a-stamanallei-ti-tricu-12-09-18-09-2021-id185902.html\"},\"wordCount\":1165,\"image\":{\"@id\":\"https:\\\/\\\/www.rri.ro\\\/ro_ar\\\/actualitati\\\/eveniment-top-ro_ar\\\/ma-marli-evenimenti-a-stamanallei-ti-tricu-12-09-18-09-2021-id185902.html#primaryimage\"},\"thumbnailUrl\":\"https:\\\/\\\/www.rri.ro\\\/wp-content\\\/uploads\\\/2023\\\/10\\\/eveniment-top.png\",\"keywords\":[\"anlu \u015fcolaru\",\"atentati 11 yism\u0103ciuni\",\"COVID\",\"elevi\",\"lig\u0103turi Rom\u00e2nia-SUA\",\"pandemie\"],\"articleSection\":[\"Eveniment Top\"],\"inLanguage\":\"ro-AR\"},{\"@type\":\"WebPage\",\"@id\":\"https:\\\/\\\/www.rri.ro\\\/ro_ar\\\/actualitati\\\/eveniment-top-ro_ar\\\/ma-marli-evenimenti-a-stamanallei-ti-tricu-12-09-18-09-2021-id185902.html\",\"url\":\"https:\\\/\\\/www.rri.ro\\\/ro_ar\\\/actualitati\\\/eveniment-top-ro_ar\\\/ma-marli-evenimenti-a-stamanallei-ti-tricu-12-09-18-09-2021-id185902.html\",\"name\":\"Ma m\u0103rli evenimenti a st\u0103m\u0103n\u0103llei \u0163i tricu 12.09 - 18.09.2021 - Radio Rom\u00e2nia Interna\u021bional\",\"isPartOf\":{\"@id\":\"https:\\\/\\\/www.rri.ro\\\/#website\"},\"primaryImageOfPage\":{\"@id\":\"https:\\\/\\\/www.rri.ro\\\/ro_ar\\\/actualitati\\\/eveniment-top-ro_ar\\\/ma-marli-evenimenti-a-stamanallei-ti-tricu-12-09-18-09-2021-id185902.html#primaryimage\"},\"image\":{\"@id\":\"https:\\\/\\\/www.rri.ro\\\/ro_ar\\\/actualitati\\\/eveniment-top-ro_ar\\\/ma-marli-evenimenti-a-stamanallei-ti-tricu-12-09-18-09-2021-id185902.html#primaryimage\"},\"thumbnailUrl\":\"https:\\\/\\\/www.rri.ro\\\/wp-content\\\/uploads\\\/2023\\\/10\\\/eveniment-top.png\",\"datePublished\":\"2021-09-20T06:18:00+00:00\",\"author\":{\"@id\":\"https:\\\/\\\/www.rri.ro\\\/#\\\/schema\\\/person\\\/f9ab1cb3569dee1b2c033a814bb7f0fc\"},\"breadcrumb\":{\"@id\":\"https:\\\/\\\/www.rri.ro\\\/ro_ar\\\/actualitati\\\/eveniment-top-ro_ar\\\/ma-marli-evenimenti-a-stamanallei-ti-tricu-12-09-18-09-2021-id185902.html#breadcrumb\"},\"inLanguage\":\"ro-AR\",\"potentialAction\":[{\"@type\":\"ReadAction\",\"target\":[\"https:\\\/\\\/www.rri.ro\\\/ro_ar\\\/actualitati\\\/eveniment-top-ro_ar\\\/ma-marli-evenimenti-a-stamanallei-ti-tricu-12-09-18-09-2021-id185902.html\"]}]},{\"@type\":\"ImageObject\",\"inLanguage\":\"ro-AR\",\"@id\":\"https:\\\/\\\/www.rri.ro\\\/ro_ar\\\/actualitati\\\/eveniment-top-ro_ar\\\/ma-marli-evenimenti-a-stamanallei-ti-tricu-12-09-18-09-2021-id185902.html#primaryimage\",\"url\":\"https:\\\/\\\/www.rri.ro\\\/wp-content\\\/uploads\\\/2023\\\/10\\\/eveniment-top.png\",\"contentUrl\":\"https:\\\/\\\/www.rri.ro\\\/wp-content\\\/uploads\\\/2023\\\/10\\\/eveniment-top.png\",\"width\":640,\"height\":480},{\"@type\":\"BreadcrumbList\",\"@id\":\"https:\\\/\\\/www.rri.ro\\\/ro_ar\\\/actualitati\\\/eveniment-top-ro_ar\\\/ma-marli-evenimenti-a-stamanallei-ti-tricu-12-09-18-09-2021-id185902.html#breadcrumb\",\"itemListElement\":[{\"@type\":\"ListItem\",\"position\":1,\"name\":\"Prima pagin\u0103\",\"item\":\"https:\\\/\\\/www.rri.ro\\\/ro_ar\"},{\"@type\":\"ListItem\",\"position\":2,\"name\":\"Actualitati\",\"item\":\"https:\\\/\\\/www.rri.ro\\\/actualitati\"},{\"@type\":\"ListItem\",\"position\":3,\"name\":\"Eveniment Top\",\"item\":\"https:\\\/\\\/www.rri.ro\\\/actualitati\\\/eveniment-top-ro_ar\"},{\"@type\":\"ListItem\",\"position\":4,\"name\":\"Ma m\u0103rli evenimenti a st\u0103m\u0103n\u0103llei \u0163i tricu 12.09 &#8211; 18.09.2021\"}]},{\"@type\":\"WebSite\",\"@id\":\"https:\\\/\\\/www.rri.ro\\\/#website\",\"url\":\"https:\\\/\\\/www.rri.ro\\\/\",\"name\":\"Radio Rom\u00e2nia Interna\u021bional\",\"description\":\"Totul despre Rom\u00e2nia \u015fi rom\u00e2ni, \u00een 13 limbi\\\/dialecte!\",\"inLanguage\":\"ro-AR\"},{\"@type\":\"Person\",\"@id\":\"https:\\\/\\\/www.rri.ro\\\/#\\\/schema\\\/person\\\/f9ab1cb3569dee1b2c033a814bb7f0fc\",\"name\":\"Corina Cristea\",\"url\":\"https:\\\/\\\/www.rri.ro\\\/ro_ar\\\/author\\\/corina-cristea\"}]}<\/script>\n<!-- \/ Yoast SEO plugin. -->","yoast_head_json":{"title":"Ma m\u0103rli evenimenti a st\u0103m\u0103n\u0103llei \u0163i tricu 12.09 - 18.09.2021 - Radio Rom\u00e2nia Interna\u021bional","robots":{"index":"index","follow":"follow","max-snippet":"max-snippet:-1","max-image-preview":"max-image-preview:large","max-video-preview":"max-video-preview:-1"},"canonical":"https:\/\/www.rri.ro\/ro_ar\/actualitati\/eveniment-top-ro_ar\/ma-marli-evenimenti-a-stamanallei-ti-tricu-12-09-18-09-2021-id185902.html","og_locale":"ro_RO","og_type":"article","og_title":"Ma m\u0103rli evenimenti a st\u0103m\u0103n\u0103llei \u0163i tricu 12.09 - 18.09.2021 - Radio Rom\u00e2nia Interna\u021bional","og_description":"Cifri l\u0103ht\u0103roasi mutrinda epidemia di coronavirusu tru Rom\u00e2nia &#13; &#13; Numirlu a cazurlor di coronavirusu nregistrati tru Rom\u00e2nia criscu l\u0103ht\u0103rosu tru dz\u0103lili ditu soni, di bag\u0103 zori, dizn\u0103u, pi sistemlu medical. Multe sec\u0163ii di tearapie intensiv\u0103 ahardziti ti pacien\u0163\u0103lli infecta\u021bi suntu, mpline, iara numirlu apaturlor easti limitatu. Suntu \u00f1illi di pacien\u021bi infecta\u021bi interna\u021bi, ditu arada [&hellip;]","og_url":"https:\/\/www.rri.ro\/ro_ar\/actualitati\/eveniment-top-ro_ar\/ma-marli-evenimenti-a-stamanallei-ti-tricu-12-09-18-09-2021-id185902.html","og_site_name":"Radio Rom\u00e2nia Interna\u021bional","article_published_time":"2021-09-20T06:18:00+00:00","og_image":[{"width":640,"height":480,"url":"https:\/\/www.rri.ro\/wp-content\/uploads\/2023\/10\/eveniment-top.png","type":"image\/png"}],"author":"Corina Cristea","twitter_card":"summary_large_image","twitter_misc":{"Written by":"Corina Cristea","Est. reading time":"6 minutes"},"schema":{"@context":"https:\/\/schema.org","@graph":[{"@type":"Article","@id":"https:\/\/www.rri.ro\/ro_ar\/actualitati\/eveniment-top-ro_ar\/ma-marli-evenimenti-a-stamanallei-ti-tricu-12-09-18-09-2021-id185902.html#article","isPartOf":{"@id":"https:\/\/www.rri.ro\/ro_ar\/actualitati\/eveniment-top-ro_ar\/ma-marli-evenimenti-a-stamanallei-ti-tricu-12-09-18-09-2021-id185902.html"},"author":{"name":"Corina Cristea","@id":"https:\/\/www.rri.ro\/#\/schema\/person\/f9ab1cb3569dee1b2c033a814bb7f0fc"},"headline":"Ma m\u0103rli evenimenti a st\u0103m\u0103n\u0103llei \u0163i tricu 12.09 &#8211; 18.09.2021","datePublished":"2021-09-20T06:18:00+00:00","mainEntityOfPage":{"@id":"https:\/\/www.rri.ro\/ro_ar\/actualitati\/eveniment-top-ro_ar\/ma-marli-evenimenti-a-stamanallei-ti-tricu-12-09-18-09-2021-id185902.html"},"wordCount":1165,"image":{"@id":"https:\/\/www.rri.ro\/ro_ar\/actualitati\/eveniment-top-ro_ar\/ma-marli-evenimenti-a-stamanallei-ti-tricu-12-09-18-09-2021-id185902.html#primaryimage"},"thumbnailUrl":"https:\/\/www.rri.ro\/wp-content\/uploads\/2023\/10\/eveniment-top.png","keywords":["anlu \u015fcolaru","atentati 11 yism\u0103ciuni","COVID","elevi","lig\u0103turi Rom\u00e2nia-SUA","pandemie"],"articleSection":["Eveniment Top"],"inLanguage":"ro-AR"},{"@type":"WebPage","@id":"https:\/\/www.rri.ro\/ro_ar\/actualitati\/eveniment-top-ro_ar\/ma-marli-evenimenti-a-stamanallei-ti-tricu-12-09-18-09-2021-id185902.html","url":"https:\/\/www.rri.ro\/ro_ar\/actualitati\/eveniment-top-ro_ar\/ma-marli-evenimenti-a-stamanallei-ti-tricu-12-09-18-09-2021-id185902.html","name":"Ma m\u0103rli evenimenti a st\u0103m\u0103n\u0103llei \u0163i tricu 12.09 - 18.09.2021 - Radio Rom\u00e2nia Interna\u021bional","isPartOf":{"@id":"https:\/\/www.rri.ro\/#website"},"primaryImageOfPage":{"@id":"https:\/\/www.rri.ro\/ro_ar\/actualitati\/eveniment-top-ro_ar\/ma-marli-evenimenti-a-stamanallei-ti-tricu-12-09-18-09-2021-id185902.html#primaryimage"},"image":{"@id":"https:\/\/www.rri.ro\/ro_ar\/actualitati\/eveniment-top-ro_ar\/ma-marli-evenimenti-a-stamanallei-ti-tricu-12-09-18-09-2021-id185902.html#primaryimage"},"thumbnailUrl":"https:\/\/www.rri.ro\/wp-content\/uploads\/2023\/10\/eveniment-top.png","datePublished":"2021-09-20T06:18:00+00:00","author":{"@id":"https:\/\/www.rri.ro\/#\/schema\/person\/f9ab1cb3569dee1b2c033a814bb7f0fc"},"breadcrumb":{"@id":"https:\/\/www.rri.ro\/ro_ar\/actualitati\/eveniment-top-ro_ar\/ma-marli-evenimenti-a-stamanallei-ti-tricu-12-09-18-09-2021-id185902.html#breadcrumb"},"inLanguage":"ro-AR","potentialAction":[{"@type":"ReadAction","target":["https:\/\/www.rri.ro\/ro_ar\/actualitati\/eveniment-top-ro_ar\/ma-marli-evenimenti-a-stamanallei-ti-tricu-12-09-18-09-2021-id185902.html"]}]},{"@type":"ImageObject","inLanguage":"ro-AR","@id":"https:\/\/www.rri.ro\/ro_ar\/actualitati\/eveniment-top-ro_ar\/ma-marli-evenimenti-a-stamanallei-ti-tricu-12-09-18-09-2021-id185902.html#primaryimage","url":"https:\/\/www.rri.ro\/wp-content\/uploads\/2023\/10\/eveniment-top.png","contentUrl":"https:\/\/www.rri.ro\/wp-content\/uploads\/2023\/10\/eveniment-top.png","width":640,"height":480},{"@type":"BreadcrumbList","@id":"https:\/\/www.rri.ro\/ro_ar\/actualitati\/eveniment-top-ro_ar\/ma-marli-evenimenti-a-stamanallei-ti-tricu-12-09-18-09-2021-id185902.html#breadcrumb","itemListElement":[{"@type":"ListItem","position":1,"name":"Prima pagin\u0103","item":"https:\/\/www.rri.ro\/ro_ar"},{"@type":"ListItem","position":2,"name":"Actualitati","item":"https:\/\/www.rri.ro\/actualitati"},{"@type":"ListItem","position":3,"name":"Eveniment Top","item":"https:\/\/www.rri.ro\/actualitati\/eveniment-top-ro_ar"},{"@type":"ListItem","position":4,"name":"Ma m\u0103rli evenimenti a st\u0103m\u0103n\u0103llei \u0163i tricu 12.09 &#8211; 18.09.2021"}]},{"@type":"WebSite","@id":"https:\/\/www.rri.ro\/#website","url":"https:\/\/www.rri.ro\/","name":"Radio Rom\u00e2nia Interna\u021bional","description":"Totul despre Rom\u00e2nia \u015fi rom\u00e2ni, \u00een 13 limbi\/dialecte!","inLanguage":"ro-AR"},{"@type":"Person","@id":"https:\/\/www.rri.ro\/#\/schema\/person\/f9ab1cb3569dee1b2c033a814bb7f0fc","name":"Corina Cristea","url":"https:\/\/www.rri.ro\/ro_ar\/author\/corina-cristea"}]}},"_links":{"self":[{"href":"https:\/\/www.rri.ro\/ro_ar\/wp-json\/wp\/v2\/posts\/185902","targetHints":{"allow":["GET"]}}],"collection":[{"href":"https:\/\/www.rri.ro\/ro_ar\/wp-json\/wp\/v2\/posts"}],"about":[{"href":"https:\/\/www.rri.ro\/ro_ar\/wp-json\/wp\/v2\/types\/post"}],"author":[{"embeddable":true,"href":"https:\/\/www.rri.ro\/ro_ar\/wp-json\/wp\/v2\/users\/108"}],"replies":[{"embeddable":true,"href":"https:\/\/www.rri.ro\/ro_ar\/wp-json\/wp\/v2\/comments?post=185902"}],"version-history":[{"count":0,"href":"https:\/\/www.rri.ro\/ro_ar\/wp-json\/wp\/v2\/posts\/185902\/revisions"}],"wp:featuredmedia":[{"embeddable":true,"href":"https:\/\/www.rri.ro\/ro_ar\/wp-json\/wp\/v2\/media\/124836"}],"wp:attachment":[{"href":"https:\/\/www.rri.ro\/ro_ar\/wp-json\/wp\/v2\/media?parent=185902"}],"wp:term":[{"taxonomy":"category","embeddable":true,"href":"https:\/\/www.rri.ro\/ro_ar\/wp-json\/wp\/v2\/categories?post=185902"},{"taxonomy":"post_tag","embeddable":true,"href":"https:\/\/www.rri.ro\/ro_ar\/wp-json\/wp\/v2\/tags?post=185902"},{"taxonomy":"author","embeddable":true,"href":"https:\/\/www.rri.ro\/ro_ar\/wp-json\/wp\/v2\/coauthors?post=185902"}],"curies":[{"name":"wp","href":"https:\/\/api.w.org\/{rel}","templated":true}]}}