{"id":187659,"date":"2020-03-15T14:10:00","date_gmt":"2020-03-15T12:10:00","guid":{"rendered":"http:\/\/devrri.freshlemon.ro\/actualitati\/pandemie-si-infodemie-187659.html"},"modified":"2020-03-15T14:10:00","modified_gmt":"2020-03-15T12:10:00","slug":"pandemie-si-infodemie","status":"publish","type":"post","link":"https:\/\/www.rri.ro\/ro_ar\/actualitati\/focus\/pandemie-si-infodemie-id187659.html","title":{"rendered":"Pandemie \u015fi infodemie"},"content":{"rendered":"<p>Nai ma salami s\u0163enarii, fur\u0103 n\u0103stricuti di averu \u015fi realitati. Fur\u0103 n\u0103stricuti \u015fi s\u0163enariile cari vears\u0103 putirlu \u015fi scot tu videal\u0103 n\u0103i turlii di idhei\/ imaghina\u0163ia-a omlui. Tru dizv\u0103rtearea-a ali\u015ftei crizi ari cabaia lucri \u0163i t\u0103nu di luc\u0103rli a comat\u0103llei cinematografic\u0103 ma\u015fi c\u0103 easti zborlu di luc\u0103rlu alithea\/ di realitati. Tutu cu tut, tru filmi, n\u0103 and\u0103museamu cu un\u0103 criz\u0103 ma multu ica ma p\u0163\u0103nu di arada, c\u0103\u0163e nu ma\u015fi un\u0103oar\u0103 fu zborlu tamamu di un virusu. Aveamu, orlea-zorlea \u015fi un super-herou, tru stran\u2019ilu di f\u0103rbal\u00e2 zuyr\u0103psitu, ica unu c\u00e2tu s\u2019poati di arada, vahi un anti-herou. Videam daima idyili s\u0163eni cu f\u0103nicadz, c\u0103deri, surp\u0103ri, videlliuri \u0163i alag\u0103 aoa-aclo, masti apufusiti, tru protlu planu, tru stihurli di oar\u0103, a\u0163eali di kipit\u0103. Comata \u0163i \u0163\u0103ni di taxirati nu eara un om, c\u0103\u0163e eara ma\u015fi un extraterestru, fenomen ditu fisi, virus ic\u0103 bacterie, ic\u0103 v\u0103r\u0103 produs ali alathusi umineasc\u0103.<\/p>\n<p>&#13;<br \/>\n&#13;<\/p>\n<p>&#13;<br \/>\n&#13;<\/p>\n<p>Nai multili ori, f\u0103nicadzlli cinematografi\u0163 cu heroi s\u2019facu tru America. Tora avemu un\u0103 catastisi \u0163i canda nu\u2019aca\u0163\u0103 tu isapi SUA, \u015fi ma p\u0163\u0103nu s-veadi tru comata dukim\u0103sit\u0103 \u015f-\u0163i l\u0103ht\u0103rosu aca\u0163\u0103 oclliul tru atea comat\u0103 cari s\u2019veadi. N\u0103 ampulisimu cu un\u0103 epidemie \u0163i fu alinat\u0103 p\u0103n di scara a pandemiillei, semnu c\u0103 nu putu s\u2019hib\u0103 d\u0103n\u0103sit\u0103. Va s\u2019pistipsimu\/ va s\u2019minduim c\u0103 s\u0103 \u015ftiu dipu p\u0163\u0103ni lucre ti n\u0103ulu aghentu patoghenu &#8211; viruslu, ama va s\u2019nvi\u0163\u0103mu c\u0103 tuti suntu viglleati, c\u0103 ari dipu p\u0163\u0103n\u0103 surpriz\u0103 tru dizv\u0103rtearea-a criz\u0103llei. Cara va s\u2019minduimu c\u0103 tuti li \u015ftimu, va s\u2019videmu ama, va s\u2019nvi\u0163\u0103mu c\u0103 ari n\u0103sc\u0103nti s\u0163enarii ic\u0103 averuri mistiryioasi, ascumti, oculti, \u0163i n\u0103 si fac c\u0103n\u0103scuti ma\u015fi a nau\u0103, ac\u0103 nu adr\u0103mu ici \u0163iva ta s\u2019n\u0103 si cad\u0103 aestu ndreptu, aestu privileghiu.<\/p>\n<p>&#13;<br \/>\n&#13;<\/p>\n<p>&#13;<br \/>\n&#13;<\/p>\n<p>Media, sfera di h\u0103b\u0103riseari public\u0103, ari un\u0103 arol\u0103 di amprotusa cu a\u0163ea \u0163i s\u2019fa\u0163i tru aesti dz\u0103li di b\u0103naticu a nostu. Dalga di h\u0103b\u0103ri \u015fi subiecti u aduc h\u0103b\u0103risearea ca un lucru di prota thesi tu bana a su\u0163iitatillei umineasc\u0103 ditu aistu kiro. Pi nig\u0103 dalga di h\u0103b\u0103ri di cari s\u2019h\u0103rsea\u015fti publiclu largu, media easti \u015fi mehania \u0163i pitrea\u0163i nisc\u0103nti apofasi \u015fi meatri \u0163i lipsea\u015fti s\u2019agiung\u0103 pi nai cama iru\u015fea cali la oamin\u2019i. Canalili media i para-media suntu nc\u0103rcati p\u0103n di mardzin\u0103 \u015fi easti multu zori s\u2019aledz un lucru di alantu.<\/p>\n<p>&#13;<br \/>\n&#13;<\/p>\n<p>&#13;<br \/>\n&#13;<\/p>\n<p>Realitatea medical\u0103 easti dukim\u0103sit\u0103 nai cama ghini pi livelu a unit\u0103\u0163lor di profil, aclo iu tutu personalu medical easti aguditu di babageanili piriclliuri. Pi ping\u0103 unit\u0103\u0163li medicale s\u2019dizv\u0103rtea\u015fti \u015fi un babageanu pro\u0163es mediatic \u0163i caft\u0103 \u015fi ascumbusea\u015fti kiro \u015fi energhie pi liveluri ti nipistipseari. Progreslu tehnologhic easti mintitu, easti nolgica, ca v\u0103rn\u0103oar\u0103, cathi tilefunu mobil agiundzi s\u2019hib\u0103 un\u0103 cadealihea amaxi di televizie, cari nreghistreadz\u0103 \u015fi pitrea\u0163i nyie cu h\u0103rgiueari ieftin\u0103. Inamiclu nu s\u2019veadi ama easti l\u0103ht\u0103rosu ayun\u2019iusitu ta s\u2019ar\u0103sp\u0103ndeasc\u0103 pisti tutu.<\/p>\n<p>&#13;<br \/>\n&#13;<\/p>\n<p>&#13;<br \/>\n&#13;<\/p>\n<p>Ac\u0103, cu pri\u015fc\u0103ville ic\u0103 realismu, s\u2019lugursea\u015fti c\u0103 \u0163ifrili a criz\u0103llei cu coronaviruslu suntu nica sum un livel \u0163i easti str\u0103xitu, tamamu axia-a catastisillei ta s\u2019ascap\u0103 li\u015foru di sum control aspari \u015fi adu\u0163i tu catandisea di g\u0103ilipseari tuti sistemili di securitati. Ufi\u0163ialli minduescu s\u2019cil\u0103st\u0103seasc\u0103 cu un\u0103 jgllioat\u0103 nintea a catastisillei, tamam tra s-nu hib\u0103 n\u0103stricu\u0163 di aest\u0103. Ascumbusearea easti iu \u0163i s\u2019vrei \u015fi tu scara nai cama analt\u0103. Ti meatrili \u0163i s\u2019loar\u0103 iu\u0163ido tu lumi, nvi\u0163\u0103m un\u0103 \u015f-un\u0103, dit pres\u0103. Tut aclo afl\u0103mu \u015fi comentarii, revela\u0163ii, mindueri, urminii, h\u0103b\u0103ri apl\u0103nisiti, di ar\u0103deari i, p\u0103nu tu soni anf\u0103rm\u0103carea cu h\u0103b\u0103ri. Dealihea, \u015fi spunearea\/ defini\u0163ia clasic\u0103 a pres\u0103llei, a h\u0103l\u0103\u0163lor di h\u0103b\u0103riseari tru lao, numata anv\u0103lea\u015fti realitatea tu dz\u0103lili a noasti.<\/p>\n<p>&#13;<br \/>\n&#13;<\/p>\n<p>&#13;<br \/>\n&#13;<\/p>\n<p>A\u015fi, presa clasic\u0103, di arada, cu numi \u015fi adres\u0103, numata\u2019lu ari monopolu a h\u0103b\u0103risearillei, s\u2019clleam\u0103 c\u0103 ari un\u0103 v\u0103ndaki di canali \u0163i pitrecu h\u0103b\u0103ri c\u0103t\u0103 un public c\u00e2tu ma largu, ama nu tin\u2019isea\u015fti arada deontologhic\u0103 &#8211; \u0163i guverneadz\u0103  lucurlu a pres\u0103llei. Tru aest\u0103 h\u0103vaie, dipu p\u0163\u0103n\u2019i suntu a\u0163elli \u0163i pot s\u0103 spun\u0103, s\u2019aleag\u0103 ditu izvurlu di h\u0103b\u0103ri, di iu yini h\u0103barea \u015fi aproapea v\u0103rnu numata mutrea\u015fti s\u2019vead\u0103 desi easti ili nu easti alithea. Ixikea a n\u0103sc\u0103ntoru criterii profesionali n\u2019ic\u015fureadz\u0103 mehaniili di ap\u0103rari dinintea-a apl\u0103nisearillei, a dezinformarillei \u015fi u adar\u0103 darmadamu s\u0163ena c\u0103t\u0103 atelli iu li aruc\u0103 h\u0103b\u0103rli\/ tru \u0163intili publicu \u015fi mehaniili \u0163i nu suntu ti dealithea, dimi suntu apl\u0103n\u0103siti.<\/p>\n<p>&#13;<br \/>\n&#13;<\/p>\n<p>&#13;<br \/>\n&#13;<\/p>\n<p>Imaghinea-a pandemiillei di coronavirus easti multiplicat\u0103 pritu lucurlu di media \u015fi pseudo-media cari al\u0103ncea\u015fti pritu un fenomen \u0163i \u015f\u2019fu p\u0103tidzat\u0103 cu numa INFODEMIA. Zborlu nu fu lansat di v\u0103r\u0103 \u0163entru di cercetare ic\u0103 monitorizare c\u0103 tamamu di Organiza\u0163ia Mondial\u0103 a S\u0103n\u0103tatillei (OMS), a\u0163ea \u0163i kivernisea\u015fti nica \u015fi zboar\u0103li di EPIDEMIE I PANDEMIE, dit cari thimilliusi INFODEMIA, \u0163i fu aflat\u0103 , cadealithea, tru loc\u0103rli iu urdin\u0103 h\u0103barea. Cum criza coronaviruslui numaata easti di multu kiro un fenomen orlea-zorlea medical, avemu dininti, tru aesti dz\u0103li, dizv\u0103rtearea-a INFODEMIILJEI, un\u0103 criz\u0103 a fenomenlui media, cu nf\u0103rm\u0103c\u0103ri cari zn\u2019iipsescu valen\u0163ili \u015fi efectili a un\u00e2llei h\u0103b\u0103riseari tin\u2019isit\u0103, corect\u0103 \u015fi h\u0103irl\u0103tic\u0103, maxus tru kiro di PANDEMIE. <\/p>\n<p>&#13;<br \/>\n&#13;<\/p>\n<p>  Anyr\u00e2psearea: Marius Ti\u0163a<\/p>\n<p>&#13;<br \/>\n&#13;<\/p>\n<p>Arm\u00e2nipsearea: Ta\u015fcu Lala<\/p>\n<p>&#13;<br \/>\n&#13;<\/p>\n<p>&#13;<\/p>\n","protected":false},"excerpt":{"rendered":"<p>Nai ma salami s\u0163enarii, fur\u0103 n\u0103stricuti di averu \u015fi realitati. Fur\u0103 n\u0103stricuti \u015fi s\u0163enariile cari vears\u0103 putirlu \u015fi scot tu videal\u0103 n\u0103i turlii di idhei\/ imaghina\u0163ia-a omlui. Tru dizv\u0103rtearea-a ali\u015ftei crizi ari cabaia lucri \u0163i t\u0103nu di luc\u0103rli a comat\u0103llei cinematografic\u0103 ma\u015fi c\u0103 easti zborlu di luc\u0103rlu alithea\/ di realitati. Tutu cu tut, tru filmi, [&hellip;]<\/p>\n","protected":false},"author":124,"featured_media":86134,"comment_status":"closed","ping_status":"closed","sticky":false,"template":"","format":"standard","meta":{"_acf_changed":false,"footnotes":""},"categories":[47548],"tags":[35339,35397,48303,47026],"coauthors":[],"class_list":["post-187659","post","type-post","status-publish","format-standard","has-post-thumbnail","hentry","category-focus","tag-coronavirus","tag-covid19","tag-habari-aradociki","tag-pandemie"],"acf":[],"yoast_head":"<!-- This site is optimized with the Yoast SEO plugin v27.3 - https:\/\/yoast.com\/product\/yoast-seo-wordpress\/ -->\n<title>Pandemie \u015fi infodemie - Radio Rom\u00e2nia Interna\u021bional<\/title>\n<meta name=\"robots\" content=\"index, follow, max-snippet:-1, max-image-preview:large, max-video-preview:-1\" \/>\n<link rel=\"canonical\" href=\"https:\/\/www.rri.ro\/ro_ar\/actualitati\/focus\/pandemie-si-infodemie-id187659.html\" \/>\n<meta property=\"og:locale\" content=\"ro_RO\" \/>\n<meta property=\"og:type\" content=\"article\" \/>\n<meta property=\"og:title\" content=\"Pandemie \u015fi infodemie - Radio Rom\u00e2nia Interna\u021bional\" \/>\n<meta property=\"og:description\" content=\"Nai ma salami s\u0163enarii, fur\u0103 n\u0103stricuti di averu \u015fi realitati. Fur\u0103 n\u0103stricuti \u015fi s\u0163enariile cari vears\u0103 putirlu \u015fi scot tu videal\u0103 n\u0103i turlii di idhei\/ imaghina\u0163ia-a omlui. Tru dizv\u0103rtearea-a ali\u015ftei crizi ari cabaia lucri \u0163i t\u0103nu di luc\u0103rli a comat\u0103llei cinematografic\u0103 ma\u015fi c\u0103 easti zborlu di luc\u0103rlu alithea\/ di realitati. Tutu cu tut, tru filmi, [&hellip;]\" \/>\n<meta property=\"og:url\" content=\"https:\/\/www.rri.ro\/ro_ar\/actualitati\/focus\/pandemie-si-infodemie-id187659.html\" \/>\n<meta property=\"og:site_name\" content=\"Radio Rom\u00e2nia Interna\u021bional\" \/>\n<meta property=\"article:published_time\" content=\"2020-03-15T12:10:00+00:00\" \/>\n<meta property=\"og:image\" content=\"https:\/\/www.rri.ro\/wp-content\/uploads\/2023\/10\/coronavirus-generic-sursa-pixabay-com.jpg\" \/>\n\t<meta property=\"og:image:width\" content=\"640\" \/>\n\t<meta property=\"og:image:height\" content=\"480\" \/>\n\t<meta property=\"og:image:type\" content=\"image\/png\" \/>\n<meta name=\"author\" content=\"Marius Ti\u0163a\" \/>\n<meta name=\"twitter:card\" content=\"summary_large_image\" \/>\n<meta name=\"twitter:label1\" content=\"Written by\" \/>\n\t<meta name=\"twitter:data1\" content=\"Marius Ti\u0163a\" \/>\n\t<meta name=\"twitter:label2\" content=\"Est. reading time\" \/>\n\t<meta name=\"twitter:data2\" content=\"5 minutes\" \/>\n<script type=\"application\/ld+json\" class=\"yoast-schema-graph\">{\"@context\":\"https:\\\/\\\/schema.org\",\"@graph\":[{\"@type\":\"Article\",\"@id\":\"https:\\\/\\\/www.rri.ro\\\/ro_ar\\\/actualitati\\\/focus\\\/pandemie-si-infodemie-id187659.html#article\",\"isPartOf\":{\"@id\":\"https:\\\/\\\/www.rri.ro\\\/ro_ar\\\/actualitati\\\/focus\\\/pandemie-si-infodemie-id187659.html\"},\"author\":{\"name\":\"Marius Ti\u0163a\",\"@id\":\"https:\\\/\\\/www.rri.ro\\\/#\\\/schema\\\/person\\\/95ad5ffea8245c8644a7761f668e2348\"},\"headline\":\"Pandemie \u015fi infodemie\",\"datePublished\":\"2020-03-15T12:10:00+00:00\",\"mainEntityOfPage\":{\"@id\":\"https:\\\/\\\/www.rri.ro\\\/ro_ar\\\/actualitati\\\/focus\\\/pandemie-si-infodemie-id187659.html\"},\"wordCount\":1006,\"image\":{\"@id\":\"https:\\\/\\\/www.rri.ro\\\/ro_ar\\\/actualitati\\\/focus\\\/pandemie-si-infodemie-id187659.html#primaryimage\"},\"thumbnailUrl\":\"https:\\\/\\\/www.rri.ro\\\/wp-content\\\/uploads\\\/2023\\\/10\\\/coronavirus-generic-sursa-pixabay-com.jpg\",\"keywords\":[\"coronavirus\",\"COVID19\",\"h\u0103b\u0103ri ar\u0103dociki\",\"pandemie\"],\"articleSection\":[\"Focus\"],\"inLanguage\":\"ro-AR\"},{\"@type\":\"WebPage\",\"@id\":\"https:\\\/\\\/www.rri.ro\\\/ro_ar\\\/actualitati\\\/focus\\\/pandemie-si-infodemie-id187659.html\",\"url\":\"https:\\\/\\\/www.rri.ro\\\/ro_ar\\\/actualitati\\\/focus\\\/pandemie-si-infodemie-id187659.html\",\"name\":\"Pandemie \u015fi infodemie - Radio Rom\u00e2nia Interna\u021bional\",\"isPartOf\":{\"@id\":\"https:\\\/\\\/www.rri.ro\\\/#website\"},\"primaryImageOfPage\":{\"@id\":\"https:\\\/\\\/www.rri.ro\\\/ro_ar\\\/actualitati\\\/focus\\\/pandemie-si-infodemie-id187659.html#primaryimage\"},\"image\":{\"@id\":\"https:\\\/\\\/www.rri.ro\\\/ro_ar\\\/actualitati\\\/focus\\\/pandemie-si-infodemie-id187659.html#primaryimage\"},\"thumbnailUrl\":\"https:\\\/\\\/www.rri.ro\\\/wp-content\\\/uploads\\\/2023\\\/10\\\/coronavirus-generic-sursa-pixabay-com.jpg\",\"datePublished\":\"2020-03-15T12:10:00+00:00\",\"author\":{\"@id\":\"https:\\\/\\\/www.rri.ro\\\/#\\\/schema\\\/person\\\/95ad5ffea8245c8644a7761f668e2348\"},\"breadcrumb\":{\"@id\":\"https:\\\/\\\/www.rri.ro\\\/ro_ar\\\/actualitati\\\/focus\\\/pandemie-si-infodemie-id187659.html#breadcrumb\"},\"inLanguage\":\"ro-AR\",\"potentialAction\":[{\"@type\":\"ReadAction\",\"target\":[\"https:\\\/\\\/www.rri.ro\\\/ro_ar\\\/actualitati\\\/focus\\\/pandemie-si-infodemie-id187659.html\"]}]},{\"@type\":\"ImageObject\",\"inLanguage\":\"ro-AR\",\"@id\":\"https:\\\/\\\/www.rri.ro\\\/ro_ar\\\/actualitati\\\/focus\\\/pandemie-si-infodemie-id187659.html#primaryimage\",\"url\":\"https:\\\/\\\/www.rri.ro\\\/wp-content\\\/uploads\\\/2023\\\/10\\\/coronavirus-generic-sursa-pixabay-com.jpg\",\"contentUrl\":\"https:\\\/\\\/www.rri.ro\\\/wp-content\\\/uploads\\\/2023\\\/10\\\/coronavirus-generic-sursa-pixabay-com.jpg\",\"width\":640,\"height\":480},{\"@type\":\"BreadcrumbList\",\"@id\":\"https:\\\/\\\/www.rri.ro\\\/ro_ar\\\/actualitati\\\/focus\\\/pandemie-si-infodemie-id187659.html#breadcrumb\",\"itemListElement\":[{\"@type\":\"ListItem\",\"position\":1,\"name\":\"Prima pagin\u0103\",\"item\":\"https:\\\/\\\/www.rri.ro\\\/ro_ar\"},{\"@type\":\"ListItem\",\"position\":2,\"name\":\"Actualitati\",\"item\":\"https:\\\/\\\/www.rri.ro\\\/actualitati\"},{\"@type\":\"ListItem\",\"position\":3,\"name\":\"Focus\",\"item\":\"https:\\\/\\\/www.rri.ro\\\/actualitati\\\/focus\"},{\"@type\":\"ListItem\",\"position\":4,\"name\":\"Pandemie \u015fi infodemie\"}]},{\"@type\":\"WebSite\",\"@id\":\"https:\\\/\\\/www.rri.ro\\\/#website\",\"url\":\"https:\\\/\\\/www.rri.ro\\\/\",\"name\":\"Radio Rom\u00e2nia Interna\u021bional\",\"description\":\"Totul despre Rom\u00e2nia \u015fi rom\u00e2ni, \u00een 13 limbi\\\/dialecte!\",\"inLanguage\":\"ro-AR\"},{\"@type\":\"Person\",\"@id\":\"https:\\\/\\\/www.rri.ro\\\/#\\\/schema\\\/person\\\/95ad5ffea8245c8644a7761f668e2348\",\"name\":\"Marius Ti\u0163a\",\"url\":\"https:\\\/\\\/www.rri.ro\\\/ro_ar\\\/author\\\/marius-tita\"}]}<\/script>\n<!-- \/ Yoast SEO plugin. -->","yoast_head_json":{"title":"Pandemie \u015fi infodemie - Radio Rom\u00e2nia Interna\u021bional","robots":{"index":"index","follow":"follow","max-snippet":"max-snippet:-1","max-image-preview":"max-image-preview:large","max-video-preview":"max-video-preview:-1"},"canonical":"https:\/\/www.rri.ro\/ro_ar\/actualitati\/focus\/pandemie-si-infodemie-id187659.html","og_locale":"ro_RO","og_type":"article","og_title":"Pandemie \u015fi infodemie - Radio Rom\u00e2nia Interna\u021bional","og_description":"Nai ma salami s\u0163enarii, fur\u0103 n\u0103stricuti di averu \u015fi realitati. Fur\u0103 n\u0103stricuti \u015fi s\u0163enariile cari vears\u0103 putirlu \u015fi scot tu videal\u0103 n\u0103i turlii di idhei\/ imaghina\u0163ia-a omlui. Tru dizv\u0103rtearea-a ali\u015ftei crizi ari cabaia lucri \u0163i t\u0103nu di luc\u0103rli a comat\u0103llei cinematografic\u0103 ma\u015fi c\u0103 easti zborlu di luc\u0103rlu alithea\/ di realitati. Tutu cu tut, tru filmi, [&hellip;]","og_url":"https:\/\/www.rri.ro\/ro_ar\/actualitati\/focus\/pandemie-si-infodemie-id187659.html","og_site_name":"Radio Rom\u00e2nia Interna\u021bional","article_published_time":"2020-03-15T12:10:00+00:00","og_image":[{"width":640,"height":480,"url":"https:\/\/www.rri.ro\/wp-content\/uploads\/2023\/10\/coronavirus-generic-sursa-pixabay-com.jpg","type":"image\/png"}],"author":"Marius Ti\u0163a","twitter_card":"summary_large_image","twitter_misc":{"Written by":"Marius Ti\u0163a","Est. reading time":"5 minutes"},"schema":{"@context":"https:\/\/schema.org","@graph":[{"@type":"Article","@id":"https:\/\/www.rri.ro\/ro_ar\/actualitati\/focus\/pandemie-si-infodemie-id187659.html#article","isPartOf":{"@id":"https:\/\/www.rri.ro\/ro_ar\/actualitati\/focus\/pandemie-si-infodemie-id187659.html"},"author":{"name":"Marius Ti\u0163a","@id":"https:\/\/www.rri.ro\/#\/schema\/person\/95ad5ffea8245c8644a7761f668e2348"},"headline":"Pandemie \u015fi infodemie","datePublished":"2020-03-15T12:10:00+00:00","mainEntityOfPage":{"@id":"https:\/\/www.rri.ro\/ro_ar\/actualitati\/focus\/pandemie-si-infodemie-id187659.html"},"wordCount":1006,"image":{"@id":"https:\/\/www.rri.ro\/ro_ar\/actualitati\/focus\/pandemie-si-infodemie-id187659.html#primaryimage"},"thumbnailUrl":"https:\/\/www.rri.ro\/wp-content\/uploads\/2023\/10\/coronavirus-generic-sursa-pixabay-com.jpg","keywords":["coronavirus","COVID19","h\u0103b\u0103ri ar\u0103dociki","pandemie"],"articleSection":["Focus"],"inLanguage":"ro-AR"},{"@type":"WebPage","@id":"https:\/\/www.rri.ro\/ro_ar\/actualitati\/focus\/pandemie-si-infodemie-id187659.html","url":"https:\/\/www.rri.ro\/ro_ar\/actualitati\/focus\/pandemie-si-infodemie-id187659.html","name":"Pandemie \u015fi infodemie - Radio Rom\u00e2nia Interna\u021bional","isPartOf":{"@id":"https:\/\/www.rri.ro\/#website"},"primaryImageOfPage":{"@id":"https:\/\/www.rri.ro\/ro_ar\/actualitati\/focus\/pandemie-si-infodemie-id187659.html#primaryimage"},"image":{"@id":"https:\/\/www.rri.ro\/ro_ar\/actualitati\/focus\/pandemie-si-infodemie-id187659.html#primaryimage"},"thumbnailUrl":"https:\/\/www.rri.ro\/wp-content\/uploads\/2023\/10\/coronavirus-generic-sursa-pixabay-com.jpg","datePublished":"2020-03-15T12:10:00+00:00","author":{"@id":"https:\/\/www.rri.ro\/#\/schema\/person\/95ad5ffea8245c8644a7761f668e2348"},"breadcrumb":{"@id":"https:\/\/www.rri.ro\/ro_ar\/actualitati\/focus\/pandemie-si-infodemie-id187659.html#breadcrumb"},"inLanguage":"ro-AR","potentialAction":[{"@type":"ReadAction","target":["https:\/\/www.rri.ro\/ro_ar\/actualitati\/focus\/pandemie-si-infodemie-id187659.html"]}]},{"@type":"ImageObject","inLanguage":"ro-AR","@id":"https:\/\/www.rri.ro\/ro_ar\/actualitati\/focus\/pandemie-si-infodemie-id187659.html#primaryimage","url":"https:\/\/www.rri.ro\/wp-content\/uploads\/2023\/10\/coronavirus-generic-sursa-pixabay-com.jpg","contentUrl":"https:\/\/www.rri.ro\/wp-content\/uploads\/2023\/10\/coronavirus-generic-sursa-pixabay-com.jpg","width":640,"height":480},{"@type":"BreadcrumbList","@id":"https:\/\/www.rri.ro\/ro_ar\/actualitati\/focus\/pandemie-si-infodemie-id187659.html#breadcrumb","itemListElement":[{"@type":"ListItem","position":1,"name":"Prima pagin\u0103","item":"https:\/\/www.rri.ro\/ro_ar"},{"@type":"ListItem","position":2,"name":"Actualitati","item":"https:\/\/www.rri.ro\/actualitati"},{"@type":"ListItem","position":3,"name":"Focus","item":"https:\/\/www.rri.ro\/actualitati\/focus"},{"@type":"ListItem","position":4,"name":"Pandemie \u015fi infodemie"}]},{"@type":"WebSite","@id":"https:\/\/www.rri.ro\/#website","url":"https:\/\/www.rri.ro\/","name":"Radio Rom\u00e2nia Interna\u021bional","description":"Totul despre Rom\u00e2nia \u015fi rom\u00e2ni, \u00een 13 limbi\/dialecte!","inLanguage":"ro-AR"},{"@type":"Person","@id":"https:\/\/www.rri.ro\/#\/schema\/person\/95ad5ffea8245c8644a7761f668e2348","name":"Marius Ti\u0163a","url":"https:\/\/www.rri.ro\/ro_ar\/author\/marius-tita"}]}},"_links":{"self":[{"href":"https:\/\/www.rri.ro\/ro_ar\/wp-json\/wp\/v2\/posts\/187659","targetHints":{"allow":["GET"]}}],"collection":[{"href":"https:\/\/www.rri.ro\/ro_ar\/wp-json\/wp\/v2\/posts"}],"about":[{"href":"https:\/\/www.rri.ro\/ro_ar\/wp-json\/wp\/v2\/types\/post"}],"author":[{"embeddable":true,"href":"https:\/\/www.rri.ro\/ro_ar\/wp-json\/wp\/v2\/users\/124"}],"replies":[{"embeddable":true,"href":"https:\/\/www.rri.ro\/ro_ar\/wp-json\/wp\/v2\/comments?post=187659"}],"version-history":[{"count":0,"href":"https:\/\/www.rri.ro\/ro_ar\/wp-json\/wp\/v2\/posts\/187659\/revisions"}],"wp:featuredmedia":[{"embeddable":true,"href":"https:\/\/www.rri.ro\/ro_ar\/wp-json\/wp\/v2\/media\/86134"}],"wp:attachment":[{"href":"https:\/\/www.rri.ro\/ro_ar\/wp-json\/wp\/v2\/media?parent=187659"}],"wp:term":[{"taxonomy":"category","embeddable":true,"href":"https:\/\/www.rri.ro\/ro_ar\/wp-json\/wp\/v2\/categories?post=187659"},{"taxonomy":"post_tag","embeddable":true,"href":"https:\/\/www.rri.ro\/ro_ar\/wp-json\/wp\/v2\/tags?post=187659"},{"taxonomy":"author","embeddable":true,"href":"https:\/\/www.rri.ro\/ro_ar\/wp-json\/wp\/v2\/coauthors?post=187659"}],"curies":[{"name":"wp","href":"https:\/\/api.w.org\/{rel}","templated":true}]}}