{"id":190952,"date":"2021-05-26T15:17:00","date_gmt":"2021-05-26T12:17:00","guid":{"rendered":"http:\/\/devrri.freshlemon.ro\/actualitati\/giudetlu-bacau-cultura-pisti-fisi-sanatati-190952.html"},"modified":"2021-05-26T15:17:00","modified_gmt":"2021-05-26T12:17:00","slug":"giudetlu-bacau-cultura-pisti-fisi-sanatati","status":"publish","type":"post","link":"https:\/\/www.rri.ro\/ro_ar\/rubriti-di-cafi-stamana\/radio-priimnare\/giudetlu-bacau-cultura-pisti-fisi-sanatati-id190952.html","title":{"rendered":"Giude\u021blu Bac\u0103u: Cultur\u0103, Pisti, Fisi, S\u0103n\u0103tati"},"content":{"rendered":"<div style=margin-left:22.5pt;>&#13;<br \/>\n &#13;\n<\/div>\n<p>&#13;<br \/>\n&#13;<\/p>\n<p>N\u0103 d\u0103n\u0103asimu adz\u0103 tru apirita ali Rom\u00e2nie, tru giude\u021blu Bac\u0103u. Brandul turistic ali ai\u015ftei reghiuni easti &#8220;Cultur\u0103, Pisti, Fisi, S\u0103n\u0103tati&#8221;. Romulus Dan Busnea, inspector di spe\u0163ialitate la Serviciul public gide\u021beanu tr\u0103 promovarea-a turismului \u0219i coordonarea-a lucurlui di salvamontu Bac\u0103u, ditu subordinea-a Consiliului Giude\u021beanu Bac\u0103u, n\u0103 pripuni s-n\u0103 ahurhimu priimnarea ditu muni\u0163ipiul Bac\u0103u, re\u0219edin\u021ba di giude\u021bu. <\/p>\n<p>&#13;<br \/>\n&#13;<\/p>\n<p><em>&#8220;Tr\u0103 un tur \u015fcurtu a c\u0103s\u0103b\u0103lui, va s-aducu aminti casili memoriali a pictorlui Nicu Enea \u0219i poe\u021bloru Vasile Alecsandri, \u0163i easti tru luc\u0103rlu di znueari, \u0219i George Bacovia. Aeastea suntu locurli di nkisit\u0103 ti i\u0163i priimnari b\u0103c\u0103uan\u0103 cultural\u0103. Avemu nica \u0219i un altu \u015fingiru di obiectivi di mari sinferu, cata cum ansamblulu a Curtillei Domne\u0219ti, cari ancurilleadz\u0103 Bisearica Precista, an\u0103l\u0163at\u0103 di Alex\u0103ndrel, hillilu a domnitorlui rom\u00e2n \u0218tefan Cel Mare, arm\u0103s\u0103turli a Curtillei Domne\u0219ti, Complexul Muzeal Iulian Antonescu, cari ap\u0103nghisea\u015fti  multi n\u0103ut\u0103\u0163 arheologhi\u0163i, Muzeulu di Art\u0103, cari adun\u0103 multi opere di art\u0103. Tutun\u0103oar\u0103, Observatorlu astronomic Victor Anestin easti di\u015fcllisu ti atelli cari voru s\u2019cunoasc\u0103 Universul, dup\u0103 \u0163i fu znuitu \u0219i modirnizatu, a deapoa Complexul Muzeal di \u0218tiin\u021bili a Natur\u0103llei Ion Borcea easti atelu \u0163i adun\u0103 tru s\u0103llurli cu diaporame \u0219i vivariu, a n\u0103sc\u0103ntoru exponate \u0163i yilipsescu flora, ci\u015fitili, ama \u0219i cercet\u0103rli a biologilor facultatillei di specialitate ditu cadurlu a Universitatillei Vasile Alecsandri. Tutun\u0103oar\u0103, tru \u0163entrul a c\u0103s\u0103b\u0103lui Bac\u0103u, s\u2019anal\u0163\u0103 mu\u015feata Catedral\u0103 ortodox\u0103 An\u0103l\u021barea-a Domnului, tru aestu kiro easti a patra ditu Europa ca m\u0103rimi ditu cultul ortodoxu, ama \u0219i Catedrala roman\u0103-catolic\u0103 S\u0103m\u0163\u0103lli Petru \u0219i Pavlu, dauli adrati dup\u0103 1990.&#8221;<\/em><\/p>\n<p>&#13;<br \/>\n&#13;<\/p>\n<p>&#13;<br \/>\n&#13;<\/p>\n<p>&#13;<br \/>\n&#13;<\/p>\n<p>Tut tru \u0163entrul a c\u0103s\u0103b\u0103lui pot s\u2019hib\u0103 vidzuti P\u0103latea Administrativ\u0103 a giude\u0163lui, construc\u021bie monumental\u0103 bitisit\u0103 tru anlu 1891 \u0219i P\u0103latea M\u0103r\u0103\u0219ti, scamnul di adz\u0103 a Teatrului Municipal Bacovia, cas\u0103 \u0163i fu data tr\u0103 ufiliseari tru anlu 1929. <\/p>\n<p>&#13;<br \/>\n&#13;<\/p>\n<p>Romulus Dan Busnea, ghidlu nostru di az\u0103, n\u0103 pripune s\u2019nidzemu ninti cu priimnarea tru giude\u021blu Bac\u0103u mardzina di Valea-a Trotu\u0219ului. <\/p>\n<p>&#13;<br \/>\n&#13;<\/p>\n<p><em>&#8220;Nkisimu ditu asc\u0103pitata-a giude\u0163lui Bac\u0103u, ditu comuna Ghime\u0219-F\u0103get. Tru gura-a paslui Ghime\u0219 ditu Mun\u021bii Ciucului, va n\u0103 and\u0103musimu cu atelu di ma ninti locu di yimbruki di la sinurlu a imperiului austro-ungar, arm4s\u0103turli a Titatillei R\u00e1k\u00f3czi (1626). Tutun\u0103oar\u0103, Muzeulu Feroviar Ghime\u0219-F\u0103get ap\u0103nghisea\u015fti un\u0103 colec\u021bie di piese ditu 1885 p\u00e2n\u0103 adz\u0103. Aoa nica potu s\u2019hib\u0103 vidzut \u0219i Complexul memorial di Kontumac, di pi M\u0103yula Biliboc, anaparti di Titatea R\u00e1k\u1f79kzi, monument adratu ti adutearea aminti a eroiloru locali \u0163i \u015f-deadir\u0103 bana tru ateali dau\u0103 polimi mondiali. Ma s-vre\u0163 s-v\u0103 h\u0103rsi\u0163 cu cu produse \u0219i m\u0103c\u0103ri autohtone, pute\u021b s-v\u0103 d\u0103n\u0103si\u0163 la dukeanea specializat\u0103 ditu localitati, un\u0103 cadealihea expozi\u021bie cu digustarea di produsi montani, marc\u0103 nreghistrat\u0103.&#8221;<\/em><\/p>\n<p>&#13;<br \/>\n&#13;<\/p>\n<p>&#13;<br \/>\n&#13;<\/p>\n<p>&#13;<br \/>\n&#13;<\/p>\n<p>Agiundzemu tu c\u0103s\u0103b\u0103lu Com\u0103ne\u0219ti, iu prota mu\u015futea\u0163\u0103 easti Ansamblulu a p\u0103latillei Ghika-Com\u0103ne\u0219ti, adz\u0103 Muzeulu di Etnografie \u0219i Art\u0103 Contemporan\u0103 Dimitrie Ghika-Com\u0103ne\u0219ti, un monumentu istoricu di sinferu na\u021bionalu. <\/p>\n<p>&#13;<br \/>\n&#13;<\/p>\n<p>Romulus Dan Busnea, di la Serviciul public giude\u021beanu tr\u0103 promovarea-a turismului Bac\u0103u:<\/p>\n<p>&#13;<br \/>\n&#13;<\/p>\n<p><em>&#8220;Nolgica di unu parcu multu mu\u015featu s-anal\u0163\u0103 casa p\u0103latillei, adratu tru stilul baroc t\u00e2rdziu, di masturi italieni, cari adun\u0103 22 di udadz m\u0103ri, ndrep\u0163\u0103 pi dau\u0103 patomati, ctitor hiinda Nicolae Ghica-Com\u0103ne\u0219ti, iara arhitectu, Albert Galleron, a\u0163elu cari proiect\u0103 casa-a Ateneului Rom\u00e2n, ama \u0219i atea-a B\u0103nc4llei Na\u021bional\u0103. Tru vi\u0163inata a p4latillei easti Gara Com\u0103ne\u0219ti, altu monumentu istoric construit tru 1889 di inginerlu Elie Radu, tru kirolu al Dimitrie Nicolae Ghica, dup\u0103 proiectul a arhitectului italian Giulio Magni. Com\u0103ne\u0219ti nica putemu svidemu Mirmin\u0163\u0103lli Interna\u021bionalli a Eroilor ditu Primlu Ploimu Mondial. Aoa avem c\u0103bilea ta s-n\u0103 priimn\u0103mu pi ndau\u0103 trasee turisti\u0163i montane, nica \u015f-cu bi\u0163icleta. A deapoa, tutu Com\u0103ne\u0219ti, cathi anu, s-\u0163\u0103ni Festivalu di ade\u0163 \u0219i ar\u0103dz str\u0103au\u015fe\u015fti, \u0163i nu ari preaclle tru Rom\u00e2nia, anv\u0103rliga di 30 di andreu, unu di nai cama di simasie evenimenti locali, \u0163i u \u0163\u0103ni tu ban\u0103 adetea unic\u0103 tru lumi cu numa Gioclu a Urs\u0103llei.&#8221;<\/em><\/p>\n<p>&#13;<br \/>\n&#13;<\/p>\n<p>&#13;<br \/>\n&#13;<\/p>\n<p>&#13;<br \/>\n&#13;<\/p>\n<p>Ma s-hib\u0103 di nu alidze\u0163 s-v\u0103 priimna\u0163 pritu multili trasee montani ditu zon\u0103, tr\u0103 discurmari \u0219i sportu pute\u021b s-v\u0103 d\u0103n\u0103si\u0163 la Centrul di agrementu Trotu\u0219-Ionu\u021b Iftimoaie, mardzina di ar\u0103ulu Trotu\u0219, tu notulu di Parcul Ghika. Deapoa, aproapea di Com\u0103ne\u0219ti, ari un\u0103 sta\u021biune turistic\u0103 di sinferu na\u021bional T\u00e2rgu Ocna. <\/p>\n<p>&#13;<br \/>\n&#13;<\/p>\n<p>Romulus Dan Busnea:<em> &#8220;Easti mardzina di mealurli a ar\u00e2ului Trotu\u0219 \u0219i easti lugursit\u0103 unu cadelihea Salzburg rom\u00e2nescu. Sta\u021biunea \u0219-amint\u0103 numa pritu ndau\u0103 recorduri la nivel na\u021bional, hiinda primlu \u0219i ma\u015f elu \u0163entrulu di exploatari a sarillei ditu Moldova, aoa hiinda prima sond\u0103 di foraju mecanic ditu Rom\u00e2nia \u0219i a treia ditu lumi. Tutu T\u00e2rgu Ocna easti primlu funicular ditu v\u0103silie, adratu di inginerlu Anghel Saligny. Sta\u021biunea ari nai ma marli numiru di b\u0103seri\u0163 raportatu la numirlu di b\u0103n\u0103tori, aestea hiinda ar\u0103d\u0103psiti pi trei niveluri: la cota 0, la 240 m ah\u0103ndusimi, tru inima a min\u0103llei di sari Trotu\u0219, ama \u0219i la 560 &#8211; 600 m altitudini ning\u0103 monumentul di pi Muntili M\u0103gura.&#8221;<\/em><\/p>\n<p>&#13;<br \/>\n&#13;<\/p>\n<p>&#13;<br \/>\n&#13;<\/p>\n<p>&#13;<br \/>\n&#13;<\/p>\n<p>Un\u0103 alt\u0103 sta\u021biune turistic\u0103 di sinferu na\u021bional, \u0163i easti aproapea cu numa Perla a Moldov\u0103lleiei, easti Sl\u0103nic Moldova. Romulus Dan Busnea, di la Servi\u0163iul public giude\u021beanu tr\u0103 promovarea-a turismului Bac\u0103u:<\/p>\n<p>&#13;<br \/>\n&#13;<\/p>\n<p><em>&#8220;Easti nai ma veaclle sta\u021biune balneoclimateric\u0103 ditu Moldova, cunuscut\u0103 nica ditu 1840, c\u00e2nd sta\u021biunea al\u0103ncea\u015fti ti prota oar\u0103 tu harta administrativ\u0103 ali Moldov\u0103, cu numa di ,,Feredeiele a Sl\u0103niclui&#8221;. Aoa v\u0103 pripunem s-v\u0103 d\u0103n\u0103si\u0163 la ateali 20 izvuri di api minerali, ama s-vide\u0163 \u0219i parcul a sta\u021biunillei, iu va s-vide\u0163 Pavilionlu di Muzic\u0103, adratu tru stil Art Nouveau, iu la 24 di alunaru 1889, compozitorlu George Enescu, gheniul a muzic\u0103llei rom\u00e2ne\u0219ti, c\u00e2nt\u0103 tr\u0103 prima oar\u0103 dinintea a publiclui tu numiru mari \u0163i eara la tratamentu tru sta\u021biune, c\u00e2ndu ni\u0163i nu avea umplut\u0103 nau\u0103 a\u00f1i. Tru parc ari nica \u015fi Cazinoulu, construc\u021bie monumental\u0103 tru stilu baroc, cu elementi di stilu neorom\u00e2nescu, adratu tru 1894, di agiumsi s-hib\u0103 protlu cazinou ditu Rom\u00e2nia.&#8221;<\/em><\/p>\n<p>&#13;<br \/>\n&#13;<\/p>\n<p>&#13;<br \/>\n&#13;<\/p>\n<p>&#13;<br \/>\n&#13;<\/p>\n<p>Tr\u0103 ma multi h\u0103b\u0103ri pute\u021b s-disc\u0103rca\u0163 ditu Google Play \u0219i App Store aplica\u021bia tr\u0103 dispozitivi mobile Visit Bac\u0103u, un proiectu al Consiliului Jude\u021bean Bac\u0103u. Pute\u021b s-afla\u0163 multu ma li\u015foru mu\u015fute\u0163li culturali \u0219i istori\u0163i a giude\u0163lui \u0219i pute\u021b s\u2019nkisi\u0163 pi unu di ateali nau\u0103 trasee turisti\u0163i montani marcati \u0219i omologati, hiinda ghida\u021b di coordonatili GPS nuc\u0103rcati tru aplica\u021bie. Idyealui, informa\u021bii practi\u0163i \u0219i cama pi largu mutrindalui obiectivili turisti\u0163i va s-afla\u0163 \u0219i pe site-ul <a href=\"https:\/\/turism-bacau.ro\/\" target=\"_blank\" rel=\"noopener\">turism-bacau.ro<\/a><\/p>\n<p>&#13;<br \/>\n&#13;<\/p>\n<p>&#13;<br \/>\n&#13;<\/p>\n<p>Autoru: Daniel Onea<\/p>\n<p>&#13;<br \/>\n&#13;<\/p>\n<p>Arm\u00e2nipsearea: Ta\u015fcu Lala<\/p>\n<p>&#13;<\/p>\n","protected":false},"excerpt":{"rendered":"<p>&#13; &#13; &#13; &#13; N\u0103 d\u0103n\u0103asimu adz\u0103 tru apirita ali Rom\u00e2nie, tru giude\u021blu Bac\u0103u. Brandul turistic ali ai\u015ftei reghiuni easti &#8220;Cultur\u0103, Pisti, Fisi, S\u0103n\u0103tati&#8221;. Romulus Dan Busnea, inspector di spe\u0163ialitate la Serviciul public gide\u021beanu tr\u0103 promovarea-a turismului \u0219i coordonarea-a lucurlui di salvamontu Bac\u0103u, ditu subordinea-a Consiliului Giude\u021beanu Bac\u0103u, n\u0103 pripuni s-n\u0103 ahurhimu priimnarea ditu muni\u0163ipiul [&hellip;]<\/p>\n","protected":false},"author":128,"featured_media":150449,"comment_status":"closed","ping_status":"closed","sticky":false,"template":"","format":"standard","meta":{"_acf_changed":false,"footnotes":""},"categories":[48454],"tags":[48707,48704,48705,48706,47690],"coauthors":[],"class_list":["post-190952","post","type-post","status-publish","format-standard","has-post-thumbnail","hentry","category-radio-priimnare","tag-comanesti","tag-giudetlu-bacau","tag-muntalli-a-ciuclui","tag-muzeulu-di-etnografie","tag-turism"],"acf":[],"yoast_head":"<!-- This site is optimized with the Yoast SEO plugin v27.3 - https:\/\/yoast.com\/product\/yoast-seo-wordpress\/ -->\n<title>Giude\u021blu Bac\u0103u: Cultur\u0103, Pisti, Fisi, S\u0103n\u0103tati - Radio Rom\u00e2nia Interna\u021bional<\/title>\n<meta name=\"robots\" content=\"index, follow, max-snippet:-1, max-image-preview:large, max-video-preview:-1\" \/>\n<link rel=\"canonical\" href=\"https:\/\/www.rri.ro\/ro_ar\/rubriti-di-cafi-stamana\/radio-priimnare\/giudetlu-bacau-cultura-pisti-fisi-sanatati-id190952.html\" \/>\n<meta property=\"og:locale\" content=\"ro_RO\" \/>\n<meta property=\"og:type\" content=\"article\" \/>\n<meta property=\"og:title\" content=\"Giude\u021blu Bac\u0103u: Cultur\u0103, Pisti, Fisi, S\u0103n\u0103tati - Radio Rom\u00e2nia Interna\u021bional\" \/>\n<meta property=\"og:description\" content=\"&#013; &#013; &#013; &#013; N\u0103 d\u0103n\u0103asimu adz\u0103 tru apirita ali Rom\u00e2nie, tru giude\u021blu Bac\u0103u. Brandul turistic ali ai\u015ftei reghiuni easti &#8220;Cultur\u0103, Pisti, Fisi, S\u0103n\u0103tati&#8221;. Romulus Dan Busnea, inspector di spe\u0163ialitate la Serviciul public gide\u021beanu tr\u0103 promovarea-a turismului \u0219i coordonarea-a lucurlui di salvamontu Bac\u0103u, ditu subordinea-a Consiliului Giude\u021beanu Bac\u0103u, n\u0103 pripuni s-n\u0103 ahurhimu priimnarea ditu muni\u0163ipiul [&hellip;]\" \/>\n<meta property=\"og:url\" content=\"https:\/\/www.rri.ro\/ro_ar\/rubriti-di-cafi-stamana\/radio-priimnare\/giudetlu-bacau-cultura-pisti-fisi-sanatati-id190952.html\" \/>\n<meta property=\"og:site_name\" content=\"Radio Rom\u00e2nia Interna\u021bional\" \/>\n<meta property=\"article:published_time\" content=\"2021-05-26T12:17:00+00:00\" \/>\n<meta property=\"og:image\" content=\"https:\/\/www.rri.ro\/wp-content\/uploads\/2023\/10\/muzeul-de-etnografie-dimitrie-ghika-comanesti-foto-turism-bacau-ro.png\" \/>\n\t<meta property=\"og:image:width\" content=\"640\" \/>\n\t<meta property=\"og:image:height\" content=\"425\" \/>\n\t<meta property=\"og:image:type\" content=\"image\/png\" \/>\n<meta name=\"author\" content=\"Daniel Onea\" \/>\n<meta name=\"twitter:card\" content=\"summary_large_image\" \/>\n<meta name=\"twitter:label1\" content=\"Written by\" \/>\n\t<meta name=\"twitter:data1\" content=\"Daniel Onea\" \/>\n\t<meta name=\"twitter:label2\" content=\"Est. reading time\" \/>\n\t<meta name=\"twitter:data2\" content=\"6 minutes\" \/>\n<script type=\"application\/ld+json\" class=\"yoast-schema-graph\">{\"@context\":\"https:\\\/\\\/schema.org\",\"@graph\":[{\"@type\":\"Article\",\"@id\":\"https:\\\/\\\/www.rri.ro\\\/ro_ar\\\/rubriti-di-cafi-stamana\\\/radio-priimnare\\\/giudetlu-bacau-cultura-pisti-fisi-sanatati-id190952.html#article\",\"isPartOf\":{\"@id\":\"https:\\\/\\\/www.rri.ro\\\/ro_ar\\\/rubriti-di-cafi-stamana\\\/radio-priimnare\\\/giudetlu-bacau-cultura-pisti-fisi-sanatati-id190952.html\"},\"author\":{\"name\":\"Daniel Onea\",\"@id\":\"https:\\\/\\\/www.rri.ro\\\/#\\\/schema\\\/person\\\/fcce42c208d45f30f5b054b64bc1e0df\"},\"headline\":\"Giude\u021blu Bac\u0103u: Cultur\u0103, Pisti, Fisi, S\u0103n\u0103tati\",\"datePublished\":\"2021-05-26T12:17:00+00:00\",\"mainEntityOfPage\":{\"@id\":\"https:\\\/\\\/www.rri.ro\\\/ro_ar\\\/rubriti-di-cafi-stamana\\\/radio-priimnare\\\/giudetlu-bacau-cultura-pisti-fisi-sanatati-id190952.html\"},\"wordCount\":1205,\"image\":{\"@id\":\"https:\\\/\\\/www.rri.ro\\\/ro_ar\\\/rubriti-di-cafi-stamana\\\/radio-priimnare\\\/giudetlu-bacau-cultura-pisti-fisi-sanatati-id190952.html#primaryimage\"},\"thumbnailUrl\":\"https:\\\/\\\/www.rri.ro\\\/wp-content\\\/uploads\\\/2023\\\/10\\\/muzeul-de-etnografie-dimitrie-ghika-comanesti-foto-turism-bacau-ro.png\",\"keywords\":[\"Comanesti&#013;\",\"Giude\u0163lu Bac\u0103u\",\"mun\u0163\u0103lli a Ciuclui\",\"muzeulu di etnografie\",\"turism&#013; &#013;\"],\"articleSection\":[\"Radio-Priimnare\"],\"inLanguage\":\"ro-AR\"},{\"@type\":\"WebPage\",\"@id\":\"https:\\\/\\\/www.rri.ro\\\/ro_ar\\\/rubriti-di-cafi-stamana\\\/radio-priimnare\\\/giudetlu-bacau-cultura-pisti-fisi-sanatati-id190952.html\",\"url\":\"https:\\\/\\\/www.rri.ro\\\/ro_ar\\\/rubriti-di-cafi-stamana\\\/radio-priimnare\\\/giudetlu-bacau-cultura-pisti-fisi-sanatati-id190952.html\",\"name\":\"Giude\u021blu Bac\u0103u: Cultur\u0103, Pisti, Fisi, S\u0103n\u0103tati - Radio Rom\u00e2nia Interna\u021bional\",\"isPartOf\":{\"@id\":\"https:\\\/\\\/www.rri.ro\\\/#website\"},\"primaryImageOfPage\":{\"@id\":\"https:\\\/\\\/www.rri.ro\\\/ro_ar\\\/rubriti-di-cafi-stamana\\\/radio-priimnare\\\/giudetlu-bacau-cultura-pisti-fisi-sanatati-id190952.html#primaryimage\"},\"image\":{\"@id\":\"https:\\\/\\\/www.rri.ro\\\/ro_ar\\\/rubriti-di-cafi-stamana\\\/radio-priimnare\\\/giudetlu-bacau-cultura-pisti-fisi-sanatati-id190952.html#primaryimage\"},\"thumbnailUrl\":\"https:\\\/\\\/www.rri.ro\\\/wp-content\\\/uploads\\\/2023\\\/10\\\/muzeul-de-etnografie-dimitrie-ghika-comanesti-foto-turism-bacau-ro.png\",\"datePublished\":\"2021-05-26T12:17:00+00:00\",\"author\":{\"@id\":\"https:\\\/\\\/www.rri.ro\\\/#\\\/schema\\\/person\\\/fcce42c208d45f30f5b054b64bc1e0df\"},\"breadcrumb\":{\"@id\":\"https:\\\/\\\/www.rri.ro\\\/ro_ar\\\/rubriti-di-cafi-stamana\\\/radio-priimnare\\\/giudetlu-bacau-cultura-pisti-fisi-sanatati-id190952.html#breadcrumb\"},\"inLanguage\":\"ro-AR\",\"potentialAction\":[{\"@type\":\"ReadAction\",\"target\":[\"https:\\\/\\\/www.rri.ro\\\/ro_ar\\\/rubriti-di-cafi-stamana\\\/radio-priimnare\\\/giudetlu-bacau-cultura-pisti-fisi-sanatati-id190952.html\"]}]},{\"@type\":\"ImageObject\",\"inLanguage\":\"ro-AR\",\"@id\":\"https:\\\/\\\/www.rri.ro\\\/ro_ar\\\/rubriti-di-cafi-stamana\\\/radio-priimnare\\\/giudetlu-bacau-cultura-pisti-fisi-sanatati-id190952.html#primaryimage\",\"url\":\"https:\\\/\\\/www.rri.ro\\\/wp-content\\\/uploads\\\/2023\\\/10\\\/muzeul-de-etnografie-dimitrie-ghika-comanesti-foto-turism-bacau-ro.png\",\"contentUrl\":\"https:\\\/\\\/www.rri.ro\\\/wp-content\\\/uploads\\\/2023\\\/10\\\/muzeul-de-etnografie-dimitrie-ghika-comanesti-foto-turism-bacau-ro.png\",\"width\":640,\"height\":425},{\"@type\":\"BreadcrumbList\",\"@id\":\"https:\\\/\\\/www.rri.ro\\\/ro_ar\\\/rubriti-di-cafi-stamana\\\/radio-priimnare\\\/giudetlu-bacau-cultura-pisti-fisi-sanatati-id190952.html#breadcrumb\",\"itemListElement\":[{\"@type\":\"ListItem\",\"position\":1,\"name\":\"Prima pagin\u0103\",\"item\":\"https:\\\/\\\/www.rri.ro\\\/ro_ar\"},{\"@type\":\"ListItem\",\"position\":2,\"name\":\"Rubri\u0163i di cafi st\u00e2m\u00e2n\u0103\",\"item\":\"https:\\\/\\\/www.rri.ro\\\/ro_ar\\\/rubriti-di-cafi-stamana\"},{\"@type\":\"ListItem\",\"position\":3,\"name\":\"Radio-Priimnare\",\"item\":\"https:\\\/\\\/www.rri.ro\\\/rubriti-di-cafi-stamana\\\/radio-priimnare\"},{\"@type\":\"ListItem\",\"position\":4,\"name\":\"Giude\u021blu Bac\u0103u: Cultur\u0103, Pisti, Fisi, S\u0103n\u0103tati\"}]},{\"@type\":\"WebSite\",\"@id\":\"https:\\\/\\\/www.rri.ro\\\/#website\",\"url\":\"https:\\\/\\\/www.rri.ro\\\/\",\"name\":\"Radio Rom\u00e2nia Interna\u021bional\",\"description\":\"Totul despre Rom\u00e2nia \u015fi rom\u00e2ni, \u00een 13 limbi\\\/dialecte!\",\"inLanguage\":\"ro-AR\"},{\"@type\":\"Person\",\"@id\":\"https:\\\/\\\/www.rri.ro\\\/#\\\/schema\\\/person\\\/fcce42c208d45f30f5b054b64bc1e0df\",\"name\":\"Daniel Onea\",\"url\":\"https:\\\/\\\/www.rri.ro\\\/ro_ar\\\/author\\\/daniel-onea\"}]}<\/script>\n<!-- \/ Yoast SEO plugin. -->","yoast_head_json":{"title":"Giude\u021blu Bac\u0103u: Cultur\u0103, Pisti, Fisi, S\u0103n\u0103tati - Radio Rom\u00e2nia Interna\u021bional","robots":{"index":"index","follow":"follow","max-snippet":"max-snippet:-1","max-image-preview":"max-image-preview:large","max-video-preview":"max-video-preview:-1"},"canonical":"https:\/\/www.rri.ro\/ro_ar\/rubriti-di-cafi-stamana\/radio-priimnare\/giudetlu-bacau-cultura-pisti-fisi-sanatati-id190952.html","og_locale":"ro_RO","og_type":"article","og_title":"Giude\u021blu Bac\u0103u: Cultur\u0103, Pisti, Fisi, S\u0103n\u0103tati - Radio Rom\u00e2nia Interna\u021bional","og_description":"&#13; &#13; &#13; &#13; N\u0103 d\u0103n\u0103asimu adz\u0103 tru apirita ali Rom\u00e2nie, tru giude\u021blu Bac\u0103u. Brandul turistic ali ai\u015ftei reghiuni easti &#8220;Cultur\u0103, Pisti, Fisi, S\u0103n\u0103tati&#8221;. Romulus Dan Busnea, inspector di spe\u0163ialitate la Serviciul public gide\u021beanu tr\u0103 promovarea-a turismului \u0219i coordonarea-a lucurlui di salvamontu Bac\u0103u, ditu subordinea-a Consiliului Giude\u021beanu Bac\u0103u, n\u0103 pripuni s-n\u0103 ahurhimu priimnarea ditu muni\u0163ipiul [&hellip;]","og_url":"https:\/\/www.rri.ro\/ro_ar\/rubriti-di-cafi-stamana\/radio-priimnare\/giudetlu-bacau-cultura-pisti-fisi-sanatati-id190952.html","og_site_name":"Radio Rom\u00e2nia Interna\u021bional","article_published_time":"2021-05-26T12:17:00+00:00","og_image":[{"width":640,"height":425,"url":"https:\/\/www.rri.ro\/wp-content\/uploads\/2023\/10\/muzeul-de-etnografie-dimitrie-ghika-comanesti-foto-turism-bacau-ro.png","type":"image\/png"}],"author":"Daniel Onea","twitter_card":"summary_large_image","twitter_misc":{"Written by":"Daniel Onea","Est. reading time":"6 minutes"},"schema":{"@context":"https:\/\/schema.org","@graph":[{"@type":"Article","@id":"https:\/\/www.rri.ro\/ro_ar\/rubriti-di-cafi-stamana\/radio-priimnare\/giudetlu-bacau-cultura-pisti-fisi-sanatati-id190952.html#article","isPartOf":{"@id":"https:\/\/www.rri.ro\/ro_ar\/rubriti-di-cafi-stamana\/radio-priimnare\/giudetlu-bacau-cultura-pisti-fisi-sanatati-id190952.html"},"author":{"name":"Daniel Onea","@id":"https:\/\/www.rri.ro\/#\/schema\/person\/fcce42c208d45f30f5b054b64bc1e0df"},"headline":"Giude\u021blu Bac\u0103u: Cultur\u0103, Pisti, Fisi, S\u0103n\u0103tati","datePublished":"2021-05-26T12:17:00+00:00","mainEntityOfPage":{"@id":"https:\/\/www.rri.ro\/ro_ar\/rubriti-di-cafi-stamana\/radio-priimnare\/giudetlu-bacau-cultura-pisti-fisi-sanatati-id190952.html"},"wordCount":1205,"image":{"@id":"https:\/\/www.rri.ro\/ro_ar\/rubriti-di-cafi-stamana\/radio-priimnare\/giudetlu-bacau-cultura-pisti-fisi-sanatati-id190952.html#primaryimage"},"thumbnailUrl":"https:\/\/www.rri.ro\/wp-content\/uploads\/2023\/10\/muzeul-de-etnografie-dimitrie-ghika-comanesti-foto-turism-bacau-ro.png","keywords":["Comanesti&#013;","Giude\u0163lu Bac\u0103u","mun\u0163\u0103lli a Ciuclui","muzeulu di etnografie","turism&#013; &#013;"],"articleSection":["Radio-Priimnare"],"inLanguage":"ro-AR"},{"@type":"WebPage","@id":"https:\/\/www.rri.ro\/ro_ar\/rubriti-di-cafi-stamana\/radio-priimnare\/giudetlu-bacau-cultura-pisti-fisi-sanatati-id190952.html","url":"https:\/\/www.rri.ro\/ro_ar\/rubriti-di-cafi-stamana\/radio-priimnare\/giudetlu-bacau-cultura-pisti-fisi-sanatati-id190952.html","name":"Giude\u021blu Bac\u0103u: Cultur\u0103, Pisti, Fisi, S\u0103n\u0103tati - Radio Rom\u00e2nia Interna\u021bional","isPartOf":{"@id":"https:\/\/www.rri.ro\/#website"},"primaryImageOfPage":{"@id":"https:\/\/www.rri.ro\/ro_ar\/rubriti-di-cafi-stamana\/radio-priimnare\/giudetlu-bacau-cultura-pisti-fisi-sanatati-id190952.html#primaryimage"},"image":{"@id":"https:\/\/www.rri.ro\/ro_ar\/rubriti-di-cafi-stamana\/radio-priimnare\/giudetlu-bacau-cultura-pisti-fisi-sanatati-id190952.html#primaryimage"},"thumbnailUrl":"https:\/\/www.rri.ro\/wp-content\/uploads\/2023\/10\/muzeul-de-etnografie-dimitrie-ghika-comanesti-foto-turism-bacau-ro.png","datePublished":"2021-05-26T12:17:00+00:00","author":{"@id":"https:\/\/www.rri.ro\/#\/schema\/person\/fcce42c208d45f30f5b054b64bc1e0df"},"breadcrumb":{"@id":"https:\/\/www.rri.ro\/ro_ar\/rubriti-di-cafi-stamana\/radio-priimnare\/giudetlu-bacau-cultura-pisti-fisi-sanatati-id190952.html#breadcrumb"},"inLanguage":"ro-AR","potentialAction":[{"@type":"ReadAction","target":["https:\/\/www.rri.ro\/ro_ar\/rubriti-di-cafi-stamana\/radio-priimnare\/giudetlu-bacau-cultura-pisti-fisi-sanatati-id190952.html"]}]},{"@type":"ImageObject","inLanguage":"ro-AR","@id":"https:\/\/www.rri.ro\/ro_ar\/rubriti-di-cafi-stamana\/radio-priimnare\/giudetlu-bacau-cultura-pisti-fisi-sanatati-id190952.html#primaryimage","url":"https:\/\/www.rri.ro\/wp-content\/uploads\/2023\/10\/muzeul-de-etnografie-dimitrie-ghika-comanesti-foto-turism-bacau-ro.png","contentUrl":"https:\/\/www.rri.ro\/wp-content\/uploads\/2023\/10\/muzeul-de-etnografie-dimitrie-ghika-comanesti-foto-turism-bacau-ro.png","width":640,"height":425},{"@type":"BreadcrumbList","@id":"https:\/\/www.rri.ro\/ro_ar\/rubriti-di-cafi-stamana\/radio-priimnare\/giudetlu-bacau-cultura-pisti-fisi-sanatati-id190952.html#breadcrumb","itemListElement":[{"@type":"ListItem","position":1,"name":"Prima pagin\u0103","item":"https:\/\/www.rri.ro\/ro_ar"},{"@type":"ListItem","position":2,"name":"Rubri\u0163i di cafi st\u00e2m\u00e2n\u0103","item":"https:\/\/www.rri.ro\/ro_ar\/rubriti-di-cafi-stamana"},{"@type":"ListItem","position":3,"name":"Radio-Priimnare","item":"https:\/\/www.rri.ro\/rubriti-di-cafi-stamana\/radio-priimnare"},{"@type":"ListItem","position":4,"name":"Giude\u021blu Bac\u0103u: Cultur\u0103, Pisti, Fisi, S\u0103n\u0103tati"}]},{"@type":"WebSite","@id":"https:\/\/www.rri.ro\/#website","url":"https:\/\/www.rri.ro\/","name":"Radio Rom\u00e2nia Interna\u021bional","description":"Totul despre Rom\u00e2nia \u015fi rom\u00e2ni, \u00een 13 limbi\/dialecte!","inLanguage":"ro-AR"},{"@type":"Person","@id":"https:\/\/www.rri.ro\/#\/schema\/person\/fcce42c208d45f30f5b054b64bc1e0df","name":"Daniel Onea","url":"https:\/\/www.rri.ro\/ro_ar\/author\/daniel-onea"}]}},"_links":{"self":[{"href":"https:\/\/www.rri.ro\/ro_ar\/wp-json\/wp\/v2\/posts\/190952","targetHints":{"allow":["GET"]}}],"collection":[{"href":"https:\/\/www.rri.ro\/ro_ar\/wp-json\/wp\/v2\/posts"}],"about":[{"href":"https:\/\/www.rri.ro\/ro_ar\/wp-json\/wp\/v2\/types\/post"}],"author":[{"embeddable":true,"href":"https:\/\/www.rri.ro\/ro_ar\/wp-json\/wp\/v2\/users\/128"}],"replies":[{"embeddable":true,"href":"https:\/\/www.rri.ro\/ro_ar\/wp-json\/wp\/v2\/comments?post=190952"}],"version-history":[{"count":0,"href":"https:\/\/www.rri.ro\/ro_ar\/wp-json\/wp\/v2\/posts\/190952\/revisions"}],"wp:featuredmedia":[{"embeddable":true,"href":"https:\/\/www.rri.ro\/ro_ar\/wp-json\/wp\/v2\/media\/150449"}],"wp:attachment":[{"href":"https:\/\/www.rri.ro\/ro_ar\/wp-json\/wp\/v2\/media?parent=190952"}],"wp:term":[{"taxonomy":"category","embeddable":true,"href":"https:\/\/www.rri.ro\/ro_ar\/wp-json\/wp\/v2\/categories?post=190952"},{"taxonomy":"post_tag","embeddable":true,"href":"https:\/\/www.rri.ro\/ro_ar\/wp-json\/wp\/v2\/tags?post=190952"},{"taxonomy":"author","embeddable":true,"href":"https:\/\/www.rri.ro\/ro_ar\/wp-json\/wp\/v2\/coauthors?post=190952"}],"curies":[{"name":"wp","href":"https:\/\/api.w.org\/{rel}","templated":true}]}}