{"id":661087,"date":"2022-01-10T13:38:00","date_gmt":"2022-01-10T11:38:00","guid":{"rendered":"http:\/\/devrri.freshlemon.ro\/actualitati\/stanea-ditu-vali-id661087.html"},"modified":"2022-01-10T13:38:00","modified_gmt":"2022-01-10T11:38:00","slug":"stanea-ditu-vali","status":"publish","type":"post","link":"https:\/\/www.rri.ro\/ro_ar\/cultura-si-adet-armanesti\/oaspit-la-microfonlu-rri\/stanea-ditu-vali-id661087.html","title":{"rendered":"Stanea ditu Vali"},"content":{"rendered":"<p>Nidzemu ninti \u015fi adz\u0103 ta s\u2019n\u0103 h\u0103rsimu di neau\u0103, tru un\u0103 sta\u0163iune cari di p\u0163\u0103nu kiro di\u015fcllisi nica un\u0103 p\u00e2rtie di schi: Stanea ditu Vali. Him utu un\u0103 sta\u021biune di arih\u0103tipseari \u0219i tratament, situat\u0103 tru giudi\u021blu Bihor, aflat\u0103 tru componen\u021ba a comunei Budureasa, tru Masivlu Vl\u0103deasa, la un\u0103 an\u0103l\u0163imi di 1100 di meatri.<\/p>\n<p>&#13;<br \/>\n&#13;<\/p>\n<p>&#13;<br \/>\n&#13;<\/p>\n<p>Intrarea s\u2019fa\u0163i pi calea Deva-Oradea cari s\u2019amparti ditu c\u0103s\u0103b\u0103lu Beiu\u015f. Av\u00e2nda un aeru multu ionizat easti un mediu ti anami tr\u0103 trea\u0163irea a un\u0103llei vacan\u0163i tru fise, av\u0103nda dininti unu \u015fingiru di mu\u015fute\u0163 turisti\u0163i, ama \u015fi cu peisaje \u015fi trasee montane ahoryea multu mu\u015feati.<\/p>\n<p>&#13;<br \/>\n&#13;<\/p>\n<p>&#13;<br \/>\n&#13;<\/p>\n<p>Stanea ditu Vali adu\u0163i dinintea a turi\u015ftilor c\u0103bilea ta s\u2019fac\u0103 excursii la Izvurlu a Thamiloru, Cascada Iadolina, priimn\u0103ri montane pi 16 di trasee marcate, al\u0103g\u0103ri la Pe\u015ftera a Ursilor. Iarna, sta\u0163iunea ofer\u0103 c\u0103bilea disv\u0103rtearillei actvit\u0103\u0163 sportive di sezon, exist\u00e2nda facilit\u0103\u0163 tr\u0103 ski, tubing \u015fi darea cu sanca. N\u0103 spuni \u0163i afl\u0103mu aoa Marius Voinea, \u015fef di instala\u0163ie la Stanea ditu Vali: <\/p>\n<p>&#13;<br \/>\n&#13;<\/p>\n<p><em>&#8220;P\u00e2rtia easti tru condi\u0163ii multu bune, avem un\u0103 nau\u0103 p\u00e2rtie, tamam tora di\u015fcllisimu calea ti un\u0103 instala\u0163ii nau\u0103 di telescamu. P\u00e2rtia ari ca lundzime un kilometru \u015fi 200 di metri, ari un\u0103 sta\u0163ie intermediar\u0103 tu mesi. P\u00e2rtia, ca dificultate, di la giumitati nghiosu easti \u00f1irl\u0103, nsusu easti aro\u015fe&#8221;<\/em><\/p>\n<p>&#13;<br \/>\n&#13;<\/p>\n<p>&#13;<br \/>\n&#13;<\/p>\n<p>Uidisitu cu simbolurli interna\u0163ionale, aesta nsimneadz\u0103 c\u0103 partea di nghios a p\u00e2rtiillei easti li\u015foar\u0103, iara a\u0163ea di nsus easti cu dificultate di mesi. Nica nvit\u0103mu c\u0103 un\u0103 alinari cu telescamnul custusea\u015fti 10 lei (2 euro), deapoa cu teleschiul 7 lei \u015fi c\u0103 la baza a p\u00e2rtiillei ari centru di loari cu niki echipamentu sportiv, sanca cu 25 di lei (5 euro), iar schiuri, cium\u0103ghi\u0163i, cl\u0103pari ic\u0103 snowboard \u015fi booties cu 50 di lei (10 euro) ndzuu\u0103. Marius Voinea nica n\u0103 spusi:  <\/p>\n<p>&#13;<br \/>\n&#13;<\/p>\n<p><em>&#8220;Avem nica un teleschi cu dau\u0103 p\u00e2rtii ti atelli \u0163i ahurhescu, p\u00e2rtia Cerbul \u015fi p\u00e2rtia Renul, ca \u015fi lundzime 580 di metri, respectiv 790 di meatri. Avem  \u015fi instala\u0163ie di neau\u0103 artificial\u0103, pi p\u00e2rtia Cerbul, n\u0103d\u0103imu ca tempearaturli s\u2019n\u0103 da izini \u015fi dz\u0103lili aestea s\u2019adr\u0103mu niheam\u0103 neaua artificial\u0103 \u015fi condi\u0163iile s\u2019hib\u0103 c\u00e2t ma buni tr\u0103 schiat. V\u0103 a\u015ftipt\u0103m la Stanea ditu Vali, la schiat!&#8221;<\/em><\/p>\n<p>&#13;<br \/>\n&#13;<\/p>\n<p>&#13;<br \/>\n&#13;<\/p>\n<p>Sta\u0163iunea easti fapt\u0103 urminie ti tuti ilikiili. Pro\u0163lli factori di tratamentu tru Stanea ditu Vali, cari atragu \u00f1illi di turi\u0219ti cathi anu, sunt apili oligominerale \u0219i feruginoase, bioclimatlu tonic, caracterizat pritu presiune atmosferic\u0103 sc\u0103dzut\u0103, radia\u021bia solar\u0103 intens\u0103 \u0219i ionizarea criscut\u0103 a aerlui. Aoa pot s\u2019fac\u0103 tratamente contra a deregl\u0103rlor di adilleaticu, suprasolicit\u0103rlor fizi\u0163i \u015fi intelectuali, a organismului sl\u0103ghitu, anemiilor, rahitismului \u015fi deregl\u0103rlor di crea\u015ftire la cilimea\u00f1i. Anamisa di nai ma c\u0103ftati tratamenti locale s\u2019ar\u0103d\u0103psescu fitotearapia (b\u0103\u00f1ile cu plante), electroterapia, fric\u0103rli, sauna \u0219i gimnastica medical\u0103. <\/p>\n<p>&#13;<br \/>\n&#13;<\/p>\n<p>&#13;<br \/>\n&#13;<\/p>\n<p>Autoru: Ana-Maria Cononovici<\/p>\n<p>&#13;<br \/>\n&#13;<\/p>\n<p>Arm\u00e2nipsearia: Ta\u015fcu Lala<\/p>\n<p>&#13;<br \/>\n&#13;<\/p>\n<p>&#13;<br \/>\n&#13;<\/p>\n<p>&#13;<br \/>\n&#13;<\/p>\n<div style=margin-left:22.5pt;>&#13;<br \/>\n &#13;\n<\/div>\n<p>&#13;<br \/>\n&#13;<\/p>\n<p>&#13;<\/p>\n","protected":false},"excerpt":{"rendered":"<p>Nidzemu ninti \u015fi adz\u0103 ta sn\u0103 h\u0103rsimu di neau\u0103, tru un\u0103 sta\u0163iune cari di p\u0163\u0103nu kiro di\u015fcllisi nica un\u0103 p\u00e2rtie di schi: Stanea ditu Vali. Him utu un\u0103 sta\u021biune di arih\u0103tipseari \u0219i tratament, situat\u0103 tru giudi\u021blu Bihor, aflat\u0103&#8230;<\/p>\n","protected":false},"author":126,"featured_media":326116,"comment_status":"closed","ping_status":"closed","sticky":false,"template":"","format":"standard","meta":{"_acf_changed":false,"footnotes":""},"categories":[48847],"tags":[44113,134011,134012,37044,137219,134010,47690],"coauthors":[],"class_list":["post-661087","post","type-post","status-publish","format-standard","has-post-thumbnail","hentry","category-oaspit-la-microfonlu-rri","tag-bihor","tag-diva","tag-izvurlu-a-thamiloru","tag-oradea","tag-schi-ro_ar","tag-stanea-ditu-vale","tag-turism"],"acf":[],"yoast_head":"<!-- This site is optimized with the Yoast SEO plugin v27.3 - https:\/\/yoast.com\/product\/yoast-seo-wordpress\/ -->\n<title>Stanea ditu Vali - Radio Rom\u00e2nia Interna\u021bional<\/title>\n<meta name=\"robots\" content=\"index, follow, max-snippet:-1, max-image-preview:large, max-video-preview:-1\" \/>\n<link rel=\"canonical\" href=\"https:\/\/www.rri.ro\/ro_ar\/cultura-si-adet-armanesti\/oaspit-la-microfonlu-rri\/stanea-ditu-vali-id661087.html\" \/>\n<meta property=\"og:locale\" content=\"ro_RO\" \/>\n<meta property=\"og:type\" content=\"article\" \/>\n<meta property=\"og:title\" content=\"Stanea ditu Vali - Radio Rom\u00e2nia Interna\u021bional\" \/>\n<meta property=\"og:description\" content=\"Nidzemu ninti \u015fi adz\u0103 ta sn\u0103 h\u0103rsimu di neau\u0103, tru un\u0103 sta\u0163iune cari di p\u0163\u0103nu kiro di\u015fcllisi nica un\u0103 p\u00e2rtie di schi: Stanea ditu Vali. Him utu un\u0103 sta\u021biune di arih\u0103tipseari \u0219i tratament, situat\u0103 tru giudi\u021blu Bihor, aflat\u0103...\" \/>\n<meta property=\"og:url\" content=\"https:\/\/www.rri.ro\/ro_ar\/cultura-si-adet-armanesti\/oaspit-la-microfonlu-rri\/stanea-ditu-vali-id661087.html\" \/>\n<meta property=\"og:site_name\" content=\"Radio Rom\u00e2nia Interna\u021bional\" \/>\n<meta property=\"article:published_time\" content=\"2022-01-10T11:38:00+00:00\" \/>\n<meta property=\"og:image\" content=\"https:\/\/www.rri.ro\/wp-content\/uploads\/2023\/10\/schi-stana-de-vale-foto-facebook-skistanadevale.png\" \/>\n\t<meta property=\"og:image:width\" content=\"640\" \/>\n\t<meta property=\"og:image:height\" content=\"480\" \/>\n\t<meta property=\"og:image:type\" content=\"image\/png\" \/>\n<meta name=\"author\" content=\"Ana-Maria Cononovici\" \/>\n<meta name=\"twitter:card\" content=\"summary_large_image\" \/>\n<meta name=\"twitter:label1\" content=\"Written by\" \/>\n\t<meta name=\"twitter:data1\" content=\"Ana-Maria Cononovici\" \/>\n\t<meta name=\"twitter:label2\" content=\"Est. reading time\" \/>\n\t<meta name=\"twitter:data2\" content=\"3 minutes\" \/>\n<script type=\"application\/ld+json\" class=\"yoast-schema-graph\">{\"@context\":\"https:\\\/\\\/schema.org\",\"@graph\":[{\"@type\":\"Article\",\"@id\":\"https:\\\/\\\/www.rri.ro\\\/ro_ar\\\/cultura-si-adet-armanesti\\\/oaspit-la-microfonlu-rri\\\/stanea-ditu-vali-id661087.html#article\",\"isPartOf\":{\"@id\":\"https:\\\/\\\/www.rri.ro\\\/ro_ar\\\/cultura-si-adet-armanesti\\\/oaspit-la-microfonlu-rri\\\/stanea-ditu-vali-id661087.html\"},\"author\":{\"name\":\"Ana-Maria Cononovici\",\"@id\":\"https:\\\/\\\/www.rri.ro\\\/#\\\/schema\\\/person\\\/70ee98042ca8b95ae29876ed4848670e\"},\"headline\":\"Stanea ditu Vali\",\"datePublished\":\"2022-01-10T11:38:00+00:00\",\"mainEntityOfPage\":{\"@id\":\"https:\\\/\\\/www.rri.ro\\\/ro_ar\\\/cultura-si-adet-armanesti\\\/oaspit-la-microfonlu-rri\\\/stanea-ditu-vali-id661087.html\"},\"wordCount\":529,\"image\":{\"@id\":\"https:\\\/\\\/www.rri.ro\\\/ro_ar\\\/cultura-si-adet-armanesti\\\/oaspit-la-microfonlu-rri\\\/stanea-ditu-vali-id661087.html#primaryimage\"},\"thumbnailUrl\":\"https:\\\/\\\/www.rri.ro\\\/wp-content\\\/uploads\\\/2023\\\/10\\\/schi-stana-de-vale-foto-facebook-skistanadevale.png\",\"keywords\":[\"bihor\",\"Diva\",\"Izvurlu a Thamiloru\",\"Oradea\",\"schi\",\"Stanea ditu Vale\",\"turism&#013; &#013;\"],\"articleSection\":[\"Oaspi\u0163 la microfonlu RRI\"],\"inLanguage\":\"ro-AR\"},{\"@type\":\"WebPage\",\"@id\":\"https:\\\/\\\/www.rri.ro\\\/ro_ar\\\/cultura-si-adet-armanesti\\\/oaspit-la-microfonlu-rri\\\/stanea-ditu-vali-id661087.html\",\"url\":\"https:\\\/\\\/www.rri.ro\\\/ro_ar\\\/cultura-si-adet-armanesti\\\/oaspit-la-microfonlu-rri\\\/stanea-ditu-vali-id661087.html\",\"name\":\"Stanea ditu Vali - Radio Rom\u00e2nia Interna\u021bional\",\"isPartOf\":{\"@id\":\"https:\\\/\\\/www.rri.ro\\\/#website\"},\"primaryImageOfPage\":{\"@id\":\"https:\\\/\\\/www.rri.ro\\\/ro_ar\\\/cultura-si-adet-armanesti\\\/oaspit-la-microfonlu-rri\\\/stanea-ditu-vali-id661087.html#primaryimage\"},\"image\":{\"@id\":\"https:\\\/\\\/www.rri.ro\\\/ro_ar\\\/cultura-si-adet-armanesti\\\/oaspit-la-microfonlu-rri\\\/stanea-ditu-vali-id661087.html#primaryimage\"},\"thumbnailUrl\":\"https:\\\/\\\/www.rri.ro\\\/wp-content\\\/uploads\\\/2023\\\/10\\\/schi-stana-de-vale-foto-facebook-skistanadevale.png\",\"datePublished\":\"2022-01-10T11:38:00+00:00\",\"author\":{\"@id\":\"https:\\\/\\\/www.rri.ro\\\/#\\\/schema\\\/person\\\/70ee98042ca8b95ae29876ed4848670e\"},\"breadcrumb\":{\"@id\":\"https:\\\/\\\/www.rri.ro\\\/ro_ar\\\/cultura-si-adet-armanesti\\\/oaspit-la-microfonlu-rri\\\/stanea-ditu-vali-id661087.html#breadcrumb\"},\"inLanguage\":\"ro-AR\",\"potentialAction\":[{\"@type\":\"ReadAction\",\"target\":[\"https:\\\/\\\/www.rri.ro\\\/ro_ar\\\/cultura-si-adet-armanesti\\\/oaspit-la-microfonlu-rri\\\/stanea-ditu-vali-id661087.html\"]}]},{\"@type\":\"ImageObject\",\"inLanguage\":\"ro-AR\",\"@id\":\"https:\\\/\\\/www.rri.ro\\\/ro_ar\\\/cultura-si-adet-armanesti\\\/oaspit-la-microfonlu-rri\\\/stanea-ditu-vali-id661087.html#primaryimage\",\"url\":\"https:\\\/\\\/www.rri.ro\\\/wp-content\\\/uploads\\\/2023\\\/10\\\/schi-stana-de-vale-foto-facebook-skistanadevale.png\",\"contentUrl\":\"https:\\\/\\\/www.rri.ro\\\/wp-content\\\/uploads\\\/2023\\\/10\\\/schi-stana-de-vale-foto-facebook-skistanadevale.png\",\"width\":640,\"height\":480},{\"@type\":\"BreadcrumbList\",\"@id\":\"https:\\\/\\\/www.rri.ro\\\/ro_ar\\\/cultura-si-adet-armanesti\\\/oaspit-la-microfonlu-rri\\\/stanea-ditu-vali-id661087.html#breadcrumb\",\"itemListElement\":[{\"@type\":\"ListItem\",\"position\":1,\"name\":\"Prima pagin\u0103\",\"item\":\"https:\\\/\\\/www.rri.ro\\\/ro_ar\"},{\"@type\":\"ListItem\",\"position\":2,\"name\":\"Cultur\u0103 \u015fi ade\u0163 arm\u00e2ne\u015fti\",\"item\":\"https:\\\/\\\/www.rri.ro\\\/ro_ar\\\/cultura-si-adet-armanesti\"},{\"@type\":\"ListItem\",\"position\":3,\"name\":\"Oaspi\u0163 la microfonlu RRI\",\"item\":\"https:\\\/\\\/www.rri.ro\\\/ro_ar\\\/cultura-si-adet-armanesti\\\/oaspit-la-microfonlu-rri\"},{\"@type\":\"ListItem\",\"position\":4,\"name\":\"Stanea ditu Vali\"}]},{\"@type\":\"WebSite\",\"@id\":\"https:\\\/\\\/www.rri.ro\\\/#website\",\"url\":\"https:\\\/\\\/www.rri.ro\\\/\",\"name\":\"Radio Rom\u00e2nia Interna\u021bional\",\"description\":\"Totul despre Rom\u00e2nia \u015fi rom\u00e2ni, \u00een 13 limbi\\\/dialecte!\",\"inLanguage\":\"ro-AR\"},{\"@type\":\"Person\",\"@id\":\"https:\\\/\\\/www.rri.ro\\\/#\\\/schema\\\/person\\\/70ee98042ca8b95ae29876ed4848670e\",\"name\":\"Ana-Maria Cononovici\",\"url\":\"https:\\\/\\\/www.rri.ro\\\/ro_ar\\\/author\\\/ana-maria-cononovici\"}]}<\/script>\n<!-- \/ Yoast SEO plugin. -->","yoast_head_json":{"title":"Stanea ditu Vali - Radio Rom\u00e2nia Interna\u021bional","robots":{"index":"index","follow":"follow","max-snippet":"max-snippet:-1","max-image-preview":"max-image-preview:large","max-video-preview":"max-video-preview:-1"},"canonical":"https:\/\/www.rri.ro\/ro_ar\/cultura-si-adet-armanesti\/oaspit-la-microfonlu-rri\/stanea-ditu-vali-id661087.html","og_locale":"ro_RO","og_type":"article","og_title":"Stanea ditu Vali - Radio Rom\u00e2nia Interna\u021bional","og_description":"Nidzemu ninti \u015fi adz\u0103 ta sn\u0103 h\u0103rsimu di neau\u0103, tru un\u0103 sta\u0163iune cari di p\u0163\u0103nu kiro di\u015fcllisi nica un\u0103 p\u00e2rtie di schi: Stanea ditu Vali. Him utu un\u0103 sta\u021biune di arih\u0103tipseari \u0219i tratament, situat\u0103 tru giudi\u021blu Bihor, aflat\u0103...","og_url":"https:\/\/www.rri.ro\/ro_ar\/cultura-si-adet-armanesti\/oaspit-la-microfonlu-rri\/stanea-ditu-vali-id661087.html","og_site_name":"Radio Rom\u00e2nia Interna\u021bional","article_published_time":"2022-01-10T11:38:00+00:00","og_image":[{"width":640,"height":480,"url":"https:\/\/www.rri.ro\/wp-content\/uploads\/2023\/10\/schi-stana-de-vale-foto-facebook-skistanadevale.png","type":"image\/png"}],"author":"Ana-Maria Cononovici","twitter_card":"summary_large_image","twitter_misc":{"Written by":"Ana-Maria Cononovici","Est. reading time":"3 minutes"},"schema":{"@context":"https:\/\/schema.org","@graph":[{"@type":"Article","@id":"https:\/\/www.rri.ro\/ro_ar\/cultura-si-adet-armanesti\/oaspit-la-microfonlu-rri\/stanea-ditu-vali-id661087.html#article","isPartOf":{"@id":"https:\/\/www.rri.ro\/ro_ar\/cultura-si-adet-armanesti\/oaspit-la-microfonlu-rri\/stanea-ditu-vali-id661087.html"},"author":{"name":"Ana-Maria Cononovici","@id":"https:\/\/www.rri.ro\/#\/schema\/person\/70ee98042ca8b95ae29876ed4848670e"},"headline":"Stanea ditu Vali","datePublished":"2022-01-10T11:38:00+00:00","mainEntityOfPage":{"@id":"https:\/\/www.rri.ro\/ro_ar\/cultura-si-adet-armanesti\/oaspit-la-microfonlu-rri\/stanea-ditu-vali-id661087.html"},"wordCount":529,"image":{"@id":"https:\/\/www.rri.ro\/ro_ar\/cultura-si-adet-armanesti\/oaspit-la-microfonlu-rri\/stanea-ditu-vali-id661087.html#primaryimage"},"thumbnailUrl":"https:\/\/www.rri.ro\/wp-content\/uploads\/2023\/10\/schi-stana-de-vale-foto-facebook-skistanadevale.png","keywords":["bihor","Diva","Izvurlu a Thamiloru","Oradea","schi","Stanea ditu Vale","turism&#013; &#013;"],"articleSection":["Oaspi\u0163 la microfonlu RRI"],"inLanguage":"ro-AR"},{"@type":"WebPage","@id":"https:\/\/www.rri.ro\/ro_ar\/cultura-si-adet-armanesti\/oaspit-la-microfonlu-rri\/stanea-ditu-vali-id661087.html","url":"https:\/\/www.rri.ro\/ro_ar\/cultura-si-adet-armanesti\/oaspit-la-microfonlu-rri\/stanea-ditu-vali-id661087.html","name":"Stanea ditu Vali - Radio Rom\u00e2nia Interna\u021bional","isPartOf":{"@id":"https:\/\/www.rri.ro\/#website"},"primaryImageOfPage":{"@id":"https:\/\/www.rri.ro\/ro_ar\/cultura-si-adet-armanesti\/oaspit-la-microfonlu-rri\/stanea-ditu-vali-id661087.html#primaryimage"},"image":{"@id":"https:\/\/www.rri.ro\/ro_ar\/cultura-si-adet-armanesti\/oaspit-la-microfonlu-rri\/stanea-ditu-vali-id661087.html#primaryimage"},"thumbnailUrl":"https:\/\/www.rri.ro\/wp-content\/uploads\/2023\/10\/schi-stana-de-vale-foto-facebook-skistanadevale.png","datePublished":"2022-01-10T11:38:00+00:00","author":{"@id":"https:\/\/www.rri.ro\/#\/schema\/person\/70ee98042ca8b95ae29876ed4848670e"},"breadcrumb":{"@id":"https:\/\/www.rri.ro\/ro_ar\/cultura-si-adet-armanesti\/oaspit-la-microfonlu-rri\/stanea-ditu-vali-id661087.html#breadcrumb"},"inLanguage":"ro-AR","potentialAction":[{"@type":"ReadAction","target":["https:\/\/www.rri.ro\/ro_ar\/cultura-si-adet-armanesti\/oaspit-la-microfonlu-rri\/stanea-ditu-vali-id661087.html"]}]},{"@type":"ImageObject","inLanguage":"ro-AR","@id":"https:\/\/www.rri.ro\/ro_ar\/cultura-si-adet-armanesti\/oaspit-la-microfonlu-rri\/stanea-ditu-vali-id661087.html#primaryimage","url":"https:\/\/www.rri.ro\/wp-content\/uploads\/2023\/10\/schi-stana-de-vale-foto-facebook-skistanadevale.png","contentUrl":"https:\/\/www.rri.ro\/wp-content\/uploads\/2023\/10\/schi-stana-de-vale-foto-facebook-skistanadevale.png","width":640,"height":480},{"@type":"BreadcrumbList","@id":"https:\/\/www.rri.ro\/ro_ar\/cultura-si-adet-armanesti\/oaspit-la-microfonlu-rri\/stanea-ditu-vali-id661087.html#breadcrumb","itemListElement":[{"@type":"ListItem","position":1,"name":"Prima pagin\u0103","item":"https:\/\/www.rri.ro\/ro_ar"},{"@type":"ListItem","position":2,"name":"Cultur\u0103 \u015fi ade\u0163 arm\u00e2ne\u015fti","item":"https:\/\/www.rri.ro\/ro_ar\/cultura-si-adet-armanesti"},{"@type":"ListItem","position":3,"name":"Oaspi\u0163 la microfonlu RRI","item":"https:\/\/www.rri.ro\/ro_ar\/cultura-si-adet-armanesti\/oaspit-la-microfonlu-rri"},{"@type":"ListItem","position":4,"name":"Stanea ditu Vali"}]},{"@type":"WebSite","@id":"https:\/\/www.rri.ro\/#website","url":"https:\/\/www.rri.ro\/","name":"Radio Rom\u00e2nia Interna\u021bional","description":"Totul despre Rom\u00e2nia \u015fi rom\u00e2ni, \u00een 13 limbi\/dialecte!","inLanguage":"ro-AR"},{"@type":"Person","@id":"https:\/\/www.rri.ro\/#\/schema\/person\/70ee98042ca8b95ae29876ed4848670e","name":"Ana-Maria Cononovici","url":"https:\/\/www.rri.ro\/ro_ar\/author\/ana-maria-cononovici"}]}},"_links":{"self":[{"href":"https:\/\/www.rri.ro\/ro_ar\/wp-json\/wp\/v2\/posts\/661087","targetHints":{"allow":["GET"]}}],"collection":[{"href":"https:\/\/www.rri.ro\/ro_ar\/wp-json\/wp\/v2\/posts"}],"about":[{"href":"https:\/\/www.rri.ro\/ro_ar\/wp-json\/wp\/v2\/types\/post"}],"author":[{"embeddable":true,"href":"https:\/\/www.rri.ro\/ro_ar\/wp-json\/wp\/v2\/users\/126"}],"replies":[{"embeddable":true,"href":"https:\/\/www.rri.ro\/ro_ar\/wp-json\/wp\/v2\/comments?post=661087"}],"version-history":[{"count":0,"href":"https:\/\/www.rri.ro\/ro_ar\/wp-json\/wp\/v2\/posts\/661087\/revisions"}],"wp:featuredmedia":[{"embeddable":true,"href":"https:\/\/www.rri.ro\/ro_ar\/wp-json\/wp\/v2\/media\/326116"}],"wp:attachment":[{"href":"https:\/\/www.rri.ro\/ro_ar\/wp-json\/wp\/v2\/media?parent=661087"}],"wp:term":[{"taxonomy":"category","embeddable":true,"href":"https:\/\/www.rri.ro\/ro_ar\/wp-json\/wp\/v2\/categories?post=661087"},{"taxonomy":"post_tag","embeddable":true,"href":"https:\/\/www.rri.ro\/ro_ar\/wp-json\/wp\/v2\/tags?post=661087"},{"taxonomy":"author","embeddable":true,"href":"https:\/\/www.rri.ro\/ro_ar\/wp-json\/wp\/v2\/coauthors?post=661087"}],"curies":[{"name":"wp","href":"https:\/\/api.w.org\/{rel}","templated":true}]}}