{"id":661156,"date":"2022-06-09T17:54:00","date_gmt":"2022-06-09T14:54:00","guid":{"rendered":"http:\/\/devrri.freshlemon.ro\/actualitati\/efectili-a-polimlui-ditu-ucraina-id661156.html"},"modified":"2022-06-09T17:54:00","modified_gmt":"2022-06-09T14:54:00","slug":"efectili-a-polimlui-ditu-ucraina","status":"publish","type":"post","link":"https:\/\/www.rri.ro\/ro_ar\/cultura-si-adet-armanesti\/oaspit-la-microfonlu-rri\/efectili-a-polimlui-ditu-ucraina-id661156.html","title":{"rendered":"Efectili a polimlui ditu Ucraina"},"content":{"rendered":"<p>Polimlu ditu Ucraina va s\u2019influen\u0163eadz\u0103 negativ, anlu aestu, crea\u015ftirea economic\u0103 mondial\u0103, ama \u015fi infla\u0163ia, iar pro\u0163eslu va s\u2019lundzeasc\u0103 \u015fi anlu yinitoru, fa\u0163i timbihi Organiza\u0163ia ti Coopearare \u015fi Dizvoltare Economic\u0103 (OCDI). <\/p>\n<p>&#13;<br \/>\n&#13;<\/p>\n<p>Tu a\u0163elu ditu soni raportu mutrinda perspectivele economiilei mondiale, Organiza\u0163ia nu excludi nica \u015fi un\u0103 asp\u0103rdzeari a catandisillei, cum \u015fi al\u0103ncearea alti \u015focuri cari s\u2019minteasc\u0103 arada economic\u0103. OCDI, cari adun\u0103 38 di v\u0103silii dizvoltate \u015fi cu economii tru expansiune ditu lumea tut\u0103, \u015f-am\u0103n\u0103 raportul di cathi anu mutrinda previziunile economi\u0163i, publicat di arada tru meslu mar\u0163u, di itia a aputrusearillei nkisiti di Rusia contra ali Ucraina pi 24 di \u015fcurtu, fur\u00f1ia ali\u015ftei am\u0103nari hiinda incertitudituea mutrinda evolu\u0163ia \u015fi efectili economi\u0163i a conflictului. <\/p>\n<p>&#13;<br \/>\n&#13;<\/p>\n<p>&#13;<br \/>\n&#13;<\/p>\n<p>OCDI prognozeadz\u0103 un\u0103 crea\u015ftire a economiillei mondiale di 3% andicra di 4,5%,c\u00e2t eara previziunea di ma ninti. Anlu yinitoru, crea\u015ftirea cam ava s-ay\u0103liseasc\u0103, di va s\u2019agiung\u0103 la 2,8% andicra di 3,2%, c\u00e2t eara prognozat. Tru idyiulu kiro, infla\u0163ia va s\u2019angreac\u0103 cabaia tru economii \u015fi tru putearea di ancup\u0103rari a popula\u0163iillei, c\u0103\u0163e s\u2019a\u015fteapt\u0103 c\u0103 ea s\u2019agiung\u0103 la 8,5% pi livel mondial, un\u0103 valoari diplo andicra di is\u0103kili di ma ninti. <\/p>\n<p>&#13;<br \/>\n&#13;<\/p>\n<p>&#13;<br \/>\n&#13;<\/p>\n<p><em>Criza uminitar\u0103 s-dizv\u0103rtea\u015fti cum ocllilli a no\u015ftri, al\u0103s\u00e2nda din\u0103poi \u00f1illi di mor\u0163\u0103 di bag\u0103 zori ti \u00f1illi di arifuga\u0163 tra \u015f-alas\u0103 casili \u015fi fuvirsinda redresarea economic\u0103 pe cari tu\u0163 u a\u015ftiptam dup\u0103 doi ani di pandimie<\/em>, s\u0103 spuni tru raportu. <\/p>\n<p>&#13;<br \/>\n&#13;<\/p>\n<p>&#13;<br \/>\n&#13;<\/p>\n<p>Influen\u0163a major\u0103 ali Rusie \u015fi ali Ucrain\u0103 tru economia mondial\u0103 easti dat\u0103 di rolul pe cari eale \u00eelu gioac\u0103tru harea di furnizor di p\u0103rm\u0103tii pi mai multi p\u0103z\u0103ri. Diadunu, ateali dau\u0103 v\u0103silii reprezint\u0103 aproapea 30% ditu exportul mondial di g\u0103rnu, 15% ti misuru, 20% ti cuprii agricole, minerale \u015fi gaze naturale \u015fi 11% ti exportul di petrol. Diapoa, \u015fingirili di aprovizionare mondiale suntu tributare tr\u0103 exporturli ruse\u015fti \u015fi ucrainene di metale \u015fi gaze aretki. P\u0103hadzlli a tut\u0103loru alu\u015ftoru p\u0103rm\u0103tii criscur\u0103 dup\u0103 diclan\u015farea a polimlui, cu consecin\u0163e greali ti economiili a multor v\u0103silii. Curmarea a exporturlor di g\u0103rnu poati s\u2019aib\u0103 ca efectu un\u0103 ixiki alimentar\u0103 sert\u0103 cari s\u2019duc\u0103 la cadialihea f\u0103nicadz umanitari tru nisc\u0103nti v\u0103silii \u0163i suntu pi cali di dizvultare. Ma multu, criza di cuprii tr\u0103 culturli agricole va s\u2019aib\u0103 ca efectu produc\u0163ii sc\u0103dzute, lucru \u0163i va u amplifica criza alimentar\u0103. <\/p>\n<p>&#13;<br \/>\n&#13;<\/p>\n<p>&#13;<br \/>\n&#13;<\/p>\n<p>Dipendint\u0103 tu nai marea parti di energie ditu Rusia, UE va s\u2019hib\u0103 nai z\u00f1iipsit\u0103 di consecin\u0163ili a conflictului di la sinurli a llei. Tru raportul OCDI, zona euro va s\u2019nreghistreadz\u0103 un\u0103 crea\u015ftire di 2,6% anlu aestu \u015fi di 1,6 tru 2023, dup\u0103 \u0163i, ma ninti, previziona ma multu andi di diplo. Un\u0103 poten\u0163ial\u0103 curmari din\u0103oar\u0103 a livr\u0103rilor di gaze ruse\u015fti c\u0103tr\u0103 Europa, un\u0103 crea\u015ftire niacumtinat\u0103 a p\u0103hadzloru la energie ili cutulbur\u0103ri a \u015fingiriloru di aprovizionare oati s\u2019aib\u0103 z\u00f1ii aputrusitoari tr\u0103 economiili europene. Explozia infla\u0163iillei poati s-duc\u0103 la cri\u015fteri din\u0103oar\u0103 la ratili a tocurloru di c\u0103tr\u0103 b\u0103n\u0163\u0103li \u0163entrale, fuvirsinda nica ma multu redresarea economic\u0103 agiumt\u0103 instabil\u0103, cuncileadz\u0103 raportul.<\/p>\n<p>&#13;<br \/>\n&#13;<\/p>\n<p>&#13;<br \/>\n&#13;<\/p>\n<p>Autoru: Mihai Pelin<\/p>\n<p>&#13;<br \/>\n&#13;<\/p>\n<p>Arm\u00e2nipsearea: Ta\u015fcu Lala<\/p>\n<p>&#13;<br \/>\n&#13;<\/p>\n<p>&#13;<br \/>\n&#13;<\/p>\n<div style=margin-left:22.5pt;> <\/div>\n<p>&#13;<br \/>\n&#13;<\/p>\n<p>&#13;<br \/>\n&#13;<\/p>\n<p>&#13;<\/p>\n","protected":false},"excerpt":{"rendered":"<p>Polimlu ditu Ucraina fea\u0163i ca perspectivili economi\u0163i shib\u0103 multu ma slabi.<\/p>\n","protected":false},"author":106,"featured_media":92497,"comment_status":"closed","ping_status":"closed","sticky":false,"template":"","format":"standard","meta":{"_acf_changed":false,"footnotes":""},"categories":[48847],"tags":[47435,47342,47274,47451,134057,134058],"coauthors":[],"class_list":["post-661156","post","type-post","status-publish","format-standard","has-post-thumbnail","hentry","category-oaspit-la-microfonlu-rri","tag-arifugat","tag-energie","tag-inflatie","tag-polimu-tru-ucraina","tag-raport-ocdi","tag-yiptu"],"acf":[],"yoast_head":"<!-- This site is optimized with the Yoast SEO plugin v27.3 - https:\/\/yoast.com\/product\/yoast-seo-wordpress\/ -->\n<title>Efectili a polimlui ditu Ucraina - Radio Rom\u00e2nia Interna\u021bional<\/title>\n<meta name=\"robots\" content=\"index, follow, max-snippet:-1, max-image-preview:large, max-video-preview:-1\" \/>\n<link rel=\"canonical\" href=\"https:\/\/www.rri.ro\/ro_ar\/cultura-si-adet-armanesti\/oaspit-la-microfonlu-rri\/efectili-a-polimlui-ditu-ucraina-id661156.html\" \/>\n<meta property=\"og:locale\" content=\"ro_RO\" \/>\n<meta property=\"og:type\" content=\"article\" \/>\n<meta property=\"og:title\" content=\"Efectili a polimlui ditu Ucraina - Radio Rom\u00e2nia Interna\u021bional\" \/>\n<meta property=\"og:description\" content=\"Polimlu ditu Ucraina fea\u0163i ca perspectivili economi\u0163i shib\u0103 multu ma slabi.\" \/>\n<meta property=\"og:url\" content=\"https:\/\/www.rri.ro\/ro_ar\/cultura-si-adet-armanesti\/oaspit-la-microfonlu-rri\/efectili-a-polimlui-ditu-ucraina-id661156.html\" \/>\n<meta property=\"og:site_name\" content=\"Radio Rom\u00e2nia Interna\u021bional\" \/>\n<meta property=\"article:published_time\" content=\"2022-06-09T14:54:00+00:00\" \/>\n<meta property=\"og:image\" content=\"https:\/\/www.rri.ro\/wp-content\/uploads\/2023\/10\/logo-OCDE.png\" \/>\n\t<meta property=\"og:image:width\" content=\"640\" \/>\n\t<meta property=\"og:image:height\" content=\"427\" \/>\n\t<meta property=\"og:image:type\" content=\"image\/png\" \/>\n<meta name=\"author\" content=\"Mihai Pelin\" \/>\n<meta name=\"twitter:card\" content=\"summary_large_image\" \/>\n<meta name=\"twitter:label1\" content=\"Written by\" \/>\n\t<meta name=\"twitter:data1\" content=\"Mihai Pelin\" \/>\n\t<meta name=\"twitter:label2\" content=\"Est. reading time\" \/>\n\t<meta name=\"twitter:data2\" content=\"3 minutes\" \/>\n<script type=\"application\/ld+json\" class=\"yoast-schema-graph\">{\"@context\":\"https:\\\/\\\/schema.org\",\"@graph\":[{\"@type\":\"Article\",\"@id\":\"https:\\\/\\\/www.rri.ro\\\/ro_ar\\\/cultura-si-adet-armanesti\\\/oaspit-la-microfonlu-rri\\\/efectili-a-polimlui-ditu-ucraina-id661156.html#article\",\"isPartOf\":{\"@id\":\"https:\\\/\\\/www.rri.ro\\\/ro_ar\\\/cultura-si-adet-armanesti\\\/oaspit-la-microfonlu-rri\\\/efectili-a-polimlui-ditu-ucraina-id661156.html\"},\"author\":{\"name\":\"Mihai Pelin\",\"@id\":\"https:\\\/\\\/www.rri.ro\\\/#\\\/schema\\\/person\\\/c6036c822534c855dc3aad41a484f05d\"},\"headline\":\"Efectili a polimlui ditu Ucraina\",\"datePublished\":\"2022-06-09T14:54:00+00:00\",\"mainEntityOfPage\":{\"@id\":\"https:\\\/\\\/www.rri.ro\\\/ro_ar\\\/cultura-si-adet-armanesti\\\/oaspit-la-microfonlu-rri\\\/efectili-a-polimlui-ditu-ucraina-id661156.html\"},\"wordCount\":560,\"image\":{\"@id\":\"https:\\\/\\\/www.rri.ro\\\/ro_ar\\\/cultura-si-adet-armanesti\\\/oaspit-la-microfonlu-rri\\\/efectili-a-polimlui-ditu-ucraina-id661156.html#primaryimage\"},\"thumbnailUrl\":\"https:\\\/\\\/www.rri.ro\\\/wp-content\\\/uploads\\\/2023\\\/10\\\/logo-OCDE.png\",\"keywords\":[\"arifugat\",\"energie\",\"inflatie\",\"polimu tru Ucraina\",\"raport OCDI\",\"yiptu\"],\"articleSection\":[\"Oaspi\u0163 la microfonlu RRI\"],\"inLanguage\":\"ro-AR\"},{\"@type\":\"WebPage\",\"@id\":\"https:\\\/\\\/www.rri.ro\\\/ro_ar\\\/cultura-si-adet-armanesti\\\/oaspit-la-microfonlu-rri\\\/efectili-a-polimlui-ditu-ucraina-id661156.html\",\"url\":\"https:\\\/\\\/www.rri.ro\\\/ro_ar\\\/cultura-si-adet-armanesti\\\/oaspit-la-microfonlu-rri\\\/efectili-a-polimlui-ditu-ucraina-id661156.html\",\"name\":\"Efectili a polimlui ditu Ucraina - Radio Rom\u00e2nia Interna\u021bional\",\"isPartOf\":{\"@id\":\"https:\\\/\\\/www.rri.ro\\\/#website\"},\"primaryImageOfPage\":{\"@id\":\"https:\\\/\\\/www.rri.ro\\\/ro_ar\\\/cultura-si-adet-armanesti\\\/oaspit-la-microfonlu-rri\\\/efectili-a-polimlui-ditu-ucraina-id661156.html#primaryimage\"},\"image\":{\"@id\":\"https:\\\/\\\/www.rri.ro\\\/ro_ar\\\/cultura-si-adet-armanesti\\\/oaspit-la-microfonlu-rri\\\/efectili-a-polimlui-ditu-ucraina-id661156.html#primaryimage\"},\"thumbnailUrl\":\"https:\\\/\\\/www.rri.ro\\\/wp-content\\\/uploads\\\/2023\\\/10\\\/logo-OCDE.png\",\"datePublished\":\"2022-06-09T14:54:00+00:00\",\"author\":{\"@id\":\"https:\\\/\\\/www.rri.ro\\\/#\\\/schema\\\/person\\\/c6036c822534c855dc3aad41a484f05d\"},\"breadcrumb\":{\"@id\":\"https:\\\/\\\/www.rri.ro\\\/ro_ar\\\/cultura-si-adet-armanesti\\\/oaspit-la-microfonlu-rri\\\/efectili-a-polimlui-ditu-ucraina-id661156.html#breadcrumb\"},\"inLanguage\":\"ro-AR\",\"potentialAction\":[{\"@type\":\"ReadAction\",\"target\":[\"https:\\\/\\\/www.rri.ro\\\/ro_ar\\\/cultura-si-adet-armanesti\\\/oaspit-la-microfonlu-rri\\\/efectili-a-polimlui-ditu-ucraina-id661156.html\"]}]},{\"@type\":\"ImageObject\",\"inLanguage\":\"ro-AR\",\"@id\":\"https:\\\/\\\/www.rri.ro\\\/ro_ar\\\/cultura-si-adet-armanesti\\\/oaspit-la-microfonlu-rri\\\/efectili-a-polimlui-ditu-ucraina-id661156.html#primaryimage\",\"url\":\"https:\\\/\\\/www.rri.ro\\\/wp-content\\\/uploads\\\/2023\\\/10\\\/logo-OCDE.png\",\"contentUrl\":\"https:\\\/\\\/www.rri.ro\\\/wp-content\\\/uploads\\\/2023\\\/10\\\/logo-OCDE.png\",\"width\":640,\"height\":427},{\"@type\":\"BreadcrumbList\",\"@id\":\"https:\\\/\\\/www.rri.ro\\\/ro_ar\\\/cultura-si-adet-armanesti\\\/oaspit-la-microfonlu-rri\\\/efectili-a-polimlui-ditu-ucraina-id661156.html#breadcrumb\",\"itemListElement\":[{\"@type\":\"ListItem\",\"position\":1,\"name\":\"Prima pagin\u0103\",\"item\":\"https:\\\/\\\/www.rri.ro\\\/ro_ar\"},{\"@type\":\"ListItem\",\"position\":2,\"name\":\"Cultur\u0103 \u015fi ade\u0163 arm\u00e2ne\u015fti\",\"item\":\"https:\\\/\\\/www.rri.ro\\\/ro_ar\\\/cultura-si-adet-armanesti\"},{\"@type\":\"ListItem\",\"position\":3,\"name\":\"Oaspi\u0163 la microfonlu RRI\",\"item\":\"https:\\\/\\\/www.rri.ro\\\/ro_ar\\\/cultura-si-adet-armanesti\\\/oaspit-la-microfonlu-rri\"},{\"@type\":\"ListItem\",\"position\":4,\"name\":\"Efectili a polimlui ditu Ucraina\"}]},{\"@type\":\"WebSite\",\"@id\":\"https:\\\/\\\/www.rri.ro\\\/#website\",\"url\":\"https:\\\/\\\/www.rri.ro\\\/\",\"name\":\"Radio Rom\u00e2nia Interna\u021bional\",\"description\":\"Totul despre Rom\u00e2nia \u015fi rom\u00e2ni, \u00een 13 limbi\\\/dialecte!\",\"inLanguage\":\"ro-AR\"},{\"@type\":\"Person\",\"@id\":\"https:\\\/\\\/www.rri.ro\\\/#\\\/schema\\\/person\\\/c6036c822534c855dc3aad41a484f05d\",\"name\":\"Mihai Pelin\",\"url\":\"https:\\\/\\\/www.rri.ro\\\/ro_ar\\\/author\\\/mihai-pelin\"}]}<\/script>\n<!-- \/ Yoast SEO plugin. -->","yoast_head_json":{"title":"Efectili a polimlui ditu Ucraina - Radio Rom\u00e2nia Interna\u021bional","robots":{"index":"index","follow":"follow","max-snippet":"max-snippet:-1","max-image-preview":"max-image-preview:large","max-video-preview":"max-video-preview:-1"},"canonical":"https:\/\/www.rri.ro\/ro_ar\/cultura-si-adet-armanesti\/oaspit-la-microfonlu-rri\/efectili-a-polimlui-ditu-ucraina-id661156.html","og_locale":"ro_RO","og_type":"article","og_title":"Efectili a polimlui ditu Ucraina - Radio Rom\u00e2nia Interna\u021bional","og_description":"Polimlu ditu Ucraina fea\u0163i ca perspectivili economi\u0163i shib\u0103 multu ma slabi.","og_url":"https:\/\/www.rri.ro\/ro_ar\/cultura-si-adet-armanesti\/oaspit-la-microfonlu-rri\/efectili-a-polimlui-ditu-ucraina-id661156.html","og_site_name":"Radio Rom\u00e2nia Interna\u021bional","article_published_time":"2022-06-09T14:54:00+00:00","og_image":[{"width":640,"height":427,"url":"https:\/\/www.rri.ro\/wp-content\/uploads\/2023\/10\/logo-OCDE.png","type":"image\/png"}],"author":"Mihai Pelin","twitter_card":"summary_large_image","twitter_misc":{"Written by":"Mihai Pelin","Est. reading time":"3 minutes"},"schema":{"@context":"https:\/\/schema.org","@graph":[{"@type":"Article","@id":"https:\/\/www.rri.ro\/ro_ar\/cultura-si-adet-armanesti\/oaspit-la-microfonlu-rri\/efectili-a-polimlui-ditu-ucraina-id661156.html#article","isPartOf":{"@id":"https:\/\/www.rri.ro\/ro_ar\/cultura-si-adet-armanesti\/oaspit-la-microfonlu-rri\/efectili-a-polimlui-ditu-ucraina-id661156.html"},"author":{"name":"Mihai Pelin","@id":"https:\/\/www.rri.ro\/#\/schema\/person\/c6036c822534c855dc3aad41a484f05d"},"headline":"Efectili a polimlui ditu Ucraina","datePublished":"2022-06-09T14:54:00+00:00","mainEntityOfPage":{"@id":"https:\/\/www.rri.ro\/ro_ar\/cultura-si-adet-armanesti\/oaspit-la-microfonlu-rri\/efectili-a-polimlui-ditu-ucraina-id661156.html"},"wordCount":560,"image":{"@id":"https:\/\/www.rri.ro\/ro_ar\/cultura-si-adet-armanesti\/oaspit-la-microfonlu-rri\/efectili-a-polimlui-ditu-ucraina-id661156.html#primaryimage"},"thumbnailUrl":"https:\/\/www.rri.ro\/wp-content\/uploads\/2023\/10\/logo-OCDE.png","keywords":["arifugat","energie","inflatie","polimu tru Ucraina","raport OCDI","yiptu"],"articleSection":["Oaspi\u0163 la microfonlu RRI"],"inLanguage":"ro-AR"},{"@type":"WebPage","@id":"https:\/\/www.rri.ro\/ro_ar\/cultura-si-adet-armanesti\/oaspit-la-microfonlu-rri\/efectili-a-polimlui-ditu-ucraina-id661156.html","url":"https:\/\/www.rri.ro\/ro_ar\/cultura-si-adet-armanesti\/oaspit-la-microfonlu-rri\/efectili-a-polimlui-ditu-ucraina-id661156.html","name":"Efectili a polimlui ditu Ucraina - Radio Rom\u00e2nia Interna\u021bional","isPartOf":{"@id":"https:\/\/www.rri.ro\/#website"},"primaryImageOfPage":{"@id":"https:\/\/www.rri.ro\/ro_ar\/cultura-si-adet-armanesti\/oaspit-la-microfonlu-rri\/efectili-a-polimlui-ditu-ucraina-id661156.html#primaryimage"},"image":{"@id":"https:\/\/www.rri.ro\/ro_ar\/cultura-si-adet-armanesti\/oaspit-la-microfonlu-rri\/efectili-a-polimlui-ditu-ucraina-id661156.html#primaryimage"},"thumbnailUrl":"https:\/\/www.rri.ro\/wp-content\/uploads\/2023\/10\/logo-OCDE.png","datePublished":"2022-06-09T14:54:00+00:00","author":{"@id":"https:\/\/www.rri.ro\/#\/schema\/person\/c6036c822534c855dc3aad41a484f05d"},"breadcrumb":{"@id":"https:\/\/www.rri.ro\/ro_ar\/cultura-si-adet-armanesti\/oaspit-la-microfonlu-rri\/efectili-a-polimlui-ditu-ucraina-id661156.html#breadcrumb"},"inLanguage":"ro-AR","potentialAction":[{"@type":"ReadAction","target":["https:\/\/www.rri.ro\/ro_ar\/cultura-si-adet-armanesti\/oaspit-la-microfonlu-rri\/efectili-a-polimlui-ditu-ucraina-id661156.html"]}]},{"@type":"ImageObject","inLanguage":"ro-AR","@id":"https:\/\/www.rri.ro\/ro_ar\/cultura-si-adet-armanesti\/oaspit-la-microfonlu-rri\/efectili-a-polimlui-ditu-ucraina-id661156.html#primaryimage","url":"https:\/\/www.rri.ro\/wp-content\/uploads\/2023\/10\/logo-OCDE.png","contentUrl":"https:\/\/www.rri.ro\/wp-content\/uploads\/2023\/10\/logo-OCDE.png","width":640,"height":427},{"@type":"BreadcrumbList","@id":"https:\/\/www.rri.ro\/ro_ar\/cultura-si-adet-armanesti\/oaspit-la-microfonlu-rri\/efectili-a-polimlui-ditu-ucraina-id661156.html#breadcrumb","itemListElement":[{"@type":"ListItem","position":1,"name":"Prima pagin\u0103","item":"https:\/\/www.rri.ro\/ro_ar"},{"@type":"ListItem","position":2,"name":"Cultur\u0103 \u015fi ade\u0163 arm\u00e2ne\u015fti","item":"https:\/\/www.rri.ro\/ro_ar\/cultura-si-adet-armanesti"},{"@type":"ListItem","position":3,"name":"Oaspi\u0163 la microfonlu RRI","item":"https:\/\/www.rri.ro\/ro_ar\/cultura-si-adet-armanesti\/oaspit-la-microfonlu-rri"},{"@type":"ListItem","position":4,"name":"Efectili a polimlui ditu Ucraina"}]},{"@type":"WebSite","@id":"https:\/\/www.rri.ro\/#website","url":"https:\/\/www.rri.ro\/","name":"Radio Rom\u00e2nia Interna\u021bional","description":"Totul despre Rom\u00e2nia \u015fi rom\u00e2ni, \u00een 13 limbi\/dialecte!","inLanguage":"ro-AR"},{"@type":"Person","@id":"https:\/\/www.rri.ro\/#\/schema\/person\/c6036c822534c855dc3aad41a484f05d","name":"Mihai Pelin","url":"https:\/\/www.rri.ro\/ro_ar\/author\/mihai-pelin"}]}},"_links":{"self":[{"href":"https:\/\/www.rri.ro\/ro_ar\/wp-json\/wp\/v2\/posts\/661156","targetHints":{"allow":["GET"]}}],"collection":[{"href":"https:\/\/www.rri.ro\/ro_ar\/wp-json\/wp\/v2\/posts"}],"about":[{"href":"https:\/\/www.rri.ro\/ro_ar\/wp-json\/wp\/v2\/types\/post"}],"author":[{"embeddable":true,"href":"https:\/\/www.rri.ro\/ro_ar\/wp-json\/wp\/v2\/users\/106"}],"replies":[{"embeddable":true,"href":"https:\/\/www.rri.ro\/ro_ar\/wp-json\/wp\/v2\/comments?post=661156"}],"version-history":[{"count":0,"href":"https:\/\/www.rri.ro\/ro_ar\/wp-json\/wp\/v2\/posts\/661156\/revisions"}],"wp:featuredmedia":[{"embeddable":true,"href":"https:\/\/www.rri.ro\/ro_ar\/wp-json\/wp\/v2\/media\/92497"}],"wp:attachment":[{"href":"https:\/\/www.rri.ro\/ro_ar\/wp-json\/wp\/v2\/media?parent=661156"}],"wp:term":[{"taxonomy":"category","embeddable":true,"href":"https:\/\/www.rri.ro\/ro_ar\/wp-json\/wp\/v2\/categories?post=661156"},{"taxonomy":"post_tag","embeddable":true,"href":"https:\/\/www.rri.ro\/ro_ar\/wp-json\/wp\/v2\/tags?post=661156"},{"taxonomy":"author","embeddable":true,"href":"https:\/\/www.rri.ro\/ro_ar\/wp-json\/wp\/v2\/coauthors?post=661156"}],"curies":[{"name":"wp","href":"https:\/\/api.w.org\/{rel}","templated":true}]}}