{"id":769615,"date":"2024-05-25T16:06:40","date_gmt":"2024-05-25T13:06:40","guid":{"rendered":"https:\/\/www.rri.ro\/?p=769615"},"modified":"2024-05-25T16:06:40","modified_gmt":"2024-05-25T13:06:40","slug":"nai-ma-marli-evenimenti-a-stamanallei-ti-tricu-12-05-18-05-2024","status":"publish","type":"post","link":"https:\/\/www.rri.ro\/ro_ar\/actualitati\/eveniment-top-ro_ar\/nai-ma-marli-evenimenti-a-stamanallei-ti-tricu-12-05-18-05-2024-id769615.html","title":{"rendered":"Nai ma m\u0103rli evenimenti a st\u00e2m\u00e2n\u00e2llei \u021bi tricu 12.05 \u2013 18.05.2024"},"content":{"rendered":"<p><strong>Protestili a aruga\u021blor ditu Rom\u00e2nie<\/strong><\/p>\n<p>St\u00e2m\u00e2na ahurhi cu protestul a Bloclui Na\u021bional Sindical ditu Rom\u00e2nie \u0219-a a\u021bilor 29 di federa\u021bii afiliati andicra di livellu criscut a impozitarillei pi lucru. \u00c2ndau\u00e2 \u00f1illi di sindicali\u0219\u021b\u00e2 andreapsir\u00e2 un\u00e2 adunari dinintea a Chivernisillei, c\u00e2ft\u00e2ndalui sc\u00e2dearea a impozitilor, \u021bi li luyursescu para m\u0103ri andicra di ti\u00f1ia di cathi mesu. Protestatarilli minduescu c\u0103 aest\u00e2 catastisi di tora nu l\u00e2 da curai a oami\u00f1lor ta s-lucreadz\u00e2, iara taxili m\u0103ri duc la cri\u0219terea a lucrului pi p\u00e2zarea lai. Uidisitu cu Bloclu Na\u021bional Sindical, Rom\u00e2nia easti singura v\u00e2silie ditu lumi iu contribu\u0163iili a mediului di emburl\u00e2chi la sistemlu di securitati su\u021bial\u00e2 fur\u00e2 b\u00e2gati pi zverca a aruga\u021bloru ahurhiindalui cu anlu 2018.<\/p>\n<p>BNS fea\u021bi t\u00e2mbihi c\u0103 Rom\u00e2nia ari, tora di oar\u00e2, un\u00e2 ditu nai ma m\u0103rli borgi fiscali pi custusearea a for\u0163\u00e2llei di lucru ditu UE: 42,8% andicra di 38,6% media evropean\u00e2. Tutn\u00e2oar\u00e2, uidisitu cu BNS, \u021bi scoati tu migdani datili Eurostat, arudzli \u00f1i\u021b \u015fi taxarea multu mari u fea\u021bir\u00e2 Rom\u00e2nia s-aib\u00e2 treia nai ma sc\u00e2dzut\u00e2 rat\u00e2 a for\u0163\u00e2llei di lucru ditu UE tu 2023, dup\u00e2 Italia \u015f-G\u00e2r\u021bia. Ma\u0219i 69% ditu rom\u00e2\u00f1illi cu ilichia anamisa di 20 \u015fi 64 di a\u00f1i lucreadz\u00e2, \u021bi va s-dz\u00e2c\u00e2 c\u0103 aproapea un\u00e2 treimi ditu rom\u00e2\u00f1i nu lucreadz\u00e2.<\/p>\n<p>Pi di alt\u00e2 parti, datili a Institutlui Na\u021bional di Statistic\u00e2 scotu tu padi c\u0103 ti\u00f1ia medie brut\u00e2 di cathi mesu agiumsi tu meslu martsu la 8.500 lei (v\u00e2r\u00e2 1.700 di evradz), iara valoarea net\u00e2 fu di 5.185 lei (1.040 di evradz), \u021bi va s-dz\u00e2c\u00e2 un\u00e2 cri\u0219teari di cama di 6% andicra di meslu di ma ninti \u015f-aproapea 14 pro\u021benti andicra di meslu mar\u021bu 2023. La p\u00e2r\u00e2st\u00e2seara a raportului ti infla\u021bie, guvernatorlu Mugur Is\u00e2rescu fea\u021bi t\u00e2mbihi c\u0103 tu Rom\u00e2nie ti\u00f1ia di cathi mesu crea\u0219ti di arada ma multu di productivitati, iara aestu lucru agudea\u0219ti \u0219i infla\u0163ia. A\u0219i,  BNR al\u00e2xi pi cri\u0219teari prognoza di infla\u021bie ti bitisita alu\u0219tui anu, di la 4,7 la 4,9%. Uidisitu, ama, cu prognoza di primvear\u00e2 ali Comisie Evropean\u00e2, Rom\u00e2nia va s-aib\u00e2 tu bitisita a anlui 2024, un\u00e2 infla\u021bie di aproapea 6 pro\u021benti, ma mult di dipl\u00e2 andicra di media evropean\u00e2 minduit\u00e2. Mugur Is\u00e2rescu exiyisi, tu contextu, c\u0103 Rom\u00e2nia avu un ritmo ma ayalnicu di cri\u015fteari a infla\u0163illei tu a\u00f1illi di ma n\u00e2poi \u0219-tora, ari idyealui, un ritmo cama ayalnicu di sc\u00e2deari a alu\u0219tui indicator andicra di v\u00e2siliili ditu reghiuni cu cari f\u021bemu biani.<\/p>\n<p><strong>Nomuri ma serti tu Rom\u00e2nie<\/strong><\/p>\n<p>Parlamentul di Bucure\u0219ti apruche unu nomu prit cari \u0219oferilli ac\u00e2\u021ba\u021b ambita\u021b i droga\u021b la volan pot s-arm\u00e2n\u00e2 f\u00e2r\u00e2 permis auto ti unu chiro di p\u00e2n\u00e2 di dza\u021bi a\u00f1i. Documentul nu l\u00e2 da izini, tutn\u00e2oar\u00e2, ta s-am\u00e2n\u00e2 pideapsa cu ahapsea ti a\u021belli condamna\u0163 c\u0103 v\u00e2t\u00e2mar\u00e2 cu aftuchina pi v\u00e2r\u00e2, anda eara ambita\u021b i avea loat\u00e2 substan\u0163i psihoactivi. I\u021bido omu, ac\u00e2\u021batu tu trafic, anda u du\u021bea amaxea sum influen\u0163a a alcoollui ic\u0103 a substan\u0163ilor psihoactivi, pi ninga pideaps\u00e2, nu va s-aib\u00e2 izini s-u duc\u00e2 aftuchina p\u00e2n\u00e2 di 10 a\u00f1i, iara nu 5 a\u00f1i, cum easti tora. Maca ei adar\u00e2 unu ac\u021bidentu rutier \u0219-vat\u00e2m\u00e2 pi v\u00e2r\u00e2, pideapsa va s-hib\u00e2 anamisa di 15 \u015fi 25 di a\u00f1i di zundani. Ma multu, actul normativ pruveadi c\u0103 oami\u00f1illi ac\u00e2\u021ba\u021b cu substan\u0163i \u021bi suntu paranomu, nu va s-p\u00e2lteasc\u00e2 ma\u0219i girim\u00e9, ama va s-adar\u00e2 \u0219-ahapsi. Leghislativlu rom\u00e2n apruche \u0219-nomlu \u021bi pruveadi c\u0103 oami\u00f1illi \u021bi lipsea\u0219ti s-hib\u00e2 arca\u021b tu zundani, ama fudzir\u00e2 ditu v\u00e2silie, va s-lipseasc\u00e2 s-p\u00e2lteasc\u00e2 ti turnarea loru tu Rom\u00e2nie. Cratlu va \u0219-llia n\u00e2poi hargea ti adu\u021bearea a loru tu v\u00e2silie. Uidisitu cu ministrul a Giusti\u0163illei, Alina Gorghiu, p\u00e2radzlli h\u00e2rgiui\u021b ti cathi omu turnatu tu v\u00e2silie, ta s\u00e2-\u0219i adar\u00e2 aoa pideapsa, easti anamisa di ndau\u00e2 \u00f1illi di evradz \u015fi 25.000 di evradz, p\u00e2radz \u021bi tora \u00e2lli p\u00e2ltea\u0219ti cratlu, ama numirlu a condamna\u021bloru \u021bi llea calea a xeaniloru crea\u0219ti di anu-anu.<\/p>\n<p><strong>Rom\u00e2nia ari un\u00e2 Strateghie na\u021bional\u00e2 contra a traficlui di oami\u00f1i<\/strong><\/p>\n<p>C\u00e2t\u00e2yursit\u00e2 tu a\u00f1illi di ma ninti ti misurli f\u00e2r\u00e2 h\u00e2iri di d\u00e2n\u00e2seari a traficlui di oami\u00f1i, Rom\u00e2nia anchisi luni Strateghia na\u021bional\u00e2 contra a traficlui di oami\u00f1i 2024-2028 pritu cari-\u0219i pripuni s\u00e2 scad\u00e2 aestu fenomenu, s-afl\u00e2 victimili, s-l\u00e2 da asisten\u021b\u00e2 \u0219i s-pidipseasc\u00e2 trafican\u021b\u00e2lli. Andicra di ahurhita a a\u00f1ilor 2000, v\u00e2silia adr\u0103 jgllioati tr\u00e2 ninti tu gaire\u021bli di d\u00e2n\u00e2seari a fenomenlui, emu ti adrarea a planlui  legal, emu ti andridzearea institu\u0163ional\u00e2 di cari easti ananghi, ama ari nica multi lucri te-adrari, dz\u00e2cu a\u021belli \u021bi loar\u00e2 parti la anchisita a strateghillei. Uidisitu cu Ministerlu di Afaceri di Nuntru, Strateghia contra a traficlui di oami\u00f1i easti adrat\u00e2 pi patru sturi: s-lucreadz\u00e2 di ninti ta s-nu s-fac\u00e2 aht\u0103ri l\u00e2ie\u021b, s-pidipseasc\u00e2, s-veaglji \u0219i s-lucreadz\u00e2 deadunu cu alti institu\u021bii. Tutn\u00e2oar\u00e2, da unu planu limbidu di lucru \u021bi ari tu umuti f\u00e2\u021bearea ma bun\u00e2 a capa\u021bitatillei a t\u00e2t\u00e2loru structurlor \u021bi lucreadz\u00e2 ti d\u00e2n\u00e2searea a traficlui di oami\u00f1i. Uidisitu cu datili ali Aghen\u021bie Na\u021bional\u00e2 Contra a Traficlui di Oami\u00f1i, di la thimillusearea ali aghen\u021bie, tu 2005, dirmi aoa \u0219-19 di a\u00f1i, tu Rom\u00e2nie fur\u00e2 19.000 di victimi a traficlui di oami\u00f1 \u0219i cama di 4.000 di oami\u00f1i giudica\u021b. Tu contextu, autorit\u00e2\u0163li dz\u00e2cu c\u0103 s-aflar\u00e2 c\u0103lliuri di lucru, ari parteneriati \u015fi va s-hib\u00e2 dati \u0219i resursili uidisiti ti d\u00e2n\u00e2seara a  ali\u0219tei l\u00e2ea\u021b\u00e2\/bileai.<\/p>\n<p><strong>Portul Custan\u021ba ari 2 n\u0103i terminali<\/strong><\/p>\n<p>Portul rom\u00e2nescu Custan\u021ba la Amarea Lai va \u0219-adar\u00e2 ma mari capa\u021bitatea di lucru cu dau\u00e2 n\u0103i terminali. Unlu di eali va s-agiut\u00e2 la disc\u00e2rcarea a camioanilor pe ar\u00e2hotari \u00e2ndreptu di pi navi \u0219-va s-lucreadz\u00e2 cu p\u00e2n\u00e2 la 80.000 di aftuchini tu anu, iara unu terminalu cargo va s-lucreadz\u00e2 cu echipamenti agabariti\u021bi ti p\u00e2rm\u00e2tii greali \u015f-voluminoasi. N\u0103ili fa\u021bilit\u0103\u021b va s-duc\u00e2 la cri\u015ftearea a lig\u00e2turloru anamisa di servi\u021biili \u021bi suntu tora di transportu maritim \u015fi feroviar (calea di heru) tu Rom\u00e2nie, ama va s-aib\u00e2 h\u00e2iri \u0219-ti urdinarea a p\u00e2rm\u00e2tiiloru anamisa di Evropa continental\u00e2 \u015f-Amarea Lai, Amarea Adriatic\u00e2 \u015f-Amarea ditu Ara\u021bili\/Ncheari. Investi\u0163ia fu di v\u00e2r\u00e2 65 di miliuni di evradz, dezvoltat\u00e2 di compania DP WORLD ditu Dubai, Emiratili Arabi Uniti. Custan\u021ba easti nai ma marli portu di containeri di la Amarea Lai, iara anlu \u021bi yini lipsea\u0219ti s-di\u0219cllid\u00e2 aoa nica un\u00e2 platform\u00e2 multitransportu dup\u00e2 investi\u0163ii di 50 di miliuni di evradz adrati di idyea companie tu Rom\u00e2nie.<\/p>\n<p>Autor: Daniela Budu<br \/>\nApridu\u021bearea: Aurica Piha<\/p>\n","protected":false},"excerpt":{"rendered":"<p>Protestili a aruga\u021blor ditu Rom\u00e2nie St\u00e2m\u00e2na ahurhi cu protestul a Bloclui Na\u021bional Sindical ditu Rom\u00e2nie \u0219-a a\u021bilor 29 di federa\u021bii afiliati andicra di livellu criscut a impozitarillei pi lucru. \u00c2ndau\u00e2 \u00f1illi di sindicali\u0219\u021b\u00e2 andreapsir\u00e2 un\u00e2 adunari dinintea a Chivernisillei, c\u00e2ft\u00e2ndalui sc\u00e2dearea a impozitilor, \u021bi li luyursescu para m\u0103ri andicra di ti\u00f1ia di cathi mesu. Protestatarilli [&hellip;]<\/p>\n","protected":false},"author":187,"featured_media":615470,"comment_status":"closed","ping_status":"closed","sticky":false,"template":"","format":"standard","meta":{"_acf_changed":false,"footnotes":""},"categories":[46389],"tags":[47113,148320,148343,47834,46870,148321],"coauthors":[116465],"class_list":["post-769615","post","type-post","status-publish","format-standard","has-post-thumbnail","hentry","category-eveniment-top-ro_ar","tag-investitii","tag-amarea-adriatica","tag-giustitie","tag-nomuri","tag-protesti","tag-transportu-maritim-si-feroviar"],"acf":[],"yoast_head":"<!-- This site is optimized with the Yoast SEO plugin v27.5 - https:\/\/yoast.com\/product\/yoast-seo-wordpress\/ -->\n<title>Nai ma m\u0103rli evenimenti a st\u00e2m\u00e2n\u00e2llei \u021bi tricu 12.05 \u2013 18.05.2024 - Radio Rom\u00e2nia Interna\u021bional<\/title>\n<meta name=\"robots\" content=\"index, follow, max-snippet:-1, max-image-preview:large, max-video-preview:-1\" \/>\n<link rel=\"canonical\" href=\"https:\/\/www.rri.ro\/ro_ar\/actualitati\/eveniment-top-ro_ar\/nai-ma-marli-evenimenti-a-stamanallei-ti-tricu-12-05-18-05-2024-id769615.html\" \/>\n<meta property=\"og:locale\" content=\"ro_RO\" \/>\n<meta property=\"og:type\" content=\"article\" \/>\n<meta property=\"og:title\" content=\"Nai ma m\u0103rli evenimenti a st\u00e2m\u00e2n\u00e2llei \u021bi tricu 12.05 \u2013 18.05.2024 - Radio Rom\u00e2nia Interna\u021bional\" \/>\n<meta property=\"og:description\" content=\"Protestili a aruga\u021blor ditu Rom\u00e2nie St\u00e2m\u00e2na ahurhi cu protestul a Bloclui Na\u021bional Sindical ditu Rom\u00e2nie \u0219-a a\u021bilor 29 di federa\u021bii afiliati andicra di livellu criscut a impozitarillei pi lucru. \u00c2ndau\u00e2 \u00f1illi di sindicali\u0219\u021b\u00e2 andreapsir\u00e2 un\u00e2 adunari dinintea a Chivernisillei, c\u00e2ft\u00e2ndalui sc\u00e2dearea a impozitilor, \u021bi li luyursescu para m\u0103ri andicra di ti\u00f1ia di cathi mesu. Protestatarilli [&hellip;]\" \/>\n<meta property=\"og:url\" content=\"https:\/\/www.rri.ro\/ro_ar\/actualitati\/eveniment-top-ro_ar\/nai-ma-marli-evenimenti-a-stamanallei-ti-tricu-12-05-18-05-2024-id769615.html\" \/>\n<meta property=\"og:site_name\" content=\"Radio Rom\u00e2nia Interna\u021bional\" \/>\n<meta property=\"article:published_time\" content=\"2024-05-25T13:06:40+00:00\" \/>\n<meta property=\"og:image\" content=\"https:\/\/www.rri.ro\/wp-content\/uploads\/2024\/02\/Eveniment-Top-colaj-3x3-1.jpg\" \/>\n\t<meta property=\"og:image:width\" content=\"1200\" \/>\n\t<meta property=\"og:image:height\" content=\"900\" \/>\n\t<meta property=\"og:image:type\" content=\"image\/jpeg\" \/>\n<meta name=\"author\" content=\"Ta\u0219cu Lala\" \/>\n<meta name=\"twitter:card\" content=\"summary_large_image\" \/>\n<meta name=\"twitter:label1\" content=\"Written by\" \/>\n\t<meta name=\"twitter:data1\" content=\"Ta\u0219cu Lala\" \/>\n\t<meta name=\"twitter:label2\" content=\"Est. reading time\" \/>\n\t<meta name=\"twitter:data2\" content=\"6 minutes\" \/>\n<script type=\"application\/ld+json\" class=\"yoast-schema-graph\">{\"@context\":\"https:\\\/\\\/schema.org\",\"@graph\":[{\"@type\":\"Article\",\"@id\":\"https:\\\/\\\/www.rri.ro\\\/ro_ar\\\/actualitati\\\/eveniment-top-ro_ar\\\/nai-ma-marli-evenimenti-a-stamanallei-ti-tricu-12-05-18-05-2024-id769615.html#article\",\"isPartOf\":{\"@id\":\"https:\\\/\\\/www.rri.ro\\\/ro_ar\\\/actualitati\\\/eveniment-top-ro_ar\\\/nai-ma-marli-evenimenti-a-stamanallei-ti-tricu-12-05-18-05-2024-id769615.html\"},\"author\":{\"name\":\"Ta\u0219cu Lala\",\"@id\":\"https:\\\/\\\/www.rri.ro\\\/#\\\/schema\\\/person\\\/0fa1f8943b999abcb99a1b3ef35db4c0\"},\"headline\":\"Nai ma m\u0103rli evenimenti a st\u00e2m\u00e2n\u00e2llei \u021bi tricu 12.05 \u2013 18.05.2024\",\"datePublished\":\"2024-05-25T13:06:40+00:00\",\"mainEntityOfPage\":{\"@id\":\"https:\\\/\\\/www.rri.ro\\\/ro_ar\\\/actualitati\\\/eveniment-top-ro_ar\\\/nai-ma-marli-evenimenti-a-stamanallei-ti-tricu-12-05-18-05-2024-id769615.html\"},\"wordCount\":1198,\"image\":{\"@id\":\"https:\\\/\\\/www.rri.ro\\\/ro_ar\\\/actualitati\\\/eveniment-top-ro_ar\\\/nai-ma-marli-evenimenti-a-stamanallei-ti-tricu-12-05-18-05-2024-id769615.html#primaryimage\"},\"thumbnailUrl\":\"https:\\\/\\\/www.rri.ro\\\/wp-content\\\/uploads\\\/2024\\\/02\\\/Eveniment-Top-colaj-3x3-1.jpg\",\"keywords\":[\"&#013; investitii\",\"Amarea Adriatica\",\"giusti\u021bie\",\"nomuri\",\"protesti\",\"transportu maritim si feroviar\"],\"articleSection\":[\"Eveniment Top\"],\"inLanguage\":\"ro-AR\"},{\"@type\":\"WebPage\",\"@id\":\"https:\\\/\\\/www.rri.ro\\\/ro_ar\\\/actualitati\\\/eveniment-top-ro_ar\\\/nai-ma-marli-evenimenti-a-stamanallei-ti-tricu-12-05-18-05-2024-id769615.html\",\"url\":\"https:\\\/\\\/www.rri.ro\\\/ro_ar\\\/actualitati\\\/eveniment-top-ro_ar\\\/nai-ma-marli-evenimenti-a-stamanallei-ti-tricu-12-05-18-05-2024-id769615.html\",\"name\":\"Nai ma m\u0103rli evenimenti a st\u00e2m\u00e2n\u00e2llei \u021bi tricu 12.05 \u2013 18.05.2024 - Radio Rom\u00e2nia Interna\u021bional\",\"isPartOf\":{\"@id\":\"https:\\\/\\\/www.rri.ro\\\/#website\"},\"primaryImageOfPage\":{\"@id\":\"https:\\\/\\\/www.rri.ro\\\/ro_ar\\\/actualitati\\\/eveniment-top-ro_ar\\\/nai-ma-marli-evenimenti-a-stamanallei-ti-tricu-12-05-18-05-2024-id769615.html#primaryimage\"},\"image\":{\"@id\":\"https:\\\/\\\/www.rri.ro\\\/ro_ar\\\/actualitati\\\/eveniment-top-ro_ar\\\/nai-ma-marli-evenimenti-a-stamanallei-ti-tricu-12-05-18-05-2024-id769615.html#primaryimage\"},\"thumbnailUrl\":\"https:\\\/\\\/www.rri.ro\\\/wp-content\\\/uploads\\\/2024\\\/02\\\/Eveniment-Top-colaj-3x3-1.jpg\",\"datePublished\":\"2024-05-25T13:06:40+00:00\",\"author\":{\"@id\":\"https:\\\/\\\/www.rri.ro\\\/#\\\/schema\\\/person\\\/0fa1f8943b999abcb99a1b3ef35db4c0\"},\"breadcrumb\":{\"@id\":\"https:\\\/\\\/www.rri.ro\\\/ro_ar\\\/actualitati\\\/eveniment-top-ro_ar\\\/nai-ma-marli-evenimenti-a-stamanallei-ti-tricu-12-05-18-05-2024-id769615.html#breadcrumb\"},\"inLanguage\":\"ro-AR\",\"potentialAction\":[{\"@type\":\"ReadAction\",\"target\":[\"https:\\\/\\\/www.rri.ro\\\/ro_ar\\\/actualitati\\\/eveniment-top-ro_ar\\\/nai-ma-marli-evenimenti-a-stamanallei-ti-tricu-12-05-18-05-2024-id769615.html\"]}]},{\"@type\":\"ImageObject\",\"inLanguage\":\"ro-AR\",\"@id\":\"https:\\\/\\\/www.rri.ro\\\/ro_ar\\\/actualitati\\\/eveniment-top-ro_ar\\\/nai-ma-marli-evenimenti-a-stamanallei-ti-tricu-12-05-18-05-2024-id769615.html#primaryimage\",\"url\":\"https:\\\/\\\/www.rri.ro\\\/wp-content\\\/uploads\\\/2024\\\/02\\\/Eveniment-Top-colaj-3x3-1.jpg\",\"contentUrl\":\"https:\\\/\\\/www.rri.ro\\\/wp-content\\\/uploads\\\/2024\\\/02\\\/Eveniment-Top-colaj-3x3-1.jpg\",\"width\":1200,\"height\":900,\"caption\":\"Eveniment Top colaj 3x3\"},{\"@type\":\"BreadcrumbList\",\"@id\":\"https:\\\/\\\/www.rri.ro\\\/ro_ar\\\/actualitati\\\/eveniment-top-ro_ar\\\/nai-ma-marli-evenimenti-a-stamanallei-ti-tricu-12-05-18-05-2024-id769615.html#breadcrumb\",\"itemListElement\":[{\"@type\":\"ListItem\",\"position\":1,\"name\":\"Prima pagin\u0103\",\"item\":\"https:\\\/\\\/www.rri.ro\\\/ro_ar\"},{\"@type\":\"ListItem\",\"position\":2,\"name\":\"Actualitati\",\"item\":\"https:\\\/\\\/www.rri.ro\\\/actualitati\"},{\"@type\":\"ListItem\",\"position\":3,\"name\":\"Eveniment Top\",\"item\":\"https:\\\/\\\/www.rri.ro\\\/actualitati\\\/eveniment-top-ro_ar\"},{\"@type\":\"ListItem\",\"position\":4,\"name\":\"Nai ma m\u0103rli evenimenti a st\u00e2m\u00e2n\u00e2llei \u021bi tricu 12.05 \u2013 18.05.2024\"}]},{\"@type\":\"WebSite\",\"@id\":\"https:\\\/\\\/www.rri.ro\\\/#website\",\"url\":\"https:\\\/\\\/www.rri.ro\\\/\",\"name\":\"Radio Rom\u00e2nia Interna\u021bional\",\"description\":\"Totul despre Rom\u00e2nia \u015fi rom\u00e2ni, \u00een 13 limbi\\\/dialecte!\",\"inLanguage\":\"ro-AR\"},{\"@type\":\"Person\",\"@id\":\"https:\\\/\\\/www.rri.ro\\\/#\\\/schema\\\/person\\\/0fa1f8943b999abcb99a1b3ef35db4c0\",\"name\":\"Ta\u0219cu Lala\",\"url\":\"https:\\\/\\\/www.rri.ro\\\/ro_ar\\\/author\\\/taacu-lala\"}]}<\/script>\n<!-- \/ Yoast SEO plugin. -->","yoast_head_json":{"title":"Nai ma m\u0103rli evenimenti a st\u00e2m\u00e2n\u00e2llei \u021bi tricu 12.05 \u2013 18.05.2024 - Radio Rom\u00e2nia Interna\u021bional","robots":{"index":"index","follow":"follow","max-snippet":"max-snippet:-1","max-image-preview":"max-image-preview:large","max-video-preview":"max-video-preview:-1"},"canonical":"https:\/\/www.rri.ro\/ro_ar\/actualitati\/eveniment-top-ro_ar\/nai-ma-marli-evenimenti-a-stamanallei-ti-tricu-12-05-18-05-2024-id769615.html","og_locale":"ro_RO","og_type":"article","og_title":"Nai ma m\u0103rli evenimenti a st\u00e2m\u00e2n\u00e2llei \u021bi tricu 12.05 \u2013 18.05.2024 - Radio Rom\u00e2nia Interna\u021bional","og_description":"Protestili a aruga\u021blor ditu Rom\u00e2nie St\u00e2m\u00e2na ahurhi cu protestul a Bloclui Na\u021bional Sindical ditu Rom\u00e2nie \u0219-a a\u021bilor 29 di federa\u021bii afiliati andicra di livellu criscut a impozitarillei pi lucru. \u00c2ndau\u00e2 \u00f1illi di sindicali\u0219\u021b\u00e2 andreapsir\u00e2 un\u00e2 adunari dinintea a Chivernisillei, c\u00e2ft\u00e2ndalui sc\u00e2dearea a impozitilor, \u021bi li luyursescu para m\u0103ri andicra di ti\u00f1ia di cathi mesu. Protestatarilli [&hellip;]","og_url":"https:\/\/www.rri.ro\/ro_ar\/actualitati\/eveniment-top-ro_ar\/nai-ma-marli-evenimenti-a-stamanallei-ti-tricu-12-05-18-05-2024-id769615.html","og_site_name":"Radio Rom\u00e2nia Interna\u021bional","article_published_time":"2024-05-25T13:06:40+00:00","og_image":[{"width":1200,"height":900,"url":"https:\/\/www.rri.ro\/wp-content\/uploads\/2024\/02\/Eveniment-Top-colaj-3x3-1.jpg","type":"image\/jpeg"}],"author":"Ta\u0219cu Lala","twitter_card":"summary_large_image","twitter_misc":{"Written by":"Ta\u0219cu Lala","Est. reading time":"6 minutes"},"schema":{"@context":"https:\/\/schema.org","@graph":[{"@type":"Article","@id":"https:\/\/www.rri.ro\/ro_ar\/actualitati\/eveniment-top-ro_ar\/nai-ma-marli-evenimenti-a-stamanallei-ti-tricu-12-05-18-05-2024-id769615.html#article","isPartOf":{"@id":"https:\/\/www.rri.ro\/ro_ar\/actualitati\/eveniment-top-ro_ar\/nai-ma-marli-evenimenti-a-stamanallei-ti-tricu-12-05-18-05-2024-id769615.html"},"author":{"name":"Ta\u0219cu Lala","@id":"https:\/\/www.rri.ro\/#\/schema\/person\/0fa1f8943b999abcb99a1b3ef35db4c0"},"headline":"Nai ma m\u0103rli evenimenti a st\u00e2m\u00e2n\u00e2llei \u021bi tricu 12.05 \u2013 18.05.2024","datePublished":"2024-05-25T13:06:40+00:00","mainEntityOfPage":{"@id":"https:\/\/www.rri.ro\/ro_ar\/actualitati\/eveniment-top-ro_ar\/nai-ma-marli-evenimenti-a-stamanallei-ti-tricu-12-05-18-05-2024-id769615.html"},"wordCount":1198,"image":{"@id":"https:\/\/www.rri.ro\/ro_ar\/actualitati\/eveniment-top-ro_ar\/nai-ma-marli-evenimenti-a-stamanallei-ti-tricu-12-05-18-05-2024-id769615.html#primaryimage"},"thumbnailUrl":"https:\/\/www.rri.ro\/wp-content\/uploads\/2024\/02\/Eveniment-Top-colaj-3x3-1.jpg","keywords":["&#013; investitii","Amarea Adriatica","giusti\u021bie","nomuri","protesti","transportu maritim si feroviar"],"articleSection":["Eveniment Top"],"inLanguage":"ro-AR"},{"@type":"WebPage","@id":"https:\/\/www.rri.ro\/ro_ar\/actualitati\/eveniment-top-ro_ar\/nai-ma-marli-evenimenti-a-stamanallei-ti-tricu-12-05-18-05-2024-id769615.html","url":"https:\/\/www.rri.ro\/ro_ar\/actualitati\/eveniment-top-ro_ar\/nai-ma-marli-evenimenti-a-stamanallei-ti-tricu-12-05-18-05-2024-id769615.html","name":"Nai ma m\u0103rli evenimenti a st\u00e2m\u00e2n\u00e2llei \u021bi tricu 12.05 \u2013 18.05.2024 - Radio Rom\u00e2nia Interna\u021bional","isPartOf":{"@id":"https:\/\/www.rri.ro\/#website"},"primaryImageOfPage":{"@id":"https:\/\/www.rri.ro\/ro_ar\/actualitati\/eveniment-top-ro_ar\/nai-ma-marli-evenimenti-a-stamanallei-ti-tricu-12-05-18-05-2024-id769615.html#primaryimage"},"image":{"@id":"https:\/\/www.rri.ro\/ro_ar\/actualitati\/eveniment-top-ro_ar\/nai-ma-marli-evenimenti-a-stamanallei-ti-tricu-12-05-18-05-2024-id769615.html#primaryimage"},"thumbnailUrl":"https:\/\/www.rri.ro\/wp-content\/uploads\/2024\/02\/Eveniment-Top-colaj-3x3-1.jpg","datePublished":"2024-05-25T13:06:40+00:00","author":{"@id":"https:\/\/www.rri.ro\/#\/schema\/person\/0fa1f8943b999abcb99a1b3ef35db4c0"},"breadcrumb":{"@id":"https:\/\/www.rri.ro\/ro_ar\/actualitati\/eveniment-top-ro_ar\/nai-ma-marli-evenimenti-a-stamanallei-ti-tricu-12-05-18-05-2024-id769615.html#breadcrumb"},"inLanguage":"ro-AR","potentialAction":[{"@type":"ReadAction","target":["https:\/\/www.rri.ro\/ro_ar\/actualitati\/eveniment-top-ro_ar\/nai-ma-marli-evenimenti-a-stamanallei-ti-tricu-12-05-18-05-2024-id769615.html"]}]},{"@type":"ImageObject","inLanguage":"ro-AR","@id":"https:\/\/www.rri.ro\/ro_ar\/actualitati\/eveniment-top-ro_ar\/nai-ma-marli-evenimenti-a-stamanallei-ti-tricu-12-05-18-05-2024-id769615.html#primaryimage","url":"https:\/\/www.rri.ro\/wp-content\/uploads\/2024\/02\/Eveniment-Top-colaj-3x3-1.jpg","contentUrl":"https:\/\/www.rri.ro\/wp-content\/uploads\/2024\/02\/Eveniment-Top-colaj-3x3-1.jpg","width":1200,"height":900,"caption":"Eveniment Top colaj 3x3"},{"@type":"BreadcrumbList","@id":"https:\/\/www.rri.ro\/ro_ar\/actualitati\/eveniment-top-ro_ar\/nai-ma-marli-evenimenti-a-stamanallei-ti-tricu-12-05-18-05-2024-id769615.html#breadcrumb","itemListElement":[{"@type":"ListItem","position":1,"name":"Prima pagin\u0103","item":"https:\/\/www.rri.ro\/ro_ar"},{"@type":"ListItem","position":2,"name":"Actualitati","item":"https:\/\/www.rri.ro\/actualitati"},{"@type":"ListItem","position":3,"name":"Eveniment Top","item":"https:\/\/www.rri.ro\/actualitati\/eveniment-top-ro_ar"},{"@type":"ListItem","position":4,"name":"Nai ma m\u0103rli evenimenti a st\u00e2m\u00e2n\u00e2llei \u021bi tricu 12.05 \u2013 18.05.2024"}]},{"@type":"WebSite","@id":"https:\/\/www.rri.ro\/#website","url":"https:\/\/www.rri.ro\/","name":"Radio Rom\u00e2nia Interna\u021bional","description":"Totul despre Rom\u00e2nia \u015fi rom\u00e2ni, \u00een 13 limbi\/dialecte!","inLanguage":"ro-AR"},{"@type":"Person","@id":"https:\/\/www.rri.ro\/#\/schema\/person\/0fa1f8943b999abcb99a1b3ef35db4c0","name":"Ta\u0219cu Lala","url":"https:\/\/www.rri.ro\/ro_ar\/author\/taacu-lala"}]}},"_links":{"self":[{"href":"https:\/\/www.rri.ro\/ro_ar\/wp-json\/wp\/v2\/posts\/769615","targetHints":{"allow":["GET"]}}],"collection":[{"href":"https:\/\/www.rri.ro\/ro_ar\/wp-json\/wp\/v2\/posts"}],"about":[{"href":"https:\/\/www.rri.ro\/ro_ar\/wp-json\/wp\/v2\/types\/post"}],"author":[{"embeddable":true,"href":"https:\/\/www.rri.ro\/ro_ar\/wp-json\/wp\/v2\/users\/187"}],"replies":[{"embeddable":true,"href":"https:\/\/www.rri.ro\/ro_ar\/wp-json\/wp\/v2\/comments?post=769615"}],"version-history":[{"count":0,"href":"https:\/\/www.rri.ro\/ro_ar\/wp-json\/wp\/v2\/posts\/769615\/revisions"}],"wp:featuredmedia":[{"embeddable":true,"href":"https:\/\/www.rri.ro\/ro_ar\/wp-json\/wp\/v2\/media\/615470"}],"wp:attachment":[{"href":"https:\/\/www.rri.ro\/ro_ar\/wp-json\/wp\/v2\/media?parent=769615"}],"wp:term":[{"taxonomy":"category","embeddable":true,"href":"https:\/\/www.rri.ro\/ro_ar\/wp-json\/wp\/v2\/categories?post=769615"},{"taxonomy":"post_tag","embeddable":true,"href":"https:\/\/www.rri.ro\/ro_ar\/wp-json\/wp\/v2\/tags?post=769615"},{"taxonomy":"author","embeddable":true,"href":"https:\/\/www.rri.ro\/ro_ar\/wp-json\/wp\/v2\/coauthors?post=769615"}],"curies":[{"name":"wp","href":"https:\/\/api.w.org\/{rel}","templated":true}]}}