{"id":777971,"date":"2024-06-12T17:39:26","date_gmt":"2024-06-12T14:39:26","guid":{"rendered":"https:\/\/www.rri.ro\/?p=777971"},"modified":"2024-06-12T17:39:26","modified_gmt":"2024-06-12T14:39:26","slug":"lucru-deadun-cu-vasiliili-dit-balcani","status":"publish","type":"post","link":"https:\/\/www.rri.ro\/ro_ar\/actualitati\/lucru-deadun-cu-vasiliili-dit-balcani-id777971.html","title":{"rendered":"Lucru deadun cu v\u00e2siliili dit Balcani"},"content":{"rendered":"<p>Lucrul deadun di dauli p\u0103r\u021b\u00e2 \u0219i reghional fu prit temili di moabe\u021b cu ufi\u021bialii di Bucure\u0219ti a trei mini\u0219\u021br\u00e2 dit Balcani \u021bi fur\u00e2, dz\u00e2lili \u021bi tricur\u00e2, tu viziti ufi\u021biali tu Rom\u00e2nie. \u00d1iercuri, \u0219eflu a cratlui rom\u00e2n, Klaus Iohannis lu-apruche pi ministrul di Emburl\u00e2chi Externi ali Bosnie \u015fi Her\u0163egovin\u00e2, Elmedin Konakovic.<\/p>\n<p>Liderlu di Bucure\u0219ti s-h\u00e2rsi di ti\u00f1ia \u021bi l\u00e2 si fa\u021bi a a\u0219chirladzlor rom\u00e2\u00f1i \u021bi llia parti la Opera\u0163ia EUFOR ALTHEA ali Uniuni Evropean\u00e2 tu Bosnia \u015fi Her\u0163egovina, Rom\u00e2nia hiindalui unlu ditu pro\u021blli contribuitori tu asiguripseara a unlui climat sigur \u015fi susto tu Balcanilli di Asc\u00e2pitat\u00e2. Klaus Iohannis dz\u00e2si dizn\u0103u andruparea f\u00e2r\u00e2 acumtin \u021bi Bucure\u0219tiul u da tu tut pro\u021beslu evuropean \u015f-euroatlantic a Balcanilor di Asc\u00e2pitat\u00e2, cata cum \u015fi asiguripsearea ti securitati \u0219i stabilitati tu reghiuni.<\/p>\n<p>Anda Consiliul Evropean apufusi ta s-ahurheasc\u00e2 ditu meslu mar\u021bu p\u00e2z\u00e2r\u00e2pserli ti aderari, Iohannis ang\u00e2s\u00e2i Bosnia \u015fi Her\u0163egovina \u201eprit un\u00e2 atitudini activ\u00e2 \u015fi-apufusit\u00e2, tu spiritlu a axiilor evropeani, s-duc\u00e2 ma largu reformili di cari easti ananghi, tamam \u0219-a\u021beali ti f\u00e2\u021bearea ma v\u00e2rtoas\u00e2 a statlui di ndreptu \u015f-asiguripsearea a ndrepturlor di thimellu\u02ee.<\/p>\n<p>Tut \u00f1iercuri, ministrul rom\u00e2n di Externi, Lumini\u0163a Odobescu, zbur\u00e2 Bucure\u0219ti, cu omologlu a llei arbines, Igli Hasani, ti andruparea a pro\u021beslui evropean a v\u00e2silillei dit Balcanii dit Asc\u00e2pitat\u00e2, cundillindalui c\u0103 Rom\u00e2nia easti etim\u00e2 s-al\u00e2xeasc\u00e2 expertiza tu aest\u00e2 dumeni.<\/p>\n<p>Tutn\u00e2oar\u00e2, Lumini\u021ba Odobescu adusi aminti achic\u00e2searea di dauli p\u0103r\u021b\u00e2 tu \u021bi mutrea\u0219ti securitatea su\u021bial\u00e2 \u015fi anchisearea a cursilor aeriani directi Bucure\u015fti-Tirana. Tu idyiul chiro, ea scosi tu migdani \u201eimportan\u0163a \u021bi Rom\u00e2nia u da a identitatillei etnic\u00e2, cultural\u00e2 \u015fi lingvistic\u00e2 a minoritatillei na\u0163ional\u00e2 arm\u00e2neasc\u00e2 dit Arbinu\u0219ie\u02ee. Doili mini\u0219\u021br\u00e2 simnar\u00e2 un Memorandum di Achic\u00e2seari tu \u021bi mutrea\u0219ti andridzearea diplomatic\u00e2, \u021bi da un\u00e2 arad\u00e2 suplimentar\u00e2 ti al\u00e2xearea di expertiz\u00e2 tu dumeni.<\/p>\n<p>Tu arada a lui, ministrul di Externi ali Arbinu\u0219ie, Igli Hasani, adusi aminti c\u0103 Rom\u00e2nia \u015fi Arbinu\u0219ia suntu membri NATO \u015fi parteneri tu pro\u021beslu c\u00e2t\u00e2 integrarea evropean\u00e2. Ma multu, el cundille c\u0103 subiectul a integrarillei evropean\u00e2 easti \u201eun stur di simasie\u02ee tu lig\u00e2tura a daulor p\u0103r\u021b\u00e2.<\/p>\n<p>Tu ahurhita a st\u00e2m\u00e2n\u00e2llei, Lumini\u021ba Odobescu avu moabe\u021b \u0219-cu omologlu a llei muntenegrean Filip Ivanovi\u0107, iu cundille c\u0103 Rom\u00e2nia andrupa\u0219ti \u0219i va s-andrupasc\u00e2 \u0219-tu yinitor aderarea\/apruchearea ali\u0219tei v\u00e2silii tu Uniunea Evropean\u00e2. Lumini\u021ba Odobescu luyursi c\u0103 Balcanii dit Asc\u00e2pitat\u00e2 suntu un\u00e2 reghiuni di simasie strateghic\u00e2, iu evolu\u0163iili politi\u021bi \u015f-di securitati au implica\u0163ii directi ti securitatea \u015fi-nchird\u00e2searea ali \u00e2ntreag\u00e2 Evrop\u00e2.<\/p>\n<p>Doilli mini\u015f\u021br\u00e2 simnar\u00e2 planlu di ac\u0163iuni tu \u021bi mutrea\u0219ti lucrul deadun tu chirolu 2024-2025. \u201eMuntenegru \u015fi Rom\u00e2nia au lig\u00e2turi tradi\u0163ionali di su\u021bat\u00e2 \u015fi \u0219-loar\u00e2 borgea s-li creasc\u00e2 tu yinitor, prit progres f\u00e2r\u00e2 d\u00e2n\u00e2seari\u02ee, dz\u00e2si, tu arada a lui, Filip Ivanovi\u0107.<\/p>\n<p>Autor: Leyla Cheamil<br \/>\nApridu\u021bearea: Mirela Sima Biolan<\/p>\n","protected":false},"excerpt":{"rendered":"<p>Lucrul deadun di dauli p\u0103r\u021b\u00e2 \u0219i reghional fu prit temili di moabe\u021b cu ufi\u021bialii di Bucure\u0219ti a trei mini\u0219\u021br\u00e2 dit Balcani \u021bi fur\u00e2, dz\u00e2lili \u021bi tricur\u00e2, tu viziti ufi\u021biali tu Rom\u00e2nie. \u00d1iercuri, \u0219eflu a cratlui rom\u00e2n, Klaus Iohannis lu-apruche pi ministrul di Emburl\u00e2chi Externi ali Bosnie \u015fi Her\u0163egovin\u00e2, Elmedin Konakovic. Liderlu di Bucure\u0219ti s-h\u00e2rsi di [&hellip;]<\/p>\n","protected":false},"author":187,"featured_media":774692,"comment_status":"closed","ping_status":"closed","sticky":false,"template":"","format":"standard","meta":{"_acf_changed":false,"footnotes":""},"categories":[69],"tags":[149430,146727,149431],"coauthors":[116465],"class_list":["post-777971","post","type-post","status-publish","format-standard","has-post-thumbnail","hentry","category-actualitati","tag-balcanilli-dit-ascapitata","tag-nato-ro_ar","tag-tindeari"],"acf":[],"yoast_head":"<!-- This site is optimized with the Yoast SEO plugin v27.3 - https:\/\/yoast.com\/product\/yoast-seo-wordpress\/ -->\n<title>Lucru deadun cu v\u00e2siliili dit Balcani - Radio Rom\u00e2nia Interna\u021bional<\/title>\n<meta name=\"robots\" content=\"index, follow, max-snippet:-1, max-image-preview:large, max-video-preview:-1\" \/>\n<link rel=\"canonical\" href=\"https:\/\/www.rri.ro\/ro_ar\/actualitati\/lucru-deadun-cu-vasiliili-dit-balcani-id777971.html\" \/>\n<meta property=\"og:locale\" content=\"ro_RO\" \/>\n<meta property=\"og:type\" content=\"article\" \/>\n<meta property=\"og:title\" content=\"Lucru deadun cu v\u00e2siliili dit Balcani - Radio Rom\u00e2nia Interna\u021bional\" \/>\n<meta property=\"og:description\" content=\"Lucrul deadun di dauli p\u0103r\u021b\u00e2 \u0219i reghional fu prit temili di moabe\u021b cu ufi\u021bialii di Bucure\u0219ti a trei mini\u0219\u021br\u00e2 dit Balcani \u021bi fur\u00e2, dz\u00e2lili \u021bi tricur\u00e2, tu viziti ufi\u021biali tu Rom\u00e2nie. \u00d1iercuri, \u0219eflu a cratlui rom\u00e2n, Klaus Iohannis lu-apruche pi ministrul di Emburl\u00e2chi Externi ali Bosnie \u015fi Her\u0163egovin\u00e2, Elmedin Konakovic. Liderlu di Bucure\u0219ti s-h\u00e2rsi di [&hellip;]\" \/>\n<meta property=\"og:url\" content=\"https:\/\/www.rri.ro\/ro_ar\/actualitati\/lucru-deadun-cu-vasiliili-dit-balcani-id777971.html\" \/>\n<meta property=\"og:site_name\" content=\"Radio Rom\u00e2nia Interna\u021bional\" \/>\n<meta property=\"article:published_time\" content=\"2024-06-12T14:39:26+00:00\" \/>\n<meta property=\"og:image\" content=\"https:\/\/www.rri.ro\/wp-content\/uploads\/2024\/06\/iohannis-Elmedin-Konakovic-presidency-ro.jpg\" \/>\n\t<meta property=\"og:image:width\" content=\"1200\" \/>\n\t<meta property=\"og:image:height\" content=\"857\" \/>\n\t<meta property=\"og:image:type\" content=\"image\/jpeg\" \/>\n<meta name=\"author\" content=\"Ta\u0219cu Lala\" \/>\n<meta name=\"twitter:card\" content=\"summary_large_image\" \/>\n<meta name=\"twitter:label1\" content=\"Written by\" \/>\n\t<meta name=\"twitter:data1\" content=\"Ta\u0219cu Lala\" \/>\n\t<meta name=\"twitter:label2\" content=\"Est. reading time\" \/>\n\t<meta name=\"twitter:data2\" content=\"3 minutes\" \/>\n<script type=\"application\/ld+json\" class=\"yoast-schema-graph\">{\"@context\":\"https:\\\/\\\/schema.org\",\"@graph\":[{\"@type\":\"Article\",\"@id\":\"https:\\\/\\\/www.rri.ro\\\/ro_ar\\\/actualitati\\\/lucru-deadun-cu-vasiliili-dit-balcani-id777971.html#article\",\"isPartOf\":{\"@id\":\"https:\\\/\\\/www.rri.ro\\\/ro_ar\\\/actualitati\\\/lucru-deadun-cu-vasiliili-dit-balcani-id777971.html\"},\"author\":{\"name\":\"Ta\u0219cu Lala\",\"@id\":\"https:\\\/\\\/www.rri.ro\\\/#\\\/schema\\\/person\\\/0fa1f8943b999abcb99a1b3ef35db4c0\"},\"headline\":\"Lucru deadun cu v\u00e2siliili dit Balcani\",\"datePublished\":\"2024-06-12T14:39:26+00:00\",\"mainEntityOfPage\":{\"@id\":\"https:\\\/\\\/www.rri.ro\\\/ro_ar\\\/actualitati\\\/lucru-deadun-cu-vasiliili-dit-balcani-id777971.html\"},\"wordCount\":534,\"image\":{\"@id\":\"https:\\\/\\\/www.rri.ro\\\/ro_ar\\\/actualitati\\\/lucru-deadun-cu-vasiliili-dit-balcani-id777971.html#primaryimage\"},\"thumbnailUrl\":\"https:\\\/\\\/www.rri.ro\\\/wp-content\\\/uploads\\\/2024\\\/06\\\/iohannis-Elmedin-Konakovic-presidency-ro.jpg\",\"keywords\":[\"Balcanilli dit Ascapitata\",\"NATO\",\"tindeari\"],\"articleSection\":[\"Actualitati\"],\"inLanguage\":\"ro-AR\"},{\"@type\":\"WebPage\",\"@id\":\"https:\\\/\\\/www.rri.ro\\\/ro_ar\\\/actualitati\\\/lucru-deadun-cu-vasiliili-dit-balcani-id777971.html\",\"url\":\"https:\\\/\\\/www.rri.ro\\\/ro_ar\\\/actualitati\\\/lucru-deadun-cu-vasiliili-dit-balcani-id777971.html\",\"name\":\"Lucru deadun cu v\u00e2siliili dit Balcani - Radio Rom\u00e2nia Interna\u021bional\",\"isPartOf\":{\"@id\":\"https:\\\/\\\/www.rri.ro\\\/#website\"},\"primaryImageOfPage\":{\"@id\":\"https:\\\/\\\/www.rri.ro\\\/ro_ar\\\/actualitati\\\/lucru-deadun-cu-vasiliili-dit-balcani-id777971.html#primaryimage\"},\"image\":{\"@id\":\"https:\\\/\\\/www.rri.ro\\\/ro_ar\\\/actualitati\\\/lucru-deadun-cu-vasiliili-dit-balcani-id777971.html#primaryimage\"},\"thumbnailUrl\":\"https:\\\/\\\/www.rri.ro\\\/wp-content\\\/uploads\\\/2024\\\/06\\\/iohannis-Elmedin-Konakovic-presidency-ro.jpg\",\"datePublished\":\"2024-06-12T14:39:26+00:00\",\"author\":{\"@id\":\"https:\\\/\\\/www.rri.ro\\\/#\\\/schema\\\/person\\\/0fa1f8943b999abcb99a1b3ef35db4c0\"},\"breadcrumb\":{\"@id\":\"https:\\\/\\\/www.rri.ro\\\/ro_ar\\\/actualitati\\\/lucru-deadun-cu-vasiliili-dit-balcani-id777971.html#breadcrumb\"},\"inLanguage\":\"ro-AR\",\"potentialAction\":[{\"@type\":\"ReadAction\",\"target\":[\"https:\\\/\\\/www.rri.ro\\\/ro_ar\\\/actualitati\\\/lucru-deadun-cu-vasiliili-dit-balcani-id777971.html\"]}]},{\"@type\":\"ImageObject\",\"inLanguage\":\"ro-AR\",\"@id\":\"https:\\\/\\\/www.rri.ro\\\/ro_ar\\\/actualitati\\\/lucru-deadun-cu-vasiliili-dit-balcani-id777971.html#primaryimage\",\"url\":\"https:\\\/\\\/www.rri.ro\\\/wp-content\\\/uploads\\\/2024\\\/06\\\/iohannis-Elmedin-Konakovic-presidency-ro.jpg\",\"contentUrl\":\"https:\\\/\\\/www.rri.ro\\\/wp-content\\\/uploads\\\/2024\\\/06\\\/iohannis-Elmedin-Konakovic-presidency-ro.jpg\",\"width\":1200,\"height\":857,\"caption\":\"Il ministro Elmedin Konakovic, ricevuto dal presidente Klaus Iohannis \\\/ Foto: presidency.ro\"},{\"@type\":\"BreadcrumbList\",\"@id\":\"https:\\\/\\\/www.rri.ro\\\/ro_ar\\\/actualitati\\\/lucru-deadun-cu-vasiliili-dit-balcani-id777971.html#breadcrumb\",\"itemListElement\":[{\"@type\":\"ListItem\",\"position\":1,\"name\":\"Prima pagin\u0103\",\"item\":\"https:\\\/\\\/www.rri.ro\\\/ro_ar\"},{\"@type\":\"ListItem\",\"position\":2,\"name\":\"Actualitati\",\"item\":\"https:\\\/\\\/www.rri.ro\\\/actualitati\"},{\"@type\":\"ListItem\",\"position\":3,\"name\":\"Lucru deadun cu v\u00e2siliili dit Balcani\"}]},{\"@type\":\"WebSite\",\"@id\":\"https:\\\/\\\/www.rri.ro\\\/#website\",\"url\":\"https:\\\/\\\/www.rri.ro\\\/\",\"name\":\"Radio Rom\u00e2nia Interna\u021bional\",\"description\":\"Totul despre Rom\u00e2nia \u015fi rom\u00e2ni, \u00een 13 limbi\\\/dialecte!\",\"inLanguage\":\"ro-AR\"},{\"@type\":\"Person\",\"@id\":\"https:\\\/\\\/www.rri.ro\\\/#\\\/schema\\\/person\\\/0fa1f8943b999abcb99a1b3ef35db4c0\",\"name\":\"Ta\u0219cu Lala\",\"url\":\"https:\\\/\\\/www.rri.ro\\\/ro_ar\\\/author\\\/taacu-lala\"}]}<\/script>\n<!-- \/ Yoast SEO plugin. -->","yoast_head_json":{"title":"Lucru deadun cu v\u00e2siliili dit Balcani - Radio Rom\u00e2nia Interna\u021bional","robots":{"index":"index","follow":"follow","max-snippet":"max-snippet:-1","max-image-preview":"max-image-preview:large","max-video-preview":"max-video-preview:-1"},"canonical":"https:\/\/www.rri.ro\/ro_ar\/actualitati\/lucru-deadun-cu-vasiliili-dit-balcani-id777971.html","og_locale":"ro_RO","og_type":"article","og_title":"Lucru deadun cu v\u00e2siliili dit Balcani - Radio Rom\u00e2nia Interna\u021bional","og_description":"Lucrul deadun di dauli p\u0103r\u021b\u00e2 \u0219i reghional fu prit temili di moabe\u021b cu ufi\u021bialii di Bucure\u0219ti a trei mini\u0219\u021br\u00e2 dit Balcani \u021bi fur\u00e2, dz\u00e2lili \u021bi tricur\u00e2, tu viziti ufi\u021biali tu Rom\u00e2nie. \u00d1iercuri, \u0219eflu a cratlui rom\u00e2n, Klaus Iohannis lu-apruche pi ministrul di Emburl\u00e2chi Externi ali Bosnie \u015fi Her\u0163egovin\u00e2, Elmedin Konakovic. Liderlu di Bucure\u0219ti s-h\u00e2rsi di [&hellip;]","og_url":"https:\/\/www.rri.ro\/ro_ar\/actualitati\/lucru-deadun-cu-vasiliili-dit-balcani-id777971.html","og_site_name":"Radio Rom\u00e2nia Interna\u021bional","article_published_time":"2024-06-12T14:39:26+00:00","og_image":[{"width":1200,"height":857,"url":"https:\/\/www.rri.ro\/wp-content\/uploads\/2024\/06\/iohannis-Elmedin-Konakovic-presidency-ro.jpg","type":"image\/jpeg"}],"author":"Ta\u0219cu Lala","twitter_card":"summary_large_image","twitter_misc":{"Written by":"Ta\u0219cu Lala","Est. reading time":"3 minutes"},"schema":{"@context":"https:\/\/schema.org","@graph":[{"@type":"Article","@id":"https:\/\/www.rri.ro\/ro_ar\/actualitati\/lucru-deadun-cu-vasiliili-dit-balcani-id777971.html#article","isPartOf":{"@id":"https:\/\/www.rri.ro\/ro_ar\/actualitati\/lucru-deadun-cu-vasiliili-dit-balcani-id777971.html"},"author":{"name":"Ta\u0219cu Lala","@id":"https:\/\/www.rri.ro\/#\/schema\/person\/0fa1f8943b999abcb99a1b3ef35db4c0"},"headline":"Lucru deadun cu v\u00e2siliili dit Balcani","datePublished":"2024-06-12T14:39:26+00:00","mainEntityOfPage":{"@id":"https:\/\/www.rri.ro\/ro_ar\/actualitati\/lucru-deadun-cu-vasiliili-dit-balcani-id777971.html"},"wordCount":534,"image":{"@id":"https:\/\/www.rri.ro\/ro_ar\/actualitati\/lucru-deadun-cu-vasiliili-dit-balcani-id777971.html#primaryimage"},"thumbnailUrl":"https:\/\/www.rri.ro\/wp-content\/uploads\/2024\/06\/iohannis-Elmedin-Konakovic-presidency-ro.jpg","keywords":["Balcanilli dit Ascapitata","NATO","tindeari"],"articleSection":["Actualitati"],"inLanguage":"ro-AR"},{"@type":"WebPage","@id":"https:\/\/www.rri.ro\/ro_ar\/actualitati\/lucru-deadun-cu-vasiliili-dit-balcani-id777971.html","url":"https:\/\/www.rri.ro\/ro_ar\/actualitati\/lucru-deadun-cu-vasiliili-dit-balcani-id777971.html","name":"Lucru deadun cu v\u00e2siliili dit Balcani - Radio Rom\u00e2nia Interna\u021bional","isPartOf":{"@id":"https:\/\/www.rri.ro\/#website"},"primaryImageOfPage":{"@id":"https:\/\/www.rri.ro\/ro_ar\/actualitati\/lucru-deadun-cu-vasiliili-dit-balcani-id777971.html#primaryimage"},"image":{"@id":"https:\/\/www.rri.ro\/ro_ar\/actualitati\/lucru-deadun-cu-vasiliili-dit-balcani-id777971.html#primaryimage"},"thumbnailUrl":"https:\/\/www.rri.ro\/wp-content\/uploads\/2024\/06\/iohannis-Elmedin-Konakovic-presidency-ro.jpg","datePublished":"2024-06-12T14:39:26+00:00","author":{"@id":"https:\/\/www.rri.ro\/#\/schema\/person\/0fa1f8943b999abcb99a1b3ef35db4c0"},"breadcrumb":{"@id":"https:\/\/www.rri.ro\/ro_ar\/actualitati\/lucru-deadun-cu-vasiliili-dit-balcani-id777971.html#breadcrumb"},"inLanguage":"ro-AR","potentialAction":[{"@type":"ReadAction","target":["https:\/\/www.rri.ro\/ro_ar\/actualitati\/lucru-deadun-cu-vasiliili-dit-balcani-id777971.html"]}]},{"@type":"ImageObject","inLanguage":"ro-AR","@id":"https:\/\/www.rri.ro\/ro_ar\/actualitati\/lucru-deadun-cu-vasiliili-dit-balcani-id777971.html#primaryimage","url":"https:\/\/www.rri.ro\/wp-content\/uploads\/2024\/06\/iohannis-Elmedin-Konakovic-presidency-ro.jpg","contentUrl":"https:\/\/www.rri.ro\/wp-content\/uploads\/2024\/06\/iohannis-Elmedin-Konakovic-presidency-ro.jpg","width":1200,"height":857,"caption":"Il ministro Elmedin Konakovic, ricevuto dal presidente Klaus Iohannis \/ Foto: presidency.ro"},{"@type":"BreadcrumbList","@id":"https:\/\/www.rri.ro\/ro_ar\/actualitati\/lucru-deadun-cu-vasiliili-dit-balcani-id777971.html#breadcrumb","itemListElement":[{"@type":"ListItem","position":1,"name":"Prima pagin\u0103","item":"https:\/\/www.rri.ro\/ro_ar"},{"@type":"ListItem","position":2,"name":"Actualitati","item":"https:\/\/www.rri.ro\/actualitati"},{"@type":"ListItem","position":3,"name":"Lucru deadun cu v\u00e2siliili dit Balcani"}]},{"@type":"WebSite","@id":"https:\/\/www.rri.ro\/#website","url":"https:\/\/www.rri.ro\/","name":"Radio Rom\u00e2nia Interna\u021bional","description":"Totul despre Rom\u00e2nia \u015fi rom\u00e2ni, \u00een 13 limbi\/dialecte!","inLanguage":"ro-AR"},{"@type":"Person","@id":"https:\/\/www.rri.ro\/#\/schema\/person\/0fa1f8943b999abcb99a1b3ef35db4c0","name":"Ta\u0219cu Lala","url":"https:\/\/www.rri.ro\/ro_ar\/author\/taacu-lala"}]}},"_links":{"self":[{"href":"https:\/\/www.rri.ro\/ro_ar\/wp-json\/wp\/v2\/posts\/777971","targetHints":{"allow":["GET"]}}],"collection":[{"href":"https:\/\/www.rri.ro\/ro_ar\/wp-json\/wp\/v2\/posts"}],"about":[{"href":"https:\/\/www.rri.ro\/ro_ar\/wp-json\/wp\/v2\/types\/post"}],"author":[{"embeddable":true,"href":"https:\/\/www.rri.ro\/ro_ar\/wp-json\/wp\/v2\/users\/187"}],"replies":[{"embeddable":true,"href":"https:\/\/www.rri.ro\/ro_ar\/wp-json\/wp\/v2\/comments?post=777971"}],"version-history":[{"count":0,"href":"https:\/\/www.rri.ro\/ro_ar\/wp-json\/wp\/v2\/posts\/777971\/revisions"}],"wp:featuredmedia":[{"embeddable":true,"href":"https:\/\/www.rri.ro\/ro_ar\/wp-json\/wp\/v2\/media\/774692"}],"wp:attachment":[{"href":"https:\/\/www.rri.ro\/ro_ar\/wp-json\/wp\/v2\/media?parent=777971"}],"wp:term":[{"taxonomy":"category","embeddable":true,"href":"https:\/\/www.rri.ro\/ro_ar\/wp-json\/wp\/v2\/categories?post=777971"},{"taxonomy":"post_tag","embeddable":true,"href":"https:\/\/www.rri.ro\/ro_ar\/wp-json\/wp\/v2\/tags?post=777971"},{"taxonomy":"author","embeddable":true,"href":"https:\/\/www.rri.ro\/ro_ar\/wp-json\/wp\/v2\/coauthors?post=777971"}],"curies":[{"name":"wp","href":"https:\/\/api.w.org\/{rel}","templated":true}]}}