{"id":789933,"date":"2024-07-11T20:40:10","date_gmt":"2024-07-11T17:40:10","guid":{"rendered":"https:\/\/www.rri.ro\/?p=789933"},"modified":"2024-07-11T20:40:10","modified_gmt":"2024-07-11T17:40:10","slug":"agiutoru-nato-tra-ucraina","status":"publish","type":"post","link":"https:\/\/www.rri.ro\/ro_ar\/actualitati\/agiutoru-nato-tra-ucraina-id789933.html","title":{"rendered":"Agiutoru NATO tr\u0103 Ucraina"},"content":{"rendered":"<h1><\/h1>\n<p>Cu fur\u00f1ia-a sumitlui aniversaru di Washington, NATO apufusi ta s\u2019duc\u0103 ninti pro\u0163eslu di integrari a askerillei ucrainen\u0103 \u015fi un agiutoru di 40 di miliardi di euro tr\u0103 anlu \u0163i yini. Tutun\u0103oar\u0103, easti tru practico darea di avioani di alumt\u0103 F-16 ditu Danemarca \u015fi Olanda, di cabaia kiro c\u0103ftati di Kiev. Tutun\u0103oar\u0103, Ucraina va s\u2019llia \u0163in\u0163i n\u0103i sistemi di ap\u0103rari Patriot durusiti di Statele Unite, Germania, Italia, Olanda \u015fi Rom\u00e2nia. Aestea va s\u2019aib\u0103 ufelie ti vigllearea a c\u0103s\u0103badzloru, a oami\u00f1iloru \u015fi a askirladzloru ucrainea\u00f1i. Tutun\u0103oar\u0103, fu dim\u0103ndat\u0103 thimilliusearea a Misiunillei di asisten\u0163\u0103 tr\u0103 securitati \u015fi instruire tr\u0103 Ucraina (NSATU) cari s\u2019coordoneadz\u0103 darea echipamentlui militar \u015fi instruire tr\u0103 fosta republic\u0103 sovietic\u0103 di c\u0103tre v\u0103siliili aliate \u015fi partenere, ama \u0219i un n\u0103u \u0163entru di instruire tru Polonia.<\/p>\n<p>&nbsp;<\/p>\n<p>Declara\u0163ia final\u0103 a summitului adoptat\u0103 di liderlli a statilor aliate simfunu cu imnaticlu ali Ucraina c\u0103tr\u0103 NATO easti \u201eireversibil\u201d\/ f\u0103r\u0103 di turnari\u201d aesta spuni c\u0103 Alian\u0163a easti ah\u0103rdzitu alu\u015ftui stat, declar\u0103 secretarlu gheneral al NATO, Jens Stoltenberg. \u201eYinitorlu ali Ucraina easti tru NATO. Ucraina agiumsi tut ma interoperabil\u0103 \u015fi integrat\u0103 politic cu Alian\u0163a. Salut\u0103m progreslu concret pi cari Ucraina lu-ari fapt\u0103 la summitlu di Vilnius ti reformili democrati\u0163i, economi\u0163i \u015fi di securitate an\u0103nghisiti. Tru kirolu anda Ucraina du\u0163i ma largu aesti cil\u0103st\u0103seri, va\u00a0 u andrup\u0103mu \u015fi di aoa \u015fi nclo pi calea a llei f\u0103r\u0103 di turnari ti integrarea acutotalui euroatlantic\u0103, cari aca\u0163\u0103 tu isapi \u015fi harea di membru NATO\u201d, nica s\u0103 spuni tru declara\u0163ia final\u0103 pi tema ali Ucrain\u0103.<\/p>\n<p>&nbsp;<\/p>\n<p>\u0218i prezidentulu rom\u00e2n Klaus Johannis cundille la Washington tr\u0103 intensificarea agiutorlui dat a Kievului tru polimlu cu Rusia \u015fi apruke confirmarea imnaticlui transatlantic ireversibil ali Ucraina. El spusi c\u0103 suntu negocieri tru aestu kiro tr\u0103 al\u0103xearea a sistemlui donat ali Ucraina. Rom\u00e2nia va un sistem Patriot tru loclu alu\u015ftui, exighisi \u0219eflu a statlui rom\u00e2n. Prezidentulu cundille c\u0103 tu aesti dz\u0103li s\u2019\u0163\u0103nu negocieri cu partenerlli americani \u015fi c\u0103 s\u2019fea\u0163ir\u0103 protili jgllioati ninti.<\/p>\n<p>&nbsp;<\/p>\n<p>Klaus Iohannis:\u00a0<em>\u201cTru CSAT, zbur\u0103mu aoa \u015fi ndau\u0103 dz\u0103li cama pi largu ti aest\u0103 chestiune \u015fi deadimu un mandate a Ministerlui Ap\u0103rarillei, s\u2019p\u0103z\u0103r\u0103pseasc\u0103 \u015fivolea a noastr\u0103 easti s\u2019lomu un altu sistem Patriot tu loclu a\u0163ilui durusitu. Sigura, nu m\u00e2ni, ama tru un yinitor relativ aprukeatu. Ama tra s\u2019compens\u0103mu absen\u0163a a sistemlui pi cari \u00eelu d\u0103m tora, minduescu c\u0103 va s\u2019apr\u0103ft\u0103simu s\u2019amint\u0103mu \u015fi sistemi cari va s\u2019hib\u0103 livrati ma ayo\u00f1ea \u015fi va s\u2019asiguripseasc\u0103 un\u0103 ma bun\u0103 viglleari a spa\u0163iului aerian na\u0163ional.\u201d<\/em><\/p>\n<p>&nbsp;<\/p>\n<p>Prezidentulu ali Rom\u00e2nie spusi \u015fi ti agiutorlu pi cari alia\u0163lli \u0103lu da ali Ucraina \u015fi cundille c\u0103 s-ari dat\u0103 aproapea giumitati\u00a0 ditu muni\u0163ia t\u0103xit\u0103, a\u0163ea \u0163i easti p\u0163\u0103nu. Tru minduita a lui, Kievlu lipsea\u015fti s\u2019hib\u0103 agiutat ma largu tra s\u2019nu kear\u0103 polimlu cu Moscova. Uidisitu cu exper\u0163\u0103lli, f\u0103r\u0103 NATO, cari \u00eelli da aproapea tut agiutorlu militar, Ucraina easti tu piriclli s\u2019hib\u0103azvimt\u0103 pi c\u00e2mpul di alumt\u0103.<\/p>\n<p>Autoru: Mihai Pelin<\/p>\n<p>Arm\u0103nipsearea: Ta\u015fcu Lala<\/p>\n<p>&nbsp;<\/p>\n<p>&nbsp;<\/p>\n","protected":false},"excerpt":{"rendered":"<p>Cu fur\u00f1ia-a sumitlui aniversaru di Washington, NATO apufusi ta s\u2019duc\u0103 ninti pro\u0163eslu di integrari a askerillei ucrainen\u0103 \u015fi un agiutoru di 40 di miliardi di euro tr\u0103 anlu \u0163i yini. Tutun\u0103oar\u0103, easti tru practico darea di avioani di alumt\u0103 F-16 ditu Danemarca \u015fi Olanda, di cabaia kiro c\u0103ftati di Kiev. Tutun\u0103oar\u0103, Ucraina va s\u2019llia \u0163in\u0163i [&hellip;]<\/p>\n","protected":false},"author":187,"featured_media":789649,"comment_status":"closed","ping_status":"closed","sticky":false,"template":"","format":"standard","meta":{"_acf_changed":false,"footnotes":""},"categories":[69],"tags":[151227,147447,47600,146727,46510],"coauthors":[116465],"class_list":["post-789933","post","type-post","status-publish","format-standard","has-post-thumbnail","hentry","category-actualitati","tag-jen-stoltenberg","tag-joe-biden-ro_ar","tag-klaus-johannes","tag-nato-ro_ar","tag-ucraina"],"acf":[],"yoast_head":"<!-- This site is optimized with the Yoast SEO plugin v27.3 - https:\/\/yoast.com\/product\/yoast-seo-wordpress\/ -->\n<title>Agiutoru NATO tr\u0103 Ucraina - Radio Rom\u00e2nia Interna\u021bional<\/title>\n<meta name=\"robots\" content=\"index, follow, max-snippet:-1, max-image-preview:large, max-video-preview:-1\" \/>\n<link rel=\"canonical\" href=\"https:\/\/www.rri.ro\/ro_ar\/actualitati\/agiutoru-nato-tra-ucraina-id789933.html\" \/>\n<meta property=\"og:locale\" content=\"ro_RO\" \/>\n<meta property=\"og:type\" content=\"article\" \/>\n<meta property=\"og:title\" content=\"Agiutoru NATO tr\u0103 Ucraina - Radio Rom\u00e2nia Interna\u021bional\" \/>\n<meta property=\"og:description\" content=\"Cu fur\u00f1ia-a sumitlui aniversaru di Washington, NATO apufusi ta s\u2019duc\u0103 ninti pro\u0163eslu di integrari a askerillei ucrainen\u0103 \u015fi un agiutoru di 40 di miliardi di euro tr\u0103 anlu \u0163i yini. Tutun\u0103oar\u0103, easti tru practico darea di avioani di alumt\u0103 F-16 ditu Danemarca \u015fi Olanda, di cabaia kiro c\u0103ftati di Kiev. Tutun\u0103oar\u0103, Ucraina va s\u2019llia \u0163in\u0163i [&hellip;]\" \/>\n<meta property=\"og:url\" content=\"https:\/\/www.rri.ro\/ro_ar\/actualitati\/agiutoru-nato-tra-ucraina-id789933.html\" \/>\n<meta property=\"og:site_name\" content=\"Radio Rom\u00e2nia Interna\u021bional\" \/>\n<meta property=\"article:published_time\" content=\"2024-07-11T17:40:10+00:00\" \/>\n<meta property=\"og:image\" content=\"https:\/\/www.rri.ro\/wp-content\/uploads\/2024\/07\/ceremonie-NATO-75-ani-09iulie2024-foto-presidency.jpg\" \/>\n\t<meta property=\"og:image:width\" content=\"1200\" \/>\n\t<meta property=\"og:image:height\" content=\"676\" \/>\n\t<meta property=\"og:image:type\" content=\"image\/jpeg\" \/>\n<meta name=\"author\" content=\"Ta\u0219cu Lala\" \/>\n<meta name=\"twitter:card\" content=\"summary_large_image\" \/>\n<meta name=\"twitter:label1\" content=\"Written by\" \/>\n\t<meta name=\"twitter:data1\" content=\"Ta\u0219cu Lala\" \/>\n\t<meta name=\"twitter:label2\" content=\"Est. reading time\" \/>\n\t<meta name=\"twitter:data2\" content=\"3 minutes\" \/>\n<script type=\"application\/ld+json\" class=\"yoast-schema-graph\">{\"@context\":\"https:\\\/\\\/schema.org\",\"@graph\":[{\"@type\":\"Article\",\"@id\":\"https:\\\/\\\/www.rri.ro\\\/ro_ar\\\/actualitati\\\/agiutoru-nato-tra-ucraina-id789933.html#article\",\"isPartOf\":{\"@id\":\"https:\\\/\\\/www.rri.ro\\\/ro_ar\\\/actualitati\\\/agiutoru-nato-tra-ucraina-id789933.html\"},\"author\":{\"name\":\"Ta\u0219cu Lala\",\"@id\":\"https:\\\/\\\/www.rri.ro\\\/#\\\/schema\\\/person\\\/0fa1f8943b999abcb99a1b3ef35db4c0\"},\"headline\":\"Agiutoru NATO tr\u0103 Ucraina\",\"datePublished\":\"2024-07-11T17:40:10+00:00\",\"mainEntityOfPage\":{\"@id\":\"https:\\\/\\\/www.rri.ro\\\/ro_ar\\\/actualitati\\\/agiutoru-nato-tra-ucraina-id789933.html\"},\"wordCount\":563,\"image\":{\"@id\":\"https:\\\/\\\/www.rri.ro\\\/ro_ar\\\/actualitati\\\/agiutoru-nato-tra-ucraina-id789933.html#primaryimage\"},\"thumbnailUrl\":\"https:\\\/\\\/www.rri.ro\\\/wp-content\\\/uploads\\\/2024\\\/07\\\/ceremonie-NATO-75-ani-09iulie2024-foto-presidency.jpg\",\"keywords\":[\"Jen Stoltenberg\",\"Joe Biden\",\"Klaus Johannes\",\"NATO\",\"Ucraina\"],\"articleSection\":[\"Actualitati\"],\"inLanguage\":\"ro-AR\"},{\"@type\":\"WebPage\",\"@id\":\"https:\\\/\\\/www.rri.ro\\\/ro_ar\\\/actualitati\\\/agiutoru-nato-tra-ucraina-id789933.html\",\"url\":\"https:\\\/\\\/www.rri.ro\\\/ro_ar\\\/actualitati\\\/agiutoru-nato-tra-ucraina-id789933.html\",\"name\":\"Agiutoru NATO tr\u0103 Ucraina - Radio Rom\u00e2nia Interna\u021bional\",\"isPartOf\":{\"@id\":\"https:\\\/\\\/www.rri.ro\\\/#website\"},\"primaryImageOfPage\":{\"@id\":\"https:\\\/\\\/www.rri.ro\\\/ro_ar\\\/actualitati\\\/agiutoru-nato-tra-ucraina-id789933.html#primaryimage\"},\"image\":{\"@id\":\"https:\\\/\\\/www.rri.ro\\\/ro_ar\\\/actualitati\\\/agiutoru-nato-tra-ucraina-id789933.html#primaryimage\"},\"thumbnailUrl\":\"https:\\\/\\\/www.rri.ro\\\/wp-content\\\/uploads\\\/2024\\\/07\\\/ceremonie-NATO-75-ani-09iulie2024-foto-presidency.jpg\",\"datePublished\":\"2024-07-11T17:40:10+00:00\",\"author\":{\"@id\":\"https:\\\/\\\/www.rri.ro\\\/#\\\/schema\\\/person\\\/0fa1f8943b999abcb99a1b3ef35db4c0\"},\"breadcrumb\":{\"@id\":\"https:\\\/\\\/www.rri.ro\\\/ro_ar\\\/actualitati\\\/agiutoru-nato-tra-ucraina-id789933.html#breadcrumb\"},\"inLanguage\":\"ro-AR\",\"potentialAction\":[{\"@type\":\"ReadAction\",\"target\":[\"https:\\\/\\\/www.rri.ro\\\/ro_ar\\\/actualitati\\\/agiutoru-nato-tra-ucraina-id789933.html\"]}]},{\"@type\":\"ImageObject\",\"inLanguage\":\"ro-AR\",\"@id\":\"https:\\\/\\\/www.rri.ro\\\/ro_ar\\\/actualitati\\\/agiutoru-nato-tra-ucraina-id789933.html#primaryimage\",\"url\":\"https:\\\/\\\/www.rri.ro\\\/wp-content\\\/uploads\\\/2024\\\/07\\\/ceremonie-NATO-75-ani-09iulie2024-foto-presidency.jpg\",\"contentUrl\":\"https:\\\/\\\/www.rri.ro\\\/wp-content\\\/uploads\\\/2024\\\/07\\\/ceremonie-NATO-75-ani-09iulie2024-foto-presidency.jpg\",\"width\":1200,\"height\":676,\"caption\":\"Vertice anniversario della NATO 75 de ani (Foto: presidency.ro)\"},{\"@type\":\"BreadcrumbList\",\"@id\":\"https:\\\/\\\/www.rri.ro\\\/ro_ar\\\/actualitati\\\/agiutoru-nato-tra-ucraina-id789933.html#breadcrumb\",\"itemListElement\":[{\"@type\":\"ListItem\",\"position\":1,\"name\":\"Prima pagin\u0103\",\"item\":\"https:\\\/\\\/www.rri.ro\\\/ro_ar\"},{\"@type\":\"ListItem\",\"position\":2,\"name\":\"Actualitati\",\"item\":\"https:\\\/\\\/www.rri.ro\\\/actualitati\"},{\"@type\":\"ListItem\",\"position\":3,\"name\":\"Agiutoru NATO tr\u0103 Ucraina\"}]},{\"@type\":\"WebSite\",\"@id\":\"https:\\\/\\\/www.rri.ro\\\/#website\",\"url\":\"https:\\\/\\\/www.rri.ro\\\/\",\"name\":\"Radio Rom\u00e2nia Interna\u021bional\",\"description\":\"Totul despre Rom\u00e2nia \u015fi rom\u00e2ni, \u00een 13 limbi\\\/dialecte!\",\"inLanguage\":\"ro-AR\"},{\"@type\":\"Person\",\"@id\":\"https:\\\/\\\/www.rri.ro\\\/#\\\/schema\\\/person\\\/0fa1f8943b999abcb99a1b3ef35db4c0\",\"name\":\"Ta\u0219cu Lala\",\"url\":\"https:\\\/\\\/www.rri.ro\\\/ro_ar\\\/author\\\/taacu-lala\"}]}<\/script>\n<!-- \/ Yoast SEO plugin. -->","yoast_head_json":{"title":"Agiutoru NATO tr\u0103 Ucraina - Radio Rom\u00e2nia Interna\u021bional","robots":{"index":"index","follow":"follow","max-snippet":"max-snippet:-1","max-image-preview":"max-image-preview:large","max-video-preview":"max-video-preview:-1"},"canonical":"https:\/\/www.rri.ro\/ro_ar\/actualitati\/agiutoru-nato-tra-ucraina-id789933.html","og_locale":"ro_RO","og_type":"article","og_title":"Agiutoru NATO tr\u0103 Ucraina - Radio Rom\u00e2nia Interna\u021bional","og_description":"Cu fur\u00f1ia-a sumitlui aniversaru di Washington, NATO apufusi ta s\u2019duc\u0103 ninti pro\u0163eslu di integrari a askerillei ucrainen\u0103 \u015fi un agiutoru di 40 di miliardi di euro tr\u0103 anlu \u0163i yini. Tutun\u0103oar\u0103, easti tru practico darea di avioani di alumt\u0103 F-16 ditu Danemarca \u015fi Olanda, di cabaia kiro c\u0103ftati di Kiev. Tutun\u0103oar\u0103, Ucraina va s\u2019llia \u0163in\u0163i [&hellip;]","og_url":"https:\/\/www.rri.ro\/ro_ar\/actualitati\/agiutoru-nato-tra-ucraina-id789933.html","og_site_name":"Radio Rom\u00e2nia Interna\u021bional","article_published_time":"2024-07-11T17:40:10+00:00","og_image":[{"width":1200,"height":676,"url":"https:\/\/www.rri.ro\/wp-content\/uploads\/2024\/07\/ceremonie-NATO-75-ani-09iulie2024-foto-presidency.jpg","type":"image\/jpeg"}],"author":"Ta\u0219cu Lala","twitter_card":"summary_large_image","twitter_misc":{"Written by":"Ta\u0219cu Lala","Est. reading time":"3 minutes"},"schema":{"@context":"https:\/\/schema.org","@graph":[{"@type":"Article","@id":"https:\/\/www.rri.ro\/ro_ar\/actualitati\/agiutoru-nato-tra-ucraina-id789933.html#article","isPartOf":{"@id":"https:\/\/www.rri.ro\/ro_ar\/actualitati\/agiutoru-nato-tra-ucraina-id789933.html"},"author":{"name":"Ta\u0219cu Lala","@id":"https:\/\/www.rri.ro\/#\/schema\/person\/0fa1f8943b999abcb99a1b3ef35db4c0"},"headline":"Agiutoru NATO tr\u0103 Ucraina","datePublished":"2024-07-11T17:40:10+00:00","mainEntityOfPage":{"@id":"https:\/\/www.rri.ro\/ro_ar\/actualitati\/agiutoru-nato-tra-ucraina-id789933.html"},"wordCount":563,"image":{"@id":"https:\/\/www.rri.ro\/ro_ar\/actualitati\/agiutoru-nato-tra-ucraina-id789933.html#primaryimage"},"thumbnailUrl":"https:\/\/www.rri.ro\/wp-content\/uploads\/2024\/07\/ceremonie-NATO-75-ani-09iulie2024-foto-presidency.jpg","keywords":["Jen Stoltenberg","Joe Biden","Klaus Johannes","NATO","Ucraina"],"articleSection":["Actualitati"],"inLanguage":"ro-AR"},{"@type":"WebPage","@id":"https:\/\/www.rri.ro\/ro_ar\/actualitati\/agiutoru-nato-tra-ucraina-id789933.html","url":"https:\/\/www.rri.ro\/ro_ar\/actualitati\/agiutoru-nato-tra-ucraina-id789933.html","name":"Agiutoru NATO tr\u0103 Ucraina - Radio Rom\u00e2nia Interna\u021bional","isPartOf":{"@id":"https:\/\/www.rri.ro\/#website"},"primaryImageOfPage":{"@id":"https:\/\/www.rri.ro\/ro_ar\/actualitati\/agiutoru-nato-tra-ucraina-id789933.html#primaryimage"},"image":{"@id":"https:\/\/www.rri.ro\/ro_ar\/actualitati\/agiutoru-nato-tra-ucraina-id789933.html#primaryimage"},"thumbnailUrl":"https:\/\/www.rri.ro\/wp-content\/uploads\/2024\/07\/ceremonie-NATO-75-ani-09iulie2024-foto-presidency.jpg","datePublished":"2024-07-11T17:40:10+00:00","author":{"@id":"https:\/\/www.rri.ro\/#\/schema\/person\/0fa1f8943b999abcb99a1b3ef35db4c0"},"breadcrumb":{"@id":"https:\/\/www.rri.ro\/ro_ar\/actualitati\/agiutoru-nato-tra-ucraina-id789933.html#breadcrumb"},"inLanguage":"ro-AR","potentialAction":[{"@type":"ReadAction","target":["https:\/\/www.rri.ro\/ro_ar\/actualitati\/agiutoru-nato-tra-ucraina-id789933.html"]}]},{"@type":"ImageObject","inLanguage":"ro-AR","@id":"https:\/\/www.rri.ro\/ro_ar\/actualitati\/agiutoru-nato-tra-ucraina-id789933.html#primaryimage","url":"https:\/\/www.rri.ro\/wp-content\/uploads\/2024\/07\/ceremonie-NATO-75-ani-09iulie2024-foto-presidency.jpg","contentUrl":"https:\/\/www.rri.ro\/wp-content\/uploads\/2024\/07\/ceremonie-NATO-75-ani-09iulie2024-foto-presidency.jpg","width":1200,"height":676,"caption":"Vertice anniversario della NATO 75 de ani (Foto: presidency.ro)"},{"@type":"BreadcrumbList","@id":"https:\/\/www.rri.ro\/ro_ar\/actualitati\/agiutoru-nato-tra-ucraina-id789933.html#breadcrumb","itemListElement":[{"@type":"ListItem","position":1,"name":"Prima pagin\u0103","item":"https:\/\/www.rri.ro\/ro_ar"},{"@type":"ListItem","position":2,"name":"Actualitati","item":"https:\/\/www.rri.ro\/actualitati"},{"@type":"ListItem","position":3,"name":"Agiutoru NATO tr\u0103 Ucraina"}]},{"@type":"WebSite","@id":"https:\/\/www.rri.ro\/#website","url":"https:\/\/www.rri.ro\/","name":"Radio Rom\u00e2nia Interna\u021bional","description":"Totul despre Rom\u00e2nia \u015fi rom\u00e2ni, \u00een 13 limbi\/dialecte!","inLanguage":"ro-AR"},{"@type":"Person","@id":"https:\/\/www.rri.ro\/#\/schema\/person\/0fa1f8943b999abcb99a1b3ef35db4c0","name":"Ta\u0219cu Lala","url":"https:\/\/www.rri.ro\/ro_ar\/author\/taacu-lala"}]}},"_links":{"self":[{"href":"https:\/\/www.rri.ro\/ro_ar\/wp-json\/wp\/v2\/posts\/789933","targetHints":{"allow":["GET"]}}],"collection":[{"href":"https:\/\/www.rri.ro\/ro_ar\/wp-json\/wp\/v2\/posts"}],"about":[{"href":"https:\/\/www.rri.ro\/ro_ar\/wp-json\/wp\/v2\/types\/post"}],"author":[{"embeddable":true,"href":"https:\/\/www.rri.ro\/ro_ar\/wp-json\/wp\/v2\/users\/187"}],"replies":[{"embeddable":true,"href":"https:\/\/www.rri.ro\/ro_ar\/wp-json\/wp\/v2\/comments?post=789933"}],"version-history":[{"count":0,"href":"https:\/\/www.rri.ro\/ro_ar\/wp-json\/wp\/v2\/posts\/789933\/revisions"}],"wp:featuredmedia":[{"embeddable":true,"href":"https:\/\/www.rri.ro\/ro_ar\/wp-json\/wp\/v2\/media\/789649"}],"wp:attachment":[{"href":"https:\/\/www.rri.ro\/ro_ar\/wp-json\/wp\/v2\/media?parent=789933"}],"wp:term":[{"taxonomy":"category","embeddable":true,"href":"https:\/\/www.rri.ro\/ro_ar\/wp-json\/wp\/v2\/categories?post=789933"},{"taxonomy":"post_tag","embeddable":true,"href":"https:\/\/www.rri.ro\/ro_ar\/wp-json\/wp\/v2\/tags?post=789933"},{"taxonomy":"author","embeddable":true,"href":"https:\/\/www.rri.ro\/ro_ar\/wp-json\/wp\/v2\/coauthors?post=789933"}],"curies":[{"name":"wp","href":"https:\/\/api.w.org\/{rel}","templated":true}]}}