{"id":827460,"date":"2024-11-11T22:59:04","date_gmt":"2024-11-11T20:59:04","guid":{"rendered":"https:\/\/www.rri.ro\/?p=827460"},"modified":"2024-11-11T22:59:04","modified_gmt":"2024-11-11T20:59:04","slug":"parteneriat-strateghicu-romano-frantescu","status":"publish","type":"post","link":"https:\/\/www.rri.ro\/ro_ar\/actualitati\/parteneriat-strateghicu-romano-frantescu-id827460.html","title":{"rendered":"Parteneriat strateghicu rom\u00e2no-fr\u00e2n\u021bescu"},"content":{"rendered":"<p>Nica ditu eta 19, Parislu eara prota op\u0163iuni ti elitili rom\u00e2ne\u015f\u021b\u00e2 \u021bi \u0219-pitri\u021bea fciorilli la studii tu Asc\u00e2pitat\u00e2. Tutu tu Fr\u00e2n\u021billi \u0219-aflar\u00e2 apanghiu mul\u0163\u00e2 rom\u00e2\u00f1i \u021bi loar\u00e2 parti la ximutarea ditu 1848, di cara minarea a loru di al\u00e2xeari fu d\u00e2n\u00e2sit\u00e2 di reac\u0163iunea di nuntru, andrup\u00e2t\u00e2 di ascherea otoman\u00e2 \u0219-aruseasc\u00e2 di aputurseari.<\/p>\n<p>Istori\u021blli dz\u00e2cu c\u0103 andruparea susto a amir\u0103lui fr\u00e2ncu Napoleon III-lu fu a\u021bea \u021bi apufusi ta s-fac\u00e2 Un\u00e2 Prin\u021bipatili Rom\u00e2ne\u0219\u021b\u00e2, tu 1859. Fran\u0163ia eara unu locu multu vrutu ti azilu \u0219-ti a\u021belli \u021bi alumta contra a comunismolui asc\u00e2pa\u0163 di dictatura ditu v\u00e2silie, dictatur\u00e2 b\u00e2gat\u00e2 di ascherea sovietic\u00e2 di ac\u00e2\u021bari. Plichisitorlu Constantin Br\u00e2ncu\u015fi, eseistul Emil Cioran i dramaturgul Eugene Ionesco suntu numi avdz\u00e2ti tutn\u00e2oar\u00e2, mondiali, fr\u00e2n\u021be\u0219\u021b\u00e2 i rom\u00e2ne\u015f\u021b\u00e2.<\/p>\n<p>Mass-media \u015f-opinia public\u00e2 ditu Hexagon vibrar\u00e2 la Revolu\u0163ia rom\u00e2neasc\u00e2 anticomunist\u00e2 ditu 1989, \u021bi s-bitisi cu cama di un\u00e2 \u00f1illi di oami\u00f1i v\u00e2t\u00e2ma\u021b. Dup\u00e2 b\u00e2garea ali democra\u0163ie Bucure\u015fti, lig\u00e2turli di dauli p\u0103r\u021b\u00e2 rom\u00e2no-fr\u00e2n\u021be\u0219\u021b\u00e2 s-fea\u021bir\u00e2 tutu ma buni \u015f-ma streasi, iara tu 2008, simnar\u00e2 unu Parteneriatu Strateghicu. Tu aestu chiro, tu yizm\u00e2ciuni 2006, Bucure\u015ftiul fu nicuchirlu ali andamusi francofon\u00e2 a \u0219efa\u00f1iloru di statu. <\/p>\n<p>Luni dicsear\u00e2, Paris, premierlli rom\u00e2\u00f1i, Marcel Ciolacu, \u015fi a\u021belu fr\u00e2n\u021bescu, Michel Barnier, zbur\u00e2r\u00e2 ti anv\u00e2rtu\u0219earea a Parteneriatlui Strateghicu di dauli p\u0103r\u021b\u00e2, iu angricar\u00e2 ma multu pi icunumie \u0219-ap\u00e2rari. Doilli \u0219efa\u00f1i pufisir\u00e2 investi\u0163iili tu dumeni-clleai, cata cumu dumenea IT, aeronautic\u00e2 \u015f-energhetic\u00e2, \u021bi suntu di thimelliu.<\/p>\n<p>F\u00e2\u021bearea dipl\u00e2 a emburl\u00e2chillei di dauli p\u0103r\u021b\u00e2 tu ae\u0219\u021b\u00e2 16 di a\u00f1i di Parteneriatu Strateghicu, s-veadi tu un\u00e2 cri\u0219teari a lig\u00e2turloru icunomi\u021bi cu tradi\u0163ie, cata cumu Dacia Renault, iara aesti suntu argumenti salami ta s-duc\u00e2 ninti lucurlu deadunu tu un\u00e2 turlie anv\u00e2rtu\u0219at\u00e2  \u2013 dz\u00e2si prot-ministrul Ciolacu, aleptu di corespondentul Radio Rom\u00e2nia di Paris.<\/p>\n<p>\u015eeflu ali chivernisi di Bucure\u015fti minduea\u0219ti c\u0103 lucurlu deadunu s-fea\u021bi ma salami tu \u021bi mutrea\u0219ti securitatea, ama \u0219-apofasea a prezidentului Emmanuel Macron, Fran\u0163a \u015f-lo rollu di na\u0163iuni-cadru ali Parei di Alumt\u00e2 NATO tu Rom\u00e2nie, un\u00e2 \u0219-un\u00e2 dup\u00e2 aputursearea ali Ucrain\u00e2 di Arusie, elementu di simasie ti anv\u00e2rtu\u0219area ali pozi\u0163ie a Su\u021b\u00e2llei pi flanculu ditu apirit\u00e2. Fu scoas\u00e2 tu migdani \u0219-vrearea ali Fran\u021bie ta s-creasc\u00e2 prezen\u0163a militar\u00e2 tu Rom\u00e2nie, \u021bi easti tora di 800 di aschirladz.<\/p>\n<p>Premierlu Ciolacu \u00e2lli h\u00e2ristusi a omologlui Barnier \u015f-ti andruparea niacumtinat\u00e2 ali Fran\u0163ie tu \u021bi mutrea\u0219ti integrarea acutotalui ali Rom\u00e2nie tu Spa\u0163iul Schengen, di libir\u00e2 urdinari, cata cumu \u0219-aderarea la OCDE, un\u00e2 prioritati mari ali chivernisi di Bucure\u015fti.<\/p>\n<p>Anlu \u021bi yini, Rom\u00e2nia \u015f-Fr\u00e2n\u021bia va s-yiurtuseasc\u00e2 145 di a\u00f1i di lig\u00e2turi diplomati\u021bi \u015fi ahurhir\u00e2 ta s-lucreadz\u00e2 la ma multi iventuri \u021bi va s\u00e2 scoat\u00e2 tu migdani avu\u021b\u00e2llia a dauloru culturi \u015fi lig\u00e2turli anamisa di eali.<\/p>\n<p>Autor: Bogdan Matei<br \/>\nApridu\u021bearea: Mirela Sima-Biolan<\/p>\n","protected":false},"excerpt":{"rendered":"<p>Nica ditu eta 19, Parislu eara prota op\u0163iuni ti elitili rom\u00e2ne\u015f\u021b\u00e2 \u021bi \u0219-pitri\u021bea fciorilli la studii tu Asc\u00e2pitat\u00e2. Tutu tu Fr\u00e2n\u021billi \u0219-aflar\u00e2 apanghiu mul\u0163\u00e2 rom\u00e2\u00f1i \u021bi loar\u00e2 parti la ximutarea ditu 1848, di cara minarea a loru di al\u00e2xeari fu d\u00e2n\u00e2sit\u00e2 di reac\u0163iunea di nuntru, andrup\u00e2t\u00e2 di ascherea otoman\u00e2 \u0219-aruseasc\u00e2 di aputurseari. Istori\u021blli dz\u00e2cu c\u0103 [&hellip;]<\/p>\n","protected":false},"author":187,"featured_media":825150,"comment_status":"closed","ping_status":"closed","sticky":false,"template":"","format":"standard","meta":{"_acf_changed":false,"footnotes":""},"categories":[69],"tags":[146900,158161,146727,46607,158162],"coauthors":[116465],"class_list":["post-827460","post","type-post","status-publish","format-standard","has-post-thumbnail","hentry","category-actualitati","tag-marcel-ciolacu-ro_ar","tag-michel-barnier-ro_ar","tag-nato-ro_ar","tag-parteneriat","tag-romania-franta-ro_ar"],"acf":[],"yoast_head":"<!-- This site is optimized with the Yoast SEO plugin v27.3 - https:\/\/yoast.com\/product\/yoast-seo-wordpress\/ -->\n<title>Parteneriat strateghicu rom\u00e2no-fr\u00e2n\u021bescu - Radio Rom\u00e2nia Interna\u021bional<\/title>\n<meta name=\"robots\" content=\"index, follow, max-snippet:-1, max-image-preview:large, max-video-preview:-1\" \/>\n<link rel=\"canonical\" href=\"https:\/\/www.rri.ro\/ro_ar\/actualitati\/parteneriat-strateghicu-romano-frantescu-id827460.html\" \/>\n<meta property=\"og:locale\" content=\"ro_RO\" \/>\n<meta property=\"og:type\" content=\"article\" \/>\n<meta property=\"og:title\" content=\"Parteneriat strateghicu rom\u00e2no-fr\u00e2n\u021bescu - Radio Rom\u00e2nia Interna\u021bional\" \/>\n<meta property=\"og:description\" content=\"Nica ditu eta 19, Parislu eara prota op\u0163iuni ti elitili rom\u00e2ne\u015f\u021b\u00e2 \u021bi \u0219-pitri\u021bea fciorilli la studii tu Asc\u00e2pitat\u00e2. Tutu tu Fr\u00e2n\u021billi \u0219-aflar\u00e2 apanghiu mul\u0163\u00e2 rom\u00e2\u00f1i \u021bi loar\u00e2 parti la ximutarea ditu 1848, di cara minarea a loru di al\u00e2xeari fu d\u00e2n\u00e2sit\u00e2 di reac\u0163iunea di nuntru, andrup\u00e2t\u00e2 di ascherea otoman\u00e2 \u0219-aruseasc\u00e2 di aputurseari. Istori\u021blli dz\u00e2cu c\u0103 [&hellip;]\" \/>\n<meta property=\"og:url\" content=\"https:\/\/www.rri.ro\/ro_ar\/actualitati\/parteneriat-strateghicu-romano-frantescu-id827460.html\" \/>\n<meta property=\"og:site_name\" content=\"Radio Rom\u00e2nia Interna\u021bional\" \/>\n<meta property=\"article:published_time\" content=\"2024-11-11T20:59:04+00:00\" \/>\n<meta property=\"og:image\" content=\"https:\/\/www.rri.ro\/wp-content\/uploads\/2024\/11\/marcel-ciolacu-si-Michel-Barnier-foto-gov-e1730792975252.jpg\" \/>\n\t<meta property=\"og:image:width\" content=\"1200\" \/>\n\t<meta property=\"og:image:height\" content=\"787\" \/>\n\t<meta property=\"og:image:type\" content=\"image\/jpeg\" \/>\n<meta name=\"author\" content=\"Ta\u0219cu Lala\" \/>\n<meta name=\"twitter:card\" content=\"summary_large_image\" \/>\n<meta name=\"twitter:label1\" content=\"Written by\" \/>\n\t<meta name=\"twitter:data1\" content=\"Ta\u0219cu Lala\" \/>\n\t<meta name=\"twitter:label2\" content=\"Est. reading time\" \/>\n\t<meta name=\"twitter:data2\" content=\"3 minutes\" \/>\n<script type=\"application\/ld+json\" class=\"yoast-schema-graph\">{\"@context\":\"https:\\\/\\\/schema.org\",\"@graph\":[{\"@type\":\"Article\",\"@id\":\"https:\\\/\\\/www.rri.ro\\\/ro_ar\\\/actualitati\\\/parteneriat-strateghicu-romano-frantescu-id827460.html#article\",\"isPartOf\":{\"@id\":\"https:\\\/\\\/www.rri.ro\\\/ro_ar\\\/actualitati\\\/parteneriat-strateghicu-romano-frantescu-id827460.html\"},\"author\":{\"name\":\"Ta\u0219cu Lala\",\"@id\":\"https:\\\/\\\/www.rri.ro\\\/#\\\/schema\\\/person\\\/0fa1f8943b999abcb99a1b3ef35db4c0\"},\"headline\":\"Parteneriat strateghicu rom\u00e2no-fr\u00e2n\u021bescu\",\"datePublished\":\"2024-11-11T20:59:04+00:00\",\"mainEntityOfPage\":{\"@id\":\"https:\\\/\\\/www.rri.ro\\\/ro_ar\\\/actualitati\\\/parteneriat-strateghicu-romano-frantescu-id827460.html\"},\"wordCount\":527,\"image\":{\"@id\":\"https:\\\/\\\/www.rri.ro\\\/ro_ar\\\/actualitati\\\/parteneriat-strateghicu-romano-frantescu-id827460.html#primaryimage\"},\"thumbnailUrl\":\"https:\\\/\\\/www.rri.ro\\\/wp-content\\\/uploads\\\/2024\\\/11\\\/marcel-ciolacu-si-Michel-Barnier-foto-gov-e1730792975252.jpg\",\"keywords\":[\"Marcel Ciolacu\",\"Michel Barnier\",\"NATO\",\"Parteneriat\",\"Romania-Franta\"],\"articleSection\":[\"Actualitati\"],\"inLanguage\":\"ro-AR\"},{\"@type\":\"WebPage\",\"@id\":\"https:\\\/\\\/www.rri.ro\\\/ro_ar\\\/actualitati\\\/parteneriat-strateghicu-romano-frantescu-id827460.html\",\"url\":\"https:\\\/\\\/www.rri.ro\\\/ro_ar\\\/actualitati\\\/parteneriat-strateghicu-romano-frantescu-id827460.html\",\"name\":\"Parteneriat strateghicu rom\u00e2no-fr\u00e2n\u021bescu - Radio Rom\u00e2nia Interna\u021bional\",\"isPartOf\":{\"@id\":\"https:\\\/\\\/www.rri.ro\\\/#website\"},\"primaryImageOfPage\":{\"@id\":\"https:\\\/\\\/www.rri.ro\\\/ro_ar\\\/actualitati\\\/parteneriat-strateghicu-romano-frantescu-id827460.html#primaryimage\"},\"image\":{\"@id\":\"https:\\\/\\\/www.rri.ro\\\/ro_ar\\\/actualitati\\\/parteneriat-strateghicu-romano-frantescu-id827460.html#primaryimage\"},\"thumbnailUrl\":\"https:\\\/\\\/www.rri.ro\\\/wp-content\\\/uploads\\\/2024\\\/11\\\/marcel-ciolacu-si-Michel-Barnier-foto-gov-e1730792975252.jpg\",\"datePublished\":\"2024-11-11T20:59:04+00:00\",\"author\":{\"@id\":\"https:\\\/\\\/www.rri.ro\\\/#\\\/schema\\\/person\\\/0fa1f8943b999abcb99a1b3ef35db4c0\"},\"breadcrumb\":{\"@id\":\"https:\\\/\\\/www.rri.ro\\\/ro_ar\\\/actualitati\\\/parteneriat-strateghicu-romano-frantescu-id827460.html#breadcrumb\"},\"inLanguage\":\"ro-AR\",\"potentialAction\":[{\"@type\":\"ReadAction\",\"target\":[\"https:\\\/\\\/www.rri.ro\\\/ro_ar\\\/actualitati\\\/parteneriat-strateghicu-romano-frantescu-id827460.html\"]}]},{\"@type\":\"ImageObject\",\"inLanguage\":\"ro-AR\",\"@id\":\"https:\\\/\\\/www.rri.ro\\\/ro_ar\\\/actualitati\\\/parteneriat-strateghicu-romano-frantescu-id827460.html#primaryimage\",\"url\":\"https:\\\/\\\/www.rri.ro\\\/wp-content\\\/uploads\\\/2024\\\/11\\\/marcel-ciolacu-si-Michel-Barnier-foto-gov-e1730792975252.jpg\",\"contentUrl\":\"https:\\\/\\\/www.rri.ro\\\/wp-content\\\/uploads\\\/2024\\\/11\\\/marcel-ciolacu-si-Michel-Barnier-foto-gov-e1730792975252.jpg\",\"width\":1200,\"height\":787,\"caption\":\"Incontro Marcel Ciolacu - Michel Barnier a Parigi (foto: gov.ro)\"},{\"@type\":\"BreadcrumbList\",\"@id\":\"https:\\\/\\\/www.rri.ro\\\/ro_ar\\\/actualitati\\\/parteneriat-strateghicu-romano-frantescu-id827460.html#breadcrumb\",\"itemListElement\":[{\"@type\":\"ListItem\",\"position\":1,\"name\":\"Prima pagin\u0103\",\"item\":\"https:\\\/\\\/www.rri.ro\\\/ro_ar\"},{\"@type\":\"ListItem\",\"position\":2,\"name\":\"Actualitati\",\"item\":\"https:\\\/\\\/www.rri.ro\\\/actualitati\"},{\"@type\":\"ListItem\",\"position\":3,\"name\":\"Parteneriat strateghicu rom\u00e2no-fr\u00e2n\u021bescu\"}]},{\"@type\":\"WebSite\",\"@id\":\"https:\\\/\\\/www.rri.ro\\\/#website\",\"url\":\"https:\\\/\\\/www.rri.ro\\\/\",\"name\":\"Radio Rom\u00e2nia Interna\u021bional\",\"description\":\"Totul despre Rom\u00e2nia \u015fi rom\u00e2ni, \u00een 13 limbi\\\/dialecte!\",\"inLanguage\":\"ro-AR\"},{\"@type\":\"Person\",\"@id\":\"https:\\\/\\\/www.rri.ro\\\/#\\\/schema\\\/person\\\/0fa1f8943b999abcb99a1b3ef35db4c0\",\"name\":\"Ta\u0219cu Lala\",\"url\":\"https:\\\/\\\/www.rri.ro\\\/ro_ar\\\/author\\\/taacu-lala\"}]}<\/script>\n<!-- \/ Yoast SEO plugin. -->","yoast_head_json":{"title":"Parteneriat strateghicu rom\u00e2no-fr\u00e2n\u021bescu - Radio Rom\u00e2nia Interna\u021bional","robots":{"index":"index","follow":"follow","max-snippet":"max-snippet:-1","max-image-preview":"max-image-preview:large","max-video-preview":"max-video-preview:-1"},"canonical":"https:\/\/www.rri.ro\/ro_ar\/actualitati\/parteneriat-strateghicu-romano-frantescu-id827460.html","og_locale":"ro_RO","og_type":"article","og_title":"Parteneriat strateghicu rom\u00e2no-fr\u00e2n\u021bescu - Radio Rom\u00e2nia Interna\u021bional","og_description":"Nica ditu eta 19, Parislu eara prota op\u0163iuni ti elitili rom\u00e2ne\u015f\u021b\u00e2 \u021bi \u0219-pitri\u021bea fciorilli la studii tu Asc\u00e2pitat\u00e2. Tutu tu Fr\u00e2n\u021billi \u0219-aflar\u00e2 apanghiu mul\u0163\u00e2 rom\u00e2\u00f1i \u021bi loar\u00e2 parti la ximutarea ditu 1848, di cara minarea a loru di al\u00e2xeari fu d\u00e2n\u00e2sit\u00e2 di reac\u0163iunea di nuntru, andrup\u00e2t\u00e2 di ascherea otoman\u00e2 \u0219-aruseasc\u00e2 di aputurseari. Istori\u021blli dz\u00e2cu c\u0103 [&hellip;]","og_url":"https:\/\/www.rri.ro\/ro_ar\/actualitati\/parteneriat-strateghicu-romano-frantescu-id827460.html","og_site_name":"Radio Rom\u00e2nia Interna\u021bional","article_published_time":"2024-11-11T20:59:04+00:00","og_image":[{"width":1200,"height":787,"url":"https:\/\/www.rri.ro\/wp-content\/uploads\/2024\/11\/marcel-ciolacu-si-Michel-Barnier-foto-gov-e1730792975252.jpg","type":"image\/jpeg"}],"author":"Ta\u0219cu Lala","twitter_card":"summary_large_image","twitter_misc":{"Written by":"Ta\u0219cu Lala","Est. reading time":"3 minutes"},"schema":{"@context":"https:\/\/schema.org","@graph":[{"@type":"Article","@id":"https:\/\/www.rri.ro\/ro_ar\/actualitati\/parteneriat-strateghicu-romano-frantescu-id827460.html#article","isPartOf":{"@id":"https:\/\/www.rri.ro\/ro_ar\/actualitati\/parteneriat-strateghicu-romano-frantescu-id827460.html"},"author":{"name":"Ta\u0219cu Lala","@id":"https:\/\/www.rri.ro\/#\/schema\/person\/0fa1f8943b999abcb99a1b3ef35db4c0"},"headline":"Parteneriat strateghicu rom\u00e2no-fr\u00e2n\u021bescu","datePublished":"2024-11-11T20:59:04+00:00","mainEntityOfPage":{"@id":"https:\/\/www.rri.ro\/ro_ar\/actualitati\/parteneriat-strateghicu-romano-frantescu-id827460.html"},"wordCount":527,"image":{"@id":"https:\/\/www.rri.ro\/ro_ar\/actualitati\/parteneriat-strateghicu-romano-frantescu-id827460.html#primaryimage"},"thumbnailUrl":"https:\/\/www.rri.ro\/wp-content\/uploads\/2024\/11\/marcel-ciolacu-si-Michel-Barnier-foto-gov-e1730792975252.jpg","keywords":["Marcel Ciolacu","Michel Barnier","NATO","Parteneriat","Romania-Franta"],"articleSection":["Actualitati"],"inLanguage":"ro-AR"},{"@type":"WebPage","@id":"https:\/\/www.rri.ro\/ro_ar\/actualitati\/parteneriat-strateghicu-romano-frantescu-id827460.html","url":"https:\/\/www.rri.ro\/ro_ar\/actualitati\/parteneriat-strateghicu-romano-frantescu-id827460.html","name":"Parteneriat strateghicu rom\u00e2no-fr\u00e2n\u021bescu - Radio Rom\u00e2nia Interna\u021bional","isPartOf":{"@id":"https:\/\/www.rri.ro\/#website"},"primaryImageOfPage":{"@id":"https:\/\/www.rri.ro\/ro_ar\/actualitati\/parteneriat-strateghicu-romano-frantescu-id827460.html#primaryimage"},"image":{"@id":"https:\/\/www.rri.ro\/ro_ar\/actualitati\/parteneriat-strateghicu-romano-frantescu-id827460.html#primaryimage"},"thumbnailUrl":"https:\/\/www.rri.ro\/wp-content\/uploads\/2024\/11\/marcel-ciolacu-si-Michel-Barnier-foto-gov-e1730792975252.jpg","datePublished":"2024-11-11T20:59:04+00:00","author":{"@id":"https:\/\/www.rri.ro\/#\/schema\/person\/0fa1f8943b999abcb99a1b3ef35db4c0"},"breadcrumb":{"@id":"https:\/\/www.rri.ro\/ro_ar\/actualitati\/parteneriat-strateghicu-romano-frantescu-id827460.html#breadcrumb"},"inLanguage":"ro-AR","potentialAction":[{"@type":"ReadAction","target":["https:\/\/www.rri.ro\/ro_ar\/actualitati\/parteneriat-strateghicu-romano-frantescu-id827460.html"]}]},{"@type":"ImageObject","inLanguage":"ro-AR","@id":"https:\/\/www.rri.ro\/ro_ar\/actualitati\/parteneriat-strateghicu-romano-frantescu-id827460.html#primaryimage","url":"https:\/\/www.rri.ro\/wp-content\/uploads\/2024\/11\/marcel-ciolacu-si-Michel-Barnier-foto-gov-e1730792975252.jpg","contentUrl":"https:\/\/www.rri.ro\/wp-content\/uploads\/2024\/11\/marcel-ciolacu-si-Michel-Barnier-foto-gov-e1730792975252.jpg","width":1200,"height":787,"caption":"Incontro Marcel Ciolacu - Michel Barnier a Parigi (foto: gov.ro)"},{"@type":"BreadcrumbList","@id":"https:\/\/www.rri.ro\/ro_ar\/actualitati\/parteneriat-strateghicu-romano-frantescu-id827460.html#breadcrumb","itemListElement":[{"@type":"ListItem","position":1,"name":"Prima pagin\u0103","item":"https:\/\/www.rri.ro\/ro_ar"},{"@type":"ListItem","position":2,"name":"Actualitati","item":"https:\/\/www.rri.ro\/actualitati"},{"@type":"ListItem","position":3,"name":"Parteneriat strateghicu rom\u00e2no-fr\u00e2n\u021bescu"}]},{"@type":"WebSite","@id":"https:\/\/www.rri.ro\/#website","url":"https:\/\/www.rri.ro\/","name":"Radio Rom\u00e2nia Interna\u021bional","description":"Totul despre Rom\u00e2nia \u015fi rom\u00e2ni, \u00een 13 limbi\/dialecte!","inLanguage":"ro-AR"},{"@type":"Person","@id":"https:\/\/www.rri.ro\/#\/schema\/person\/0fa1f8943b999abcb99a1b3ef35db4c0","name":"Ta\u0219cu Lala","url":"https:\/\/www.rri.ro\/ro_ar\/author\/taacu-lala"}]}},"_links":{"self":[{"href":"https:\/\/www.rri.ro\/ro_ar\/wp-json\/wp\/v2\/posts\/827460","targetHints":{"allow":["GET"]}}],"collection":[{"href":"https:\/\/www.rri.ro\/ro_ar\/wp-json\/wp\/v2\/posts"}],"about":[{"href":"https:\/\/www.rri.ro\/ro_ar\/wp-json\/wp\/v2\/types\/post"}],"author":[{"embeddable":true,"href":"https:\/\/www.rri.ro\/ro_ar\/wp-json\/wp\/v2\/users\/187"}],"replies":[{"embeddable":true,"href":"https:\/\/www.rri.ro\/ro_ar\/wp-json\/wp\/v2\/comments?post=827460"}],"version-history":[{"count":0,"href":"https:\/\/www.rri.ro\/ro_ar\/wp-json\/wp\/v2\/posts\/827460\/revisions"}],"wp:featuredmedia":[{"embeddable":true,"href":"https:\/\/www.rri.ro\/ro_ar\/wp-json\/wp\/v2\/media\/825150"}],"wp:attachment":[{"href":"https:\/\/www.rri.ro\/ro_ar\/wp-json\/wp\/v2\/media?parent=827460"}],"wp:term":[{"taxonomy":"category","embeddable":true,"href":"https:\/\/www.rri.ro\/ro_ar\/wp-json\/wp\/v2\/categories?post=827460"},{"taxonomy":"post_tag","embeddable":true,"href":"https:\/\/www.rri.ro\/ro_ar\/wp-json\/wp\/v2\/tags?post=827460"},{"taxonomy":"author","embeddable":true,"href":"https:\/\/www.rri.ro\/ro_ar\/wp-json\/wp\/v2\/coauthors?post=827460"}],"curies":[{"name":"wp","href":"https:\/\/api.w.org\/{rel}","templated":true}]}}