{"id":845516,"date":"2024-12-24T06:25:30","date_gmt":"2024-12-24T04:25:30","guid":{"rendered":"https:\/\/www.rri.ro\/?p=845516"},"modified":"2024-12-24T06:29:14","modified_gmt":"2024-12-24T04:29:14","slug":"mesajlu-a-prezidentallei-ali-ce-ursula-von-der-leyen-la-35-di-ani-di-la-ribilipsirea-romaneasca","status":"publish","type":"post","link":"https:\/\/www.rri.ro\/ro_ar\/actualitati\/habarli\/mesajlu-a-prezidentallei-ali-ce-ursula-von-der-leyen-la-35-di-ani-di-la-ribilipsirea-romaneasca-id845516.html","title":{"rendered":"Mesajlu a prezident\u00e2llei ali CE, Ursula von der Leyen, anda s-ancllidu 35 di a\u00f1i di la Ribilipsirea Rom\u00e2neasc\u00e2"},"content":{"rendered":"<p>35 di a\u00f1i di la Ribilipsirea\/Ximutarea Rom\u00e2neasc\u00e2 fur\u00e2 yiurtusi\u021b di prezidenta ali Comisie European\u00e2 (CE), Ursula von der Leyen.<\/p>\n<p>\u201eAoa \u0219i 35 di a\u00f1i, rom\u00e2\u00f1illi mutar\u00e2 caplul ti ndreptul ta s\u00e2-\u0219i aleag\u00e2 mira. Mul\u0163\u00e2 \u015f-deadir\u00e2 bana ta s-hib\u00e2 libiri fciorilli a loru \u0219i s-b\u00e2neadz\u00e2 tu democra\u0163ie\u201d, anyr\u00e2psi \u0219efa a executivlui di Bruxelles, dum\u00e2nic\u00e2, pi singirlu di so\u021bializari X.<\/p>\n<p>&nbsp;<\/p>\n<p>Adz\u00e2, 22 di andreu, cundille Ursula von der Leyen, Rom\u00e2nia \u015f-Europa thimisescu curbanea a rom\u00e2\u00f1ilor, \u021bi u adrar\u00e2 aoa \u0219i 35 di a\u00f1i.<\/p>\n<p>Prezidenta ali CE \u015f-bitisi mesajlu scriindalui c\u0103 \u201eAdz\u00e2, Rom\u00e2nia \u0219i Europa \u015f-aducu aminti di curbanea a lor\u201d.<\/p>\n<p>&nbsp;<\/p>\n<p>&nbsp;<\/p>\n<p>&nbsp;<\/p>\n<p>Autor: Mariana Chiri\u021b\u0103<\/p>\n<p>Apridu\u021bearea: Mirela Biolan<\/p>\n<p>&nbsp;<\/p>\n<p><a href=\"https:\/\/www.rri.ro\/articole-despre\/mesaj\">mesaj<\/a>, <a href=\"https:\/\/www.rri.ro\/articole-despre\/revolutie-2\">ximutari<\/a>, <a href=\"https:\/\/www.rri.ro\/articole-despre\/ursula-von-der-leyen-2\">Ursula von der Leyen<\/a><\/p>\n<p>&nbsp;<\/p>\n<p>&nbsp;<\/p>\n","protected":false},"excerpt":{"rendered":"<p>35 di a\u00f1i di la Ribilipsirea\/Ximutarea Rom\u00e2neasc\u00e2 fur\u00e2 yiurtusi\u021b di prezidenta ali Comisie European\u00e2 (CE), Ursula von der Leyen. \u201eAoa \u0219i 35 di a\u00f1i, rom\u00e2\u00f1illi mutar\u00e2 caplul ti ndreptul ta s\u00e2-\u0219i aleag\u00e2 mira. Mul\u0163\u00e2 \u015f-deadir\u00e2 bana ta s-hib\u00e2 libiri fciorilli a loru \u0219i s-b\u00e2neadz\u00e2 tu democra\u0163ie\u201d, anyr\u00e2psi \u0219efa a executivlui di Bruxelles, dum\u00e2nic\u00e2, pi singirlu [&hellip;]<\/p>\n","protected":false},"author":187,"featured_media":791632,"comment_status":"closed","ping_status":"closed","sticky":false,"template":"","format":"standard","meta":{"_acf_changed":false,"footnotes":""},"categories":[46387],"tags":[160684,151792,160683],"coauthors":[116465],"class_list":["post-845516","post","type-post","status-publish","format-standard","has-post-thumbnail","hentry","category-habarli","tag-mesaj-ro_ar","tag-ursula-von-der-leyen-ro_ar","tag-ximutari"],"acf":[],"yoast_head":"<!-- This site is optimized with the Yoast SEO plugin v27.3 - https:\/\/yoast.com\/product\/yoast-seo-wordpress\/ -->\n<title>Mesajlu a prezident\u00e2llei ali CE, Ursula von der Leyen, anda s-ancllidu 35 di a\u00f1i di la Ribilipsirea Rom\u00e2neasc\u00e2 - Radio Rom\u00e2nia Interna\u021bional<\/title>\n<meta name=\"robots\" content=\"index, follow, max-snippet:-1, max-image-preview:large, max-video-preview:-1\" \/>\n<link rel=\"canonical\" href=\"https:\/\/www.rri.ro\/ro_ar\/actualitati\/habarli\/mesajlu-a-prezidentallei-ali-ce-ursula-von-der-leyen-la-35-di-ani-di-la-ribilipsirea-romaneasca-id845516.html\" \/>\n<meta property=\"og:locale\" content=\"ro_RO\" \/>\n<meta property=\"og:type\" content=\"article\" \/>\n<meta property=\"og:title\" content=\"Mesajlu a prezident\u00e2llei ali CE, Ursula von der Leyen, anda s-ancllidu 35 di a\u00f1i di la Ribilipsirea Rom\u00e2neasc\u00e2 - Radio Rom\u00e2nia Interna\u021bional\" \/>\n<meta property=\"og:description\" content=\"35 di a\u00f1i di la Ribilipsirea\/Ximutarea Rom\u00e2neasc\u00e2 fur\u00e2 yiurtusi\u021b di prezidenta ali Comisie European\u00e2 (CE), Ursula von der Leyen. \u201eAoa \u0219i 35 di a\u00f1i, rom\u00e2\u00f1illi mutar\u00e2 caplul ti ndreptul ta s\u00e2-\u0219i aleag\u00e2 mira. Mul\u0163\u00e2 \u015f-deadir\u00e2 bana ta s-hib\u00e2 libiri fciorilli a loru \u0219i s-b\u00e2neadz\u00e2 tu democra\u0163ie\u201d, anyr\u00e2psi \u0219efa a executivlui di Bruxelles, dum\u00e2nic\u00e2, pi singirlu [&hellip;]\" \/>\n<meta property=\"og:url\" content=\"https:\/\/www.rri.ro\/ro_ar\/actualitati\/habarli\/mesajlu-a-prezidentallei-ali-ce-ursula-von-der-leyen-la-35-di-ani-di-la-ribilipsirea-romaneasca-id845516.html\" \/>\n<meta property=\"og:site_name\" content=\"Radio Rom\u00e2nia Interna\u021bional\" \/>\n<meta property=\"article:published_time\" content=\"2024-12-24T04:25:30+00:00\" \/>\n<meta property=\"article:modified_time\" content=\"2024-12-24T04:29:14+00:00\" \/>\n<meta property=\"og:image\" content=\"https:\/\/www.rri.ro\/wp-content\/uploads\/2024\/07\/ursula-von-der-leyen-iulie-2024-copy-pe-poza.jpg\" \/>\n\t<meta property=\"og:image:width\" content=\"1200\" \/>\n\t<meta property=\"og:image:height\" content=\"800\" \/>\n\t<meta property=\"og:image:type\" content=\"image\/jpeg\" \/>\n<meta name=\"author\" content=\"Ta\u0219cu Lala\" \/>\n<meta name=\"twitter:card\" content=\"summary_large_image\" \/>\n<meta name=\"twitter:label1\" content=\"Written by\" \/>\n\t<meta name=\"twitter:data1\" content=\"Ta\u0219cu Lala\" \/>\n\t<meta name=\"twitter:label2\" content=\"Est. reading time\" \/>\n\t<meta name=\"twitter:data2\" content=\"1 minute\" \/>\n<script type=\"application\/ld+json\" class=\"yoast-schema-graph\">{\"@context\":\"https:\\\/\\\/schema.org\",\"@graph\":[{\"@type\":\"Article\",\"@id\":\"https:\\\/\\\/www.rri.ro\\\/ro_ar\\\/actualitati\\\/habarli\\\/mesajlu-a-prezidentallei-ali-ce-ursula-von-der-leyen-la-35-di-ani-di-la-ribilipsirea-romaneasca-id845516.html#article\",\"isPartOf\":{\"@id\":\"https:\\\/\\\/www.rri.ro\\\/ro_ar\\\/actualitati\\\/habarli\\\/mesajlu-a-prezidentallei-ali-ce-ursula-von-der-leyen-la-35-di-ani-di-la-ribilipsirea-romaneasca-id845516.html\"},\"author\":{\"name\":\"Ta\u0219cu Lala\",\"@id\":\"https:\\\/\\\/www.rri.ro\\\/#\\\/schema\\\/person\\\/0fa1f8943b999abcb99a1b3ef35db4c0\"},\"headline\":\"Mesajlu a prezident\u00e2llei ali CE, Ursula von der Leyen, anda s-ancllidu 35 di a\u00f1i di la Ribilipsirea Rom\u00e2neasc\u00e2\",\"datePublished\":\"2024-12-24T04:25:30+00:00\",\"dateModified\":\"2024-12-24T04:29:14+00:00\",\"mainEntityOfPage\":{\"@id\":\"https:\\\/\\\/www.rri.ro\\\/ro_ar\\\/actualitati\\\/habarli\\\/mesajlu-a-prezidentallei-ali-ce-ursula-von-der-leyen-la-35-di-ani-di-la-ribilipsirea-romaneasca-id845516.html\"},\"wordCount\":150,\"image\":{\"@id\":\"https:\\\/\\\/www.rri.ro\\\/ro_ar\\\/actualitati\\\/habarli\\\/mesajlu-a-prezidentallei-ali-ce-ursula-von-der-leyen-la-35-di-ani-di-la-ribilipsirea-romaneasca-id845516.html#primaryimage\"},\"thumbnailUrl\":\"https:\\\/\\\/www.rri.ro\\\/wp-content\\\/uploads\\\/2024\\\/07\\\/ursula-von-der-leyen-iulie-2024-copy-pe-poza.jpg\",\"keywords\":[\"mesaj\",\"Ursula von der Leyen\",\"ximutari\"],\"articleSection\":[\"H\u0103b\u0103rli\"],\"inLanguage\":\"ro-AR\"},{\"@type\":\"WebPage\",\"@id\":\"https:\\\/\\\/www.rri.ro\\\/ro_ar\\\/actualitati\\\/habarli\\\/mesajlu-a-prezidentallei-ali-ce-ursula-von-der-leyen-la-35-di-ani-di-la-ribilipsirea-romaneasca-id845516.html\",\"url\":\"https:\\\/\\\/www.rri.ro\\\/ro_ar\\\/actualitati\\\/habarli\\\/mesajlu-a-prezidentallei-ali-ce-ursula-von-der-leyen-la-35-di-ani-di-la-ribilipsirea-romaneasca-id845516.html\",\"name\":\"Mesajlu a prezident\u00e2llei ali CE, Ursula von der Leyen, anda s-ancllidu 35 di a\u00f1i di la Ribilipsirea Rom\u00e2neasc\u00e2 - Radio Rom\u00e2nia Interna\u021bional\",\"isPartOf\":{\"@id\":\"https:\\\/\\\/www.rri.ro\\\/#website\"},\"primaryImageOfPage\":{\"@id\":\"https:\\\/\\\/www.rri.ro\\\/ro_ar\\\/actualitati\\\/habarli\\\/mesajlu-a-prezidentallei-ali-ce-ursula-von-der-leyen-la-35-di-ani-di-la-ribilipsirea-romaneasca-id845516.html#primaryimage\"},\"image\":{\"@id\":\"https:\\\/\\\/www.rri.ro\\\/ro_ar\\\/actualitati\\\/habarli\\\/mesajlu-a-prezidentallei-ali-ce-ursula-von-der-leyen-la-35-di-ani-di-la-ribilipsirea-romaneasca-id845516.html#primaryimage\"},\"thumbnailUrl\":\"https:\\\/\\\/www.rri.ro\\\/wp-content\\\/uploads\\\/2024\\\/07\\\/ursula-von-der-leyen-iulie-2024-copy-pe-poza.jpg\",\"datePublished\":\"2024-12-24T04:25:30+00:00\",\"dateModified\":\"2024-12-24T04:29:14+00:00\",\"author\":{\"@id\":\"https:\\\/\\\/www.rri.ro\\\/#\\\/schema\\\/person\\\/0fa1f8943b999abcb99a1b3ef35db4c0\"},\"breadcrumb\":{\"@id\":\"https:\\\/\\\/www.rri.ro\\\/ro_ar\\\/actualitati\\\/habarli\\\/mesajlu-a-prezidentallei-ali-ce-ursula-von-der-leyen-la-35-di-ani-di-la-ribilipsirea-romaneasca-id845516.html#breadcrumb\"},\"inLanguage\":\"ro-AR\",\"potentialAction\":[{\"@type\":\"ReadAction\",\"target\":[\"https:\\\/\\\/www.rri.ro\\\/ro_ar\\\/actualitati\\\/habarli\\\/mesajlu-a-prezidentallei-ali-ce-ursula-von-der-leyen-la-35-di-ani-di-la-ribilipsirea-romaneasca-id845516.html\"]}]},{\"@type\":\"ImageObject\",\"inLanguage\":\"ro-AR\",\"@id\":\"https:\\\/\\\/www.rri.ro\\\/ro_ar\\\/actualitati\\\/habarli\\\/mesajlu-a-prezidentallei-ali-ce-ursula-von-der-leyen-la-35-di-ani-di-la-ribilipsirea-romaneasca-id845516.html#primaryimage\",\"url\":\"https:\\\/\\\/www.rri.ro\\\/wp-content\\\/uploads\\\/2024\\\/07\\\/ursula-von-der-leyen-iulie-2024-copy-pe-poza.jpg\",\"contentUrl\":\"https:\\\/\\\/www.rri.ro\\\/wp-content\\\/uploads\\\/2024\\\/07\\\/ursula-von-der-leyen-iulie-2024-copy-pe-poza.jpg\",\"width\":1200,\"height\":800,\"caption\":\"EP Plenary session - Statement by the Candidate for the Presidency of the European Commission (2024-2029)\"},{\"@type\":\"BreadcrumbList\",\"@id\":\"https:\\\/\\\/www.rri.ro\\\/ro_ar\\\/actualitati\\\/habarli\\\/mesajlu-a-prezidentallei-ali-ce-ursula-von-der-leyen-la-35-di-ani-di-la-ribilipsirea-romaneasca-id845516.html#breadcrumb\",\"itemListElement\":[{\"@type\":\"ListItem\",\"position\":1,\"name\":\"Prima pagin\u0103\",\"item\":\"https:\\\/\\\/www.rri.ro\\\/ro_ar\"},{\"@type\":\"ListItem\",\"position\":2,\"name\":\"Actualitati\",\"item\":\"https:\\\/\\\/www.rri.ro\\\/actualitati\"},{\"@type\":\"ListItem\",\"position\":3,\"name\":\"H\u0103b\u0103rli\",\"item\":\"https:\\\/\\\/www.rri.ro\\\/actualitati\\\/habarli\"},{\"@type\":\"ListItem\",\"position\":4,\"name\":\"Mesajlu a prezident\u00e2llei ali CE, Ursula von der Leyen, anda s-ancllidu 35 di a\u00f1i di la Ribilipsirea Rom\u00e2neasc\u00e2\"}]},{\"@type\":\"WebSite\",\"@id\":\"https:\\\/\\\/www.rri.ro\\\/#website\",\"url\":\"https:\\\/\\\/www.rri.ro\\\/\",\"name\":\"Radio Rom\u00e2nia Interna\u021bional\",\"description\":\"Totul despre Rom\u00e2nia \u015fi rom\u00e2ni, \u00een 13 limbi\\\/dialecte!\",\"inLanguage\":\"ro-AR\"},{\"@type\":\"Person\",\"@id\":\"https:\\\/\\\/www.rri.ro\\\/#\\\/schema\\\/person\\\/0fa1f8943b999abcb99a1b3ef35db4c0\",\"name\":\"Ta\u0219cu Lala\",\"url\":\"https:\\\/\\\/www.rri.ro\\\/ro_ar\\\/author\\\/taacu-lala\"}]}<\/script>\n<!-- \/ Yoast SEO plugin. -->","yoast_head_json":{"title":"Mesajlu a prezident\u00e2llei ali CE, Ursula von der Leyen, anda s-ancllidu 35 di a\u00f1i di la Ribilipsirea Rom\u00e2neasc\u00e2 - Radio Rom\u00e2nia Interna\u021bional","robots":{"index":"index","follow":"follow","max-snippet":"max-snippet:-1","max-image-preview":"max-image-preview:large","max-video-preview":"max-video-preview:-1"},"canonical":"https:\/\/www.rri.ro\/ro_ar\/actualitati\/habarli\/mesajlu-a-prezidentallei-ali-ce-ursula-von-der-leyen-la-35-di-ani-di-la-ribilipsirea-romaneasca-id845516.html","og_locale":"ro_RO","og_type":"article","og_title":"Mesajlu a prezident\u00e2llei ali CE, Ursula von der Leyen, anda s-ancllidu 35 di a\u00f1i di la Ribilipsirea Rom\u00e2neasc\u00e2 - Radio Rom\u00e2nia Interna\u021bional","og_description":"35 di a\u00f1i di la Ribilipsirea\/Ximutarea Rom\u00e2neasc\u00e2 fur\u00e2 yiurtusi\u021b di prezidenta ali Comisie European\u00e2 (CE), Ursula von der Leyen. \u201eAoa \u0219i 35 di a\u00f1i, rom\u00e2\u00f1illi mutar\u00e2 caplul ti ndreptul ta s\u00e2-\u0219i aleag\u00e2 mira. Mul\u0163\u00e2 \u015f-deadir\u00e2 bana ta s-hib\u00e2 libiri fciorilli a loru \u0219i s-b\u00e2neadz\u00e2 tu democra\u0163ie\u201d, anyr\u00e2psi \u0219efa a executivlui di Bruxelles, dum\u00e2nic\u00e2, pi singirlu [&hellip;]","og_url":"https:\/\/www.rri.ro\/ro_ar\/actualitati\/habarli\/mesajlu-a-prezidentallei-ali-ce-ursula-von-der-leyen-la-35-di-ani-di-la-ribilipsirea-romaneasca-id845516.html","og_site_name":"Radio Rom\u00e2nia Interna\u021bional","article_published_time":"2024-12-24T04:25:30+00:00","article_modified_time":"2024-12-24T04:29:14+00:00","og_image":[{"width":1200,"height":800,"url":"https:\/\/www.rri.ro\/wp-content\/uploads\/2024\/07\/ursula-von-der-leyen-iulie-2024-copy-pe-poza.jpg","type":"image\/jpeg"}],"author":"Ta\u0219cu Lala","twitter_card":"summary_large_image","twitter_misc":{"Written by":"Ta\u0219cu Lala","Est. reading time":"1 minute"},"schema":{"@context":"https:\/\/schema.org","@graph":[{"@type":"Article","@id":"https:\/\/www.rri.ro\/ro_ar\/actualitati\/habarli\/mesajlu-a-prezidentallei-ali-ce-ursula-von-der-leyen-la-35-di-ani-di-la-ribilipsirea-romaneasca-id845516.html#article","isPartOf":{"@id":"https:\/\/www.rri.ro\/ro_ar\/actualitati\/habarli\/mesajlu-a-prezidentallei-ali-ce-ursula-von-der-leyen-la-35-di-ani-di-la-ribilipsirea-romaneasca-id845516.html"},"author":{"name":"Ta\u0219cu Lala","@id":"https:\/\/www.rri.ro\/#\/schema\/person\/0fa1f8943b999abcb99a1b3ef35db4c0"},"headline":"Mesajlu a prezident\u00e2llei ali CE, Ursula von der Leyen, anda s-ancllidu 35 di a\u00f1i di la Ribilipsirea Rom\u00e2neasc\u00e2","datePublished":"2024-12-24T04:25:30+00:00","dateModified":"2024-12-24T04:29:14+00:00","mainEntityOfPage":{"@id":"https:\/\/www.rri.ro\/ro_ar\/actualitati\/habarli\/mesajlu-a-prezidentallei-ali-ce-ursula-von-der-leyen-la-35-di-ani-di-la-ribilipsirea-romaneasca-id845516.html"},"wordCount":150,"image":{"@id":"https:\/\/www.rri.ro\/ro_ar\/actualitati\/habarli\/mesajlu-a-prezidentallei-ali-ce-ursula-von-der-leyen-la-35-di-ani-di-la-ribilipsirea-romaneasca-id845516.html#primaryimage"},"thumbnailUrl":"https:\/\/www.rri.ro\/wp-content\/uploads\/2024\/07\/ursula-von-der-leyen-iulie-2024-copy-pe-poza.jpg","keywords":["mesaj","Ursula von der Leyen","ximutari"],"articleSection":["H\u0103b\u0103rli"],"inLanguage":"ro-AR"},{"@type":"WebPage","@id":"https:\/\/www.rri.ro\/ro_ar\/actualitati\/habarli\/mesajlu-a-prezidentallei-ali-ce-ursula-von-der-leyen-la-35-di-ani-di-la-ribilipsirea-romaneasca-id845516.html","url":"https:\/\/www.rri.ro\/ro_ar\/actualitati\/habarli\/mesajlu-a-prezidentallei-ali-ce-ursula-von-der-leyen-la-35-di-ani-di-la-ribilipsirea-romaneasca-id845516.html","name":"Mesajlu a prezident\u00e2llei ali CE, Ursula von der Leyen, anda s-ancllidu 35 di a\u00f1i di la Ribilipsirea Rom\u00e2neasc\u00e2 - Radio Rom\u00e2nia Interna\u021bional","isPartOf":{"@id":"https:\/\/www.rri.ro\/#website"},"primaryImageOfPage":{"@id":"https:\/\/www.rri.ro\/ro_ar\/actualitati\/habarli\/mesajlu-a-prezidentallei-ali-ce-ursula-von-der-leyen-la-35-di-ani-di-la-ribilipsirea-romaneasca-id845516.html#primaryimage"},"image":{"@id":"https:\/\/www.rri.ro\/ro_ar\/actualitati\/habarli\/mesajlu-a-prezidentallei-ali-ce-ursula-von-der-leyen-la-35-di-ani-di-la-ribilipsirea-romaneasca-id845516.html#primaryimage"},"thumbnailUrl":"https:\/\/www.rri.ro\/wp-content\/uploads\/2024\/07\/ursula-von-der-leyen-iulie-2024-copy-pe-poza.jpg","datePublished":"2024-12-24T04:25:30+00:00","dateModified":"2024-12-24T04:29:14+00:00","author":{"@id":"https:\/\/www.rri.ro\/#\/schema\/person\/0fa1f8943b999abcb99a1b3ef35db4c0"},"breadcrumb":{"@id":"https:\/\/www.rri.ro\/ro_ar\/actualitati\/habarli\/mesajlu-a-prezidentallei-ali-ce-ursula-von-der-leyen-la-35-di-ani-di-la-ribilipsirea-romaneasca-id845516.html#breadcrumb"},"inLanguage":"ro-AR","potentialAction":[{"@type":"ReadAction","target":["https:\/\/www.rri.ro\/ro_ar\/actualitati\/habarli\/mesajlu-a-prezidentallei-ali-ce-ursula-von-der-leyen-la-35-di-ani-di-la-ribilipsirea-romaneasca-id845516.html"]}]},{"@type":"ImageObject","inLanguage":"ro-AR","@id":"https:\/\/www.rri.ro\/ro_ar\/actualitati\/habarli\/mesajlu-a-prezidentallei-ali-ce-ursula-von-der-leyen-la-35-di-ani-di-la-ribilipsirea-romaneasca-id845516.html#primaryimage","url":"https:\/\/www.rri.ro\/wp-content\/uploads\/2024\/07\/ursula-von-der-leyen-iulie-2024-copy-pe-poza.jpg","contentUrl":"https:\/\/www.rri.ro\/wp-content\/uploads\/2024\/07\/ursula-von-der-leyen-iulie-2024-copy-pe-poza.jpg","width":1200,"height":800,"caption":"EP Plenary session - Statement by the Candidate for the Presidency of the European Commission (2024-2029)"},{"@type":"BreadcrumbList","@id":"https:\/\/www.rri.ro\/ro_ar\/actualitati\/habarli\/mesajlu-a-prezidentallei-ali-ce-ursula-von-der-leyen-la-35-di-ani-di-la-ribilipsirea-romaneasca-id845516.html#breadcrumb","itemListElement":[{"@type":"ListItem","position":1,"name":"Prima pagin\u0103","item":"https:\/\/www.rri.ro\/ro_ar"},{"@type":"ListItem","position":2,"name":"Actualitati","item":"https:\/\/www.rri.ro\/actualitati"},{"@type":"ListItem","position":3,"name":"H\u0103b\u0103rli","item":"https:\/\/www.rri.ro\/actualitati\/habarli"},{"@type":"ListItem","position":4,"name":"Mesajlu a prezident\u00e2llei ali CE, Ursula von der Leyen, anda s-ancllidu 35 di a\u00f1i di la Ribilipsirea Rom\u00e2neasc\u00e2"}]},{"@type":"WebSite","@id":"https:\/\/www.rri.ro\/#website","url":"https:\/\/www.rri.ro\/","name":"Radio Rom\u00e2nia Interna\u021bional","description":"Totul despre Rom\u00e2nia \u015fi rom\u00e2ni, \u00een 13 limbi\/dialecte!","inLanguage":"ro-AR"},{"@type":"Person","@id":"https:\/\/www.rri.ro\/#\/schema\/person\/0fa1f8943b999abcb99a1b3ef35db4c0","name":"Ta\u0219cu Lala","url":"https:\/\/www.rri.ro\/ro_ar\/author\/taacu-lala"}]}},"_links":{"self":[{"href":"https:\/\/www.rri.ro\/ro_ar\/wp-json\/wp\/v2\/posts\/845516","targetHints":{"allow":["GET"]}}],"collection":[{"href":"https:\/\/www.rri.ro\/ro_ar\/wp-json\/wp\/v2\/posts"}],"about":[{"href":"https:\/\/www.rri.ro\/ro_ar\/wp-json\/wp\/v2\/types\/post"}],"author":[{"embeddable":true,"href":"https:\/\/www.rri.ro\/ro_ar\/wp-json\/wp\/v2\/users\/187"}],"replies":[{"embeddable":true,"href":"https:\/\/www.rri.ro\/ro_ar\/wp-json\/wp\/v2\/comments?post=845516"}],"version-history":[{"count":0,"href":"https:\/\/www.rri.ro\/ro_ar\/wp-json\/wp\/v2\/posts\/845516\/revisions"}],"wp:featuredmedia":[{"embeddable":true,"href":"https:\/\/www.rri.ro\/ro_ar\/wp-json\/wp\/v2\/media\/791632"}],"wp:attachment":[{"href":"https:\/\/www.rri.ro\/ro_ar\/wp-json\/wp\/v2\/media?parent=845516"}],"wp:term":[{"taxonomy":"category","embeddable":true,"href":"https:\/\/www.rri.ro\/ro_ar\/wp-json\/wp\/v2\/categories?post=845516"},{"taxonomy":"post_tag","embeddable":true,"href":"https:\/\/www.rri.ro\/ro_ar\/wp-json\/wp\/v2\/tags?post=845516"},{"taxonomy":"author","embeddable":true,"href":"https:\/\/www.rri.ro\/ro_ar\/wp-json\/wp\/v2\/coauthors?post=845516"}],"curies":[{"name":"wp","href":"https:\/\/api.w.org\/{rel}","templated":true}]}}