{"id":876126,"date":"2025-03-27T10:06:15","date_gmt":"2025-03-27T08:06:15","guid":{"rendered":"https:\/\/www.rri.ro\/?p=876126"},"modified":"2025-03-27T11:25:59","modified_gmt":"2025-03-27T09:25:59","slug":"romanilli-tutu-cu-viza-tru-sua","status":"publish","type":"post","link":"https:\/\/www.rri.ro\/ro_ar\/actualitati\/romanilli-tutu-cu-viza-tru-sua-id876126.html","title":{"rendered":"Rom\u00e2\u00f1illi, tutu cu viz\u0103 tru SUA"},"content":{"rendered":"<p>Statele Unite curmar\u00e3 programlu ti scutearea-a viz\u00e3llei tr\u00e3 rom\u00e2ni, cari, uidisitu cu un\u00e3 apofasi ali administra\u0163i dimucrat\u00e3 Joe Bidin, lipsea tra s\u2019hib\u00e3 b\u00e3gat\u00e3 tru practico ditu bitisita alu\u015ftui mesu. Un comunicat a Dipartamentului Securitatillei Interne, difuzat mar\u0163\u00e3 \u015fi aleptu di corespondenta Radio Rom\u00e2nia tru Washington, dim\u00e3nd\u00e3 c\u0103 ac\u00e3tarea tu isapi ali Rom\u00e2nie va s\u2019hib\u00e3 mutrit\u00e3 dizn\u00e3u p\u00e3n\u00e3 c\u00e3ndu va s\u2019hib\u00e3 agiumti c\u00e3ft\u00e3rli di securitate pruvidzuti tru program.<\/p>\n<p>Tru aest\u00e3 mutreari dizn\u00e3u, Statele Unite curm\u00e3 b\u00e3garea tu lucru a sistemlui electronic di autorizare a c\u0103l\u0103toriillei tr\u00e3 cet\u0103\u0163e\u00f1illi rom\u00e2ni. Ase, cet\u0103\u0163enii rom\u00e2ni cari voru s\u2019urdin\u00e3 tru Statele Unite lipsea\u015fti s\u2019fac\u00e3 idyiulu lucru cumu \u0103lu f\u00e3\u0163ea p\u00e3n\u00e3 tora, ti loarea-a viz\u00e3llei \u201eB\u201d di non-imigrantu la ambasada ic\u00e3 consulatlu a Statelor Unite.<br \/>\nComunicatlu a Departamentului Securitatillei Interne exighisea\u015fti \u015fi a\u0163ea c\u00e3 ta s\u2019llia parti la programlu Visa Waiver l\u00e3 caft\u00e3 a statelor \u0163i au ananghi ta s\u2019creasc\u00e3 cooperarea cu Statele Unite tru comb\u00e3tearea-a terorismului \u015fi a migra\u0163illei paranomu. Tru aestu kiro, nau\u0103 v\u00e3silii europene, di aestea Fran\u0163a, Germania, Norvegia, Slovacia ori Slovenia, \u015f-li b\u00e3gar\u00e3 tu arad\u00e3 urminiili di c\u0103l\u0103turie tru Statele Unite a cet\u0103\u0163ea\u00f1ilor a lor sumu administra\u0163ia republican\u0103 Donald Trump, ama fea\u0163ir\u00e3 timbihi tru lig\u0103tur\u0103 cu b\u00e3garea tu practico a politi\u0163lor di intrare tru v\u00e3silie \u015fi cu riscul a z\u00e3ndanillei la sinuru.<\/p>\n<p>Ministerlu rom\u00e2n di Externe ari al\u00e3xit\u00e3, pi fr\u00e3ndza-a lui di internetu c\u00e3ft\u00e3rli di c\u0103l\u0103torie tru Statele Unite, tr\u00e3 s\u2019yilipseasc\u00e3 apofasea-a Washingtonlui. Diploma\u0163ia di Bucure\u015fti fa\u0163i timbihi a rom\u00e2\u00f1iloru cari au programate c\u0103l\u0103torii tru kirolu \u0163i yinni, nica \u015fi dupu 31 di mar\u0163u, s\u2019li caft\u00e3 ambasadili americane ditu v\u00e3siliili tru cari domiciliadz\u0103, ta s\u2019llia vizili di intrari. Ministerlu nica spuni c\u0103 autorit\u0103\u0163ile di Bucure\u015fti arm\u00e2n tru streas\u0103 coordonari cu a\u0163eali americane, tra si-s\u2019asiguripseasc\u00e3 c\u0103 programlu Visa Waiver va s\u2019hib\u00e3 b\u00e3gatu tu lucru c\u00e3tu cama ntr\u00e3oar\u00e3.<br \/>\n\u015eeflu su\u0163ial-dimucrat a guvernului di coali\u0163ie PSD-PNL-UDMR, Marcel Ciolacu, spuni c\u00e3 easti c\u00e3nd\u00e3situ c\u0103 revizuirea ti b\u00e3garea dizn\u00e3u ali Rom\u00e2nie tru program easti un\u00e3 misur\u00e3 tehnic\u0103 \u015fi, tu arada a lui, ari umuti c\u00e3 va s\u2019hib\u00e3 ti \u015fcurtu kiro. AUR (opozi\u0163ia na\u0163ionalist\u0103) stipseasti guvernul ti niaxizeari \u015fi spuni ti apofasea americanilor c\u00e3 easti unu e\u015fec ar\u015finos a guvernarillei Ciolacu. Tut ditu opozi\u0163ie, USR yini cu minduitea ti al\u00e3xearea-a ministrului di Externe, Emil Hurezeanu.<\/p>\n<p>Di pi b\u0103n\u0163\u00e3li a putearillei, liderlu UDMR, Kelemen Hunor, cundilleadz\u00e3 c\u0103 tru Statele Unite, un\u00e3oar\u00e3 cu agiundzearea pi ipotisi al Trump la Casa Alb\u0103, tru politica mutrinda migra\u0163ia ari un\u00e3 al\u00e3xeari radical\u0103 di abordari, cari nu mutrea\u015fti ma\u015f intrarea ali Rom\u00e2nie tru programlu Visa Waiver. Idhea easti amb\u00e3r\u0163itat\u00e3 \u015fi di presa rom\u00e2neasc\u0103. Aesta spuni, ama, nica ma multu c\u00e3 tu pareia al Trump ni\u0163i nu ari interlocutori di pistusini anamisa di apufusitorlli politi\u0163 di Bucure\u015fti.<\/p>\n<p>Autoru: Bogdan Matei<br \/>\nArm\u00e2nipsearea: Ta\u015fcu Lala<\/p>\n","protected":false},"excerpt":{"rendered":"<p>Statele Unite curmar\u00e3 programlu ti scutearea-a viz\u00e3llei tr\u00e3 rom\u00e2ni, cari, uidisitu cu un\u00e3 apofasi ali administra\u0163i dimucrat\u00e3 Joe Bidin, lipsea tra s\u2019hib\u00e3 b\u00e3gat\u00e3 tru practico ditu bitisita alu\u015ftui mesu. Un comunicat a Dipartamentului Securitatillei Interne, difuzat mar\u0163\u00e3 \u015fi aleptu di corespondenta Radio Rom\u00e2nia tru Washington, dim\u00e3nd\u00e3 c\u0103 ac\u00e3tarea tu isapi ali Rom\u00e2nie va s\u2019hib\u00e3 mutrit\u00e3 [&hellip;]<\/p>\n","protected":false},"author":187,"featured_media":875178,"comment_status":"closed","ping_status":"closed","sticky":false,"template":"","format":"standard","meta":{"_acf_changed":false,"footnotes":""},"categories":[69],"tags":[149690,147681,151889,166575,156361,156089],"coauthors":[116465],"class_list":["post-876126","post","type-post","status-publish","format-standard","has-post-thumbnail","hentry","category-actualitati","tag-mae-ro_ar","tag-romania-ro_ar","tag-sua-ro_ar","tag-trump-ro_ar","tag-visa-waiver-ro_ar","tag-viza-sua-ro_ar"],"acf":[],"yoast_head":"<!-- This site is optimized with the Yoast SEO plugin v27.3 - https:\/\/yoast.com\/product\/yoast-seo-wordpress\/ -->\n<title>Rom\u00e2\u00f1illi, tutu cu viz\u0103 tru SUA - Radio Rom\u00e2nia Interna\u021bional<\/title>\n<meta name=\"robots\" content=\"index, follow, max-snippet:-1, max-image-preview:large, max-video-preview:-1\" \/>\n<link rel=\"canonical\" href=\"https:\/\/www.rri.ro\/ro_ar\/actualitati\/romanilli-tutu-cu-viza-tru-sua-id876126.html\" \/>\n<meta property=\"og:locale\" content=\"ro_RO\" \/>\n<meta property=\"og:type\" content=\"article\" \/>\n<meta property=\"og:title\" content=\"Rom\u00e2\u00f1illi, tutu cu viz\u0103 tru SUA - Radio Rom\u00e2nia Interna\u021bional\" \/>\n<meta property=\"og:description\" content=\"Statele Unite curmar\u00e3 programlu ti scutearea-a viz\u00e3llei tr\u00e3 rom\u00e2ni, cari, uidisitu cu un\u00e3 apofasi ali administra\u0163i dimucrat\u00e3 Joe Bidin, lipsea tra s\u2019hib\u00e3 b\u00e3gat\u00e3 tru practico ditu bitisita alu\u015ftui mesu. Un comunicat a Dipartamentului Securitatillei Interne, difuzat mar\u0163\u00e3 \u015fi aleptu di corespondenta Radio Rom\u00e2nia tru Washington, dim\u00e3nd\u00e3 c\u0103 ac\u00e3tarea tu isapi ali Rom\u00e2nie va s\u2019hib\u00e3 mutrit\u00e3 [&hellip;]\" \/>\n<meta property=\"og:url\" content=\"https:\/\/www.rri.ro\/ro_ar\/actualitati\/romanilli-tutu-cu-viza-tru-sua-id876126.html\" \/>\n<meta property=\"og:site_name\" content=\"Radio Rom\u00e2nia Interna\u021bional\" \/>\n<meta property=\"article:published_time\" content=\"2025-03-27T08:06:15+00:00\" \/>\n<meta property=\"article:modified_time\" content=\"2025-03-27T09:25:59+00:00\" \/>\n<meta property=\"og:image\" content=\"https:\/\/www.rri.ro\/wp-content\/uploads\/2025\/03\/Visa-Waiver-foto-gov-ro.jpg\" \/>\n\t<meta property=\"og:image:width\" content=\"960\" \/>\n\t<meta property=\"og:image:height\" content=\"504\" \/>\n\t<meta property=\"og:image:type\" content=\"image\/jpeg\" \/>\n<meta name=\"author\" content=\"Ta\u0219cu Lala\" \/>\n<meta name=\"twitter:card\" content=\"summary_large_image\" \/>\n<meta name=\"twitter:label1\" content=\"Written by\" \/>\n\t<meta name=\"twitter:data1\" content=\"Ta\u0219cu Lala\" \/>\n\t<meta name=\"twitter:label2\" content=\"Est. reading time\" \/>\n\t<meta name=\"twitter:data2\" content=\"3 minutes\" \/>\n<script type=\"application\/ld+json\" class=\"yoast-schema-graph\">{\"@context\":\"https:\\\/\\\/schema.org\",\"@graph\":[{\"@type\":\"Article\",\"@id\":\"https:\\\/\\\/www.rri.ro\\\/ro_ar\\\/actualitati\\\/romanilli-tutu-cu-viza-tru-sua-id876126.html#article\",\"isPartOf\":{\"@id\":\"https:\\\/\\\/www.rri.ro\\\/ro_ar\\\/actualitati\\\/romanilli-tutu-cu-viza-tru-sua-id876126.html\"},\"author\":{\"name\":\"Ta\u0219cu Lala\",\"@id\":\"https:\\\/\\\/www.rri.ro\\\/#\\\/schema\\\/person\\\/0fa1f8943b999abcb99a1b3ef35db4c0\"},\"headline\":\"Rom\u00e2\u00f1illi, tutu cu viz\u0103 tru SUA\",\"datePublished\":\"2025-03-27T08:06:15+00:00\",\"dateModified\":\"2025-03-27T09:25:59+00:00\",\"mainEntityOfPage\":{\"@id\":\"https:\\\/\\\/www.rri.ro\\\/ro_ar\\\/actualitati\\\/romanilli-tutu-cu-viza-tru-sua-id876126.html\"},\"wordCount\":560,\"image\":{\"@id\":\"https:\\\/\\\/www.rri.ro\\\/ro_ar\\\/actualitati\\\/romanilli-tutu-cu-viza-tru-sua-id876126.html#primaryimage\"},\"thumbnailUrl\":\"https:\\\/\\\/www.rri.ro\\\/wp-content\\\/uploads\\\/2025\\\/03\\\/Visa-Waiver-foto-gov-ro.jpg\",\"keywords\":[\"MAE\",\"Romania\",\"SUA\",\"Trump\",\"Visa Waiver\",\"viza SUA\"],\"articleSection\":[\"Actualitati\"],\"inLanguage\":\"ro-AR\"},{\"@type\":\"WebPage\",\"@id\":\"https:\\\/\\\/www.rri.ro\\\/ro_ar\\\/actualitati\\\/romanilli-tutu-cu-viza-tru-sua-id876126.html\",\"url\":\"https:\\\/\\\/www.rri.ro\\\/ro_ar\\\/actualitati\\\/romanilli-tutu-cu-viza-tru-sua-id876126.html\",\"name\":\"Rom\u00e2\u00f1illi, tutu cu viz\u0103 tru SUA - Radio Rom\u00e2nia Interna\u021bional\",\"isPartOf\":{\"@id\":\"https:\\\/\\\/www.rri.ro\\\/#website\"},\"primaryImageOfPage\":{\"@id\":\"https:\\\/\\\/www.rri.ro\\\/ro_ar\\\/actualitati\\\/romanilli-tutu-cu-viza-tru-sua-id876126.html#primaryimage\"},\"image\":{\"@id\":\"https:\\\/\\\/www.rri.ro\\\/ro_ar\\\/actualitati\\\/romanilli-tutu-cu-viza-tru-sua-id876126.html#primaryimage\"},\"thumbnailUrl\":\"https:\\\/\\\/www.rri.ro\\\/wp-content\\\/uploads\\\/2025\\\/03\\\/Visa-Waiver-foto-gov-ro.jpg\",\"datePublished\":\"2025-03-27T08:06:15+00:00\",\"dateModified\":\"2025-03-27T09:25:59+00:00\",\"author\":{\"@id\":\"https:\\\/\\\/www.rri.ro\\\/#\\\/schema\\\/person\\\/0fa1f8943b999abcb99a1b3ef35db4c0\"},\"breadcrumb\":{\"@id\":\"https:\\\/\\\/www.rri.ro\\\/ro_ar\\\/actualitati\\\/romanilli-tutu-cu-viza-tru-sua-id876126.html#breadcrumb\"},\"inLanguage\":\"ro-AR\",\"potentialAction\":[{\"@type\":\"ReadAction\",\"target\":[\"https:\\\/\\\/www.rri.ro\\\/ro_ar\\\/actualitati\\\/romanilli-tutu-cu-viza-tru-sua-id876126.html\"]}]},{\"@type\":\"ImageObject\",\"inLanguage\":\"ro-AR\",\"@id\":\"https:\\\/\\\/www.rri.ro\\\/ro_ar\\\/actualitati\\\/romanilli-tutu-cu-viza-tru-sua-id876126.html#primaryimage\",\"url\":\"https:\\\/\\\/www.rri.ro\\\/wp-content\\\/uploads\\\/2025\\\/03\\\/Visa-Waiver-foto-gov-ro.jpg\",\"contentUrl\":\"https:\\\/\\\/www.rri.ro\\\/wp-content\\\/uploads\\\/2025\\\/03\\\/Visa-Waiver-foto-gov-ro.jpg\",\"width\":960,\"height\":504,\"caption\":\"surs\u0103 foto: facebook.com\\\/guv.ro\\\/\"},{\"@type\":\"BreadcrumbList\",\"@id\":\"https:\\\/\\\/www.rri.ro\\\/ro_ar\\\/actualitati\\\/romanilli-tutu-cu-viza-tru-sua-id876126.html#breadcrumb\",\"itemListElement\":[{\"@type\":\"ListItem\",\"position\":1,\"name\":\"Prima pagin\u0103\",\"item\":\"https:\\\/\\\/www.rri.ro\\\/ro_ar\"},{\"@type\":\"ListItem\",\"position\":2,\"name\":\"Actualitati\",\"item\":\"https:\\\/\\\/www.rri.ro\\\/actualitati\"},{\"@type\":\"ListItem\",\"position\":3,\"name\":\"Rom\u00e2\u00f1illi, tutu cu viz\u0103 tru SUA\"}]},{\"@type\":\"WebSite\",\"@id\":\"https:\\\/\\\/www.rri.ro\\\/#website\",\"url\":\"https:\\\/\\\/www.rri.ro\\\/\",\"name\":\"Radio Rom\u00e2nia Interna\u021bional\",\"description\":\"Totul despre Rom\u00e2nia \u015fi rom\u00e2ni, \u00een 13 limbi\\\/dialecte!\",\"inLanguage\":\"ro-AR\"},{\"@type\":\"Person\",\"@id\":\"https:\\\/\\\/www.rri.ro\\\/#\\\/schema\\\/person\\\/0fa1f8943b999abcb99a1b3ef35db4c0\",\"name\":\"Ta\u0219cu Lala\",\"url\":\"https:\\\/\\\/www.rri.ro\\\/ro_ar\\\/author\\\/taacu-lala\"}]}<\/script>\n<!-- \/ Yoast SEO plugin. -->","yoast_head_json":{"title":"Rom\u00e2\u00f1illi, tutu cu viz\u0103 tru SUA - Radio Rom\u00e2nia Interna\u021bional","robots":{"index":"index","follow":"follow","max-snippet":"max-snippet:-1","max-image-preview":"max-image-preview:large","max-video-preview":"max-video-preview:-1"},"canonical":"https:\/\/www.rri.ro\/ro_ar\/actualitati\/romanilli-tutu-cu-viza-tru-sua-id876126.html","og_locale":"ro_RO","og_type":"article","og_title":"Rom\u00e2\u00f1illi, tutu cu viz\u0103 tru SUA - Radio Rom\u00e2nia Interna\u021bional","og_description":"Statele Unite curmar\u00e3 programlu ti scutearea-a viz\u00e3llei tr\u00e3 rom\u00e2ni, cari, uidisitu cu un\u00e3 apofasi ali administra\u0163i dimucrat\u00e3 Joe Bidin, lipsea tra s\u2019hib\u00e3 b\u00e3gat\u00e3 tru practico ditu bitisita alu\u015ftui mesu. Un comunicat a Dipartamentului Securitatillei Interne, difuzat mar\u0163\u00e3 \u015fi aleptu di corespondenta Radio Rom\u00e2nia tru Washington, dim\u00e3nd\u00e3 c\u0103 ac\u00e3tarea tu isapi ali Rom\u00e2nie va s\u2019hib\u00e3 mutrit\u00e3 [&hellip;]","og_url":"https:\/\/www.rri.ro\/ro_ar\/actualitati\/romanilli-tutu-cu-viza-tru-sua-id876126.html","og_site_name":"Radio Rom\u00e2nia Interna\u021bional","article_published_time":"2025-03-27T08:06:15+00:00","article_modified_time":"2025-03-27T09:25:59+00:00","og_image":[{"width":960,"height":504,"url":"https:\/\/www.rri.ro\/wp-content\/uploads\/2025\/03\/Visa-Waiver-foto-gov-ro.jpg","type":"image\/jpeg"}],"author":"Ta\u0219cu Lala","twitter_card":"summary_large_image","twitter_misc":{"Written by":"Ta\u0219cu Lala","Est. reading time":"3 minutes"},"schema":{"@context":"https:\/\/schema.org","@graph":[{"@type":"Article","@id":"https:\/\/www.rri.ro\/ro_ar\/actualitati\/romanilli-tutu-cu-viza-tru-sua-id876126.html#article","isPartOf":{"@id":"https:\/\/www.rri.ro\/ro_ar\/actualitati\/romanilli-tutu-cu-viza-tru-sua-id876126.html"},"author":{"name":"Ta\u0219cu Lala","@id":"https:\/\/www.rri.ro\/#\/schema\/person\/0fa1f8943b999abcb99a1b3ef35db4c0"},"headline":"Rom\u00e2\u00f1illi, tutu cu viz\u0103 tru SUA","datePublished":"2025-03-27T08:06:15+00:00","dateModified":"2025-03-27T09:25:59+00:00","mainEntityOfPage":{"@id":"https:\/\/www.rri.ro\/ro_ar\/actualitati\/romanilli-tutu-cu-viza-tru-sua-id876126.html"},"wordCount":560,"image":{"@id":"https:\/\/www.rri.ro\/ro_ar\/actualitati\/romanilli-tutu-cu-viza-tru-sua-id876126.html#primaryimage"},"thumbnailUrl":"https:\/\/www.rri.ro\/wp-content\/uploads\/2025\/03\/Visa-Waiver-foto-gov-ro.jpg","keywords":["MAE","Romania","SUA","Trump","Visa Waiver","viza SUA"],"articleSection":["Actualitati"],"inLanguage":"ro-AR"},{"@type":"WebPage","@id":"https:\/\/www.rri.ro\/ro_ar\/actualitati\/romanilli-tutu-cu-viza-tru-sua-id876126.html","url":"https:\/\/www.rri.ro\/ro_ar\/actualitati\/romanilli-tutu-cu-viza-tru-sua-id876126.html","name":"Rom\u00e2\u00f1illi, tutu cu viz\u0103 tru SUA - Radio Rom\u00e2nia Interna\u021bional","isPartOf":{"@id":"https:\/\/www.rri.ro\/#website"},"primaryImageOfPage":{"@id":"https:\/\/www.rri.ro\/ro_ar\/actualitati\/romanilli-tutu-cu-viza-tru-sua-id876126.html#primaryimage"},"image":{"@id":"https:\/\/www.rri.ro\/ro_ar\/actualitati\/romanilli-tutu-cu-viza-tru-sua-id876126.html#primaryimage"},"thumbnailUrl":"https:\/\/www.rri.ro\/wp-content\/uploads\/2025\/03\/Visa-Waiver-foto-gov-ro.jpg","datePublished":"2025-03-27T08:06:15+00:00","dateModified":"2025-03-27T09:25:59+00:00","author":{"@id":"https:\/\/www.rri.ro\/#\/schema\/person\/0fa1f8943b999abcb99a1b3ef35db4c0"},"breadcrumb":{"@id":"https:\/\/www.rri.ro\/ro_ar\/actualitati\/romanilli-tutu-cu-viza-tru-sua-id876126.html#breadcrumb"},"inLanguage":"ro-AR","potentialAction":[{"@type":"ReadAction","target":["https:\/\/www.rri.ro\/ro_ar\/actualitati\/romanilli-tutu-cu-viza-tru-sua-id876126.html"]}]},{"@type":"ImageObject","inLanguage":"ro-AR","@id":"https:\/\/www.rri.ro\/ro_ar\/actualitati\/romanilli-tutu-cu-viza-tru-sua-id876126.html#primaryimage","url":"https:\/\/www.rri.ro\/wp-content\/uploads\/2025\/03\/Visa-Waiver-foto-gov-ro.jpg","contentUrl":"https:\/\/www.rri.ro\/wp-content\/uploads\/2025\/03\/Visa-Waiver-foto-gov-ro.jpg","width":960,"height":504,"caption":"surs\u0103 foto: facebook.com\/guv.ro\/"},{"@type":"BreadcrumbList","@id":"https:\/\/www.rri.ro\/ro_ar\/actualitati\/romanilli-tutu-cu-viza-tru-sua-id876126.html#breadcrumb","itemListElement":[{"@type":"ListItem","position":1,"name":"Prima pagin\u0103","item":"https:\/\/www.rri.ro\/ro_ar"},{"@type":"ListItem","position":2,"name":"Actualitati","item":"https:\/\/www.rri.ro\/actualitati"},{"@type":"ListItem","position":3,"name":"Rom\u00e2\u00f1illi, tutu cu viz\u0103 tru SUA"}]},{"@type":"WebSite","@id":"https:\/\/www.rri.ro\/#website","url":"https:\/\/www.rri.ro\/","name":"Radio Rom\u00e2nia Interna\u021bional","description":"Totul despre Rom\u00e2nia \u015fi rom\u00e2ni, \u00een 13 limbi\/dialecte!","inLanguage":"ro-AR"},{"@type":"Person","@id":"https:\/\/www.rri.ro\/#\/schema\/person\/0fa1f8943b999abcb99a1b3ef35db4c0","name":"Ta\u0219cu Lala","url":"https:\/\/www.rri.ro\/ro_ar\/author\/taacu-lala"}]}},"_links":{"self":[{"href":"https:\/\/www.rri.ro\/ro_ar\/wp-json\/wp\/v2\/posts\/876126","targetHints":{"allow":["GET"]}}],"collection":[{"href":"https:\/\/www.rri.ro\/ro_ar\/wp-json\/wp\/v2\/posts"}],"about":[{"href":"https:\/\/www.rri.ro\/ro_ar\/wp-json\/wp\/v2\/types\/post"}],"author":[{"embeddable":true,"href":"https:\/\/www.rri.ro\/ro_ar\/wp-json\/wp\/v2\/users\/187"}],"replies":[{"embeddable":true,"href":"https:\/\/www.rri.ro\/ro_ar\/wp-json\/wp\/v2\/comments?post=876126"}],"version-history":[{"count":0,"href":"https:\/\/www.rri.ro\/ro_ar\/wp-json\/wp\/v2\/posts\/876126\/revisions"}],"wp:featuredmedia":[{"embeddable":true,"href":"https:\/\/www.rri.ro\/ro_ar\/wp-json\/wp\/v2\/media\/875178"}],"wp:attachment":[{"href":"https:\/\/www.rri.ro\/ro_ar\/wp-json\/wp\/v2\/media?parent=876126"}],"wp:term":[{"taxonomy":"category","embeddable":true,"href":"https:\/\/www.rri.ro\/ro_ar\/wp-json\/wp\/v2\/categories?post=876126"},{"taxonomy":"post_tag","embeddable":true,"href":"https:\/\/www.rri.ro\/ro_ar\/wp-json\/wp\/v2\/tags?post=876126"},{"taxonomy":"author","embeddable":true,"href":"https:\/\/www.rri.ro\/ro_ar\/wp-json\/wp\/v2\/coauthors?post=876126"}],"curies":[{"name":"wp","href":"https:\/\/api.w.org\/{rel}","templated":true}]}}